{"id":190312,"date":"2021-09-19T15:01:57","date_gmt":"2021-09-19T13:01:57","guid":{"rendered":"https:\/\/www.intoscana.it\/it\/?p=190312"},"modified":"2021-09-19T15:06:46","modified_gmt":"2021-09-19T13:06:46","slug":"da-firenze-alla-toscana-corri-la-vita-e-cresciuta-cosi","status":"publish","type":"post","link":"https:\/\/www.intoscana.it\/it\/da-firenze-alla-toscana-corri-la-vita-e-cresciuta-cosi\/","title":{"rendered":"&#8220;Da Firenze alla Toscana, Corri la vita \u00e8 cresciuta cos\u00ec&#8221;"},"content":{"rendered":"<p>Su una panchina del giardino di <strong>Palazzo Corsini<\/strong>, appena terminata l\u2019inaugurazione ufficiale di <em>Artigianato e Palazzo<\/em>, la <strong>Marchesa Bona Frescobaldi<\/strong> accetta di fare due chiacchiere sulla creatura a cui tiene di pi\u00f9, quell\u2019idea colorata dello stare insieme per la salute di chi sta attraversando un momento difficile. <em>Corri la vita<\/em> \u00e8 arrivata alla diciannovesima edizione.<\/p>\n<p>Il Covid ha azzerato la corsa per le vie della citt\u00e0, ma <strong>quindicimila magliette,<\/strong> quest\u2019anno rosso fuoco, sono gi\u00e0 state date via. Il 26 settembre, indossandola, si potr\u00e0 accedere a cento mete culturali sparse sul territorio toscano.<\/p>\n<p><em>\u201cMa io non vedo l\u2019ora di rivedere le piazze e le strade piene di donne, uomini, ragazzi e bambini che corrono o passeggiano con gli occhi puntati sulle meraviglie della nostra citt\u00e0\u201d<\/em>, replica con garbo e decisione la <strong>Marchesa Frescobaldi<\/strong>.<\/p>\n<p><strong>Anche perch\u00e9 poche iniziative come Corri la vita sono entrate nel tessuto vitale ed emozionale di Firenze.<\/strong><\/p>\n<p>\u201cSiamo come i fuochi di San Giovanni, dico sempre scherzando. Per\u00f2, in fondo, \u00e8 un po\u2019 cos\u00ec\u201d.<\/p>\n<p><strong>Che poi tutto nacque dalla necessit\u00e0 di trovare un furgone o qualcosa di simile.<\/strong><\/p>\n<p>\u201cS\u00ec, un giorno il professor Rosselli del Turco mi chiese se gli davo una mano a trovare i soldi per comprare un mezzo per poter girare le periferie e permettere alle donne di fare la mammografia gratuita. Firenze fu la prima citt\u00e0 a seguire questa strada. Grazie a uno spettacolo al teatro Verdi finanziammo un camper\u2026\u201d.<\/p>\n<p><strong>E poi?<\/strong><\/p>\n<p>\u201cPoi arrivarono altre richieste e non mi andava di organizzare cene o balli come si fa di solito nelle occasioni dedicate alla beneficienza. Non mi sembrava il caso di ballare o mangiare mentre delle donne stavano soffrendo. Cos\u00ec \u00e8 nata Corri la vita. L\u2019idea che coinvolge tutti, non solo una \u00e9lite\u201d.<\/p>\n<p><strong>E che permette a chiunque di partecipare con un\u2019offerta accessibile.<\/strong><\/p>\n<p>\u201cChe con il tempo non \u00e8 mai cambiata. Con dieci euro puoi prendere la maglietta e quindi contribuire alla causa\u201d.<\/p>\n<p><strong>Ci sono stati momenti che l\u2019hanno particolarmente emozionata durante questi anni?<\/strong><\/p>\n<p>\u201cSono tanti, naturalmente. Ma vedere piazza Duomo strapiena di gente con la nostra maglietta addosso mi colp\u00ec davvero. E quella volta non funzionava nemmeno lo starter, cos\u00ec io e il sindaco Nardella fummo costretti a fare un urlaccio per far partire la corsa\u201d.<\/p>\n<p><strong>Poi ci sono i testimonial\u2026 <\/strong><\/p>\n<p>\u201cBeh, tanto per cominciare abbiamo avuto negli anni ben 550 testimonial. Anche persone che pensavo irragiungibili hanno accettato questa sfida. Ho tanti bei ricordi. Se devo citarne uno allora scelgo Enrico Mentana. Mi disse: io vengo con molto piacere ma la maglietta sul palco non so se me la metto. Invece poi se l\u2019\u00e8 infilata e non se l\u2019\u00e8 pi\u00f9 tolta. Forse \u00e8 un po\u2019 timido, anche se non sembra\u201d.<\/p>\n<p><strong>Certo che passare dalla Firenze colorata da Corri la vita al silenzio angosciante del lockdown non sar\u00e0 stato facile neanche per lei. Cosa ha pensato nei giorni pi\u00f9 difficili?<\/strong><\/p>\n<p>\u201cAmmetto di aver avuto paura. Fermare Corri la vita era giusto e naturale, ma fermarla troppo a lungo avrebbe rischiato di compromettere la nostra missione, che non \u00e8 cosa da poco: nei nostri primi diciotto anni abbiamo raccolto sei milioni e seicentomila euro, mettendo insieme quasi 392 mila partecipanti. Ma il numero che pi\u00f9 ci rende orgogliose \u00e8 500 mila, ovvero il numero delle donne colpite da tumore al seno a cui, grazie ai fondi raccolti, \u00e8 stata potuta garantire un\u2019assistenza di qualit\u00e0\u201d.<\/p>\n<p><strong>Che poi, da quando viviamo questa pandemia, ci siamo dimenticati che esistono altre malattie, altri pazienti, altre cure che vanno sostenute.<\/strong><\/p>\n<p><span class=\"citazione\"> Il covid va combattuto e vinto, ma chi soffre di altre patologie non pu\u00f2 essere dimenticato o messo da una parte <\/span><\/p>\n<p>\u201cE\u2019 cos\u00ec, ed \u00e8 qualcosa che va sempre sottolineato.Il covid va combattuto e vinto, ma chi soffre di altre patologie non pu\u00f2 essere dimenticato o messo da una parte. Cosa che invece, purtroppo, a volte accade\u201d.<\/p>\n<p><strong>Marchesa Frescobaldi, 19 anni sono tanti. Come tante saranno le persone da ringraziare.<\/strong><\/p>\n<p>\u201cTutte le volontarie e i volontari. E poi Elisabetta Bernardini e Neri Torrigiani, che hanno sempre lavorato duro fin dal primo giorno. Un grazie anche all\u2019associazione \u201dCitt\u00e0 nascosta\u201d, grazie alla quale abbiamo individuato le mete culturali e organizzato questa edizione\u201d.<\/p>\n<p><strong>La prossima sar\u00e0 la numero venti. Un numero importante. Ci state gi\u00e0 pensando?<\/strong><\/p>\n<p>\u201cCerto, e con un obiettivo ben preciso: tornare in piazza tutti insieme, colorati, sorridenti e con gli occhi puntati sulla bellezza di Firenze, la nostra citt\u00e0, la citt\u00e0 dove \u00e8 nata <em>Corri la Vita<\/em>\u201d.<\/p>\n","protected":false},"excerpt":{"rendered":"<p>La Marchesa Bona Frescobaldi parla di questa edizione della manifestazione che si allarga alla regione. &#8220;Ma il nostro obiettivo \u00e8 quello di festeggiare il ventennale tornando a colorare le strade della nostra citt\u00e0&#8221;<\/p>\n","protected":false},"author":532,"featured_media":187305,"comment_status":"open","ping_status":"open","sticky":false,"template":"","format":"standard","meta":{"_acf_changed":false,"footnotes":""},"categories":[4],"tags":[6144,4474,159],"class_list":["post-190312","post","type-post","status-publish","format-standard","has-post-thumbnail","hentry","category-storie","tag-corri-la-vita","tag-eventi","tag-sport"],"acf":[],"yoast_head":"<!-- This site is optimized with the Yoast SEO Premium plugin v24.2 (Yoast SEO v25.6) - https:\/\/yoast.com\/wordpress\/plugins\/seo\/ -->\n<title>&quot;Da Firenze alla Toscana, Corri la vita \u00e8 cresciuta cos\u00ec&quot; - intoscana<\/title>\n<meta name=\"robots\" content=\"index, follow, max-snippet:-1, max-image-preview:large, max-video-preview:-1\" \/>\n<link rel=\"canonical\" href=\"https:\/\/www.intoscana.it\/it\/da-firenze-alla-toscana-corri-la-vita-e-cresciuta-cosi\/\" \/>\n<meta property=\"og:locale\" content=\"it_IT\" \/>\n<meta property=\"og:type\" content=\"article\" \/>\n<meta property=\"og:title\" content=\"&quot;Da Firenze alla Toscana, Corri la vita \u00e8 cresciuta cos\u00ec&quot;\" \/>\n<meta property=\"og:description\" content=\"La Marchesa Bona Frescobaldi parla di questa edizione della manifestazione che si allarga alla regione. &quot;Ma il nostro obiettivo \u00e8 quello di festeggiare il ventennale tornando a colorare le strade della nostra citt\u00e0&quot;\" \/>\n<meta property=\"og:url\" content=\"https:\/\/www.intoscana.it\/it\/da-firenze-alla-toscana-corri-la-vita-e-cresciuta-cosi\/\" \/>\n<meta property=\"og:site_name\" content=\"intoscana\" \/>\n<meta property=\"article:publisher\" content=\"https:\/\/www.facebook.com\/intoscana.it\" \/>\n<meta property=\"article:published_time\" content=\"2021-09-19T13:01:57+00:00\" \/>\n<meta property=\"article:modified_time\" content=\"2021-09-19T13:06:46+00:00\" \/>\n<meta property=\"og:image\" content=\"https:\/\/www.intoscana.it\/wp-content\/uploads\/corrilavita_ponteagreve_IMG_8817.jpg\" \/>\n\t<meta property=\"og:image:width\" content=\"1024\" \/>\n\t<meta property=\"og:image:height\" content=\"682\" \/>\n\t<meta property=\"og:image:type\" content=\"image\/jpeg\" \/>\n<meta name=\"author\" content=\"Benedetto Ferrara\" \/>\n<meta name=\"twitter:card\" content=\"summary_large_image\" \/>\n<meta name=\"twitter:creator\" content=\"@intoscana\" \/>\n<meta name=\"twitter:site\" content=\"@intoscana\" \/>\n<meta name=\"twitter:label1\" content=\"Written by\" \/>\n\t<meta name=\"twitter:data1\" content=\"Benedetto Ferrara\" \/>\n\t<meta name=\"twitter:label2\" content=\"Est. reading time\" \/>\n\t<meta name=\"twitter:data2\" content=\"4 minuti\" \/>\n<script type=\"application\/ld+json\" class=\"yoast-schema-graph\">{\"@context\":\"https:\/\/schema.org\",\"@graph\":[{\"@type\":\"WebPage\",\"@id\":\"https:\/\/www.intoscana.it\/it\/da-firenze-alla-toscana-corri-la-vita-e-cresciuta-cosi\/\",\"url\":\"https:\/\/www.intoscana.it\/it\/da-firenze-alla-toscana-corri-la-vita-e-cresciuta-cosi\/\",\"name\":\"\\\"Da Firenze alla Toscana, Corri la vita \u00e8 cresciuta cos\u00ec\\\" - intoscana\",\"isPartOf\":{\"@id\":\"https:\/\/www.intoscana.it\/it\/#website\"},\"primaryImageOfPage\":{\"@id\":\"https:\/\/www.intoscana.it\/it\/da-firenze-alla-toscana-corri-la-vita-e-cresciuta-cosi\/#primaryimage\"},\"image\":{\"@id\":\"https:\/\/www.intoscana.it\/it\/da-firenze-alla-toscana-corri-la-vita-e-cresciuta-cosi\/#primaryimage\"},\"thumbnailUrl\":\"https:\/\/www.intoscana.it\/wp-content\/uploads\/corrilavita_ponteagreve_IMG_8817.jpg\",\"datePublished\":\"2021-09-19T13:01:57+00:00\",\"dateModified\":\"2021-09-19T13:06:46+00:00\",\"author\":{\"@id\":\"https:\/\/www.intoscana.it\/it\/#\/schema\/person\/5b84156be4aca57014dc575ffac49b07\"},\"breadcrumb\":{\"@id\":\"https:\/\/www.intoscana.it\/it\/da-firenze-alla-toscana-corri-la-vita-e-cresciuta-cosi\/#breadcrumb\"},\"inLanguage\":\"it-IT\",\"potentialAction\":[{\"@type\":\"ReadAction\",\"target\":[\"https:\/\/www.intoscana.it\/it\/da-firenze-alla-toscana-corri-la-vita-e-cresciuta-cosi\/\"]}]},{\"@type\":\"ImageObject\",\"inLanguage\":\"it-IT\",\"@id\":\"https:\/\/www.intoscana.it\/it\/da-firenze-alla-toscana-corri-la-vita-e-cresciuta-cosi\/#primaryimage\",\"url\":\"https:\/\/www.intoscana.it\/wp-content\/uploads\/corrilavita_ponteagreve_IMG_8817.jpg\",\"contentUrl\":\"https:\/\/www.intoscana.it\/wp-content\/uploads\/corrilavita_ponteagreve_IMG_8817.jpg\",\"width\":1024,\"height\":682},{\"@type\":\"BreadcrumbList\",\"@id\":\"https:\/\/www.intoscana.it\/it\/da-firenze-alla-toscana-corri-la-vita-e-cresciuta-cosi\/#breadcrumb\",\"itemListElement\":[{\"@type\":\"ListItem\",\"position\":1,\"name\":\"Home\",\"item\":\"https:\/\/www.intoscana.it\/it\/\"},{\"@type\":\"ListItem\",\"position\":2,\"name\":\"&#8220;Da Firenze alla Toscana, Corri la vita \u00e8 cresciuta cos\u00ec&#8221;\"}]},{\"@type\":\"WebSite\",\"@id\":\"https:\/\/www.intoscana.it\/it\/#website\",\"url\":\"https:\/\/www.intoscana.it\/it\/\",\"name\":\"intoscana\",\"description\":\"\",\"potentialAction\":[{\"@type\":\"SearchAction\",\"target\":{\"@type\":\"EntryPoint\",\"urlTemplate\":\"https:\/\/www.intoscana.it\/it\/?s={search_term_string}\"},\"query-input\":{\"@type\":\"PropertyValueSpecification\",\"valueRequired\":true,\"valueName\":\"search_term_string\"}}],\"inLanguage\":\"it-IT\"},{\"@type\":\"Person\",\"@id\":\"https:\/\/www.intoscana.it\/it\/#\/schema\/person\/5b84156be4aca57014dc575ffac49b07\",\"name\":\"Benedetto Ferrara\",\"url\":\"https:\/\/www.intoscana.it\/it\/author\/benedetto-ferrara\/\"}]}<\/script>\n<!-- \/ Yoast SEO Premium plugin. -->","yoast_head_json":{"title":"\"Da Firenze alla Toscana, Corri la vita \u00e8 cresciuta cos\u00ec\" - intoscana","robots":{"index":"index","follow":"follow","max-snippet":"max-snippet:-1","max-image-preview":"max-image-preview:large","max-video-preview":"max-video-preview:-1"},"canonical":"https:\/\/www.intoscana.it\/it\/da-firenze-alla-toscana-corri-la-vita-e-cresciuta-cosi\/","og_locale":"it_IT","og_type":"article","og_title":"\"Da Firenze alla Toscana, Corri la vita \u00e8 cresciuta cos\u00ec\"","og_description":"La Marchesa Bona Frescobaldi parla di questa edizione della manifestazione che si allarga alla regione. \"Ma il nostro obiettivo \u00e8 quello di festeggiare il ventennale tornando a colorare le strade della nostra citt\u00e0\"","og_url":"https:\/\/www.intoscana.it\/it\/da-firenze-alla-toscana-corri-la-vita-e-cresciuta-cosi\/","og_site_name":"intoscana","article_publisher":"https:\/\/www.facebook.com\/intoscana.it","article_published_time":"2021-09-19T13:01:57+00:00","article_modified_time":"2021-09-19T13:06:46+00:00","og_image":[{"width":1024,"height":682,"url":"https:\/\/www.intoscana.it\/wp-content\/uploads\/corrilavita_ponteagreve_IMG_8817.jpg","type":"image\/jpeg"}],"author":"Benedetto Ferrara","twitter_card":"summary_large_image","twitter_creator":"@intoscana","twitter_site":"@intoscana","twitter_misc":{"Written by":"Benedetto Ferrara","Est. reading time":"4 minuti"},"schema":{"@context":"https:\/\/schema.org","@graph":[{"@type":"WebPage","@id":"https:\/\/www.intoscana.it\/it\/da-firenze-alla-toscana-corri-la-vita-e-cresciuta-cosi\/","url":"https:\/\/www.intoscana.it\/it\/da-firenze-alla-toscana-corri-la-vita-e-cresciuta-cosi\/","name":"\"Da Firenze alla Toscana, Corri la vita \u00e8 cresciuta cos\u00ec\" - intoscana","isPartOf":{"@id":"https:\/\/www.intoscana.it\/it\/#website"},"primaryImageOfPage":{"@id":"https:\/\/www.intoscana.it\/it\/da-firenze-alla-toscana-corri-la-vita-e-cresciuta-cosi\/#primaryimage"},"image":{"@id":"https:\/\/www.intoscana.it\/it\/da-firenze-alla-toscana-corri-la-vita-e-cresciuta-cosi\/#primaryimage"},"thumbnailUrl":"https:\/\/www.intoscana.it\/wp-content\/uploads\/corrilavita_ponteagreve_IMG_8817.jpg","datePublished":"2021-09-19T13:01:57+00:00","dateModified":"2021-09-19T13:06:46+00:00","author":{"@id":"https:\/\/www.intoscana.it\/it\/#\/schema\/person\/5b84156be4aca57014dc575ffac49b07"},"breadcrumb":{"@id":"https:\/\/www.intoscana.it\/it\/da-firenze-alla-toscana-corri-la-vita-e-cresciuta-cosi\/#breadcrumb"},"inLanguage":"it-IT","potentialAction":[{"@type":"ReadAction","target":["https:\/\/www.intoscana.it\/it\/da-firenze-alla-toscana-corri-la-vita-e-cresciuta-cosi\/"]}]},{"@type":"ImageObject","inLanguage":"it-IT","@id":"https:\/\/www.intoscana.it\/it\/da-firenze-alla-toscana-corri-la-vita-e-cresciuta-cosi\/#primaryimage","url":"https:\/\/www.intoscana.it\/wp-content\/uploads\/corrilavita_ponteagreve_IMG_8817.jpg","contentUrl":"https:\/\/www.intoscana.it\/wp-content\/uploads\/corrilavita_ponteagreve_IMG_8817.jpg","width":1024,"height":682},{"@type":"BreadcrumbList","@id":"https:\/\/www.intoscana.it\/it\/da-firenze-alla-toscana-corri-la-vita-e-cresciuta-cosi\/#breadcrumb","itemListElement":[{"@type":"ListItem","position":1,"name":"Home","item":"https:\/\/www.intoscana.it\/it\/"},{"@type":"ListItem","position":2,"name":"&#8220;Da Firenze alla Toscana, Corri la vita \u00e8 cresciuta cos\u00ec&#8221;"}]},{"@type":"WebSite","@id":"https:\/\/www.intoscana.it\/it\/#website","url":"https:\/\/www.intoscana.it\/it\/","name":"intoscana","description":"","potentialAction":[{"@type":"SearchAction","target":{"@type":"EntryPoint","urlTemplate":"https:\/\/www.intoscana.it\/it\/?s={search_term_string}"},"query-input":{"@type":"PropertyValueSpecification","valueRequired":true,"valueName":"search_term_string"}}],"inLanguage":"it-IT"},{"@type":"Person","@id":"https:\/\/www.intoscana.it\/it\/#\/schema\/person\/5b84156be4aca57014dc575ffac49b07","name":"Benedetto Ferrara","url":"https:\/\/www.intoscana.it\/it\/author\/benedetto-ferrara\/"}]}},"_links":{"self":[{"href":"https:\/\/www.intoscana.it\/it\/wp-json\/wp\/v2\/posts\/190312","targetHints":{"allow":["GET"]}}],"collection":[{"href":"https:\/\/www.intoscana.it\/it\/wp-json\/wp\/v2\/posts"}],"about":[{"href":"https:\/\/www.intoscana.it\/it\/wp-json\/wp\/v2\/types\/post"}],"author":[{"embeddable":true,"href":"https:\/\/www.intoscana.it\/it\/wp-json\/wp\/v2\/users\/532"}],"replies":[{"embeddable":true,"href":"https:\/\/www.intoscana.it\/it\/wp-json\/wp\/v2\/comments?post=190312"}],"version-history":[{"count":0,"href":"https:\/\/www.intoscana.it\/it\/wp-json\/wp\/v2\/posts\/190312\/revisions"}],"wp:featuredmedia":[{"embeddable":true,"href":"https:\/\/www.intoscana.it\/it\/wp-json\/wp\/v2\/media\/187305"}],"wp:attachment":[{"href":"https:\/\/www.intoscana.it\/it\/wp-json\/wp\/v2\/media?parent=190312"}],"wp:term":[{"taxonomy":"category","embeddable":true,"href":"https:\/\/www.intoscana.it\/it\/wp-json\/wp\/v2\/categories?post=190312"},{"taxonomy":"post_tag","embeddable":true,"href":"https:\/\/www.intoscana.it\/it\/wp-json\/wp\/v2\/tags?post=190312"}],"curies":[{"name":"wp","href":"https:\/\/api.w.org\/{rel}","templated":true}]}}