{"id":190393,"date":"2021-09-20T12:26:31","date_gmt":"2021-09-20T10:26:31","guid":{"rendered":"https:\/\/www.intoscana.it\/it\/?p=190393"},"modified":"2021-09-21T10:19:27","modified_gmt":"2021-09-21T08:19:27","slug":"leroica-per-la-prima-volta-a-siena-atteso-il-passaggio-delle-bici-in-piazza-del-campo","status":"publish","type":"post","link":"https:\/\/www.intoscana.it\/it\/leroica-per-la-prima-volta-a-siena-atteso-il-passaggio-delle-bici-in-piazza-del-campo\/","title":{"rendered":"L&#8217;Eroica per la prima volta a Siena: atteso il passaggio delle bici in piazza del Campo"},"content":{"rendered":"<p>Dalle <strong>Strade Bianche<\/strong> del <strong>Chianti<\/strong> al lastricato in pietra serena di <strong>Piazza del Campo<\/strong>: <mark>cambio di percorso e di scenario per l\u2019Eroica, in programma per i primi di ottobre<\/mark>. L\u2019ormai iconica <strong>manifestazione cicloturistica<\/strong> taglia il traguardo della XXIV edizione e approda nella <strong>citt\u00e0 del Palio<\/strong>. La manifestazione \u00e8 articolata in due giorni: \u00a0<strong>sabato 2 ottobre<\/strong> pedaleranno i ciclisti iscritti ai <strong>due percorsi pi\u00f9 impegnativi<\/strong>, pronti ad affrontare rispettivamente 209 e 135 chilometri con partenza alle ore 4.30, per quelli che parteciperanno in sella ad una <strong>bicicletta ante 1930<\/strong>. Alle 5 del mattino, sempre a buio, prenderanno il via tutti gli altri. Domenica 3 ottobre, con pi\u00f9 calma e quando il sole \u00e8 gi\u00e0 alto, toccher\u00e0 ai ciclisti degli <strong>altri tre percorsi<\/strong> a disposizione; 46, 81 e 106 chilometri.<\/p>\n<figure id=\"post-103602 media-103602\" class=\"align-none\"><img decoding=\"async\" src=\"https:\/\/www.intoscana.it\/wp-content\/uploads\/Eroica_strade_bianche.jpg\" alt=\"\" \/><\/figure>\n<div class=\"titleimg\">Strade Bianche Eroica Pro<\/div>\n<h3><strong>Il passaggio per Siena<\/strong><\/h3>\n<p><mark>Il passaggio della manifestazione per <strong>Siena<\/strong> \u00e8 la grande novit\u00e0 di quest\u2019anno<\/mark>. Un momento in un certo senso storico per quella che viene definita \u201c<em>la poesia scritta con la bicicletta<\/em>\u201d nata da un\u2019idea di <strong>Giancarlo Brocci<\/strong> nel 1997. \u201c<em>Per noi di Eroica<\/em> \u2013 dichiara <strong>Franco Rossi<\/strong>, presidente di <strong>Eroica Italia<\/strong> \u2013 <em>si tratta di una svolta emozionante. Pedalare per le strade di una delle citt\u00e0 pi\u00f9 belle al mondo sar\u00e0 bellissimo. Lo faremo con il garbo ed il sorriso dei <strong>ciclisti eroici<\/strong>, legati al tempo, alle tradizioni ed alla bellezza della vita<\/em>\u201d.<\/p>\n<p><strong>Sabato 2 ottobre<\/strong> il passaggio dei ciclisti che prendono parte ai due <strong>percorsi pi\u00f9 lunghi<\/strong> \u00e8 previsto nella fascia oraria tra le 5.50 e le 9.40. L\u2019ingresso avverr\u00e0 da <strong>Porta Pispini<\/strong>, la carovana passer\u00e0 da <strong>via di Pantaneto<\/strong>, attraverser\u00e0 <strong>piazza del Campo<\/strong> e uscir\u00e0 da <strong>Porta Romana<\/strong>. <strong>Domenica 3 ottobre<\/strong> nuovo passaggio per il centro storico di <strong>Siena<\/strong> nella finestra oraria tra le ore 8.20 e le ore 10.30. <mark>Allestito per i ciclisti un ristoro con caff\u00e8 e dolce, nei pressi della <strong>Torre del Mangia<\/strong><\/mark>.<\/p>\n<div class=\"titleimg\">\n<figure id=\"post-103619 media-103619\" class=\"align-none\"><img decoding=\"async\" src=\"https:\/\/www.intoscana.it\/wp-content\/uploads\/eroica-3.jpg\" alt=\"\" \/><\/figure>\n<div class=\"titleimg\">Una passata edizione dell\u2019Eroica<\/div>\n<\/div>\n<h3><strong>Siena, realt\u00e0 bike friendly<\/strong><\/h3>\n<p>Siena e il suo territorio si confermano <strong>bike friendly<\/strong>. \u201c<em>Esprimiamo soddisfazione per il passaggio di una cos\u00ec importante manifestazione dal centro storico della citt\u00e0 e, in particolare, da Piazza del Campo<\/em> \u2013 dichiarano dalla sede comunale -. <mark><em>Un\u2019iniziativa che si inserisce anche nel contesto legato al portale <strong><a href=\"http:\/\/www.stradedisiena.it\" target=\"_blank\" rel=\"noopener\">Strade di Siena<\/a><\/strong><\/mark>, nato nell\u2019ambito della gestione associata <strong>Terre di Siena Slow<\/strong> che interessa trenta Comuni della provincia con <strong>Siena capofila<\/strong><\/em>\u201d.<\/p>\n<p>Uno <strong>spazio virtuale<\/strong> per fornire informazioni e news a chi intende visitare in maniera attiva Siena e il suo territorio, puntando sui <strong>cammini<\/strong> e sul <strong>cicloturismo<\/strong> grazie a un\u2019ampia proposta di itinerari: dalla <strong>Via Francigena<\/strong> e dalla <strong>Via Lauretana<\/strong> all\u2019Eroica. Da pochi mesi si \u00e8 poi aggiunta la sezione dedicata all\u2019<strong>enoturismo<\/strong> e alla creazione di una rete di cantine \u201c<em>amiche del <strong>turismo attivo<\/strong><\/em>\u201d.<\/p>\n<figure id=\"post-104240 media-104240\" class=\"align-none\"><img decoding=\"async\" src=\"https:\/\/www.intoscana.it\/wp-content\/uploads\/eroica-1-1.jpg\" alt=\"\" \/><\/figure>\n<div class=\"titleimg\">L&#8217;Eroica<\/div>\n<h3><strong>La bici eroica<\/strong><\/h3>\n<p><mark>Per partecipare all\u2019Eroica si deve disporre di <strong>biciclette in acciaio<\/strong> costruite <strong>prima del 1987<\/strong><\/mark> (o nuove ma realizzate come allora). Le caratteristiche principali sono tre: le <strong>leve del cambio<\/strong> devono essere posizionate sul <strong>tubo obliquo<\/strong> del<strong> telaio<\/strong>, i pedali devono essere muniti di <strong>fermapiedi<\/strong> e<strong> cinghietti<\/strong>, i <strong>fili dei freni<\/strong> devono passare esternamente al <strong>manubrio<\/strong>. Tre caratteristiche basilari che indicano un momento storico molto importante, <strong>primi anni \u201980<\/strong> con l\u2019avvento, innanzitutto, dei <strong>pedali a sgancio rapido<\/strong>. Dal punto di vista strettamente tecnico il <strong>telaio d\u2019acciaio<\/strong>, abbinato alle <strong>ruote tradizionali<\/strong> con almeno 32 raggi, garantisce l\u2019elasticit\u00e0 e la capacit\u00e0 di <strong>assorbire gli urti<\/strong> necessari per la guida<strong> in sicurezza<\/strong> lungo le <strong>strade bianche<\/strong> della provincia di Siena.<\/p>\n","protected":false},"excerpt":{"rendered":"<p>Dalle Strade Bianche del Chianti alla citt\u00e0 del Palio: cambio di percorso e di scenario per la XXIV edizione della manifestazione cicloturistica in programma il primo fine settimana di ottobre<\/p>\n","protected":false},"author":554,"featured_media":190379,"comment_status":"open","ping_status":"open","sticky":false,"template":"","format":"standard","meta":{"_acf_changed":false,"footnotes":""},"categories":[6],"tags":[391,152,3525,5630,164],"class_list":["post-190393","post","type-post","status-publish","format-standard","has-post-thumbnail","hentry","category-viaggi","tag-ciclismo","tag-cicloturismo","tag-eroica","tag-montalcino","tag-siena"],"acf":[],"yoast_head":"<!-- This site is optimized with the Yoast SEO Premium plugin v24.2 (Yoast SEO v25.6) - https:\/\/yoast.com\/wordpress\/plugins\/seo\/ -->\n<title>L&#039;Eroica per la prima volta a Siena: atteso il passaggio delle bici in piazza del Campo - intoscana<\/title>\n<meta name=\"description\" content=\"Dalle Strade Bianche del Chianti alla citt\u00e0 del Palio: cambio di percorso e di scenario per la XXIV edizione della manifestazione cicloturistica in programma il primo fine settimana di ottobre\" \/>\n<meta name=\"robots\" content=\"index, follow, max-snippet:-1, max-image-preview:large, max-video-preview:-1\" \/>\n<link rel=\"canonical\" href=\"https:\/\/www.intoscana.it\/it\/leroica-per-la-prima-volta-a-siena-atteso-il-passaggio-delle-bici-in-piazza-del-campo\/\" \/>\n<meta property=\"og:locale\" content=\"it_IT\" \/>\n<meta property=\"og:type\" content=\"article\" \/>\n<meta property=\"og:title\" content=\"L&#039;Eroica per la prima volta a Siena: atteso il passaggio delle bici in piazza del Campo\" \/>\n<meta property=\"og:description\" content=\"Dalle Strade Bianche del Chianti alla citt\u00e0 del Palio: cambio di percorso e di scenario per la XXIV edizione della manifestazione cicloturistica in programma il primo fine settimana di ottobre\" \/>\n<meta property=\"og:url\" content=\"https:\/\/www.intoscana.it\/it\/leroica-per-la-prima-volta-a-siena-atteso-il-passaggio-delle-bici-in-piazza-del-campo\/\" \/>\n<meta property=\"og:site_name\" content=\"intoscana\" \/>\n<meta property=\"article:publisher\" content=\"https:\/\/www.facebook.com\/intoscana.it\" \/>\n<meta property=\"article:published_time\" content=\"2021-09-20T10:26:31+00:00\" \/>\n<meta property=\"article:modified_time\" content=\"2021-09-21T08:19:27+00:00\" \/>\n<meta property=\"og:image\" content=\"https:\/\/www.intoscana.it\/wp-content\/uploads\/leroica-2018-scaled.jpg\" \/>\n\t<meta property=\"og:image:width\" content=\"2048\" \/>\n\t<meta property=\"og:image:height\" content=\"1363\" \/>\n\t<meta property=\"og:image:type\" content=\"image\/jpeg\" \/>\n<meta name=\"author\" content=\"Raffaella Galamini\" \/>\n<meta name=\"twitter:card\" content=\"summary_large_image\" \/>\n<meta name=\"twitter:creator\" content=\"@orio\" \/>\n<meta name=\"twitter:site\" content=\"@intoscana\" \/>\n<meta name=\"twitter:label1\" content=\"Written by\" \/>\n\t<meta name=\"twitter:data1\" content=\"Raffaella Galamini\" \/>\n\t<meta name=\"twitter:label2\" content=\"Est. reading time\" \/>\n\t<meta name=\"twitter:data2\" content=\"3 minuti\" \/>\n<script type=\"application\/ld+json\" class=\"yoast-schema-graph\">{\"@context\":\"https:\/\/schema.org\",\"@graph\":[{\"@type\":\"WebPage\",\"@id\":\"https:\/\/www.intoscana.it\/it\/leroica-per-la-prima-volta-a-siena-atteso-il-passaggio-delle-bici-in-piazza-del-campo\/\",\"url\":\"https:\/\/www.intoscana.it\/it\/leroica-per-la-prima-volta-a-siena-atteso-il-passaggio-delle-bici-in-piazza-del-campo\/\",\"name\":\"L'Eroica per la prima volta a Siena: atteso il passaggio delle bici in piazza del Campo - intoscana\",\"isPartOf\":{\"@id\":\"https:\/\/www.intoscana.it\/it\/#website\"},\"primaryImageOfPage\":{\"@id\":\"https:\/\/www.intoscana.it\/it\/leroica-per-la-prima-volta-a-siena-atteso-il-passaggio-delle-bici-in-piazza-del-campo\/#primaryimage\"},\"image\":{\"@id\":\"https:\/\/www.intoscana.it\/it\/leroica-per-la-prima-volta-a-siena-atteso-il-passaggio-delle-bici-in-piazza-del-campo\/#primaryimage\"},\"thumbnailUrl\":\"https:\/\/www.intoscana.it\/wp-content\/uploads\/leroica-2018-scaled.jpg\",\"datePublished\":\"2021-09-20T10:26:31+00:00\",\"dateModified\":\"2021-09-21T08:19:27+00:00\",\"author\":{\"@id\":\"https:\/\/www.intoscana.it\/it\/#\/schema\/person\/9eb9daa846a49fe51af39a73d9d1986b\"},\"description\":\"Dalle Strade Bianche del Chianti alla citt\u00e0 del Palio: cambio di percorso e di scenario per la XXIV edizione della manifestazione cicloturistica in programma il primo fine settimana di ottobre\",\"breadcrumb\":{\"@id\":\"https:\/\/www.intoscana.it\/it\/leroica-per-la-prima-volta-a-siena-atteso-il-passaggio-delle-bici-in-piazza-del-campo\/#breadcrumb\"},\"inLanguage\":\"it-IT\",\"potentialAction\":[{\"@type\":\"ReadAction\",\"target\":[\"https:\/\/www.intoscana.it\/it\/leroica-per-la-prima-volta-a-siena-atteso-il-passaggio-delle-bici-in-piazza-del-campo\/\"]}]},{\"@type\":\"ImageObject\",\"inLanguage\":\"it-IT\",\"@id\":\"https:\/\/www.intoscana.it\/it\/leroica-per-la-prima-volta-a-siena-atteso-il-passaggio-delle-bici-in-piazza-del-campo\/#primaryimage\",\"url\":\"https:\/\/www.intoscana.it\/wp-content\/uploads\/leroica-2018-scaled.jpg\",\"contentUrl\":\"https:\/\/www.intoscana.it\/wp-content\/uploads\/leroica-2018-scaled.jpg\",\"width\":2048,\"height\":1363,\"caption\":\"L'Eroica\"},{\"@type\":\"BreadcrumbList\",\"@id\":\"https:\/\/www.intoscana.it\/it\/leroica-per-la-prima-volta-a-siena-atteso-il-passaggio-delle-bici-in-piazza-del-campo\/#breadcrumb\",\"itemListElement\":[{\"@type\":\"ListItem\",\"position\":1,\"name\":\"Home\",\"item\":\"https:\/\/www.intoscana.it\/it\/\"},{\"@type\":\"ListItem\",\"position\":2,\"name\":\"L&#8217;Eroica per la prima volta a Siena: atteso il passaggio delle bici in piazza del Campo\"}]},{\"@type\":\"WebSite\",\"@id\":\"https:\/\/www.intoscana.it\/it\/#website\",\"url\":\"https:\/\/www.intoscana.it\/it\/\",\"name\":\"intoscana\",\"description\":\"\",\"potentialAction\":[{\"@type\":\"SearchAction\",\"target\":{\"@type\":\"EntryPoint\",\"urlTemplate\":\"https:\/\/www.intoscana.it\/it\/?s={search_term_string}\"},\"query-input\":{\"@type\":\"PropertyValueSpecification\",\"valueRequired\":true,\"valueName\":\"search_term_string\"}}],\"inLanguage\":\"it-IT\"},{\"@type\":\"Person\",\"@id\":\"https:\/\/www.intoscana.it\/it\/#\/schema\/person\/9eb9daa846a49fe51af39a73d9d1986b\",\"name\":\"Raffaella Galamini\",\"sameAs\":[\"https:\/\/x.com\/orio\"],\"url\":\"https:\/\/www.intoscana.it\/it\/author\/r-galamini\/\"}]}<\/script>\n<!-- \/ Yoast SEO Premium plugin. -->","yoast_head_json":{"title":"L'Eroica per la prima volta a Siena: atteso il passaggio delle bici in piazza del Campo - intoscana","description":"Dalle Strade Bianche del Chianti alla citt\u00e0 del Palio: cambio di percorso e di scenario per la XXIV edizione della manifestazione cicloturistica in programma il primo fine settimana di ottobre","robots":{"index":"index","follow":"follow","max-snippet":"max-snippet:-1","max-image-preview":"max-image-preview:large","max-video-preview":"max-video-preview:-1"},"canonical":"https:\/\/www.intoscana.it\/it\/leroica-per-la-prima-volta-a-siena-atteso-il-passaggio-delle-bici-in-piazza-del-campo\/","og_locale":"it_IT","og_type":"article","og_title":"L'Eroica per la prima volta a Siena: atteso il passaggio delle bici in piazza del Campo","og_description":"Dalle Strade Bianche del Chianti alla citt\u00e0 del Palio: cambio di percorso e di scenario per la XXIV edizione della manifestazione cicloturistica in programma il primo fine settimana di ottobre","og_url":"https:\/\/www.intoscana.it\/it\/leroica-per-la-prima-volta-a-siena-atteso-il-passaggio-delle-bici-in-piazza-del-campo\/","og_site_name":"intoscana","article_publisher":"https:\/\/www.facebook.com\/intoscana.it","article_published_time":"2021-09-20T10:26:31+00:00","article_modified_time":"2021-09-21T08:19:27+00:00","og_image":[{"width":2048,"height":1363,"url":"https:\/\/www.intoscana.it\/wp-content\/uploads\/leroica-2018-scaled.jpg","type":"image\/jpeg"}],"author":"Raffaella Galamini","twitter_card":"summary_large_image","twitter_creator":"@orio","twitter_site":"@intoscana","twitter_misc":{"Written by":"Raffaella Galamini","Est. reading time":"3 minuti"},"schema":{"@context":"https:\/\/schema.org","@graph":[{"@type":"WebPage","@id":"https:\/\/www.intoscana.it\/it\/leroica-per-la-prima-volta-a-siena-atteso-il-passaggio-delle-bici-in-piazza-del-campo\/","url":"https:\/\/www.intoscana.it\/it\/leroica-per-la-prima-volta-a-siena-atteso-il-passaggio-delle-bici-in-piazza-del-campo\/","name":"L'Eroica per la prima volta a Siena: atteso il passaggio delle bici in piazza del Campo - intoscana","isPartOf":{"@id":"https:\/\/www.intoscana.it\/it\/#website"},"primaryImageOfPage":{"@id":"https:\/\/www.intoscana.it\/it\/leroica-per-la-prima-volta-a-siena-atteso-il-passaggio-delle-bici-in-piazza-del-campo\/#primaryimage"},"image":{"@id":"https:\/\/www.intoscana.it\/it\/leroica-per-la-prima-volta-a-siena-atteso-il-passaggio-delle-bici-in-piazza-del-campo\/#primaryimage"},"thumbnailUrl":"https:\/\/www.intoscana.it\/wp-content\/uploads\/leroica-2018-scaled.jpg","datePublished":"2021-09-20T10:26:31+00:00","dateModified":"2021-09-21T08:19:27+00:00","author":{"@id":"https:\/\/www.intoscana.it\/it\/#\/schema\/person\/9eb9daa846a49fe51af39a73d9d1986b"},"description":"Dalle Strade Bianche del Chianti alla citt\u00e0 del Palio: cambio di percorso e di scenario per la XXIV edizione della manifestazione cicloturistica in programma il primo fine settimana di ottobre","breadcrumb":{"@id":"https:\/\/www.intoscana.it\/it\/leroica-per-la-prima-volta-a-siena-atteso-il-passaggio-delle-bici-in-piazza-del-campo\/#breadcrumb"},"inLanguage":"it-IT","potentialAction":[{"@type":"ReadAction","target":["https:\/\/www.intoscana.it\/it\/leroica-per-la-prima-volta-a-siena-atteso-il-passaggio-delle-bici-in-piazza-del-campo\/"]}]},{"@type":"ImageObject","inLanguage":"it-IT","@id":"https:\/\/www.intoscana.it\/it\/leroica-per-la-prima-volta-a-siena-atteso-il-passaggio-delle-bici-in-piazza-del-campo\/#primaryimage","url":"https:\/\/www.intoscana.it\/wp-content\/uploads\/leroica-2018-scaled.jpg","contentUrl":"https:\/\/www.intoscana.it\/wp-content\/uploads\/leroica-2018-scaled.jpg","width":2048,"height":1363,"caption":"L'Eroica"},{"@type":"BreadcrumbList","@id":"https:\/\/www.intoscana.it\/it\/leroica-per-la-prima-volta-a-siena-atteso-il-passaggio-delle-bici-in-piazza-del-campo\/#breadcrumb","itemListElement":[{"@type":"ListItem","position":1,"name":"Home","item":"https:\/\/www.intoscana.it\/it\/"},{"@type":"ListItem","position":2,"name":"L&#8217;Eroica per la prima volta a Siena: atteso il passaggio delle bici in piazza del Campo"}]},{"@type":"WebSite","@id":"https:\/\/www.intoscana.it\/it\/#website","url":"https:\/\/www.intoscana.it\/it\/","name":"intoscana","description":"","potentialAction":[{"@type":"SearchAction","target":{"@type":"EntryPoint","urlTemplate":"https:\/\/www.intoscana.it\/it\/?s={search_term_string}"},"query-input":{"@type":"PropertyValueSpecification","valueRequired":true,"valueName":"search_term_string"}}],"inLanguage":"it-IT"},{"@type":"Person","@id":"https:\/\/www.intoscana.it\/it\/#\/schema\/person\/9eb9daa846a49fe51af39a73d9d1986b","name":"Raffaella Galamini","sameAs":["https:\/\/x.com\/orio"],"url":"https:\/\/www.intoscana.it\/it\/author\/r-galamini\/"}]}},"_links":{"self":[{"href":"https:\/\/www.intoscana.it\/it\/wp-json\/wp\/v2\/posts\/190393","targetHints":{"allow":["GET"]}}],"collection":[{"href":"https:\/\/www.intoscana.it\/it\/wp-json\/wp\/v2\/posts"}],"about":[{"href":"https:\/\/www.intoscana.it\/it\/wp-json\/wp\/v2\/types\/post"}],"author":[{"embeddable":true,"href":"https:\/\/www.intoscana.it\/it\/wp-json\/wp\/v2\/users\/554"}],"replies":[{"embeddable":true,"href":"https:\/\/www.intoscana.it\/it\/wp-json\/wp\/v2\/comments?post=190393"}],"version-history":[{"count":0,"href":"https:\/\/www.intoscana.it\/it\/wp-json\/wp\/v2\/posts\/190393\/revisions"}],"wp:featuredmedia":[{"embeddable":true,"href":"https:\/\/www.intoscana.it\/it\/wp-json\/wp\/v2\/media\/190379"}],"wp:attachment":[{"href":"https:\/\/www.intoscana.it\/it\/wp-json\/wp\/v2\/media?parent=190393"}],"wp:term":[{"taxonomy":"category","embeddable":true,"href":"https:\/\/www.intoscana.it\/it\/wp-json\/wp\/v2\/categories?post=190393"},{"taxonomy":"post_tag","embeddable":true,"href":"https:\/\/www.intoscana.it\/it\/wp-json\/wp\/v2\/tags?post=190393"}],"curies":[{"name":"wp","href":"https:\/\/api.w.org\/{rel}","templated":true}]}}