{"id":190518,"date":"2021-09-20T18:20:19","date_gmt":"2021-09-20T16:20:19","guid":{"rendered":"https:\/\/www.intoscana.it\/it\/?p=190518"},"modified":"2021-09-21T12:01:49","modified_gmt":"2021-09-21T10:01:49","slug":"rocca-di-brunelleschi-a-vicopisano-tornano-a-splendere-torre-e-camminamento-del-soccorso","status":"publish","type":"post","link":"https:\/\/www.intoscana.it\/it\/rocca-di-brunelleschi-a-vicopisano-tornano-a-splendere-torre-e-camminamento-del-soccorso\/","title":{"rendered":"Rocca di Brunelleschi, a Vicopisano tornano a splendere Torre e Camminamento del Soccorso"},"content":{"rendered":"<p>\u00c8 stato presentato per la prima volta <mark>il lavoro di restauro, di recupero funzionale e di messa in sicurezza del Camminamento e della Torre del Soccorso di Vicopisano, che fanno parte del Complesso Monumentale della Rocca, frutto del genio di Filippo Brunelleschi<\/mark>. L\u2019apertura al pubblico \u00e8 prevista il prossimo 2 ottobre in concomitanza con la festa patronale. All\u2019inaugurazione hanno partecipato il governatore <strong>Eugenio Giani<\/strong>, il presidente del Consiglio regionale <strong>Antonio Mazzeo<\/strong>, l\u2019assessora all\u2019Istruzione e alla cultura <strong>Alessandra Nardini<\/strong> e il sindaco di Vicopisano <strong>Matteo Ferrucci<\/strong>.<\/p>\n<p><mark>Un&#8217;opera che segna il coronamento di un programma dell&#8217;amministrazione comunale destinato a riscoprire e valorizzare il patrimonio storico e ambientale del suo territorio<\/mark>, promuovendo ogni forma di sinergia e di collaborazione. L&#8217;imponente intervento \u00e8 stato realizzato dal Comune con il contributo della Regione Toscana e del Mibact.<\/p>\n<h3>Ritorno alla bellezza<\/h3>\n<p><em>&#8220;\u00c8 davvero un sogno che si realizza e che sembrava a un certo punto si arenasse&#8221;<\/em> ha commentatp il sindaco di Vicopisano, <strong>Matteo Ferrucci<\/strong>. <em>&#8220;Sono state necessarie una forte volont\u00e0, una notevole decisione politica e tanta capacit\u00e0 tecnica della struttura comunale e dei progettisti. Ci tengo a tale proposito a ringraziare il presidente della Regione, Eugenio Giani, e il presidente del Consiglio Regionale, Antonio Mazzeo. Se la politica agisse sempre come loro, gli enti locali potrebbero sempre lavorare bene e fare programmi&#8221;.<\/em><\/p>\n<figure id=\"post-190537 media-190537\" class=\"align-center\"><img decoding=\"async\" class=\"aligncenter\" src=\"https:\/\/www.intoscana.it\/wp-content\/uploads\/Eugenio-Giani-a-Vicopisano-per-il-restauro-e-della-Torre-e-del-Camminamento-del-Soccorso-12.jpg\" alt=\"\" \/><\/figure>\n<div class=\"titleimg\" style=\"text-align: center;\">Eugenio Giani a Vicopisano per il restauro e della Torre e del Camminamento del Soccorso<\/div>\n<p>Tutto \u00e8 iniziato con la legge regionale 46\/2016 sulle citt\u00e0 murate e il relativo bando, grazie al quale il Comune ha ricevuto 120 mila euro. Analoga cifra, dopo quella della Regione, \u00e8 arrivata dal segretariato generale del Ministero della Cultura. <em>&#8220;Il Comune ha messo la cifra restante&#8221;<\/em> ha aggiunto il sindaco.<\/p>\n<h3>La forza dei sogni<\/h3>\n<p>Entusiasta il presidente dell\u2019assemblea legislativa <strong>Antonio Mazzeo<\/strong>. <em>\u201cIo sono emozionato, venendo in macchina la prima volta qui, ho alzato gli occhi e ho visto questa grande bellezza, era il 9 gennaio del 2016&#8243; <\/em>ha detto.<em> &#8220;E proprio qui, a Vicopisano insieme all\u2019allora sindaco, Juri Taglioli, insieme al vicesindaco, l\u2019attuale primo cittadino, Matteo Ferrucci, insieme a Eugenio Giani, che allora era presidente del Consiglio regionale, lanciammo l\u2019idea di finanziare le citt\u00e0 murate\u201d.<\/em><\/p>\n<figure id=\"post-190541 media-190541\" class=\"align-center\"><img decoding=\"async\" class=\"aligncenter\" src=\"https:\/\/www.intoscana.it\/wp-content\/uploads\/Eugenio-Giani-a-Vicopisano-per-il-restauro-e-della-Torre-e-del-Camminamento-del-Soccorso-14.jpg\" alt=\"\" \/><\/figure>\n<div class=\"titleimg\" style=\"text-align: center;\">Nardini, Mazzeo e Giani a Vicopisano per il restauro e della Torre e del Camminamento del Soccorso<\/div>\n<p><em>\u201cLa Toscana \u00e8 ovunque bella<\/em> \u2013 ha proseguito il presidente del Consiglio regionale \u2013 <em>\u00e8 fatta di storia, di tradizioni, del genio dei tanti toscani. <mark>E vedere che quest\u2019opera, un\u2019opera avanguardista nel momento in cui fu realizzata, oggi torna a essere fruibile per i cittadini, per i turisti, \u00e8 qualcosa di stupendo<\/mark>. \u00c8 bello pensare che i nostri borghi tornano a vivere, \u00e8 bello pensare che si possa costruire un turismo, diverso, alternativo fatto della visita a tante piccole, grandi, bellezze che la Toscana diffusa offre. Oggi \u00e8 un giorno di festa non solo per Vicopisano, \u00e8 un giorno di festa per la Toscana. <mark>Oggi si pu\u00f2 dire che la buona politica paga<\/mark>, perch\u00e9 spesso si dice che la politica \u00e8 solo parole, qui alle parole abbiamo fatto seguito con i fatti. Sono contento, felice ed emozionato. E voglio mandare un grande abbraccio a tutta la comunit\u00e0 di Vicopisano e al sindaco Matteo Ferrucci per averci creduto fin dall\u2019inizio\u201d.<\/em><\/p>\n<h3>L&#8217;impegno considiviso<\/h3>\n<p><em>\u201cNoi<\/em> \u2013 ha concluso Mazzeo \u2013 <em>abbiamo una Regione che ha tante perle di bellezza che non siamo riusciti a valorizzare come dovremmo. Oggi poter salire sul Camminamento che \u00e8 stato realizzato da uno dei pi\u00f9 grandi toscani, pensare che possiamo riviverlo noi, oggi, ma tante cittadine e tanti cittadini nelle prossime settimane, mi d\u00e0 il senso che qualcosa in questi anni abbiamo fatto, e mi fa pensare che la strada che Eugenio ha tracciato sia una strada giusta e corretta. Una strada che anche io come presidente del Consiglio regionale devo portare avanti: stare nelle comunit\u00e0 essere presente, cercare di ascoltare. Finisco con una frase che porto come segno del mio impegno: <mark>la politica se non riesce a stare all\u2019altezza degli occhi delle persone, e se non riesce trasformare quei bisogni in risposte concrete, non d\u00e0 il senso del perch\u00e9 del nostro impegno<\/mark>\u201d.<\/em><\/p>\n<h3>Un lavoro lungo 10 anni<\/h3>\n<p>Il recupero e il restauro del borgo di Vicopisano hanno una storia lunga circa dieci anni. <mark>In questo periodo sono state recuperate le antiche mura, 6 torri e altre 2 torri private<\/mark>. <em>&#8220;E abbiamo altri progetti in divenire, riguardanti la Botte e le Cateratte Ximeniane, e il restauro della ex scuola di Vicopisano per farla diventare sede della nostra Biblioteca, centro culturale e spazio espositivo e per le associazioni&#8221;<\/em> assicura il sindaco.<\/p>\n<figure id=\"post-190527 media-190527\" class=\"align-center\"><img decoding=\"async\" class=\"aligncenter\" src=\"https:\/\/www.intoscana.it\/wp-content\/uploads\/Restauro-e-recupero-funzionale-della-Torre-e-del-Camminamento-del-Soccorso-di-Vicopisano-16.jpeg\" alt=\"\" \/><\/figure>\n<div class=\"titleimg\" style=\"text-align: center;\">Restauro e recupero funzionale della Torre e del Camminamento del Soccorso di Vicopisano &#8211; \u00a9 Comune di Vicopisano<\/div>\n<p><em>&#8220;Il recupero della Torre e del Camminamento del Soccorso sono stati difficili e faticosi, e si \u00e8 aggiunta anche la pandemia a complicare le cose, ma la loro bellezza e il lavoro di notevole qualit\u00e0 ci ripagano di tutto&#8221;<\/em> ha spiegato Ferrucci.<\/p>\n<h3>Patrimonio di tutti<\/h3>\n<p>Oggi, ai piedi della Torre del Soccorso, come detto c&#8217;erano anche il governatore Giani e il presidente Mazzeo. <em>&#8220;In occasione della festa patronale di Vicopisano, a inizio ottobre, e in concomitanza dell&#8217;apertura alle visite della Torre e del Camminamento, che sar\u00e0 il 2 ottobre<\/em> &#8211; ha concluso il sindaco &#8211; <mark><em>la condivisione di questo sogno, finalmente realizzato, sar\u00e0 con tutto il paese<\/mark>, grazie alla collaborazione dell&#8217;associazione Festa Medievale con cui stiamo organizzando una iniziativa a tema medievale&#8221;.<\/em><\/p>\n<p>Con la <strong>famiglia Fehr<\/strong>, e i fratelli Andrea e Pietro, proprietari del bene, il Comune ha stipulato una convenzione che lo mette a disposizione dell&#8217;amministrazione e della collettivit\u00e0, affidato in gestione alla societ\u00e0 cooperativa Capitolium, come la Torre dell&#8217;Orologio. Il resto del Complesso Monumentale continuer\u00e0 invece a essere curato dal professor <strong>Giovanni Ranieri Fascetti<\/strong> e dal Gruppo Culturale Ippolito Rosellini. Prossimo impegno \u00e8 il recupero della Torre degli Upezzinghi di Caprona.<\/p>\n","protected":false},"excerpt":{"rendered":"<p>Un pezzo indelebile di storia architettonica \u00e8 stato restaurato e messo in sicurezza a Vicopisano, dove alla presenza del governatore Giani e del presidente del consiglio regionale Mazzeo \u00e8 stata inaugurata la nuova opera. Apertura il 2 ottobre<\/p>\n","protected":false},"author":525,"featured_media":190544,"comment_status":"open","ping_status":"open","sticky":false,"template":"","format":"standard","meta":{"_acf_changed":false,"footnotes":""},"categories":[6],"tags":[4441,4724,5246,4721],"class_list":["post-190518","post","type-post","status-publish","format-standard","has-post-thumbnail","hentry","category-viaggi","tag-architettura","tag-filippo-brunelleschi","tag-restauro","tag-vicopisano"],"acf":[],"yoast_head":"<!-- This site is optimized with the Yoast SEO Premium plugin v24.2 (Yoast SEO v25.6) - https:\/\/yoast.com\/wordpress\/plugins\/seo\/ -->\n<title>Rocca di Brunelleschi, a Vicopisano tornano a splendere Torre e Camminamento del Soccorso - intoscana<\/title>\n<meta name=\"description\" content=\"Un pezzo indelebile di storia architettonica \u00e8 stato restaurato e messo in sicurezza a Vicopisano, dove alla presenza del governatore Giani e del presidente del consiglio regionale Mazzeo \u00e8 stata inaugurata la nuova opera. Apertura il 2 ottobre\" \/>\n<meta name=\"robots\" content=\"index, follow, max-snippet:-1, max-image-preview:large, max-video-preview:-1\" \/>\n<link rel=\"canonical\" href=\"https:\/\/www.intoscana.it\/it\/rocca-di-brunelleschi-a-vicopisano-tornano-a-splendere-torre-e-camminamento-del-soccorso\/\" \/>\n<meta property=\"og:locale\" content=\"it_IT\" \/>\n<meta property=\"og:type\" content=\"article\" \/>\n<meta property=\"og:title\" content=\"Rocca di Brunelleschi, a Vicopisano tornano a splendere Torre e Camminamento del Soccorso\" \/>\n<meta property=\"og:description\" content=\"Un pezzo indelebile di storia architettonica \u00e8 stato restaurato e messo in sicurezza a Vicopisano, dove alla presenza del governatore Giani e del presidente del consiglio regionale Mazzeo \u00e8 stata inaugurata la nuova opera. Apertura il 2 ottobre\" \/>\n<meta property=\"og:url\" content=\"https:\/\/www.intoscana.it\/it\/rocca-di-brunelleschi-a-vicopisano-tornano-a-splendere-torre-e-camminamento-del-soccorso\/\" \/>\n<meta property=\"og:site_name\" content=\"intoscana\" \/>\n<meta property=\"article:publisher\" content=\"https:\/\/www.facebook.com\/intoscana.it\" \/>\n<meta property=\"article:published_time\" content=\"2021-09-20T16:20:19+00:00\" \/>\n<meta property=\"article:modified_time\" content=\"2021-09-21T10:01:49+00:00\" \/>\n<meta property=\"og:image\" content=\"https:\/\/www.intoscana.it\/wp-content\/uploads\/Eugenio-Giani-a-Vicopisano-per-il-restauro-e-della-Torre-e-del-Camminamento-del-Soccorso-16.jpg\" \/>\n\t<meta property=\"og:image:width\" content=\"1200\" \/>\n\t<meta property=\"og:image:height\" content=\"798\" \/>\n\t<meta property=\"og:image:type\" content=\"image\/jpeg\" \/>\n<meta name=\"author\" content=\"Redazione\" \/>\n<meta name=\"twitter:card\" content=\"summary_large_image\" \/>\n<meta name=\"twitter:creator\" content=\"@intoscana\" \/>\n<meta name=\"twitter:site\" content=\"@intoscana\" \/>\n<meta name=\"twitter:label1\" content=\"Written by\" \/>\n\t<meta name=\"twitter:data1\" content=\"Redazione\" \/>\n\t<meta name=\"twitter:label2\" content=\"Est. reading time\" \/>\n\t<meta name=\"twitter:data2\" content=\"5 minuti\" \/>\n<script type=\"application\/ld+json\" class=\"yoast-schema-graph\">{\"@context\":\"https:\/\/schema.org\",\"@graph\":[{\"@type\":\"WebPage\",\"@id\":\"https:\/\/www.intoscana.it\/it\/rocca-di-brunelleschi-a-vicopisano-tornano-a-splendere-torre-e-camminamento-del-soccorso\/\",\"url\":\"https:\/\/www.intoscana.it\/it\/rocca-di-brunelleschi-a-vicopisano-tornano-a-splendere-torre-e-camminamento-del-soccorso\/\",\"name\":\"Rocca di Brunelleschi, a Vicopisano tornano a splendere Torre e Camminamento del Soccorso - intoscana\",\"isPartOf\":{\"@id\":\"https:\/\/www.intoscana.it\/it\/#website\"},\"primaryImageOfPage\":{\"@id\":\"https:\/\/www.intoscana.it\/it\/rocca-di-brunelleschi-a-vicopisano-tornano-a-splendere-torre-e-camminamento-del-soccorso\/#primaryimage\"},\"image\":{\"@id\":\"https:\/\/www.intoscana.it\/it\/rocca-di-brunelleschi-a-vicopisano-tornano-a-splendere-torre-e-camminamento-del-soccorso\/#primaryimage\"},\"thumbnailUrl\":\"https:\/\/www.intoscana.it\/wp-content\/uploads\/Eugenio-Giani-a-Vicopisano-per-il-restauro-e-della-Torre-e-del-Camminamento-del-Soccorso-16.jpg\",\"datePublished\":\"2021-09-20T16:20:19+00:00\",\"dateModified\":\"2021-09-21T10:01:49+00:00\",\"author\":{\"@id\":\"https:\/\/www.intoscana.it\/it\/#\/schema\/person\/9223810753230f20bd670fdd322661f8\"},\"description\":\"Un pezzo indelebile di storia architettonica \u00e8 stato restaurato e messo in sicurezza a Vicopisano, dove alla presenza del governatore Giani e del presidente del consiglio regionale Mazzeo \u00e8 stata inaugurata la nuova opera. Apertura il 2 ottobre\",\"breadcrumb\":{\"@id\":\"https:\/\/www.intoscana.it\/it\/rocca-di-brunelleschi-a-vicopisano-tornano-a-splendere-torre-e-camminamento-del-soccorso\/#breadcrumb\"},\"inLanguage\":\"it-IT\",\"potentialAction\":[{\"@type\":\"ReadAction\",\"target\":[\"https:\/\/www.intoscana.it\/it\/rocca-di-brunelleschi-a-vicopisano-tornano-a-splendere-torre-e-camminamento-del-soccorso\/\"]}]},{\"@type\":\"ImageObject\",\"inLanguage\":\"it-IT\",\"@id\":\"https:\/\/www.intoscana.it\/it\/rocca-di-brunelleschi-a-vicopisano-tornano-a-splendere-torre-e-camminamento-del-soccorso\/#primaryimage\",\"url\":\"https:\/\/www.intoscana.it\/wp-content\/uploads\/Eugenio-Giani-a-Vicopisano-per-il-restauro-e-della-Torre-e-del-Camminamento-del-Soccorso-16.jpg\",\"contentUrl\":\"https:\/\/www.intoscana.it\/wp-content\/uploads\/Eugenio-Giani-a-Vicopisano-per-il-restauro-e-della-Torre-e-del-Camminamento-del-Soccorso-16.jpg\",\"width\":1200,\"height\":798,\"caption\":\"Eugenio Giani a Vicopisano per il restauro e della Torre e del Camminamento del Soccorso\"},{\"@type\":\"BreadcrumbList\",\"@id\":\"https:\/\/www.intoscana.it\/it\/rocca-di-brunelleschi-a-vicopisano-tornano-a-splendere-torre-e-camminamento-del-soccorso\/#breadcrumb\",\"itemListElement\":[{\"@type\":\"ListItem\",\"position\":1,\"name\":\"Home\",\"item\":\"https:\/\/www.intoscana.it\/it\/\"},{\"@type\":\"ListItem\",\"position\":2,\"name\":\"Rocca di Brunelleschi, a Vicopisano tornano a splendere Torre e Camminamento del Soccorso\"}]},{\"@type\":\"WebSite\",\"@id\":\"https:\/\/www.intoscana.it\/it\/#website\",\"url\":\"https:\/\/www.intoscana.it\/it\/\",\"name\":\"intoscana\",\"description\":\"\",\"potentialAction\":[{\"@type\":\"SearchAction\",\"target\":{\"@type\":\"EntryPoint\",\"urlTemplate\":\"https:\/\/www.intoscana.it\/it\/?s={search_term_string}\"},\"query-input\":{\"@type\":\"PropertyValueSpecification\",\"valueRequired\":true,\"valueName\":\"search_term_string\"}}],\"inLanguage\":\"it-IT\"},{\"@type\":\"Person\",\"@id\":\"https:\/\/www.intoscana.it\/it\/#\/schema\/person\/9223810753230f20bd670fdd322661f8\",\"name\":\"Redazione\",\"url\":\"https:\/\/www.intoscana.it\/it\/author\/redazione\/\"}]}<\/script>\n<!-- \/ Yoast SEO Premium plugin. -->","yoast_head_json":{"title":"Rocca di Brunelleschi, a Vicopisano tornano a splendere Torre e Camminamento del Soccorso - intoscana","description":"Un pezzo indelebile di storia architettonica \u00e8 stato restaurato e messo in sicurezza a Vicopisano, dove alla presenza del governatore Giani e del presidente del consiglio regionale Mazzeo \u00e8 stata inaugurata la nuova opera. Apertura il 2 ottobre","robots":{"index":"index","follow":"follow","max-snippet":"max-snippet:-1","max-image-preview":"max-image-preview:large","max-video-preview":"max-video-preview:-1"},"canonical":"https:\/\/www.intoscana.it\/it\/rocca-di-brunelleschi-a-vicopisano-tornano-a-splendere-torre-e-camminamento-del-soccorso\/","og_locale":"it_IT","og_type":"article","og_title":"Rocca di Brunelleschi, a Vicopisano tornano a splendere Torre e Camminamento del Soccorso","og_description":"Un pezzo indelebile di storia architettonica \u00e8 stato restaurato e messo in sicurezza a Vicopisano, dove alla presenza del governatore Giani e del presidente del consiglio regionale Mazzeo \u00e8 stata inaugurata la nuova opera. Apertura il 2 ottobre","og_url":"https:\/\/www.intoscana.it\/it\/rocca-di-brunelleschi-a-vicopisano-tornano-a-splendere-torre-e-camminamento-del-soccorso\/","og_site_name":"intoscana","article_publisher":"https:\/\/www.facebook.com\/intoscana.it","article_published_time":"2021-09-20T16:20:19+00:00","article_modified_time":"2021-09-21T10:01:49+00:00","og_image":[{"width":1200,"height":798,"url":"https:\/\/www.intoscana.it\/wp-content\/uploads\/Eugenio-Giani-a-Vicopisano-per-il-restauro-e-della-Torre-e-del-Camminamento-del-Soccorso-16.jpg","type":"image\/jpeg"}],"author":"Redazione","twitter_card":"summary_large_image","twitter_creator":"@intoscana","twitter_site":"@intoscana","twitter_misc":{"Written by":"Redazione","Est. reading time":"5 minuti"},"schema":{"@context":"https:\/\/schema.org","@graph":[{"@type":"WebPage","@id":"https:\/\/www.intoscana.it\/it\/rocca-di-brunelleschi-a-vicopisano-tornano-a-splendere-torre-e-camminamento-del-soccorso\/","url":"https:\/\/www.intoscana.it\/it\/rocca-di-brunelleschi-a-vicopisano-tornano-a-splendere-torre-e-camminamento-del-soccorso\/","name":"Rocca di Brunelleschi, a Vicopisano tornano a splendere Torre e Camminamento del Soccorso - intoscana","isPartOf":{"@id":"https:\/\/www.intoscana.it\/it\/#website"},"primaryImageOfPage":{"@id":"https:\/\/www.intoscana.it\/it\/rocca-di-brunelleschi-a-vicopisano-tornano-a-splendere-torre-e-camminamento-del-soccorso\/#primaryimage"},"image":{"@id":"https:\/\/www.intoscana.it\/it\/rocca-di-brunelleschi-a-vicopisano-tornano-a-splendere-torre-e-camminamento-del-soccorso\/#primaryimage"},"thumbnailUrl":"https:\/\/www.intoscana.it\/wp-content\/uploads\/Eugenio-Giani-a-Vicopisano-per-il-restauro-e-della-Torre-e-del-Camminamento-del-Soccorso-16.jpg","datePublished":"2021-09-20T16:20:19+00:00","dateModified":"2021-09-21T10:01:49+00:00","author":{"@id":"https:\/\/www.intoscana.it\/it\/#\/schema\/person\/9223810753230f20bd670fdd322661f8"},"description":"Un pezzo indelebile di storia architettonica \u00e8 stato restaurato e messo in sicurezza a Vicopisano, dove alla presenza del governatore Giani e del presidente del consiglio regionale Mazzeo \u00e8 stata inaugurata la nuova opera. Apertura il 2 ottobre","breadcrumb":{"@id":"https:\/\/www.intoscana.it\/it\/rocca-di-brunelleschi-a-vicopisano-tornano-a-splendere-torre-e-camminamento-del-soccorso\/#breadcrumb"},"inLanguage":"it-IT","potentialAction":[{"@type":"ReadAction","target":["https:\/\/www.intoscana.it\/it\/rocca-di-brunelleschi-a-vicopisano-tornano-a-splendere-torre-e-camminamento-del-soccorso\/"]}]},{"@type":"ImageObject","inLanguage":"it-IT","@id":"https:\/\/www.intoscana.it\/it\/rocca-di-brunelleschi-a-vicopisano-tornano-a-splendere-torre-e-camminamento-del-soccorso\/#primaryimage","url":"https:\/\/www.intoscana.it\/wp-content\/uploads\/Eugenio-Giani-a-Vicopisano-per-il-restauro-e-della-Torre-e-del-Camminamento-del-Soccorso-16.jpg","contentUrl":"https:\/\/www.intoscana.it\/wp-content\/uploads\/Eugenio-Giani-a-Vicopisano-per-il-restauro-e-della-Torre-e-del-Camminamento-del-Soccorso-16.jpg","width":1200,"height":798,"caption":"Eugenio Giani a Vicopisano per il restauro e della Torre e del Camminamento del Soccorso"},{"@type":"BreadcrumbList","@id":"https:\/\/www.intoscana.it\/it\/rocca-di-brunelleschi-a-vicopisano-tornano-a-splendere-torre-e-camminamento-del-soccorso\/#breadcrumb","itemListElement":[{"@type":"ListItem","position":1,"name":"Home","item":"https:\/\/www.intoscana.it\/it\/"},{"@type":"ListItem","position":2,"name":"Rocca di Brunelleschi, a Vicopisano tornano a splendere Torre e Camminamento del Soccorso"}]},{"@type":"WebSite","@id":"https:\/\/www.intoscana.it\/it\/#website","url":"https:\/\/www.intoscana.it\/it\/","name":"intoscana","description":"","potentialAction":[{"@type":"SearchAction","target":{"@type":"EntryPoint","urlTemplate":"https:\/\/www.intoscana.it\/it\/?s={search_term_string}"},"query-input":{"@type":"PropertyValueSpecification","valueRequired":true,"valueName":"search_term_string"}}],"inLanguage":"it-IT"},{"@type":"Person","@id":"https:\/\/www.intoscana.it\/it\/#\/schema\/person\/9223810753230f20bd670fdd322661f8","name":"Redazione","url":"https:\/\/www.intoscana.it\/it\/author\/redazione\/"}]}},"_links":{"self":[{"href":"https:\/\/www.intoscana.it\/it\/wp-json\/wp\/v2\/posts\/190518","targetHints":{"allow":["GET"]}}],"collection":[{"href":"https:\/\/www.intoscana.it\/it\/wp-json\/wp\/v2\/posts"}],"about":[{"href":"https:\/\/www.intoscana.it\/it\/wp-json\/wp\/v2\/types\/post"}],"author":[{"embeddable":true,"href":"https:\/\/www.intoscana.it\/it\/wp-json\/wp\/v2\/users\/525"}],"replies":[{"embeddable":true,"href":"https:\/\/www.intoscana.it\/it\/wp-json\/wp\/v2\/comments?post=190518"}],"version-history":[{"count":0,"href":"https:\/\/www.intoscana.it\/it\/wp-json\/wp\/v2\/posts\/190518\/revisions"}],"wp:featuredmedia":[{"embeddable":true,"href":"https:\/\/www.intoscana.it\/it\/wp-json\/wp\/v2\/media\/190544"}],"wp:attachment":[{"href":"https:\/\/www.intoscana.it\/it\/wp-json\/wp\/v2\/media?parent=190518"}],"wp:term":[{"taxonomy":"category","embeddable":true,"href":"https:\/\/www.intoscana.it\/it\/wp-json\/wp\/v2\/categories?post=190518"},{"taxonomy":"post_tag","embeddable":true,"href":"https:\/\/www.intoscana.it\/it\/wp-json\/wp\/v2\/tags?post=190518"}],"curies":[{"name":"wp","href":"https:\/\/api.w.org\/{rel}","templated":true}]}}