{"id":190664,"date":"2021-09-21T14:21:01","date_gmt":"2021-09-21T12:21:01","guid":{"rendered":"https:\/\/www.intoscana.it\/it\/?p=190664"},"modified":"2021-09-21T14:23:17","modified_gmt":"2021-09-21T12:23:17","slug":"imparare-con-la-realta-aumentata-alluniversita-di-firenze-il-1laboratorio-in-italia-di-didattica-immersiva","status":"publish","type":"post","link":"https:\/\/www.intoscana.it\/it\/imparare-con-la-realta-aumentata-alluniversita-di-firenze-il-1laboratorio-in-italia-di-didattica-immersiva\/","title":{"rendered":"Imparare con la realt\u00e0 aumentata: a Firenze il 1\u00b0 laboratorio in Italia di didattica immersiva"},"content":{"rendered":"<p><strong>La realt\u00e0 aumentata<\/strong> esce dal <strong>grande schermo e dai videogames<\/strong> per entrare nelle<strong> aule dell\u2019Universit\u00e0 di Firenze<\/strong>. Presso la sede delle Cascine \u00e8 stato allestito <strong>il primo laboratorio di didattica immersiva<\/strong> per la produzione di <strong>video 360 gradi per l\u2019insegnamento,<\/strong> una novit\u00e0 nel panorama universitario nazionale, che ospiter\u00e0 gi\u00e0 dalla fine di settembre i corsi del Dipartimento di Scienze e Tecnologie Agrarie, Alimentari, Ambientali e Forestali (DAGRI).\u00a0<strong>Lo spazio \u00e8 dotato di 20 postazioni dotate di appositi visori,<\/strong> di cui 10 gi\u00e0 disponibili.<\/p>\n<p>La decisione di investire su un <strong>laboratorio didattico immersivo<\/strong> \u00e8 nata con l\u2019<strong>adesione al progetto europeo SEPA360<\/strong> (Supporting Educators Pedagogical Activities with 360 video) che ha visto la partecipazione dell\u2019Universit\u00e0 di Firenze insieme ad altri quattro atenei europei: University of Hull \u2013 Gran Bretagna, XL University \u2013 Hasselt, Belgio, Wirtschaftsuniversit\u00e4t \u2013 Vienna, Austria e Thessaloniki University \u2013 Grecia.<\/p>\n<p>L\u2019iniziativa ha coinvolto docenti delle <strong>Scuole di Agraria, Ingegneria, Studi Umanistici e della Formazione<\/strong> sotto il <strong>coordinamento scientifico di Maria Ranieri,<\/strong> docente di Didattica e Tecnologie dell\u2019Istruzione presso il Dipartimento FORLILPSI.<\/p>\n<h3>Cos&#8217;\u00e8 un video a 360 gradi<\/h3>\n<p>Un<strong>\u00a0video 360<\/strong> viene realizzato a partire da una<strong> ripresa panoramica a cui \u00e8 possibile aggiungere contenuti<\/strong> con differenti gradi di interattivit\u00e0.<\/p>\n<p>Attraverso l\u2019impiego di <strong>particolari videocamere<\/strong> \u00e8 possibile acquisire e combinare le immagini in modo da <strong>ottenere una visuale completa di un ambiente<\/strong>.<\/p>\n<p><strong>L\u2019utente finale potr\u00e0 orientare lo sguardo a proprio piacimento,<\/strong> proprio <strong>come farebbe se si trovasse fisicamente presente<\/strong>. Ad aumentare la sensazione immersiva, contribuiscono i visori che <strong>rilevano i movimenti della testa<\/strong> e adattano, in base a questi, il <strong>punto di osservazione.<\/strong><\/p>\n<figure id=\"post-190665 media-190665\" class=\"align-center\"><img decoding=\"async\" src=\"https:\/\/www.intoscana.it\/wp-content\/uploads\/Erminio_Monteleone_Simone_Orlandini_Ersilia_Menesini_Alessandra_Petrucci_Maria_Ranieri.jpg\" alt=\"\" \/><\/figure>\n<p><em>\u201cQuesto laboratorio rappresenta una risorsa di assoluto valore per l\u2019Universit\u00e0 di Firenze<\/em> \u2013 ha\u00a0<strong>spiegato la rettrice Alessandra Petrucci<\/strong> &#8211; <em>l\u2019esperienza pionieristica di Agraria, che ha avuto il merito di investire in questa sfida, \u00e8 destinata a germogliare in altre Scuole del nostro Ateneo e a proiettare Firenze come realt\u00e0 all\u2019avanguardia nella sperimentazione delle forme pi\u00f9 innovative della didattica. Queste frontiere offrono alle universit\u00e0 l\u2019opportunit\u00e0 di esplorare alcune nuove soluzioni in termini di sostenibilit\u00e0 e innovazione per far fronte alle esigenze sempre pi\u00f9 complesse e diversificate degli studenti\u201d.<\/em><\/p>\n<p><em>\u201cGuardiamo con molta attenzione e interesse a questa sperimentazione in corso ad Agraria e ne faremo tesoro per valorizzare queste esperienze in uno scenario di formazione di qualit\u00e0 per il futuro<\/em> \u2013 ha detto\u00a0<strong>la prorettrice alla didattica Ersilia Menesini<\/strong> &#8211;<em><strong> Il laboratorio \u00e8 un\u2019occasione pilota per capire in quale direzione andare dal punto di vista del rinnovamento della didattica<\/strong>. Lo \u00e8 per Agraria e per tutte le discipline che hanno bisogno di simulare in termini laboratoriali alcune attivit\u00e0 di formazione. Per questo abbiamo costituto anche un gruppo di lavoro che dovrebbe riflettere sui percorsi e le esperienze innovative attivate nell\u2019Ateneo per metterle a sistema e stabilire una progettualit\u00e0 per il futuro\u201d<\/em><\/p>\n<p><em>\u201cIl sistema integrato di apprendimento offerto dal laboratorio di didattica aumentat<\/em>a \u2013 ha spiegato\u00a0<strong>Maria Ranieri<\/strong>, docente di Didattica e Tecnologie dell\u2019Istruzione presso il Dipartimento FORLILPSI e coordinatrice del progetto europeo SEPA360 &#8211; <em>definisce <strong>un nuovo paradigma tra sviluppo cognitivo e capacit\u00e0 sensoriale aprendo scenari ancora tutti da scoprire<\/strong>. Basti pensare alle potenzialit\u00e0 degli ambienti immersivi che permettono di effettuare esperienze vicarie della realt\u00e0. Attraverso il progetto SEPA, che si concluder\u00e0 tra poco pi\u00f9 di un anno, contiamo di esplorare questa frontiera e di creare le premesse perch\u00e9 dalla fase sperimentale si possa passare ad una implementazione su larga scala\u201d.<\/em><\/p>\n","protected":false},"excerpt":{"rendered":"<p>Il laboratorio produrr\u00e0 video a 360 gradi che apriranno scenari ancora tutti da scoprire. L\u2019iniziativa \u00e8 a cura del Dipartimento di Scienze e Tecnologie Agrarie, Alimentari, Ambientali e Forestali dell&#8217;Universit\u00e0 di Firenze<\/p>\n","protected":false},"author":525,"featured_media":190666,"comment_status":"open","ping_status":"open","sticky":false,"template":"","format":"standard","meta":{"_acf_changed":false,"footnotes":""},"categories":[475],"tags":[4635,353],"class_list":["post-190664","post","type-post","status-publish","format-standard","has-post-thumbnail","hentry","category-innovazione","tag-didattica","tag-universita-di-firenze"],"acf":[],"yoast_head":"<!-- This site is optimized with the Yoast SEO Premium plugin v24.2 (Yoast SEO v25.6) - https:\/\/yoast.com\/wordpress\/plugins\/seo\/ -->\n<title>Imparare con la realt\u00e0 aumentata: a Firenze il 1\u00b0 laboratorio in Italia di didattica immersiva - intoscana<\/title>\n<meta name=\"description\" content=\"L\u2019iniziativa \u00e8 a cura del Dipartimento di Scienze e Tecnologie Agrarie, Alimentari, Ambientali e Forestali\" \/>\n<meta name=\"robots\" content=\"index, follow, max-snippet:-1, max-image-preview:large, max-video-preview:-1\" \/>\n<link rel=\"canonical\" href=\"https:\/\/www.intoscana.it\/it\/imparare-con-la-realta-aumentata-alluniversita-di-firenze-il-1laboratorio-in-italia-di-didattica-immersiva\/\" \/>\n<meta property=\"og:locale\" content=\"it_IT\" \/>\n<meta property=\"og:type\" content=\"article\" \/>\n<meta property=\"og:title\" content=\"Imparare con la realt\u00e0 aumentata: a Firenze il 1\u00b0 laboratorio in Italia di didattica immersiva\" \/>\n<meta property=\"og:description\" content=\"L\u2019iniziativa \u00e8 a cura del Dipartimento di Scienze e Tecnologie Agrarie, Alimentari, Ambientali e Forestali\" \/>\n<meta property=\"og:url\" content=\"https:\/\/www.intoscana.it\/it\/imparare-con-la-realta-aumentata-alluniversita-di-firenze-il-1laboratorio-in-italia-di-didattica-immersiva\/\" \/>\n<meta property=\"og:site_name\" content=\"intoscana\" \/>\n<meta property=\"article:publisher\" content=\"https:\/\/www.facebook.com\/intoscana.it\" \/>\n<meta property=\"article:published_time\" content=\"2021-09-21T12:21:01+00:00\" \/>\n<meta property=\"article:modified_time\" content=\"2021-09-21T12:23:17+00:00\" \/>\n<meta property=\"og:image\" content=\"https:\/\/www.intoscana.it\/wp-content\/uploads\/studentessa_visore.jpg\" \/>\n\t<meta property=\"og:image:width\" content=\"1280\" \/>\n\t<meta property=\"og:image:height\" content=\"853\" \/>\n\t<meta property=\"og:image:type\" content=\"image\/jpeg\" \/>\n<meta name=\"author\" content=\"Redazione\" \/>\n<meta name=\"twitter:card\" content=\"summary_large_image\" \/>\n<meta name=\"twitter:creator\" content=\"@intoscana\" \/>\n<meta name=\"twitter:site\" content=\"@intoscana\" \/>\n<meta name=\"twitter:label1\" content=\"Written by\" \/>\n\t<meta name=\"twitter:data1\" content=\"Redazione\" \/>\n\t<meta name=\"twitter:label2\" content=\"Est. reading time\" \/>\n\t<meta name=\"twitter:data2\" content=\"3 minuti\" \/>\n<script type=\"application\/ld+json\" class=\"yoast-schema-graph\">{\"@context\":\"https:\/\/schema.org\",\"@graph\":[{\"@type\":\"WebPage\",\"@id\":\"https:\/\/www.intoscana.it\/it\/imparare-con-la-realta-aumentata-alluniversita-di-firenze-il-1laboratorio-in-italia-di-didattica-immersiva\/\",\"url\":\"https:\/\/www.intoscana.it\/it\/imparare-con-la-realta-aumentata-alluniversita-di-firenze-il-1laboratorio-in-italia-di-didattica-immersiva\/\",\"name\":\"Imparare con la realt\u00e0 aumentata: a Firenze il 1\u00b0 laboratorio in Italia di didattica immersiva - intoscana\",\"isPartOf\":{\"@id\":\"https:\/\/www.intoscana.it\/it\/#website\"},\"primaryImageOfPage\":{\"@id\":\"https:\/\/www.intoscana.it\/it\/imparare-con-la-realta-aumentata-alluniversita-di-firenze-il-1laboratorio-in-italia-di-didattica-immersiva\/#primaryimage\"},\"image\":{\"@id\":\"https:\/\/www.intoscana.it\/it\/imparare-con-la-realta-aumentata-alluniversita-di-firenze-il-1laboratorio-in-italia-di-didattica-immersiva\/#primaryimage\"},\"thumbnailUrl\":\"https:\/\/www.intoscana.it\/wp-content\/uploads\/studentessa_visore.jpg\",\"datePublished\":\"2021-09-21T12:21:01+00:00\",\"dateModified\":\"2021-09-21T12:23:17+00:00\",\"author\":{\"@id\":\"https:\/\/www.intoscana.it\/it\/#\/schema\/person\/9223810753230f20bd670fdd322661f8\"},\"description\":\"L\u2019iniziativa \u00e8 a cura del Dipartimento di Scienze e Tecnologie Agrarie, Alimentari, Ambientali e Forestali\",\"breadcrumb\":{\"@id\":\"https:\/\/www.intoscana.it\/it\/imparare-con-la-realta-aumentata-alluniversita-di-firenze-il-1laboratorio-in-italia-di-didattica-immersiva\/#breadcrumb\"},\"inLanguage\":\"it-IT\",\"potentialAction\":[{\"@type\":\"ReadAction\",\"target\":[\"https:\/\/www.intoscana.it\/it\/imparare-con-la-realta-aumentata-alluniversita-di-firenze-il-1laboratorio-in-italia-di-didattica-immersiva\/\"]}]},{\"@type\":\"ImageObject\",\"inLanguage\":\"it-IT\",\"@id\":\"https:\/\/www.intoscana.it\/it\/imparare-con-la-realta-aumentata-alluniversita-di-firenze-il-1laboratorio-in-italia-di-didattica-immersiva\/#primaryimage\",\"url\":\"https:\/\/www.intoscana.it\/wp-content\/uploads\/studentessa_visore.jpg\",\"contentUrl\":\"https:\/\/www.intoscana.it\/wp-content\/uploads\/studentessa_visore.jpg\",\"width\":1280,\"height\":853},{\"@type\":\"BreadcrumbList\",\"@id\":\"https:\/\/www.intoscana.it\/it\/imparare-con-la-realta-aumentata-alluniversita-di-firenze-il-1laboratorio-in-italia-di-didattica-immersiva\/#breadcrumb\",\"itemListElement\":[{\"@type\":\"ListItem\",\"position\":1,\"name\":\"Home\",\"item\":\"https:\/\/www.intoscana.it\/it\/\"},{\"@type\":\"ListItem\",\"position\":2,\"name\":\"Imparare con la realt\u00e0 aumentata: a Firenze il 1\u00b0 laboratorio in Italia di didattica immersiva\"}]},{\"@type\":\"WebSite\",\"@id\":\"https:\/\/www.intoscana.it\/it\/#website\",\"url\":\"https:\/\/www.intoscana.it\/it\/\",\"name\":\"intoscana\",\"description\":\"\",\"potentialAction\":[{\"@type\":\"SearchAction\",\"target\":{\"@type\":\"EntryPoint\",\"urlTemplate\":\"https:\/\/www.intoscana.it\/it\/?s={search_term_string}\"},\"query-input\":{\"@type\":\"PropertyValueSpecification\",\"valueRequired\":true,\"valueName\":\"search_term_string\"}}],\"inLanguage\":\"it-IT\"},{\"@type\":\"Person\",\"@id\":\"https:\/\/www.intoscana.it\/it\/#\/schema\/person\/9223810753230f20bd670fdd322661f8\",\"name\":\"Redazione\",\"url\":\"https:\/\/www.intoscana.it\/it\/author\/redazione\/\"}]}<\/script>\n<!-- \/ Yoast SEO Premium plugin. -->","yoast_head_json":{"title":"Imparare con la realt\u00e0 aumentata: a Firenze il 1\u00b0 laboratorio in Italia di didattica immersiva - intoscana","description":"L\u2019iniziativa \u00e8 a cura del Dipartimento di Scienze e Tecnologie Agrarie, Alimentari, Ambientali e Forestali","robots":{"index":"index","follow":"follow","max-snippet":"max-snippet:-1","max-image-preview":"max-image-preview:large","max-video-preview":"max-video-preview:-1"},"canonical":"https:\/\/www.intoscana.it\/it\/imparare-con-la-realta-aumentata-alluniversita-di-firenze-il-1laboratorio-in-italia-di-didattica-immersiva\/","og_locale":"it_IT","og_type":"article","og_title":"Imparare con la realt\u00e0 aumentata: a Firenze il 1\u00b0 laboratorio in Italia di didattica immersiva","og_description":"L\u2019iniziativa \u00e8 a cura del Dipartimento di Scienze e Tecnologie Agrarie, Alimentari, Ambientali e Forestali","og_url":"https:\/\/www.intoscana.it\/it\/imparare-con-la-realta-aumentata-alluniversita-di-firenze-il-1laboratorio-in-italia-di-didattica-immersiva\/","og_site_name":"intoscana","article_publisher":"https:\/\/www.facebook.com\/intoscana.it","article_published_time":"2021-09-21T12:21:01+00:00","article_modified_time":"2021-09-21T12:23:17+00:00","og_image":[{"width":1280,"height":853,"url":"https:\/\/www.intoscana.it\/wp-content\/uploads\/studentessa_visore.jpg","type":"image\/jpeg"}],"author":"Redazione","twitter_card":"summary_large_image","twitter_creator":"@intoscana","twitter_site":"@intoscana","twitter_misc":{"Written by":"Redazione","Est. reading time":"3 minuti"},"schema":{"@context":"https:\/\/schema.org","@graph":[{"@type":"WebPage","@id":"https:\/\/www.intoscana.it\/it\/imparare-con-la-realta-aumentata-alluniversita-di-firenze-il-1laboratorio-in-italia-di-didattica-immersiva\/","url":"https:\/\/www.intoscana.it\/it\/imparare-con-la-realta-aumentata-alluniversita-di-firenze-il-1laboratorio-in-italia-di-didattica-immersiva\/","name":"Imparare con la realt\u00e0 aumentata: a Firenze il 1\u00b0 laboratorio in Italia di didattica immersiva - intoscana","isPartOf":{"@id":"https:\/\/www.intoscana.it\/it\/#website"},"primaryImageOfPage":{"@id":"https:\/\/www.intoscana.it\/it\/imparare-con-la-realta-aumentata-alluniversita-di-firenze-il-1laboratorio-in-italia-di-didattica-immersiva\/#primaryimage"},"image":{"@id":"https:\/\/www.intoscana.it\/it\/imparare-con-la-realta-aumentata-alluniversita-di-firenze-il-1laboratorio-in-italia-di-didattica-immersiva\/#primaryimage"},"thumbnailUrl":"https:\/\/www.intoscana.it\/wp-content\/uploads\/studentessa_visore.jpg","datePublished":"2021-09-21T12:21:01+00:00","dateModified":"2021-09-21T12:23:17+00:00","author":{"@id":"https:\/\/www.intoscana.it\/it\/#\/schema\/person\/9223810753230f20bd670fdd322661f8"},"description":"L\u2019iniziativa \u00e8 a cura del Dipartimento di Scienze e Tecnologie Agrarie, Alimentari, Ambientali e Forestali","breadcrumb":{"@id":"https:\/\/www.intoscana.it\/it\/imparare-con-la-realta-aumentata-alluniversita-di-firenze-il-1laboratorio-in-italia-di-didattica-immersiva\/#breadcrumb"},"inLanguage":"it-IT","potentialAction":[{"@type":"ReadAction","target":["https:\/\/www.intoscana.it\/it\/imparare-con-la-realta-aumentata-alluniversita-di-firenze-il-1laboratorio-in-italia-di-didattica-immersiva\/"]}]},{"@type":"ImageObject","inLanguage":"it-IT","@id":"https:\/\/www.intoscana.it\/it\/imparare-con-la-realta-aumentata-alluniversita-di-firenze-il-1laboratorio-in-italia-di-didattica-immersiva\/#primaryimage","url":"https:\/\/www.intoscana.it\/wp-content\/uploads\/studentessa_visore.jpg","contentUrl":"https:\/\/www.intoscana.it\/wp-content\/uploads\/studentessa_visore.jpg","width":1280,"height":853},{"@type":"BreadcrumbList","@id":"https:\/\/www.intoscana.it\/it\/imparare-con-la-realta-aumentata-alluniversita-di-firenze-il-1laboratorio-in-italia-di-didattica-immersiva\/#breadcrumb","itemListElement":[{"@type":"ListItem","position":1,"name":"Home","item":"https:\/\/www.intoscana.it\/it\/"},{"@type":"ListItem","position":2,"name":"Imparare con la realt\u00e0 aumentata: a Firenze il 1\u00b0 laboratorio in Italia di didattica immersiva"}]},{"@type":"WebSite","@id":"https:\/\/www.intoscana.it\/it\/#website","url":"https:\/\/www.intoscana.it\/it\/","name":"intoscana","description":"","potentialAction":[{"@type":"SearchAction","target":{"@type":"EntryPoint","urlTemplate":"https:\/\/www.intoscana.it\/it\/?s={search_term_string}"},"query-input":{"@type":"PropertyValueSpecification","valueRequired":true,"valueName":"search_term_string"}}],"inLanguage":"it-IT"},{"@type":"Person","@id":"https:\/\/www.intoscana.it\/it\/#\/schema\/person\/9223810753230f20bd670fdd322661f8","name":"Redazione","url":"https:\/\/www.intoscana.it\/it\/author\/redazione\/"}]}},"_links":{"self":[{"href":"https:\/\/www.intoscana.it\/it\/wp-json\/wp\/v2\/posts\/190664","targetHints":{"allow":["GET"]}}],"collection":[{"href":"https:\/\/www.intoscana.it\/it\/wp-json\/wp\/v2\/posts"}],"about":[{"href":"https:\/\/www.intoscana.it\/it\/wp-json\/wp\/v2\/types\/post"}],"author":[{"embeddable":true,"href":"https:\/\/www.intoscana.it\/it\/wp-json\/wp\/v2\/users\/525"}],"replies":[{"embeddable":true,"href":"https:\/\/www.intoscana.it\/it\/wp-json\/wp\/v2\/comments?post=190664"}],"version-history":[{"count":0,"href":"https:\/\/www.intoscana.it\/it\/wp-json\/wp\/v2\/posts\/190664\/revisions"}],"wp:featuredmedia":[{"embeddable":true,"href":"https:\/\/www.intoscana.it\/it\/wp-json\/wp\/v2\/media\/190666"}],"wp:attachment":[{"href":"https:\/\/www.intoscana.it\/it\/wp-json\/wp\/v2\/media?parent=190664"}],"wp:term":[{"taxonomy":"category","embeddable":true,"href":"https:\/\/www.intoscana.it\/it\/wp-json\/wp\/v2\/categories?post=190664"},{"taxonomy":"post_tag","embeddable":true,"href":"https:\/\/www.intoscana.it\/it\/wp-json\/wp\/v2\/tags?post=190664"}],"curies":[{"name":"wp","href":"https:\/\/api.w.org\/{rel}","templated":true}]}}