{"id":190817,"date":"2021-09-22T16:08:40","date_gmt":"2021-09-22T14:08:40","guid":{"rendered":"https:\/\/www.intoscana.it\/it\/?p=190817"},"modified":"2021-09-22T16:08:40","modified_gmt":"2021-09-22T14:08:40","slug":"vicopisano-la-regione-toscana-pronta-a-finanziare-la-messa-in-sicurezza-della-botte","status":"publish","type":"post","link":"https:\/\/www.intoscana.it\/it\/vicopisano-la-regione-toscana-pronta-a-finanziare-la-messa-in-sicurezza-della-botte\/","title":{"rendered":"Vicopisano, la Regione Toscana pronta a finanziare la messa in sicurezza della Botte"},"content":{"rendered":"<p>L\u2019incredibile opera idraulica de <strong>\u201cLa Botte\u201d a San Giovanni alla Vena nel Comune di Vicopisano<\/strong> \u00e8 pronta a rifarsi il look e risolvere alcune lesioni date dagli oltre 160 anni di attivit\u00e0. La <strong>Regione Toscana<\/strong> ha infatti deciso di <strong>finanziare la fase progettuale a cui seguir\u00e0 la messa in sicurezza<\/strong> della Botte del Canale emissario del Padula di Bientina. Dopo le sollecitazioni da parte dell\u2019amministrazione comunale \u00e8 arrivata la conferma proprio dal presidente della Regione, Eugenio Giani, che ieri ha fatto un sopralluogo alla Botte per verificare lo stato del manufatto idraulico che si trova al confine fra i comuni di Vicopisano e di Calcinaia.<\/p>\n<figure id=\"post-190822 media-190822\" class=\"align-center\"><\/figure>\n<div class=\"titleimg\">\n<figure id=\"post-190822 media-190822\" class=\"align-center\"><img decoding=\"async\" src=\"https:\/\/www.intoscana.it\/wp-content\/uploads\/botte-vicopisano-8.jpg\" alt=\"\" \/><\/figure>\n<div class=\"titleimg\">La Botte di San Giovanni alla Verna &#8211; \u00a9 Comune di Vicopisano<\/div>\n<\/div>\n<h3>La valenza storica<\/h3>\n<p>Questo territorio \u00e8 da sempre interessato da inondazioni, problema che nel tempo fu affrontato dai <strong>Medici<\/strong> senza successo, poi dall\u2019ingegnere <strong>Leonardo Ximenes che nel 1757 realizz\u00f2 le cateratte ximeniane<\/strong> (tutt\u2019ora visitabili). L\u2019opera, voluta da <strong>Francesco Stefano d\u2019Asburgo Lorena I Granduca di Toscana<\/strong>, aveva la funzione di regolare lo sfocio nel fiume Arno delle acque del lago di Bientina.<\/p>\n<p><strong>La soluzione definitiva fu realizzata nel 1859 da Alessandro Manetti<\/strong> per volont\u00e0 dal <strong>Granduca Pietro Leopoldo<\/strong>. La struttura, pronta in cinque anni di lavoro, fu pensata per prosciugare il lago di Bientina (o di Sesto) e risolvere cos\u00ec il grave problema d&#8217;insalubrit\u00e0 dell&#8217;aria, che colpiva le zone limitrofe al bacino. C\u2019era per\u00f2 un problema insormontabile: le acque del lago non riuscivano ad andare nell\u2019Arno perch\u00e9 l\u2019alveo del fiume, era pi\u00f9 in alto del bacino bientinese. Da qui nacque l\u2019idea della <strong>Botte<\/strong>, un <strong>condotto sotterraneo lungo 250 metri<\/strong>, per far passare il Canale Imperiale (emissario del bacino bientinese realizzato da Leonardo Ximenes), sotto l&#8217;alveo dell&#8217;Arno, e far arrivare le acque del lago di Bientina in mare realizzando cos\u00ec il <strong>passaggio di un fiume sotto un altro fiume<\/strong>.<\/p>\n<h3>La costruzione della Botte e lo stato attuale<\/h3>\n<p>Per la sua realizzazione fu fatta una palizzata di <strong>oltre 25mila pali di pino a otto metri<\/strong> sotto l&#8217;alveo del Canale Imperiale, e costruita una <strong>galleria in muratura larga quasi 24 metri<\/strong>. I lavori iniziati nel 1854 si conclusero nel 1859, due anni dopo il previsto, ma con una spesa inferiore rispetto a quanto preventivato (3.418.138 lire toscane contro i 3.920.325 del progetto del 1842 da cui si era ispirato Alessandro Manetti). Il Granduca fu poi talmente colpito dall&#8217;imponenza del lavoro che ne descrisse le varie fasi costruttive nel suo Governo di Famiglia.<\/p>\n<p>Da tempo la Botte risulta interessata da alcune <strong>importanti lesioni,<\/strong> visibili in corrispondenza del relativo rivestimento interno, attraverso le quali si manifestano <strong>cospicue e costanti fuoriuscite di acqua all\u2019interno delle due canne di drenaggio<\/strong> tali da far ipotizzare una continuit\u00e0 idraulica con l\u2019alveo fluviale soprastante.<\/p>\n<p>\u201c<em>\u00c8 importante<\/em> &#8211; spiega Giani &#8211; <em>precisare le cause che hanno determinato le lesioni e pi\u00f9 in generale definire lo stato di consistenza del manufatto in generale e delle due gallerie in particolare. Come Regione ci impegneremo ad investire in questo. La Botte del Canale emissario del Bientina \u00e8 forse uno degli interventi pi\u00f9 significati per il territorio realizzati dal governo leopoldino, <strong>un\u2019opera che allora era unica in Europa<\/strong>. <mark>A noi il compito di metterla in sicurezza e valorizzare anche dal punto di vista storico e turistico quest\u2019opera di alto livello ingegneristico e idraulico<\/em>\u201d.<\/mark><\/p>\n<figure id=\"post-190846 media-190846\" class=\"align-center\"><img decoding=\"async\" src=\"https:\/\/www.intoscana.it\/wp-content\/uploads\/botte-vicopisano-5.jpg\" alt=\"\" \/><\/figure>\n<div class=\"titleimg\">Sopralluogo del Presidente Giani alla Botte di San Giovanni alla Verna<\/div>\n<h3>Progetti e sogni per il futuro<\/h3>\n<p>La Botte \u00e8 ora oggetto di una <strong>profonda indagine geognostica<\/strong>, per un investimento complessivo di 150mila euro, da parte dei tecnici della Regione Toscana per capire quali interventi sono necessari per risanare le lesioni e di che entit\u00e0 sono per l\u2019opera. Intanto per\u00f2, l\u2019amministrazione comunale che ha insistito tanto negli ultimi due anni per effettuare questi controlli, lavora gi\u00e0 alle iniziative future una volta che l\u2019opera sar\u00e0 in sicurezza: \u201c<em>Il nostro ennesimo sogno, i sogni si stanno realizzando e tanti per il nostro Comune<\/em> \u2013 ha dichiarato il <strong>sindaco di Vicopisano, Matteo Ferrucci<\/strong> &#8211; <em>\u00e8 quello di <strong>rendere il canale navigabile<\/strong> con la collaborazione di una associazione che gestisca i barchini. Si potr\u00e0 cos\u00ec passare sotto le canne e la Botte e magari con la navigabilit\u00e0 anche dell\u2019emissario possiamo pensare di arrivare fino al borgo medievale<\/em>\u201d.<\/p>\n","protected":false},"excerpt":{"rendered":"<p>In attesa di conoscere lo stato di salute de La Botte a Vicopisano, il presidente Giani conferma che la Regione Toscana finanzier\u00f2 la fase progettuale e la messa in sicurezza di quest&#8217;opera idraulica<\/p>\n","protected":false},"author":507,"featured_media":190847,"comment_status":"open","ping_status":"open","sticky":false,"template":"","format":"standard","meta":{"_acf_changed":false,"footnotes":""},"categories":[19],"tags":[6197,158,5232,4721],"class_list":["post-190817","post","type-post","status-publish","format-standard","has-post-thumbnail","hentry","category-ambiente","tag-dissesto-idrogeologico","tag-eugenio-giani","tag-monia-monni","tag-vicopisano"],"acf":[],"yoast_head":"<!-- This site is optimized with the Yoast SEO Premium plugin v24.2 (Yoast SEO v25.6) - https:\/\/yoast.com\/wordpress\/plugins\/seo\/ -->\n<title>Vicopisano, la Regione Toscana pronta a finanziare la messa in sicurezza della Botte - intoscana<\/title>\n<meta name=\"robots\" content=\"index, follow, max-snippet:-1, max-image-preview:large, max-video-preview:-1\" \/>\n<link rel=\"canonical\" href=\"https:\/\/www.intoscana.it\/it\/vicopisano-la-regione-toscana-pronta-a-finanziare-la-messa-in-sicurezza-della-botte\/\" \/>\n<meta property=\"og:locale\" content=\"it_IT\" \/>\n<meta property=\"og:type\" content=\"article\" \/>\n<meta property=\"og:title\" content=\"Vicopisano, la Regione Toscana pronta a finanziare la messa in sicurezza della Botte\" \/>\n<meta property=\"og:description\" content=\"In attesa di conoscere lo stato di salute de La Botte a Vicopisano, il presidente Giani conferma che la Regione Toscana finanzier\u00f2 la fase progettuale e la messa in sicurezza di quest&#039;opera idraulica\" \/>\n<meta property=\"og:url\" content=\"https:\/\/www.intoscana.it\/it\/vicopisano-la-regione-toscana-pronta-a-finanziare-la-messa-in-sicurezza-della-botte\/\" \/>\n<meta property=\"og:site_name\" content=\"intoscana\" \/>\n<meta property=\"article:publisher\" content=\"https:\/\/www.facebook.com\/intoscana.it\" \/>\n<meta property=\"article:published_time\" content=\"2021-09-22T14:08:40+00:00\" \/>\n<meta property=\"og:image\" content=\"https:\/\/www.intoscana.it\/wp-content\/uploads\/botte-vicopisano-6.jpg\" \/>\n\t<meta property=\"og:image:width\" content=\"1623\" \/>\n\t<meta property=\"og:image:height\" content=\"1080\" \/>\n\t<meta property=\"og:image:type\" content=\"image\/jpeg\" \/>\n<meta name=\"author\" content=\"Chiara Bianchini\" \/>\n<meta name=\"twitter:card\" content=\"summary_large_image\" \/>\n<meta name=\"twitter:creator\" content=\"@intoscana\" \/>\n<meta name=\"twitter:site\" content=\"@intoscana\" \/>\n<meta name=\"twitter:label1\" content=\"Written by\" \/>\n\t<meta name=\"twitter:data1\" content=\"Chiara Bianchini\" \/>\n\t<meta name=\"twitter:label2\" content=\"Est. reading time\" \/>\n\t<meta name=\"twitter:data2\" content=\"3 minuti\" \/>\n<script type=\"application\/ld+json\" class=\"yoast-schema-graph\">{\"@context\":\"https:\/\/schema.org\",\"@graph\":[{\"@type\":\"WebPage\",\"@id\":\"https:\/\/www.intoscana.it\/it\/vicopisano-la-regione-toscana-pronta-a-finanziare-la-messa-in-sicurezza-della-botte\/\",\"url\":\"https:\/\/www.intoscana.it\/it\/vicopisano-la-regione-toscana-pronta-a-finanziare-la-messa-in-sicurezza-della-botte\/\",\"name\":\"Vicopisano, la Regione Toscana pronta a finanziare la messa in sicurezza della Botte - intoscana\",\"isPartOf\":{\"@id\":\"https:\/\/www.intoscana.it\/it\/#website\"},\"primaryImageOfPage\":{\"@id\":\"https:\/\/www.intoscana.it\/it\/vicopisano-la-regione-toscana-pronta-a-finanziare-la-messa-in-sicurezza-della-botte\/#primaryimage\"},\"image\":{\"@id\":\"https:\/\/www.intoscana.it\/it\/vicopisano-la-regione-toscana-pronta-a-finanziare-la-messa-in-sicurezza-della-botte\/#primaryimage\"},\"thumbnailUrl\":\"https:\/\/www.intoscana.it\/wp-content\/uploads\/botte-vicopisano-6.jpg\",\"datePublished\":\"2021-09-22T14:08:40+00:00\",\"author\":{\"@id\":\"https:\/\/www.intoscana.it\/it\/#\/schema\/person\/010af92117f50561886339ad5b873a41\"},\"breadcrumb\":{\"@id\":\"https:\/\/www.intoscana.it\/it\/vicopisano-la-regione-toscana-pronta-a-finanziare-la-messa-in-sicurezza-della-botte\/#breadcrumb\"},\"inLanguage\":\"it-IT\",\"potentialAction\":[{\"@type\":\"ReadAction\",\"target\":[\"https:\/\/www.intoscana.it\/it\/vicopisano-la-regione-toscana-pronta-a-finanziare-la-messa-in-sicurezza-della-botte\/\"]}]},{\"@type\":\"ImageObject\",\"inLanguage\":\"it-IT\",\"@id\":\"https:\/\/www.intoscana.it\/it\/vicopisano-la-regione-toscana-pronta-a-finanziare-la-messa-in-sicurezza-della-botte\/#primaryimage\",\"url\":\"https:\/\/www.intoscana.it\/wp-content\/uploads\/botte-vicopisano-6.jpg\",\"contentUrl\":\"https:\/\/www.intoscana.it\/wp-content\/uploads\/botte-vicopisano-6.jpg\",\"width\":1623,\"height\":1080,\"caption\":\"Sopralluogo del Presidente Giani alla Botte di San Giovanni alla Verna\"},{\"@type\":\"BreadcrumbList\",\"@id\":\"https:\/\/www.intoscana.it\/it\/vicopisano-la-regione-toscana-pronta-a-finanziare-la-messa-in-sicurezza-della-botte\/#breadcrumb\",\"itemListElement\":[{\"@type\":\"ListItem\",\"position\":1,\"name\":\"Home\",\"item\":\"https:\/\/www.intoscana.it\/it\/\"},{\"@type\":\"ListItem\",\"position\":2,\"name\":\"Vicopisano, la Regione Toscana pronta a finanziare la messa in sicurezza della Botte\"}]},{\"@type\":\"WebSite\",\"@id\":\"https:\/\/www.intoscana.it\/it\/#website\",\"url\":\"https:\/\/www.intoscana.it\/it\/\",\"name\":\"intoscana\",\"description\":\"\",\"potentialAction\":[{\"@type\":\"SearchAction\",\"target\":{\"@type\":\"EntryPoint\",\"urlTemplate\":\"https:\/\/www.intoscana.it\/it\/?s={search_term_string}\"},\"query-input\":{\"@type\":\"PropertyValueSpecification\",\"valueRequired\":true,\"valueName\":\"search_term_string\"}}],\"inLanguage\":\"it-IT\"},{\"@type\":\"Person\",\"@id\":\"https:\/\/www.intoscana.it\/it\/#\/schema\/person\/010af92117f50561886339ad5b873a41\",\"name\":\"Chiara Bianchini\",\"sameAs\":[\"c.bianchini@fst.it\"],\"url\":\"https:\/\/www.intoscana.it\/it\/author\/chiara-bianchini\/\"}]}<\/script>\n<!-- \/ Yoast SEO Premium plugin. -->","yoast_head_json":{"title":"Vicopisano, la Regione Toscana pronta a finanziare la messa in sicurezza della Botte - intoscana","robots":{"index":"index","follow":"follow","max-snippet":"max-snippet:-1","max-image-preview":"max-image-preview:large","max-video-preview":"max-video-preview:-1"},"canonical":"https:\/\/www.intoscana.it\/it\/vicopisano-la-regione-toscana-pronta-a-finanziare-la-messa-in-sicurezza-della-botte\/","og_locale":"it_IT","og_type":"article","og_title":"Vicopisano, la Regione Toscana pronta a finanziare la messa in sicurezza della Botte","og_description":"In attesa di conoscere lo stato di salute de La Botte a Vicopisano, il presidente Giani conferma che la Regione Toscana finanzier\u00f2 la fase progettuale e la messa in sicurezza di quest'opera idraulica","og_url":"https:\/\/www.intoscana.it\/it\/vicopisano-la-regione-toscana-pronta-a-finanziare-la-messa-in-sicurezza-della-botte\/","og_site_name":"intoscana","article_publisher":"https:\/\/www.facebook.com\/intoscana.it","article_published_time":"2021-09-22T14:08:40+00:00","og_image":[{"width":1623,"height":1080,"url":"https:\/\/www.intoscana.it\/wp-content\/uploads\/botte-vicopisano-6.jpg","type":"image\/jpeg"}],"author":"Chiara Bianchini","twitter_card":"summary_large_image","twitter_creator":"@intoscana","twitter_site":"@intoscana","twitter_misc":{"Written by":"Chiara Bianchini","Est. reading time":"3 minuti"},"schema":{"@context":"https:\/\/schema.org","@graph":[{"@type":"WebPage","@id":"https:\/\/www.intoscana.it\/it\/vicopisano-la-regione-toscana-pronta-a-finanziare-la-messa-in-sicurezza-della-botte\/","url":"https:\/\/www.intoscana.it\/it\/vicopisano-la-regione-toscana-pronta-a-finanziare-la-messa-in-sicurezza-della-botte\/","name":"Vicopisano, la Regione Toscana pronta a finanziare la messa in sicurezza della Botte - intoscana","isPartOf":{"@id":"https:\/\/www.intoscana.it\/it\/#website"},"primaryImageOfPage":{"@id":"https:\/\/www.intoscana.it\/it\/vicopisano-la-regione-toscana-pronta-a-finanziare-la-messa-in-sicurezza-della-botte\/#primaryimage"},"image":{"@id":"https:\/\/www.intoscana.it\/it\/vicopisano-la-regione-toscana-pronta-a-finanziare-la-messa-in-sicurezza-della-botte\/#primaryimage"},"thumbnailUrl":"https:\/\/www.intoscana.it\/wp-content\/uploads\/botte-vicopisano-6.jpg","datePublished":"2021-09-22T14:08:40+00:00","author":{"@id":"https:\/\/www.intoscana.it\/it\/#\/schema\/person\/010af92117f50561886339ad5b873a41"},"breadcrumb":{"@id":"https:\/\/www.intoscana.it\/it\/vicopisano-la-regione-toscana-pronta-a-finanziare-la-messa-in-sicurezza-della-botte\/#breadcrumb"},"inLanguage":"it-IT","potentialAction":[{"@type":"ReadAction","target":["https:\/\/www.intoscana.it\/it\/vicopisano-la-regione-toscana-pronta-a-finanziare-la-messa-in-sicurezza-della-botte\/"]}]},{"@type":"ImageObject","inLanguage":"it-IT","@id":"https:\/\/www.intoscana.it\/it\/vicopisano-la-regione-toscana-pronta-a-finanziare-la-messa-in-sicurezza-della-botte\/#primaryimage","url":"https:\/\/www.intoscana.it\/wp-content\/uploads\/botte-vicopisano-6.jpg","contentUrl":"https:\/\/www.intoscana.it\/wp-content\/uploads\/botte-vicopisano-6.jpg","width":1623,"height":1080,"caption":"Sopralluogo del Presidente Giani alla Botte di San Giovanni alla Verna"},{"@type":"BreadcrumbList","@id":"https:\/\/www.intoscana.it\/it\/vicopisano-la-regione-toscana-pronta-a-finanziare-la-messa-in-sicurezza-della-botte\/#breadcrumb","itemListElement":[{"@type":"ListItem","position":1,"name":"Home","item":"https:\/\/www.intoscana.it\/it\/"},{"@type":"ListItem","position":2,"name":"Vicopisano, la Regione Toscana pronta a finanziare la messa in sicurezza della Botte"}]},{"@type":"WebSite","@id":"https:\/\/www.intoscana.it\/it\/#website","url":"https:\/\/www.intoscana.it\/it\/","name":"intoscana","description":"","potentialAction":[{"@type":"SearchAction","target":{"@type":"EntryPoint","urlTemplate":"https:\/\/www.intoscana.it\/it\/?s={search_term_string}"},"query-input":{"@type":"PropertyValueSpecification","valueRequired":true,"valueName":"search_term_string"}}],"inLanguage":"it-IT"},{"@type":"Person","@id":"https:\/\/www.intoscana.it\/it\/#\/schema\/person\/010af92117f50561886339ad5b873a41","name":"Chiara Bianchini","sameAs":["c.bianchini@fst.it"],"url":"https:\/\/www.intoscana.it\/it\/author\/chiara-bianchini\/"}]}},"_links":{"self":[{"href":"https:\/\/www.intoscana.it\/it\/wp-json\/wp\/v2\/posts\/190817","targetHints":{"allow":["GET"]}}],"collection":[{"href":"https:\/\/www.intoscana.it\/it\/wp-json\/wp\/v2\/posts"}],"about":[{"href":"https:\/\/www.intoscana.it\/it\/wp-json\/wp\/v2\/types\/post"}],"author":[{"embeddable":true,"href":"https:\/\/www.intoscana.it\/it\/wp-json\/wp\/v2\/users\/507"}],"replies":[{"embeddable":true,"href":"https:\/\/www.intoscana.it\/it\/wp-json\/wp\/v2\/comments?post=190817"}],"version-history":[{"count":0,"href":"https:\/\/www.intoscana.it\/it\/wp-json\/wp\/v2\/posts\/190817\/revisions"}],"wp:featuredmedia":[{"embeddable":true,"href":"https:\/\/www.intoscana.it\/it\/wp-json\/wp\/v2\/media\/190847"}],"wp:attachment":[{"href":"https:\/\/www.intoscana.it\/it\/wp-json\/wp\/v2\/media?parent=190817"}],"wp:term":[{"taxonomy":"category","embeddable":true,"href":"https:\/\/www.intoscana.it\/it\/wp-json\/wp\/v2\/categories?post=190817"},{"taxonomy":"post_tag","embeddable":true,"href":"https:\/\/www.intoscana.it\/it\/wp-json\/wp\/v2\/tags?post=190817"}],"curies":[{"name":"wp","href":"https:\/\/api.w.org\/{rel}","templated":true}]}}