{"id":191250,"date":"2021-09-24T12:10:14","date_gmt":"2021-09-24T10:10:14","guid":{"rendered":"https:\/\/www.intoscana.it\/it\/?p=191250"},"modified":"2021-09-24T12:10:36","modified_gmt":"2021-09-24T10:10:36","slug":"covid-decessi-e-ricoveri-ancora-in-calo-i-nuovi-casi-sono-334","status":"publish","type":"post","link":"https:\/\/www.intoscana.it\/it\/covid-decessi-e-ricoveri-ancora-in-calo-i-nuovi-casi-sono-334\/","title":{"rendered":"Covid, decessi e ricoveri ancora in calo. I nuovi casi sono 334"},"content":{"rendered":"<p>In Toscana sono 280.734 i casi di positivit\u00e0 al Coronavirus, <strong>334 in pi\u00f9 rispetto a ieri: <\/strong>329 confermati con tampone molecolare e 5 da test rapido antigenico. <strong>I nuovi casi sono lo 0,1% in pi\u00f9 rispetto al totale del giorno precedente.<\/strong> Oggi sono stati eseguiti 7.945 tamponi molecolari e 8.809 tamponi antigenici rapidi, <strong>di questi il 2% \u00e8 risultato positivo<\/strong>. Sono invece 6.089 i soggetti testati oggi (con tampone antigenico e\/o molecolare, escludendo i tamponi di controllo), di cui il 5,5% \u00e8 risultato positivo. Gli attualmente positivi sono oggi 7.720, -0,8% rispetto a ieri.<\/p>\n<p><strong>L&#8217;et\u00e0 media dei 334 nuovi positivi odierni \u00e8 di 42 anni circa<\/strong> (21% ha meno di 20 anni, 23% tra 20 e 39 anni, 32% tra 40 e 59 anni, 15% tra 60 e 79 anni, 9% ha 80 anni o pi\u00f9).<\/p>\n<h3>La distribuzione territoriale<\/h3>\n<p>Sono 77.840 i casi complessivi ad oggi a Firenze (128 in pi\u00f9 rispetto a ieri), 25.997 a Prato (29 in pi\u00f9), 26.475 a Pistoia (46 in pi\u00f9), 14.716 a Massa, 28.699 a Lucca (28 in pi\u00f9), 33.045 a Pisa (28 in pi\u00f9), 20.852 a Livorno (13 in pi\u00f9), 25.561 ad Arezzo (21 in pi\u00f9), 16.013 a Siena (27 in pi\u00f9), 10.981 a Grosseto (14 in pi\u00f9). Sono 555 i casi positivi notificati in Toscana, ma residenti in altre regioni.<\/p>\n<p>Sono 203 i casi riscontrati oggi nell&#8217;Asl Centro, 69 nella Nord Ovest, 62 nella Sud est.<\/p>\n<p><strong>La Toscana si trova al 10\u00b0 posto in Italia come numerosit\u00e0 di casi<\/strong> (comprensivi di residenti e non residenti), con circa 7.653 casi per 100.000 abitanti (media italiana circa 7.847 x100.000, dato di ieri). <strong>Le province di notifica con il tasso pi\u00f9 alto sono Prato con 10.153 casi x100.000 abitanti, Pistoia con 9.104, Pisa con 7.935, la pi\u00f9 bassa Grosseto con 5.025.<\/strong><\/p>\n<h3>Isolamento, sorveglianza attiva e ricoveri<\/h3>\n<p>Complessivamente, <strong>7.372 persone sono in isolamento a casa<\/strong>, poich\u00e9 presentano sintomi lievi che non richiedono cure ospedaliere, o risultano prive di sintomi (53 in meno rispetto a ieri, meno 0,7%).<br \/>\nSono 15.318 (648 in pi\u00f9 rispetto a ieri, pi\u00f9 4,4%) le persone, anch&#8217;esse isolate, in sorveglianza attiva perch\u00e9 hanno avuto contatti con persone contagiate (ASL Centro 6.911, Nord Ovest 5.743, Sud Est 2.664).<br \/>\n<strong>Le persone ricoverate nei posti letto dedicati ai pazienti COVID oggi sono complessivamente 348: 9 in meno rispetto a ieri, meno 2,5% e 49 in terapia intensiva, 2 in meno rispetto a ieri, meno 3,9%.<\/strong><\/p>\n<h3>Guarigioni e decessi<\/h3>\n<p><strong>Le persone complessivamente guarite sono 265.886 (394 in pi\u00f9 rispetto a ieri, pi\u00f9 0,1%):<\/strong> 0 persone clinicamente guarite (stabili rispetto a ieri), divenute cio\u00e8 asintomatiche dopo aver presentato manifestazioni cliniche associate all&#8217;infezione e 265.886 (394 in pi\u00f9 rispetto a ieri, pi\u00f9 0,1%) dichiarate guarite a tutti gli effetti, le cosiddette guarigioni virali, con tampone negativo.<\/p>\n<p><strong>Oggi si registrano 2 nuovi decessi: un uomo e una donna con un&#8217;et\u00e0 media di 82,5 anni.\u00a0<\/strong>Relativamente alla provincia di residenza, le persone decedute sono: 1 a Arezzo, 1 a Siena.<\/p>\n<p>Sono 7.128 i deceduti dall&#8217;inizio dell&#8217;epidemia cosi ripartiti: 2.296 a Firenze, 629 a Prato, 654 a Pistoia, 532 a Massa Carrara, 685 a Lucca, 718 a Pisa, 424 a Livorno, 543 ad Arezzo, 350 a Siena, 205 a Grosseto, 92 persone sono decedute sul suolo toscano ma erano residenti fuori regione.<\/p>\n<p>Il tasso grezzo di mortalit\u00e0 toscano (numero di deceduti\/popolazione residente) per Covid-19 \u00e8 di 194,3 x100.000 residenti contro il 220,3 x100.000 della media italiana (12\u00b0 regione). Per quanto riguarda le province, il tasso di mortalit\u00e0 pi\u00f9 alto si riscontra a Massa Carrara (280,2 x100.000), Prato (245,7 x100.000) e Firenze (232,9 x100.000), il pi\u00f9 basso a Grosseto (93,8 x100.000).<\/p>\n","protected":false},"excerpt":{"rendered":"<p>Oggi sono 9 in meno rispetto a ieri le persone ricoverate nei reparti ordinari Covid degli ospedali regionali. In terapia intensiva attualmente si trovano ricoverati 49 pazienti, 2 in meno rispetto a ieri<\/p>\n","protected":false},"author":525,"featured_media":143232,"comment_status":"open","ping_status":"open","sticky":false,"template":"","format":"standard","meta":{"_acf_changed":false,"footnotes":""},"categories":[494],"tags":[4868,4809,4857],"class_list":["post-191250","post","type-post","status-publish","format-standard","has-post-thumbnail","hentry","category-attualita","tag-bollettino-covid-toscana","tag-covid","tag-ospedali"],"acf":[],"yoast_head":"<!-- This site is optimized with the Yoast SEO Premium plugin v24.2 (Yoast SEO v25.6) - https:\/\/yoast.com\/wordpress\/plugins\/seo\/ -->\n<title>Covid, decessi e ricoveri ancora in calo. I nuovi casi sono 334 - intoscana<\/title>\n<meta name=\"description\" content=\"Negli ospedali regionali sono attualmente ricoverate in terapia intensiva 49 pazienti, 2 in meno rispetto a ieri\" \/>\n<meta name=\"robots\" content=\"index, follow, max-snippet:-1, max-image-preview:large, max-video-preview:-1\" \/>\n<link rel=\"canonical\" href=\"https:\/\/www.intoscana.it\/it\/covid-decessi-e-ricoveri-ancora-in-calo-i-nuovi-casi-sono-334\/\" \/>\n<meta property=\"og:locale\" content=\"it_IT\" \/>\n<meta property=\"og:type\" content=\"article\" \/>\n<meta property=\"og:title\" content=\"Covid, decessi e ricoveri ancora in calo. I nuovi casi sono 334\" \/>\n<meta property=\"og:description\" content=\"Negli ospedali regionali sono attualmente ricoverate in terapia intensiva 49 pazienti, 2 in meno rispetto a ieri\" \/>\n<meta property=\"og:url\" content=\"https:\/\/www.intoscana.it\/it\/covid-decessi-e-ricoveri-ancora-in-calo-i-nuovi-casi-sono-334\/\" \/>\n<meta property=\"og:site_name\" content=\"intoscana\" \/>\n<meta property=\"article:publisher\" content=\"https:\/\/www.facebook.com\/intoscana.it\" \/>\n<meta property=\"article:published_time\" content=\"2021-09-24T10:10:14+00:00\" \/>\n<meta property=\"article:modified_time\" content=\"2021-09-24T10:10:36+00:00\" \/>\n<meta property=\"og:image\" content=\"https:\/\/www.intoscana.it\/wp-content\/uploads\/donna-corona-virus-.jpg\" \/>\n\t<meta property=\"og:image:width\" content=\"1000\" \/>\n\t<meta property=\"og:image:height\" content=\"667\" \/>\n\t<meta property=\"og:image:type\" content=\"image\/jpeg\" \/>\n<meta name=\"author\" content=\"Redazione\" \/>\n<meta name=\"twitter:card\" content=\"summary_large_image\" \/>\n<meta name=\"twitter:creator\" content=\"@intoscana\" \/>\n<meta name=\"twitter:site\" content=\"@intoscana\" \/>\n<meta name=\"twitter:label1\" content=\"Written by\" \/>\n\t<meta name=\"twitter:data1\" content=\"Redazione\" \/>\n\t<meta name=\"twitter:label2\" content=\"Est. reading time\" \/>\n\t<meta name=\"twitter:data2\" content=\"2 minuti\" \/>\n<script type=\"application\/ld+json\" class=\"yoast-schema-graph\">{\"@context\":\"https:\/\/schema.org\",\"@graph\":[{\"@type\":\"WebPage\",\"@id\":\"https:\/\/www.intoscana.it\/it\/covid-decessi-e-ricoveri-ancora-in-calo-i-nuovi-casi-sono-334\/\",\"url\":\"https:\/\/www.intoscana.it\/it\/covid-decessi-e-ricoveri-ancora-in-calo-i-nuovi-casi-sono-334\/\",\"name\":\"Covid, decessi e ricoveri ancora in calo. I nuovi casi sono 334 - intoscana\",\"isPartOf\":{\"@id\":\"https:\/\/www.intoscana.it\/it\/#website\"},\"primaryImageOfPage\":{\"@id\":\"https:\/\/www.intoscana.it\/it\/covid-decessi-e-ricoveri-ancora-in-calo-i-nuovi-casi-sono-334\/#primaryimage\"},\"image\":{\"@id\":\"https:\/\/www.intoscana.it\/it\/covid-decessi-e-ricoveri-ancora-in-calo-i-nuovi-casi-sono-334\/#primaryimage\"},\"thumbnailUrl\":\"https:\/\/www.intoscana.it\/wp-content\/uploads\/donna-corona-virus-.jpg\",\"datePublished\":\"2021-09-24T10:10:14+00:00\",\"dateModified\":\"2021-09-24T10:10:36+00:00\",\"author\":{\"@id\":\"https:\/\/www.intoscana.it\/it\/#\/schema\/person\/9223810753230f20bd670fdd322661f8\"},\"description\":\"Negli ospedali regionali sono attualmente ricoverate in terapia intensiva 49 pazienti, 2 in meno rispetto a ieri\",\"breadcrumb\":{\"@id\":\"https:\/\/www.intoscana.it\/it\/covid-decessi-e-ricoveri-ancora-in-calo-i-nuovi-casi-sono-334\/#breadcrumb\"},\"inLanguage\":\"it-IT\",\"potentialAction\":[{\"@type\":\"ReadAction\",\"target\":[\"https:\/\/www.intoscana.it\/it\/covid-decessi-e-ricoveri-ancora-in-calo-i-nuovi-casi-sono-334\/\"]}]},{\"@type\":\"ImageObject\",\"inLanguage\":\"it-IT\",\"@id\":\"https:\/\/www.intoscana.it\/it\/covid-decessi-e-ricoveri-ancora-in-calo-i-nuovi-casi-sono-334\/#primaryimage\",\"url\":\"https:\/\/www.intoscana.it\/wp-content\/uploads\/donna-corona-virus-.jpg\",\"contentUrl\":\"https:\/\/www.intoscana.it\/wp-content\/uploads\/donna-corona-virus-.jpg\",\"width\":1000,\"height\":667},{\"@type\":\"BreadcrumbList\",\"@id\":\"https:\/\/www.intoscana.it\/it\/covid-decessi-e-ricoveri-ancora-in-calo-i-nuovi-casi-sono-334\/#breadcrumb\",\"itemListElement\":[{\"@type\":\"ListItem\",\"position\":1,\"name\":\"Home\",\"item\":\"https:\/\/www.intoscana.it\/it\/\"},{\"@type\":\"ListItem\",\"position\":2,\"name\":\"Covid, decessi e ricoveri ancora in calo. I nuovi casi sono 334\"}]},{\"@type\":\"WebSite\",\"@id\":\"https:\/\/www.intoscana.it\/it\/#website\",\"url\":\"https:\/\/www.intoscana.it\/it\/\",\"name\":\"intoscana\",\"description\":\"\",\"potentialAction\":[{\"@type\":\"SearchAction\",\"target\":{\"@type\":\"EntryPoint\",\"urlTemplate\":\"https:\/\/www.intoscana.it\/it\/?s={search_term_string}\"},\"query-input\":{\"@type\":\"PropertyValueSpecification\",\"valueRequired\":true,\"valueName\":\"search_term_string\"}}],\"inLanguage\":\"it-IT\"},{\"@type\":\"Person\",\"@id\":\"https:\/\/www.intoscana.it\/it\/#\/schema\/person\/9223810753230f20bd670fdd322661f8\",\"name\":\"Redazione\",\"url\":\"https:\/\/www.intoscana.it\/it\/author\/redazione\/\"}]}<\/script>\n<!-- \/ Yoast SEO Premium plugin. -->","yoast_head_json":{"title":"Covid, decessi e ricoveri ancora in calo. I nuovi casi sono 334 - intoscana","description":"Negli ospedali regionali sono attualmente ricoverate in terapia intensiva 49 pazienti, 2 in meno rispetto a ieri","robots":{"index":"index","follow":"follow","max-snippet":"max-snippet:-1","max-image-preview":"max-image-preview:large","max-video-preview":"max-video-preview:-1"},"canonical":"https:\/\/www.intoscana.it\/it\/covid-decessi-e-ricoveri-ancora-in-calo-i-nuovi-casi-sono-334\/","og_locale":"it_IT","og_type":"article","og_title":"Covid, decessi e ricoveri ancora in calo. I nuovi casi sono 334","og_description":"Negli ospedali regionali sono attualmente ricoverate in terapia intensiva 49 pazienti, 2 in meno rispetto a ieri","og_url":"https:\/\/www.intoscana.it\/it\/covid-decessi-e-ricoveri-ancora-in-calo-i-nuovi-casi-sono-334\/","og_site_name":"intoscana","article_publisher":"https:\/\/www.facebook.com\/intoscana.it","article_published_time":"2021-09-24T10:10:14+00:00","article_modified_time":"2021-09-24T10:10:36+00:00","og_image":[{"width":1000,"height":667,"url":"https:\/\/www.intoscana.it\/wp-content\/uploads\/donna-corona-virus-.jpg","type":"image\/jpeg"}],"author":"Redazione","twitter_card":"summary_large_image","twitter_creator":"@intoscana","twitter_site":"@intoscana","twitter_misc":{"Written by":"Redazione","Est. reading time":"2 minuti"},"schema":{"@context":"https:\/\/schema.org","@graph":[{"@type":"WebPage","@id":"https:\/\/www.intoscana.it\/it\/covid-decessi-e-ricoveri-ancora-in-calo-i-nuovi-casi-sono-334\/","url":"https:\/\/www.intoscana.it\/it\/covid-decessi-e-ricoveri-ancora-in-calo-i-nuovi-casi-sono-334\/","name":"Covid, decessi e ricoveri ancora in calo. I nuovi casi sono 334 - intoscana","isPartOf":{"@id":"https:\/\/www.intoscana.it\/it\/#website"},"primaryImageOfPage":{"@id":"https:\/\/www.intoscana.it\/it\/covid-decessi-e-ricoveri-ancora-in-calo-i-nuovi-casi-sono-334\/#primaryimage"},"image":{"@id":"https:\/\/www.intoscana.it\/it\/covid-decessi-e-ricoveri-ancora-in-calo-i-nuovi-casi-sono-334\/#primaryimage"},"thumbnailUrl":"https:\/\/www.intoscana.it\/wp-content\/uploads\/donna-corona-virus-.jpg","datePublished":"2021-09-24T10:10:14+00:00","dateModified":"2021-09-24T10:10:36+00:00","author":{"@id":"https:\/\/www.intoscana.it\/it\/#\/schema\/person\/9223810753230f20bd670fdd322661f8"},"description":"Negli ospedali regionali sono attualmente ricoverate in terapia intensiva 49 pazienti, 2 in meno rispetto a ieri","breadcrumb":{"@id":"https:\/\/www.intoscana.it\/it\/covid-decessi-e-ricoveri-ancora-in-calo-i-nuovi-casi-sono-334\/#breadcrumb"},"inLanguage":"it-IT","potentialAction":[{"@type":"ReadAction","target":["https:\/\/www.intoscana.it\/it\/covid-decessi-e-ricoveri-ancora-in-calo-i-nuovi-casi-sono-334\/"]}]},{"@type":"ImageObject","inLanguage":"it-IT","@id":"https:\/\/www.intoscana.it\/it\/covid-decessi-e-ricoveri-ancora-in-calo-i-nuovi-casi-sono-334\/#primaryimage","url":"https:\/\/www.intoscana.it\/wp-content\/uploads\/donna-corona-virus-.jpg","contentUrl":"https:\/\/www.intoscana.it\/wp-content\/uploads\/donna-corona-virus-.jpg","width":1000,"height":667},{"@type":"BreadcrumbList","@id":"https:\/\/www.intoscana.it\/it\/covid-decessi-e-ricoveri-ancora-in-calo-i-nuovi-casi-sono-334\/#breadcrumb","itemListElement":[{"@type":"ListItem","position":1,"name":"Home","item":"https:\/\/www.intoscana.it\/it\/"},{"@type":"ListItem","position":2,"name":"Covid, decessi e ricoveri ancora in calo. I nuovi casi sono 334"}]},{"@type":"WebSite","@id":"https:\/\/www.intoscana.it\/it\/#website","url":"https:\/\/www.intoscana.it\/it\/","name":"intoscana","description":"","potentialAction":[{"@type":"SearchAction","target":{"@type":"EntryPoint","urlTemplate":"https:\/\/www.intoscana.it\/it\/?s={search_term_string}"},"query-input":{"@type":"PropertyValueSpecification","valueRequired":true,"valueName":"search_term_string"}}],"inLanguage":"it-IT"},{"@type":"Person","@id":"https:\/\/www.intoscana.it\/it\/#\/schema\/person\/9223810753230f20bd670fdd322661f8","name":"Redazione","url":"https:\/\/www.intoscana.it\/it\/author\/redazione\/"}]}},"_links":{"self":[{"href":"https:\/\/www.intoscana.it\/it\/wp-json\/wp\/v2\/posts\/191250","targetHints":{"allow":["GET"]}}],"collection":[{"href":"https:\/\/www.intoscana.it\/it\/wp-json\/wp\/v2\/posts"}],"about":[{"href":"https:\/\/www.intoscana.it\/it\/wp-json\/wp\/v2\/types\/post"}],"author":[{"embeddable":true,"href":"https:\/\/www.intoscana.it\/it\/wp-json\/wp\/v2\/users\/525"}],"replies":[{"embeddable":true,"href":"https:\/\/www.intoscana.it\/it\/wp-json\/wp\/v2\/comments?post=191250"}],"version-history":[{"count":0,"href":"https:\/\/www.intoscana.it\/it\/wp-json\/wp\/v2\/posts\/191250\/revisions"}],"wp:featuredmedia":[{"embeddable":true,"href":"https:\/\/www.intoscana.it\/it\/wp-json\/wp\/v2\/media\/143232"}],"wp:attachment":[{"href":"https:\/\/www.intoscana.it\/it\/wp-json\/wp\/v2\/media?parent=191250"}],"wp:term":[{"taxonomy":"category","embeddable":true,"href":"https:\/\/www.intoscana.it\/it\/wp-json\/wp\/v2\/categories?post=191250"},{"taxonomy":"post_tag","embeddable":true,"href":"https:\/\/www.intoscana.it\/it\/wp-json\/wp\/v2\/tags?post=191250"}],"curies":[{"name":"wp","href":"https:\/\/api.w.org\/{rel}","templated":true}]}}