{"id":191575,"date":"2021-09-27T16:02:10","date_gmt":"2021-09-27T14:02:10","guid":{"rendered":"https:\/\/www.intoscana.it\/it\/?p=191575"},"modified":"2021-09-27T17:49:58","modified_gmt":"2021-09-27T15:49:58","slug":"assemblee-legislative-futuro-toscana-sindaci-chiedono-fiducia","status":"publish","type":"post","link":"https:\/\/www.intoscana.it\/it\/assemblee-legislative-futuro-toscana-sindaci-chiedono-fiducia\/","title":{"rendered":"Le assemblee legislative guardano al futuro (come la Toscana). E i sindaci chiedono &#8220;fiducia&#8221;"},"content":{"rendered":"<p><em><mark>&#8220;Il compito principale che spetta alle assemblee legislative, sia a livello nazionale che a livello regionale, \u00e8 quello di riempire di contenuti di giustizia sociale le regole formali della democrazia&#8221;<\/mark>.<\/em> A parlare \u00e8 il presidente del Consiglio regionale della Toscana, <strong>Antonio Mazzeo<\/strong>, intervenuto nel Salone dei Cinquecento, a Firenze, per il convegno dal tutolo &#8220;Il Parlamento italiano da Firenze a Roma. Il ruolo delle assemblee elettive nella societ\u00e0 che cambia&#8221;.<\/p>\n<h3>L&#8217;evento<\/h3>\n<p>Sull&#8217;Arengario di Palazzo Vecchio, insieme a Mazzero, c&#8217;erano il prefetto di Firenze <strong>Alessandra Guidi<\/strong>, il presidente della Regione Toscana <strong>Eugenio Giani<\/strong> e il sindaco <strong>Dario Nardella<\/strong>. <mark>L&#8217;evento \u00e8 stato promosso in occasione del 150esimo anniversario della fine delle celebrazioni di Firenze Capitale 1861-2021 e per i 75 anni dalla nascita della Repubblica Italiana<\/mark>. Tra gli altri interventi anche quello della presidente del Senato <strong>Maria Elisabetta Alberti Casellati<\/strong>, del presidente del Consiglio comunale <strong>Luca Milani<\/strong>, di <strong>Cosimo Ceccuti<\/strong> (presidente della Fondazione Spadolini Nuova Antologia), di <strong>Andrea Simoncini<\/strong> (ordinario di diritto costituzionale all&#8217;Ateneo di Firenze), di <strong>Matteo Biffoni<\/strong> (presidente di Anci Toscana) e di <strong>Francesca Brogi<\/strong> (coordinatrice regionale di Anci Giovani).<\/p>\n<h3>La qualit\u00e0 della democrazia<\/h3>\n<p><span class=\"citazione\">&#8220;Necessario ridurre la distanza tra societ\u00e0 e istituzioni&#8221;<\/span><\/p>\n<p><em>&#8220;<\/em><em><mark>Serve sempre pi\u00f9 che le assemblee legislative abbiano un ruolo centrale in un tempo in cui, se vogliamo aumentare la qualit\u00e0 della democrazia, abbiamo bisogno degli eletti, del loro lavoro, della loro capacit\u00e0 di ascolto<\/mark>. La politica deve cercare sempre di pi\u00f9 di essere all&#8217;altezza degli occhi delle persone: e chi pi\u00f9 che gli eletti pu\u00f2 avere questo ruolo? \u00c8 evidente <\/em>&#8211; spiega Mazzeo &#8211;<em> che nel tempo si \u00e8 creata anche una grande distanza tra gli esecutivi e i legislativi, e il nostro compito \u00e8 dare sempre pi\u00f9 forza al sistema legislativo, non solo nella programmazione, ma anche nella capacit\u00e0 di indirizzo e di controllo che \u00e8 il compito proprio delle assemblee legislative. E poi un po&#8217; di coraggio, perch\u00e9 le assemblee legislative devono essere il luogo che guarda al futuro: di qui la mia idea di costruire Toscana 2050, e di contribuire insieme alla Giunta alla costruzione di una Toscana che guarda con speranza al futuro&#8221;. <\/em>Per Mazzeo c&#8217;\u00e8 la necessit\u00e0 di<em> &#8220;ridurre la distanza della societ\u00e0 dalle istituzioni. Noi non abbiamo paura ad essere una casa di vetro e anzi dobbiamo voler far conoscere sempre pi\u00f9 e sempre meglio il tanto che accade al suo interno&#8221;.<\/em> Ed \u00e8 necessario riportare <em>&#8220;le istituzioni nelle scuole&#8221;<\/em>, ha concluso Mazzeo.<\/p>\n<h3>Il fulcro della politica<\/h3>\n<p><em>&#8220;L&#8217;unit\u00e0 della Repubblica, la sovranit\u00e0 popolare, la centralit\u00e0 del Parlamento devono tener conto anche dei nuovi linguaggi del dibattito pubblico, che si svolgono sempre pi\u00f9 insistentemente in quel mare magnum incontrollato che \u00e8 la Rete&#8221;<\/em> ha detto <strong>Maria Elisabetta Alberti Casellati<\/strong>. <em><mark>&#8220;Il Parlamento deve tornare a essere il fulcro della politica nazionale, sia sul fronte del dibattito pubblico e democratico, sia su quello della concreta attivit\u00e0 legislativa, di indirizzo e di controllo&#8221;<\/mark><\/em>. Per Casellati<em> &#8220;il problema dei problemi&#8221;<\/em> \u00e8 infatti <em>&#8220;il ritorno a una vera centralit\u00e0 del Parlamento. Al concerto di idee e opinioni diverse che diventa il perno della decisione pubblica, perch\u00e9 \u00e8 questo che ci chiede il principio di sovranit\u00e0 popolare&#8221;.<\/em><\/p>\n<h3>L&#8217;appello dei sindaci<\/h3>\n<p><em>&#8220;Dateci fiducia, fidatevi dei sindaci&#8221;.<\/em> Infine c&#8217;\u00e8 spazio anche per un accorato appello. \u00c8 quello che il presidente di Anci Toscana e sindaco di Prato, <strong>Matteo Biffoni<\/strong>, ha rivolto alla presidente del Senato. <em>&#8220;<mark>Abbiamo bisogno che i nostri tempi siano effettivi, soprattutto di fronte agli investimenti che arriveranno con il Pnrr<\/mark>. Perch\u00e9 se i tempi sono quelli prospettati, non riusciremo a realizzare tutto&#8221;<\/em>. Nell&#8217;arco di un mandato, secondo Biffoni, <em>&#8220;a stento riusciamo a progettare forse una scuola o una piazza. Un processo burocratico cos\u00ec &#8216;bizantino&#8217; non \u00e8 sinonimo di garanzia, in primis per i cittadini. Darci fiducia significa modificare un iter procedurale e burocratico che ingessa i nostri Comuni, che penalizza il lavoro dei sindaci, dalle grandi citt\u00e0 ai piccoli centri&#8221;.<\/em> La posizione di Biffoni, ha poi sottolineato a margine il sindaco di Firenze <strong>Dario Nardella<\/strong>, <em>&#8220;\u00e8 la posizione di tutti i sindaci italiani&#8221;<\/em>, perch\u00e9 <em>&#8220;<mark>occorre semplificare ancora di pi\u00f9 e metterci in condizione di realizzare le opere, altrimenti o rischiamo di perdere molti soldi o rischiamo una azione di commissariamento centralizzato che a quel punto taglierebbe fuori Regioni e Comuni<\/mark> dal ruolo di soggetti protagonisti di questa ricostruzione&#8221;.<\/em><\/p>\n","protected":false},"excerpt":{"rendered":"<p>A 150 anni da Firenze Capitale, a Palazzo Vecchio di parla di istituzioni, societ\u00e0 e democrazia. Mazzeo: &#8220;Diamo forza al sistema legislativo&#8221;. Appello di Anci al Governo: &#8220;Fidatevi dei sindaci<\/p>\n","protected":false},"author":525,"featured_media":191582,"comment_status":"open","ping_status":"open","sticky":false,"template":"","format":"standard","meta":{"_acf_changed":false,"footnotes":""},"categories":[494],"tags":[255,165,4754,151],"class_list":["post-191575","post","type-post","status-publish","format-standard","has-post-thumbnail","hentry","category-attualita","tag-anci","tag-palazzo-vecchio","tag-politica","tag-regione-toscana"],"acf":[],"yoast_head":"<!-- This site is optimized with the Yoast SEO Premium plugin v24.2 (Yoast SEO v25.6) - https:\/\/yoast.com\/wordpress\/plugins\/seo\/ -->\n<title>Le assemblee legislative guardano al futuro (come la Toscana). E i sindaci chiedono &quot;fiducia&quot; - intoscana<\/title>\n<meta name=\"description\" content=\"A 150 anni da Firenze Capitale, a Palazzo Vecchio di parla di istituzioni, societ\u00e0 e democrazia. Mazzeo: &quot;Diamo forza al sistema legislativo&quot;. Appello di Anci al Governo: &quot;Fidatevi dei sindaci&quot;\" \/>\n<meta name=\"robots\" content=\"index, follow, max-snippet:-1, max-image-preview:large, max-video-preview:-1\" \/>\n<link rel=\"canonical\" href=\"https:\/\/www.intoscana.it\/it\/assemblee-legislative-futuro-toscana-sindaci-chiedono-fiducia\/\" \/>\n<meta property=\"og:locale\" content=\"it_IT\" \/>\n<meta property=\"og:type\" content=\"article\" \/>\n<meta property=\"og:title\" content=\"Le assemblee legislative guardano al futuro (come la Toscana). E i sindaci chiedono &quot;fiducia&quot;\" \/>\n<meta property=\"og:description\" content=\"A 150 anni da Firenze Capitale, a Palazzo Vecchio di parla di istituzioni, societ\u00e0 e democrazia. Mazzeo: &quot;Diamo forza al sistema legislativo&quot;. Appello di Anci al Governo: &quot;Fidatevi dei sindaci&quot;\" \/>\n<meta property=\"og:url\" content=\"https:\/\/www.intoscana.it\/it\/assemblee-legislative-futuro-toscana-sindaci-chiedono-fiducia\/\" \/>\n<meta property=\"og:site_name\" content=\"intoscana\" \/>\n<meta property=\"article:publisher\" content=\"https:\/\/www.facebook.com\/intoscana.it\" \/>\n<meta property=\"article:published_time\" content=\"2021-09-27T14:02:10+00:00\" \/>\n<meta property=\"article:modified_time\" content=\"2021-09-27T15:49:58+00:00\" \/>\n<meta property=\"og:image\" content=\"https:\/\/www.intoscana.it\/wp-content\/uploads\/Parlamento.jpg\" \/>\n\t<meta property=\"og:image:width\" content=\"1500\" \/>\n\t<meta property=\"og:image:height\" content=\"844\" \/>\n\t<meta property=\"og:image:type\" content=\"image\/jpeg\" \/>\n<meta name=\"author\" content=\"Redazione\" \/>\n<meta name=\"twitter:card\" content=\"summary_large_image\" \/>\n<meta name=\"twitter:creator\" content=\"@intoscana\" \/>\n<meta name=\"twitter:site\" content=\"@intoscana\" \/>\n<meta name=\"twitter:label1\" content=\"Written by\" \/>\n\t<meta name=\"twitter:data1\" content=\"Redazione\" \/>\n\t<meta name=\"twitter:label2\" content=\"Est. reading time\" \/>\n\t<meta name=\"twitter:data2\" content=\"4 minuti\" \/>\n<script type=\"application\/ld+json\" class=\"yoast-schema-graph\">{\"@context\":\"https:\/\/schema.org\",\"@graph\":[{\"@type\":\"WebPage\",\"@id\":\"https:\/\/www.intoscana.it\/it\/assemblee-legislative-futuro-toscana-sindaci-chiedono-fiducia\/\",\"url\":\"https:\/\/www.intoscana.it\/it\/assemblee-legislative-futuro-toscana-sindaci-chiedono-fiducia\/\",\"name\":\"Le assemblee legislative guardano al futuro (come la Toscana). E i sindaci chiedono \\\"fiducia\\\" - intoscana\",\"isPartOf\":{\"@id\":\"https:\/\/www.intoscana.it\/it\/#website\"},\"primaryImageOfPage\":{\"@id\":\"https:\/\/www.intoscana.it\/it\/assemblee-legislative-futuro-toscana-sindaci-chiedono-fiducia\/#primaryimage\"},\"image\":{\"@id\":\"https:\/\/www.intoscana.it\/it\/assemblee-legislative-futuro-toscana-sindaci-chiedono-fiducia\/#primaryimage\"},\"thumbnailUrl\":\"https:\/\/www.intoscana.it\/wp-content\/uploads\/Parlamento.jpg\",\"datePublished\":\"2021-09-27T14:02:10+00:00\",\"dateModified\":\"2021-09-27T15:49:58+00:00\",\"author\":{\"@id\":\"https:\/\/www.intoscana.it\/it\/#\/schema\/person\/9223810753230f20bd670fdd322661f8\"},\"description\":\"A 150 anni da Firenze Capitale, a Palazzo Vecchio di parla di istituzioni, societ\u00e0 e democrazia. Mazzeo: \\\"Diamo forza al sistema legislativo\\\". Appello di Anci al Governo: \\\"Fidatevi dei sindaci\\\"\",\"breadcrumb\":{\"@id\":\"https:\/\/www.intoscana.it\/it\/assemblee-legislative-futuro-toscana-sindaci-chiedono-fiducia\/#breadcrumb\"},\"inLanguage\":\"it-IT\",\"potentialAction\":[{\"@type\":\"ReadAction\",\"target\":[\"https:\/\/www.intoscana.it\/it\/assemblee-legislative-futuro-toscana-sindaci-chiedono-fiducia\/\"]}]},{\"@type\":\"ImageObject\",\"inLanguage\":\"it-IT\",\"@id\":\"https:\/\/www.intoscana.it\/it\/assemblee-legislative-futuro-toscana-sindaci-chiedono-fiducia\/#primaryimage\",\"url\":\"https:\/\/www.intoscana.it\/wp-content\/uploads\/Parlamento.jpg\",\"contentUrl\":\"https:\/\/www.intoscana.it\/wp-content\/uploads\/Parlamento.jpg\",\"width\":1500,\"height\":844,\"caption\":\"Parlamento\"},{\"@type\":\"BreadcrumbList\",\"@id\":\"https:\/\/www.intoscana.it\/it\/assemblee-legislative-futuro-toscana-sindaci-chiedono-fiducia\/#breadcrumb\",\"itemListElement\":[{\"@type\":\"ListItem\",\"position\":1,\"name\":\"Home\",\"item\":\"https:\/\/www.intoscana.it\/it\/\"},{\"@type\":\"ListItem\",\"position\":2,\"name\":\"Le assemblee legislative guardano al futuro (come la Toscana). E i sindaci chiedono &#8220;fiducia&#8221;\"}]},{\"@type\":\"WebSite\",\"@id\":\"https:\/\/www.intoscana.it\/it\/#website\",\"url\":\"https:\/\/www.intoscana.it\/it\/\",\"name\":\"intoscana\",\"description\":\"\",\"potentialAction\":[{\"@type\":\"SearchAction\",\"target\":{\"@type\":\"EntryPoint\",\"urlTemplate\":\"https:\/\/www.intoscana.it\/it\/?s={search_term_string}\"},\"query-input\":{\"@type\":\"PropertyValueSpecification\",\"valueRequired\":true,\"valueName\":\"search_term_string\"}}],\"inLanguage\":\"it-IT\"},{\"@type\":\"Person\",\"@id\":\"https:\/\/www.intoscana.it\/it\/#\/schema\/person\/9223810753230f20bd670fdd322661f8\",\"name\":\"Redazione\",\"url\":\"https:\/\/www.intoscana.it\/it\/author\/redazione\/\"}]}<\/script>\n<!-- \/ Yoast SEO Premium plugin. -->","yoast_head_json":{"title":"Le assemblee legislative guardano al futuro (come la Toscana). E i sindaci chiedono \"fiducia\" - intoscana","description":"A 150 anni da Firenze Capitale, a Palazzo Vecchio di parla di istituzioni, societ\u00e0 e democrazia. Mazzeo: \"Diamo forza al sistema legislativo\". Appello di Anci al Governo: \"Fidatevi dei sindaci\"","robots":{"index":"index","follow":"follow","max-snippet":"max-snippet:-1","max-image-preview":"max-image-preview:large","max-video-preview":"max-video-preview:-1"},"canonical":"https:\/\/www.intoscana.it\/it\/assemblee-legislative-futuro-toscana-sindaci-chiedono-fiducia\/","og_locale":"it_IT","og_type":"article","og_title":"Le assemblee legislative guardano al futuro (come la Toscana). E i sindaci chiedono \"fiducia\"","og_description":"A 150 anni da Firenze Capitale, a Palazzo Vecchio di parla di istituzioni, societ\u00e0 e democrazia. Mazzeo: \"Diamo forza al sistema legislativo\". Appello di Anci al Governo: \"Fidatevi dei sindaci\"","og_url":"https:\/\/www.intoscana.it\/it\/assemblee-legislative-futuro-toscana-sindaci-chiedono-fiducia\/","og_site_name":"intoscana","article_publisher":"https:\/\/www.facebook.com\/intoscana.it","article_published_time":"2021-09-27T14:02:10+00:00","article_modified_time":"2021-09-27T15:49:58+00:00","og_image":[{"width":1500,"height":844,"url":"https:\/\/www.intoscana.it\/wp-content\/uploads\/Parlamento.jpg","type":"image\/jpeg"}],"author":"Redazione","twitter_card":"summary_large_image","twitter_creator":"@intoscana","twitter_site":"@intoscana","twitter_misc":{"Written by":"Redazione","Est. reading time":"4 minuti"},"schema":{"@context":"https:\/\/schema.org","@graph":[{"@type":"WebPage","@id":"https:\/\/www.intoscana.it\/it\/assemblee-legislative-futuro-toscana-sindaci-chiedono-fiducia\/","url":"https:\/\/www.intoscana.it\/it\/assemblee-legislative-futuro-toscana-sindaci-chiedono-fiducia\/","name":"Le assemblee legislative guardano al futuro (come la Toscana). E i sindaci chiedono \"fiducia\" - intoscana","isPartOf":{"@id":"https:\/\/www.intoscana.it\/it\/#website"},"primaryImageOfPage":{"@id":"https:\/\/www.intoscana.it\/it\/assemblee-legislative-futuro-toscana-sindaci-chiedono-fiducia\/#primaryimage"},"image":{"@id":"https:\/\/www.intoscana.it\/it\/assemblee-legislative-futuro-toscana-sindaci-chiedono-fiducia\/#primaryimage"},"thumbnailUrl":"https:\/\/www.intoscana.it\/wp-content\/uploads\/Parlamento.jpg","datePublished":"2021-09-27T14:02:10+00:00","dateModified":"2021-09-27T15:49:58+00:00","author":{"@id":"https:\/\/www.intoscana.it\/it\/#\/schema\/person\/9223810753230f20bd670fdd322661f8"},"description":"A 150 anni da Firenze Capitale, a Palazzo Vecchio di parla di istituzioni, societ\u00e0 e democrazia. Mazzeo: \"Diamo forza al sistema legislativo\". Appello di Anci al Governo: \"Fidatevi dei sindaci\"","breadcrumb":{"@id":"https:\/\/www.intoscana.it\/it\/assemblee-legislative-futuro-toscana-sindaci-chiedono-fiducia\/#breadcrumb"},"inLanguage":"it-IT","potentialAction":[{"@type":"ReadAction","target":["https:\/\/www.intoscana.it\/it\/assemblee-legislative-futuro-toscana-sindaci-chiedono-fiducia\/"]}]},{"@type":"ImageObject","inLanguage":"it-IT","@id":"https:\/\/www.intoscana.it\/it\/assemblee-legislative-futuro-toscana-sindaci-chiedono-fiducia\/#primaryimage","url":"https:\/\/www.intoscana.it\/wp-content\/uploads\/Parlamento.jpg","contentUrl":"https:\/\/www.intoscana.it\/wp-content\/uploads\/Parlamento.jpg","width":1500,"height":844,"caption":"Parlamento"},{"@type":"BreadcrumbList","@id":"https:\/\/www.intoscana.it\/it\/assemblee-legislative-futuro-toscana-sindaci-chiedono-fiducia\/#breadcrumb","itemListElement":[{"@type":"ListItem","position":1,"name":"Home","item":"https:\/\/www.intoscana.it\/it\/"},{"@type":"ListItem","position":2,"name":"Le assemblee legislative guardano al futuro (come la Toscana). E i sindaci chiedono &#8220;fiducia&#8221;"}]},{"@type":"WebSite","@id":"https:\/\/www.intoscana.it\/it\/#website","url":"https:\/\/www.intoscana.it\/it\/","name":"intoscana","description":"","potentialAction":[{"@type":"SearchAction","target":{"@type":"EntryPoint","urlTemplate":"https:\/\/www.intoscana.it\/it\/?s={search_term_string}"},"query-input":{"@type":"PropertyValueSpecification","valueRequired":true,"valueName":"search_term_string"}}],"inLanguage":"it-IT"},{"@type":"Person","@id":"https:\/\/www.intoscana.it\/it\/#\/schema\/person\/9223810753230f20bd670fdd322661f8","name":"Redazione","url":"https:\/\/www.intoscana.it\/it\/author\/redazione\/"}]}},"_links":{"self":[{"href":"https:\/\/www.intoscana.it\/it\/wp-json\/wp\/v2\/posts\/191575","targetHints":{"allow":["GET"]}}],"collection":[{"href":"https:\/\/www.intoscana.it\/it\/wp-json\/wp\/v2\/posts"}],"about":[{"href":"https:\/\/www.intoscana.it\/it\/wp-json\/wp\/v2\/types\/post"}],"author":[{"embeddable":true,"href":"https:\/\/www.intoscana.it\/it\/wp-json\/wp\/v2\/users\/525"}],"replies":[{"embeddable":true,"href":"https:\/\/www.intoscana.it\/it\/wp-json\/wp\/v2\/comments?post=191575"}],"version-history":[{"count":0,"href":"https:\/\/www.intoscana.it\/it\/wp-json\/wp\/v2\/posts\/191575\/revisions"}],"wp:featuredmedia":[{"embeddable":true,"href":"https:\/\/www.intoscana.it\/it\/wp-json\/wp\/v2\/media\/191582"}],"wp:attachment":[{"href":"https:\/\/www.intoscana.it\/it\/wp-json\/wp\/v2\/media?parent=191575"}],"wp:term":[{"taxonomy":"category","embeddable":true,"href":"https:\/\/www.intoscana.it\/it\/wp-json\/wp\/v2\/categories?post=191575"},{"taxonomy":"post_tag","embeddable":true,"href":"https:\/\/www.intoscana.it\/it\/wp-json\/wp\/v2\/tags?post=191575"}],"curies":[{"name":"wp","href":"https:\/\/api.w.org\/{rel}","templated":true}]}}