{"id":191931,"date":"2021-09-29T17:05:23","date_gmt":"2021-09-29T15:05:23","guid":{"rendered":"https:\/\/www.intoscana.it\/it\/?p=191931"},"modified":"2021-09-29T18:02:33","modified_gmt":"2021-09-29T16:02:33","slug":"damiano-carrara-atelier-pasticceria-lucca","status":"publish","type":"post","link":"https:\/\/www.intoscana.it\/it\/damiano-carrara-atelier-pasticceria-lucca\/","title":{"rendered":"Damiano Carrara apre il suo Atelier di pasticceria a Lucca. La sua dolce creazione toscana? Pane e olio"},"content":{"rendered":"<p>Una brigata scintillante, un design moderno e scenografico, una vetrina di dolcissime opere d&#8217;arte. <strong>Damiano Carrara<\/strong> \u00e8 pronto per aprire nella sua Lucca\u00a0 il proprio<strong> &#8220;Atelier&#8221; di pasticceria<\/strong>, innovativo nel concept e nell<strong>&#8216;esperienza<\/strong> di gusto .<\/p>\n<p>Un<strong> viaggio<\/strong> nella ricerca dei sapori, lui che proprio grazie ai viaggi ha costruito ci\u00f2 che \u00e8 oggi. A 19 anni lascia l&#8217;Italia, vola in Irlanda, poi un&#8217;altra partenza, verso gli Stati Uniti. E&#8217; qui che apre in <strong>California<\/strong>, a Moorpark, la prima pasticceria insieme al fratello.. Si chiama <strong>&#8220;Carrara Pastries<\/strong>&#8220;. Da l\u00ec poi l&#8217;ascesa. Altri locali, altre aperture. Poi la visibilit\u00e0 televisiva in America\u00a0 inizialmente come concorrente e dopo da giudice di show di Food Network. Nel 2017 arriva la chiamata per<strong> Bake Off Italia<\/strong>, nel 2018 \u00e8 la volta di <strong>Cake Star<\/strong> su Real Time e di altri programmi.<\/p>\n<figure id=\"post-192003 media-192003\" class=\"align-none\"><img decoding=\"async\" src=\"https:\/\/www.intoscana.it\/wp-content\/uploads\/simona-bellocci-e-damiano-carrara.png\" alt=\"\" \/><\/figure>\n<div class=\"titleimg\">Simona Bellocci intervista Damiano Carrara nel suo Atelier di pasticceria a Lucca<\/div>\n<p>Oggi per\u00f2 \u00e8 visibilmente emozionato perch\u00e9 piazza un&#8217;altra bandierina della propria carriera nella sua citt\u00e0.<\/p>\n<p><span class=\"citazione\"> Aprire nella mia citt\u00e0, nella mia Lucca \u00e8 un&#8217;emozione grandissima. Questa \u00e8 una pasticceria differente dal classico, ha il mio stile <\/span><\/p>\n<p><em>&#8220;E&#8217; uno dei giorni pi\u00f9 importanti della mia vita<\/em> &#8211; mi racconta mentre mi presenta in anteprima il suo Atelier che aprir\u00e0 il 2 ottobre.\u00a0 <em>Mi sono voluto rimettere in gioco ripartendo da casa. Aprire nella mia citt\u00e0, nella mia Lucca \u00e8 un&#8217;emozione grandissima. Poi questo progetto \u00e8 differente dal classico della pasticceria. Ho voluto reinterpretarla in maniera mia, nel mio stile.<\/em><\/p>\n<p>Parliamo, mentre mi prepara un <strong>caff\u00e8<\/strong>, accompagnato da <strong>tre degustazioni<\/strong> delle sue torte.<\/p>\n<p>Siamo abbracciati da vetrine che espongono orgogliose delle piccole opere d&#8217;arte, testimoni vivaci di continua ricerca di gusto ma anche di estetica. Anche questo fa parte della visione sensoriale di cui parla<strong> Damiano Carrara<\/strong>. I<strong> profumi<\/strong>,<strong> l&#8217;estetica<\/strong>, il<strong> design<\/strong> e poi arriva il <strong>gusto<\/strong> a corollare piacevolmente l&#8217;incontro con una delle sue creazioni.<\/p>\n<p><span class=\"citazione\"> Le pasticcerie sono tutte uguali. Io volevo fare qualcosa di diverso, proporre un&#8217;esperienza sensoriale <\/span><\/p>\n<p><em>&#8220;Nel mondo del food e della ristorazione ci sono tanti tipi di offerta: la trattoria, la pizzeria, il bistrot, il ristorante stellato,<\/em>\u00a0aggiunge Carrara.<em> Le pasticcerie invece sono tutte uguali. Ecco, io volevo fare qualcosa di diverso che permettesse di avere un&#8217;esperienza a livello sensoriale. Per questo ho scelto di inserire anche un&#8217;essenza che si avverte nell&#8217;aria appena si entra in atelier.<\/em><\/p>\n<p>E&#8217; un po&#8217; come entrare in contatto\u00a0 con un mondo che ti approcci a scoprire. Entri in punta di piedi e provi ad esplorare ci\u00f2 che ti circonda con curiosit\u00e0. Ed \u00e8\u00a0 proprio esplorando che si incontra anche la Toscana in una monoporzione, <strong>&#8220;Pane e olio&#8221;<\/strong>.<\/p>\n<p><em>&#8220;Un plumcake al limone che ricorda una fetta di pane con olio extravergine.\u00a0 Rappresenta Lucca e la Toscana<\/em>, mi spiega <strong>Damiano Carrara<\/strong>\u00a0<em> L&#8217;extravergine delle colline lucchesi \u00e8 nell&#8217;impasto ma anche all&#8217;interno dell&#8217;oliva realizzata con cioccolato fondente e ancora nella mousse allo zafferano di San Gimignano&#8221;.<\/em><\/p>\n<p>Un itinerario che fa incontrare la Toscana anche con altri mondi. <em>&#8220;S\u00ec, ho inserito il frutto della passione e il mandarino per pulire il palato dal grasso dell&#8217;extravergine ma questo \u00e8 comunque un dolce nostro, che mi\u00a0 riporta all&#8217;infanzia e alla mia Lucca&#8221;.<\/em><\/p>\n<p><strong>Si chiamano radici.<\/strong> Quelle che porti dentro anche quando infili tutto in una valigia e parti a cercare altrove una chiave di volta per la tua vita. Poi magari torni. Riprendi la strada e il cammino l\u00e0, dove sei nato.<strong> Si chiama determinazione<\/strong>. Quella che che a Damiano Carrara non manca, ingrediente che gli ha consentito di arrivare forse dove nemmeno lui avrebbe pensato.<\/p>\n<p><span class=\"citazione\"> Sto per aprire il quarto negozio dopo quelli negli Stati Uniti e mi rendo conto che non si smette mai di crescere, di imparare <\/span><\/p>\n<p><em>&#8221; Da giovanissimo sapevo che avevo tanta voglia di fare. Ero cosciente di avere i denti ma non il pane, proprio come tanti giovani che hanno tante speranze ma si trovano davanti muri, nonostante lavorino duramente. Anche io pensavo di aver sempre lavorato tanto in vita mia, poi quando ho aperto il primo locale in America ho capito che in realt\u00e0 non avevo lavorato abbastanza prima di allora. Oggi sto per riaprire per l&#8217;ennesima volta un altro negozio, il quarto dopo quelli che ho negli Stati Uniti e mi rendo conto che non si smette mai di imparare e di crescere&#8221;.<\/em><\/p>\n<div class=\"titleimg\">\n<figure id=\"post-192001 media-192001\" class=\"align-none\"><img decoding=\"async\" src=\"https:\/\/www.intoscana.it\/wp-content\/uploads\/damiano-carrara-e-la-sua-brigata-a-lucca-scaled.jpeg\" alt=\"\" \/><\/figure>\n<\/div>\n<p>Damiano \u00e8 un fiume in piena. Racconta il suo percorso, le sue creazioni, lo studio, la lavorazione, l&#8217;attenzione al particolare dentro il laboratorio, nella parte espositiva, nella comunicazione.<\/p>\n<p><em>&#8220;Dormo tre ore a notte, sono sempre al lavoro, viaggio. E&#8217; un sacrificio grande ma credo che il sacrificio e la determinazione siano la\u00a0 vera forza che ti consente di realizzare tutti i sogni nella vita&#8221;.<\/em><\/p>\n<p>Sogni che si intrecciano anche con tanti altri piccoli produttori e artigiani locali, con i quali il <strong>pastry chef <\/strong>collabora per portare materie prime di alta qualit\u00e0 nel proprio laboratorio, partendo non solo dall&#8217;olio &#8220;<em>ne uso a quintalate come tutti i toscani&#8221; <\/em>ma anche dalla frutta come le albicocche e le pesche a km zero <em>&#8220;con cui ho realizzato le mie confetture&#8221;, <\/em>ricorda Carrara.<\/p>\n<p>E poi c&#8217;\u00e8 l&#8217;ingrediente principe dei boschi, richiamato anche nel nome della sua torta\u00a0<strong> &#8220;Mirtilla&#8221;<\/strong>:\u00a0 un ricomposto di streusel alla mandorla e mirtillo, plum cake di mirtilli selvatici e cremoso alla panna acida e gel\u00e8e di mirtilli selvatici, mousse al cioccolato bianco e limone nero dell\u2019Oman.<\/p>\n<figure id=\"post-192002 media-192002\" class=\"align-none\"><img decoding=\"async\" src=\"https:\/\/www.intoscana.it\/wp-content\/uploads\/atelier-damiano-carrara-lucca-scaled.jpeg\" alt=\"\" \/><\/figure>\n<p>Damiano Carrara riparte quindi da Lucca, da un atelier che \u00e8 <strong>laboratorio di sperimentazione<\/strong> e creativit\u00e0. Un <strong>dolce museo contemporaneo<\/strong> di pasticceria, un incontro tra tanti mondi. E&#8217; partenza, sosta fugace, sentimento prima di riprendere il cammino. E&#8217; eclettico, come la personalit\u00e0 del pasticcere che l&#8217;ha creato.<\/p>\n<p><em>&#8220;Questa pasticceria \u00e8 sicuramente\u00a0 un punto di ripartenza ma non un punto di arrivo<\/em>\u00a0 &#8211; precisa Damiano senza se e senza ma. <em>Quando ti consideri arrivato la vita \u00e8 finita. Io sono dell&#8217;idea che se uno cerca di darsi da fare i risultati arrivano&#8221;.<\/em><\/p>\n<p>E per lui \u00e8 stato davvero cos\u00ec. Il suo nuovo risultato si chiama <strong>Atelier Carrara<\/strong>, il suo &#8220;posto nel mondo&#8221; a Lucca, nella citt\u00e0 da dove \u00e8 partito per tornare e renderla pi\u00f9 preziosa con le sue opere di pasticceria. Non ha scelto Milano, come in tanti avrebbero fatto. Ha scelto casa. Anche in questo Damiano ha dichiarato la sua cifra stilistica, il suo discostarsi dalle tendenze di massa. Ha scelto ancora una volta di distinguersi. Il suo Atelier in fondo racconta anche questa <strong>bellissima storia d&#8217;amore<\/strong> per\u00a0 la propria terra.<\/p>\n","protected":false},"excerpt":{"rendered":"<p>Il giudice di Bake Off Italia e conduttore di Cake Star apre il suo primo atelier di pasticceria in Italia e sceglie la sua citt\u00e0 natale, Lucca. L&#8217;ingrediente del mio successo? La determinazione &#8211; racconta Damiano Carrara. \u00c8 la vera forza che ti consente di realizzare tutti i sogni nella vita<\/p>\n","protected":false},"author":513,"featured_media":192000,"comment_status":"open","ping_status":"open","sticky":false,"template":"","format":"standard","meta":{"_acf_changed":false,"footnotes":""},"categories":[8],"tags":[4817,5808,5393,170,166,5268],"class_list":["post-191931","post","type-post","status-publish","format-standard","has-post-thumbnail","hentry","category-enogastronomia","tag-chef","tag-chef-toscani","tag-dolci","tag-lucca","tag-personaggi","tag-tv"],"acf":[],"yoast_head":"<!-- This site is optimized with the Yoast SEO Premium plugin v24.2 (Yoast SEO v25.6) - https:\/\/yoast.com\/wordpress\/plugins\/seo\/ -->\n<title>Damiano Carrara apre il suo Atelier di pasticceria a Lucca. La sua dolce creazione toscana? Pane e olio - intoscana<\/title>\n<meta name=\"description\" content=\"Il giudice di Bake Off Italia e conduttore di Cake Star apre il suo primo atelier di pasticceria in Italia e sceglie la sua citt\u00e0 natale, Lucca.\" \/>\n<meta name=\"robots\" content=\"index, follow, max-snippet:-1, max-image-preview:large, max-video-preview:-1\" \/>\n<link rel=\"canonical\" href=\"https:\/\/www.intoscana.it\/it\/damiano-carrara-atelier-pasticceria-lucca\/\" \/>\n<meta property=\"og:locale\" content=\"it_IT\" \/>\n<meta property=\"og:type\" content=\"article\" \/>\n<meta property=\"og:title\" content=\"Damiano Carrara apre il suo Atelier di pasticceria a Lucca. La sua dolce creazione toscana? Pane e olio\" \/>\n<meta property=\"og:description\" content=\"Il giudice di Bake Off Italia e conduttore di Cake Star apre il suo primo atelier di pasticceria in Italia e sceglie la sua citt\u00e0 natale, Lucca.\" \/>\n<meta property=\"og:url\" content=\"https:\/\/www.intoscana.it\/it\/damiano-carrara-atelier-pasticceria-lucca\/\" \/>\n<meta property=\"og:site_name\" content=\"intoscana\" \/>\n<meta property=\"article:publisher\" content=\"https:\/\/www.facebook.com\/intoscana.it\" \/>\n<meta property=\"article:published_time\" content=\"2021-09-29T15:05:23+00:00\" \/>\n<meta property=\"article:modified_time\" content=\"2021-09-29T16:02:33+00:00\" \/>\n<meta property=\"og:image\" content=\"https:\/\/www.intoscana.it\/wp-content\/uploads\/damiano-carrara-scaled.jpeg\" \/>\n\t<meta property=\"og:image:width\" content=\"2048\" \/>\n\t<meta property=\"og:image:height\" content=\"1365\" \/>\n\t<meta property=\"og:image:type\" content=\"image\/jpeg\" \/>\n<meta name=\"author\" content=\"Simona Bellocci\" \/>\n<meta name=\"twitter:card\" content=\"summary_large_image\" \/>\n<meta name=\"twitter:creator\" content=\"@intoscana\" \/>\n<meta name=\"twitter:site\" content=\"@intoscana\" \/>\n<meta name=\"twitter:label1\" content=\"Written by\" \/>\n\t<meta name=\"twitter:data1\" content=\"Simona Bellocci\" \/>\n\t<meta name=\"twitter:label2\" content=\"Est. reading time\" \/>\n\t<meta name=\"twitter:data2\" content=\"5 minuti\" \/>\n<script type=\"application\/ld+json\" class=\"yoast-schema-graph\">{\"@context\":\"https:\/\/schema.org\",\"@graph\":[{\"@type\":\"WebPage\",\"@id\":\"https:\/\/www.intoscana.it\/it\/damiano-carrara-atelier-pasticceria-lucca\/\",\"url\":\"https:\/\/www.intoscana.it\/it\/damiano-carrara-atelier-pasticceria-lucca\/\",\"name\":\"Damiano Carrara apre il suo Atelier di pasticceria a Lucca. La sua dolce creazione toscana? Pane e olio - intoscana\",\"isPartOf\":{\"@id\":\"https:\/\/www.intoscana.it\/it\/#website\"},\"primaryImageOfPage\":{\"@id\":\"https:\/\/www.intoscana.it\/it\/damiano-carrara-atelier-pasticceria-lucca\/#primaryimage\"},\"image\":{\"@id\":\"https:\/\/www.intoscana.it\/it\/damiano-carrara-atelier-pasticceria-lucca\/#primaryimage\"},\"thumbnailUrl\":\"https:\/\/www.intoscana.it\/wp-content\/uploads\/damiano-carrara-scaled.jpeg\",\"datePublished\":\"2021-09-29T15:05:23+00:00\",\"dateModified\":\"2021-09-29T16:02:33+00:00\",\"author\":{\"@id\":\"https:\/\/www.intoscana.it\/it\/#\/schema\/person\/43a95334a6f068317e0b7acba24f9e87\"},\"description\":\"Il giudice di Bake Off Italia e conduttore di Cake Star apre il suo primo atelier di pasticceria in Italia e sceglie la sua citt\u00e0 natale, Lucca.\",\"breadcrumb\":{\"@id\":\"https:\/\/www.intoscana.it\/it\/damiano-carrara-atelier-pasticceria-lucca\/#breadcrumb\"},\"inLanguage\":\"it-IT\",\"potentialAction\":[{\"@type\":\"ReadAction\",\"target\":[\"https:\/\/www.intoscana.it\/it\/damiano-carrara-atelier-pasticceria-lucca\/\"]}]},{\"@type\":\"ImageObject\",\"inLanguage\":\"it-IT\",\"@id\":\"https:\/\/www.intoscana.it\/it\/damiano-carrara-atelier-pasticceria-lucca\/#primaryimage\",\"url\":\"https:\/\/www.intoscana.it\/wp-content\/uploads\/damiano-carrara-scaled.jpeg\",\"contentUrl\":\"https:\/\/www.intoscana.it\/wp-content\/uploads\/damiano-carrara-scaled.jpeg\",\"width\":2048,\"height\":1365},{\"@type\":\"BreadcrumbList\",\"@id\":\"https:\/\/www.intoscana.it\/it\/damiano-carrara-atelier-pasticceria-lucca\/#breadcrumb\",\"itemListElement\":[{\"@type\":\"ListItem\",\"position\":1,\"name\":\"Home\",\"item\":\"https:\/\/www.intoscana.it\/it\/\"},{\"@type\":\"ListItem\",\"position\":2,\"name\":\"Damiano Carrara apre il suo Atelier di pasticceria a Lucca. La sua dolce creazione toscana? Pane e olio\"}]},{\"@type\":\"WebSite\",\"@id\":\"https:\/\/www.intoscana.it\/it\/#website\",\"url\":\"https:\/\/www.intoscana.it\/it\/\",\"name\":\"intoscana\",\"description\":\"\",\"potentialAction\":[{\"@type\":\"SearchAction\",\"target\":{\"@type\":\"EntryPoint\",\"urlTemplate\":\"https:\/\/www.intoscana.it\/it\/?s={search_term_string}\"},\"query-input\":{\"@type\":\"PropertyValueSpecification\",\"valueRequired\":true,\"valueName\":\"search_term_string\"}}],\"inLanguage\":\"it-IT\"},{\"@type\":\"Person\",\"@id\":\"https:\/\/www.intoscana.it\/it\/#\/schema\/person\/43a95334a6f068317e0b7acba24f9e87\",\"name\":\"Simona Bellocci\",\"url\":\"https:\/\/www.intoscana.it\/it\/author\/simona-bellocci\/\"}]}<\/script>\n<!-- \/ Yoast SEO Premium plugin. -->","yoast_head_json":{"title":"Damiano Carrara apre il suo Atelier di pasticceria a Lucca. La sua dolce creazione toscana? Pane e olio - intoscana","description":"Il giudice di Bake Off Italia e conduttore di Cake Star apre il suo primo atelier di pasticceria in Italia e sceglie la sua citt\u00e0 natale, Lucca.","robots":{"index":"index","follow":"follow","max-snippet":"max-snippet:-1","max-image-preview":"max-image-preview:large","max-video-preview":"max-video-preview:-1"},"canonical":"https:\/\/www.intoscana.it\/it\/damiano-carrara-atelier-pasticceria-lucca\/","og_locale":"it_IT","og_type":"article","og_title":"Damiano Carrara apre il suo Atelier di pasticceria a Lucca. La sua dolce creazione toscana? Pane e olio","og_description":"Il giudice di Bake Off Italia e conduttore di Cake Star apre il suo primo atelier di pasticceria in Italia e sceglie la sua citt\u00e0 natale, Lucca.","og_url":"https:\/\/www.intoscana.it\/it\/damiano-carrara-atelier-pasticceria-lucca\/","og_site_name":"intoscana","article_publisher":"https:\/\/www.facebook.com\/intoscana.it","article_published_time":"2021-09-29T15:05:23+00:00","article_modified_time":"2021-09-29T16:02:33+00:00","og_image":[{"width":2048,"height":1365,"url":"https:\/\/www.intoscana.it\/wp-content\/uploads\/damiano-carrara-scaled.jpeg","type":"image\/jpeg"}],"author":"Simona Bellocci","twitter_card":"summary_large_image","twitter_creator":"@intoscana","twitter_site":"@intoscana","twitter_misc":{"Written by":"Simona Bellocci","Est. reading time":"5 minuti"},"schema":{"@context":"https:\/\/schema.org","@graph":[{"@type":"WebPage","@id":"https:\/\/www.intoscana.it\/it\/damiano-carrara-atelier-pasticceria-lucca\/","url":"https:\/\/www.intoscana.it\/it\/damiano-carrara-atelier-pasticceria-lucca\/","name":"Damiano Carrara apre il suo Atelier di pasticceria a Lucca. La sua dolce creazione toscana? Pane e olio - intoscana","isPartOf":{"@id":"https:\/\/www.intoscana.it\/it\/#website"},"primaryImageOfPage":{"@id":"https:\/\/www.intoscana.it\/it\/damiano-carrara-atelier-pasticceria-lucca\/#primaryimage"},"image":{"@id":"https:\/\/www.intoscana.it\/it\/damiano-carrara-atelier-pasticceria-lucca\/#primaryimage"},"thumbnailUrl":"https:\/\/www.intoscana.it\/wp-content\/uploads\/damiano-carrara-scaled.jpeg","datePublished":"2021-09-29T15:05:23+00:00","dateModified":"2021-09-29T16:02:33+00:00","author":{"@id":"https:\/\/www.intoscana.it\/it\/#\/schema\/person\/43a95334a6f068317e0b7acba24f9e87"},"description":"Il giudice di Bake Off Italia e conduttore di Cake Star apre il suo primo atelier di pasticceria in Italia e sceglie la sua citt\u00e0 natale, Lucca.","breadcrumb":{"@id":"https:\/\/www.intoscana.it\/it\/damiano-carrara-atelier-pasticceria-lucca\/#breadcrumb"},"inLanguage":"it-IT","potentialAction":[{"@type":"ReadAction","target":["https:\/\/www.intoscana.it\/it\/damiano-carrara-atelier-pasticceria-lucca\/"]}]},{"@type":"ImageObject","inLanguage":"it-IT","@id":"https:\/\/www.intoscana.it\/it\/damiano-carrara-atelier-pasticceria-lucca\/#primaryimage","url":"https:\/\/www.intoscana.it\/wp-content\/uploads\/damiano-carrara-scaled.jpeg","contentUrl":"https:\/\/www.intoscana.it\/wp-content\/uploads\/damiano-carrara-scaled.jpeg","width":2048,"height":1365},{"@type":"BreadcrumbList","@id":"https:\/\/www.intoscana.it\/it\/damiano-carrara-atelier-pasticceria-lucca\/#breadcrumb","itemListElement":[{"@type":"ListItem","position":1,"name":"Home","item":"https:\/\/www.intoscana.it\/it\/"},{"@type":"ListItem","position":2,"name":"Damiano Carrara apre il suo Atelier di pasticceria a Lucca. La sua dolce creazione toscana? Pane e olio"}]},{"@type":"WebSite","@id":"https:\/\/www.intoscana.it\/it\/#website","url":"https:\/\/www.intoscana.it\/it\/","name":"intoscana","description":"","potentialAction":[{"@type":"SearchAction","target":{"@type":"EntryPoint","urlTemplate":"https:\/\/www.intoscana.it\/it\/?s={search_term_string}"},"query-input":{"@type":"PropertyValueSpecification","valueRequired":true,"valueName":"search_term_string"}}],"inLanguage":"it-IT"},{"@type":"Person","@id":"https:\/\/www.intoscana.it\/it\/#\/schema\/person\/43a95334a6f068317e0b7acba24f9e87","name":"Simona Bellocci","url":"https:\/\/www.intoscana.it\/it\/author\/simona-bellocci\/"}]}},"_links":{"self":[{"href":"https:\/\/www.intoscana.it\/it\/wp-json\/wp\/v2\/posts\/191931","targetHints":{"allow":["GET"]}}],"collection":[{"href":"https:\/\/www.intoscana.it\/it\/wp-json\/wp\/v2\/posts"}],"about":[{"href":"https:\/\/www.intoscana.it\/it\/wp-json\/wp\/v2\/types\/post"}],"author":[{"embeddable":true,"href":"https:\/\/www.intoscana.it\/it\/wp-json\/wp\/v2\/users\/513"}],"replies":[{"embeddable":true,"href":"https:\/\/www.intoscana.it\/it\/wp-json\/wp\/v2\/comments?post=191931"}],"version-history":[{"count":0,"href":"https:\/\/www.intoscana.it\/it\/wp-json\/wp\/v2\/posts\/191931\/revisions"}],"wp:featuredmedia":[{"embeddable":true,"href":"https:\/\/www.intoscana.it\/it\/wp-json\/wp\/v2\/media\/192000"}],"wp:attachment":[{"href":"https:\/\/www.intoscana.it\/it\/wp-json\/wp\/v2\/media?parent=191931"}],"wp:term":[{"taxonomy":"category","embeddable":true,"href":"https:\/\/www.intoscana.it\/it\/wp-json\/wp\/v2\/categories?post=191931"},{"taxonomy":"post_tag","embeddable":true,"href":"https:\/\/www.intoscana.it\/it\/wp-json\/wp\/v2\/tags?post=191931"}],"curies":[{"name":"wp","href":"https:\/\/api.w.org\/{rel}","templated":true}]}}