{"id":192033,"date":"2021-09-29T18:20:31","date_gmt":"2021-09-29T16:20:31","guid":{"rendered":"https:\/\/www.intoscana.it\/it\/?p=192033"},"modified":"2021-09-29T18:21:34","modified_gmt":"2021-09-29T16:21:34","slug":"autoritratti-fumetti-lucca-uffizi-aspettando-museo-nona-arte","status":"publish","type":"post","link":"https:\/\/www.intoscana.it\/it\/autoritratti-fumetti-lucca-uffizi-aspettando-museo-nona-arte\/","title":{"rendered":"Autoritratti a fumetti, da Lucca agli Uffizi (aspettando il museo della nona arte)"},"content":{"rendered":"<p><mark>I fumetti agli Uffizi<\/mark>. Potrebbe sembrare il titolo di un film. Forse ironico, forse sarcastico, comunque accattivante. E invece \u00e8 tutto vero. Ma questo non deve sorprendere. Non solo perch\u00e9 questo progetto che unisce Lucca Comics &amp; Games e uno dei pi\u00f9 importanti complessi museali del mondo nasce da lontano, ma anche e soprattutto perch\u00e9 <mark>\u00e8 finalmente e definitivamente caduta quella barriera culturale che ha relegato a lungo fumettisti e illustratori nella categoria delle arti minori. Eppure il fumetto, di minore, non ha proprio nulla<\/mark>. Se non il riconoscimento dell&#8217;alto valore artistico su larga scala. <div class=\"focuson\"><a href=\"https:\/\/www.intoscana.it\/it\/articolo\/lucca-comics-presenza-abbraccio-dante-festival-cambia\/\"><img decoding=\"async\" class=\"lazy\" src=\"https:\/\/www.intoscana.it\/wp-content\/uploads\/Poster-LCG-2021-autore-Paolo-Barbieri-2-copia.jpg\" style=\"\">\n                <div class=\"cat\">Lucca Comics torna in presenza (con l\u2019abbraccio di Dante)<\/div>\n                <h4>Il festival cambia, ma non troppo<\/h4><\/a>\n              <\/div><\/p>\n<p>Del resto non ci sono moltissime &#8220;star&#8221; in quella che il critico <strong>Claude Beylie<\/strong> defin\u00ec <em>nona arte<\/em>. Era il 1964, e da allora ne \u00e8 passata di acqua sotto ai ponti. Per molti il fumetto \u00e8 stato a lungo una &#8220;lettura per bambini&#8221;. O, peggio ancora, sono innumerevoli gli autori e le autrici che nel tempo, nel definirsi disegnatori di fumetti, si sono sentiti chiedere: <em>&#8220;Ma che bello. Che personaggio fai?&#8221;<\/em>. La maggioranza pensava a Tex o Topolino. Prodotti nobilissimi e vetrina di grandi artisti, sia chiaro. Ma quella era la percezione del pubblico. O almeno della sua maggioranza.<\/p>\n<h3>Fumetti nei musei<\/h3>\n<p>Nel presentare la mostra <em>&#8220;Fumetti nei musei. Gli autoritratti degli Uffizi&#8221;<\/em> (a cura di <strong>Mattia Morandi<\/strong> e <strong>Chiara Palmieri<\/strong>) il presidente della Regione Toscana, <strong>Eugenio Giani<\/strong>, tra le altre cose ha ricordato e reso omaggio al grossetano <a href=\"https:\/\/it.wikipedia.org\/wiki\/Aurelio_Galleppini\" target=\"_blank\" rel=\"noopener\">Galep<\/a>, al secolo <strong>Aurelio Galleppini<\/strong>. <em>&#8220;\u00c8 stato il primo disegnatore di Tex&#8221;<\/em> ha ricordato il governatore. Tutto vero. <mark>Eppure la notoriet\u00e0 di questo grande autore non ha mai raggiunto la popolarit\u00e0 del personaggio di Bonelli<\/mark>. Perch\u00e9 cos\u00ec vanno le cose nel mondo del fumetto. Anzi, andavano. Perch\u00e9 quell&#8217;inversione di marcia che sembra abbia avuto inizio con l&#8217;accettazione delle <strong>graphic novel<\/strong> da parte dell&#8217;<strong>universo letterario<\/strong> (seppur con qualche bocca storta di troppo), ora trova la sua consacrazione nella relazione che lega il Ministero della cultura, le Gallerie degli Uffizi e Lucca Comics &amp; Games.<\/p>\n<figure id=\"post-192038 media-192038\" class=\"align-center\"><img decoding=\"async\" class=\"aligncenter\" src=\"https:\/\/www.intoscana.it\/wp-content\/uploads\/Autoritratti-Locandina.jpeg\" alt=\"\" \/><\/figure>\n<div class=\"titleimg\" style=\"text-align: center;\">Autoritratti \u2013 Locandina<\/div>\n<p><em>&#8220;Questo \u00e8 un giorno importante, per Uffizi e non solo. <mark>Da oggi i fumetti e i manga entrano a far parte della collezione delle Gallerie<\/mark>&#8220;<\/em> commenta il direttore <strong>Eike Schmidt<\/strong>. Come? Con ben <strong>52 autoritratti<\/strong> di altrettanti artisti del fumetto e dell&#8217;illustrazione. Le opere che hanno donato saranno in <a href=\"https:\/\/www.luccacomicsandgames.com\/it\/2021\/mostre\/\" target=\"_blank\" rel=\"noopener\">mostra all&#8217;interno di Palazzo Ducale<\/a>, a Lucca, dall&#8217;8 di ottobre fino al primo di novembre, <mark>sovrapponendosi con il festival di Lucca Comics che ha gi\u00e0 registrato il <strong>sold out<\/strong> (venduti in pochissimi giorni tutti gli 80 mila biglietti disponibili)<\/mark>. Poi entreranno a far parte della collezione degli autoritratti degli Uffizi iniziata nel Seicento per volere del cardinale <strong>Leopoldo dei Medici<\/strong>. <em>&#8220;All&#8217;inizio non c&#8217;erano neppure le statue, poi nel Novecento qualcosa \u00e8 cambiato. Infine abbiamo aperto all&#8217;arte contemporanea e quindi anche al fumetto&#8221;<\/em>, chiosa Schmidt.<\/p>\n<h3>Verso il (nuovo) museo del fumetto<\/h3>\n<p>Ma non finisce qua. <mark>Perch\u00e9 la collezione di autoritratti si arricchir\u00e0 di anno in anno con un&#8217;opera realizzata dal vincitore del premio &#8220;Maestro del fumetto&#8221; ai Gran Guinigi di Lucca Comics<\/mark>. E, com&#8217;era naturale che fosse, entreranno a far parte della giuria anche Uffizi e Ministero. <em>&#8220;\u00c8 un percorso di valorizzazione del fumetto contemporaneo, che nasce e si sviluppa attorno all\u2019ambizioso progetto &#8216;Fumetti nei musei&#8217;. Questo nuovo fondo \u00e8 una novit\u00e0 importante per il panorama artistico contemporaneo italiano&#8221;<\/em> ha commentato dichiara della cultura, <strong>Dario Franceschini<\/strong>. <mark><em>&#8220;Gli Uffizi divengono cos\u00ec uno dei primi musei di arte classica a scommettere sulla vitalit\u00e0 e la forza creativa della nona arte&#8221;<\/mark>.<\/em><\/p>\n<figure id=\"post-192040 media-192040\" class=\"align-center\"><img decoding=\"async\" class=\"aligncenter\" src=\"https:\/\/www.intoscana.it\/wp-content\/uploads\/Lucca-comics.jpeg\" alt=\"\" \/><\/figure>\n<p>Pi\u00f9 che di una scommessa, qua siamo di fronte a una <strong>legittima consacrazione<\/strong>. Come ha ricordato il direttore del festival, <strong>Emanuele Vietina<\/strong>, a Lucca gi\u00e0 55 anni fa si parlava e dibatteva di questo linguaggio all&#8217;interno del Teatro del Giglio. Al tempo sembrava un&#8217;arte ad appannaggio di pochi, ma in pi\u00f9 di mezzo secolo il fumetto ha conquistato la citt\u00e0 e un pubblico sempre pi\u00f9 vasto. <em>&#8220;Questo non \u00e8 un punto d&#8217;approdo, ma un punto di partenza&#8221;<\/em> ricorda Vietina prima di lanciare l&#8217;ultima <strong>grande sfida<\/strong>: <mark><em>&#8220;Realizzare un museo stabile dedicato al fumetto, che sia capace di dialogare sia con il Ministero sia con gli Uffizi&#8221;<\/em>. Sembra proprio che le premesse affinch\u00e9 questo accada ci siano tutte<\/mark>.<\/p>\n<figure id=\"post-192039 media-192039\" class=\"align-center\"><img decoding=\"async\" class=\"aligncenter\" src=\"https:\/\/www.intoscana.it\/wp-content\/uploads\/Altan-Zuzu.jpg\" alt=\"\" \/><\/figure>\n<h3>Tutti gli autoritratti<\/h3>\n<p>E cos\u00ec, in attesa dell&#8217;inaugurazione della mostra <em>&#8220;Fumetti nei musei. Gli autoritratti degli Uffizi&#8221;<\/em> (che sar\u00e0 dedicata a Tuono Pettinato, scomparso troppo presto) <mark>ecco i nomi di tutti gli autori che hanno partecipato e donato le loro opere. Nessuno escluso<\/mark>. La lista comincia con Altan e prosegue con Eliana Albertini, Simone Angelini, Paolo Bacilieri, Bianca Bagnarelli, Lorena Canottiere, Mara Cerri, Manfredi Ciminale, Sara Colaone, Marco Corona, Mariachiara Di Giorgio, Dr. Pira, Andrea Ferraris, Vincenzo Filosa, Marco Galli, Lorenzo Ghetti, Roberto Grossi, Gud, Lise e Talami, Lrnz, Maicol &amp; Mirco, Federico Manzone, Martoz, Lorenzo M\u00f2, Vitt Moretta, Giacomo Nanni, Luca Negri R.S.M., Marino Neri, Otto Gabos, Pablo Cammello, Giuseppe Palumbo, Paolo Parisi, Michele Petrucci, Pronostico, Fabio Ramiro Rossin, Ratigher, Fulvio Risuleo, Silvia Rocchi, Federico Rossi Edrighi, Emanuele Rosso, Alessandro Sanna, Pietro Scarnera, Roberta Scomparsa, Andrea Settimo, Alice Socal, Spugna, Squaz, Marco Taddei, Alessandro Tota, Tuono Pettinato, Miguel Angel Valdivia e Zuzu.<\/p>\n<p>&nbsp;<\/p>\n","protected":false},"excerpt":{"rendered":"<p>La collezione di autoritratti voluta da Leopoldo dei Medici si arricchisce di 52 nuove opere firmate tra gli altri da Altan, Paolo Bacilieri e Sara Colaone. Matrimonio felice tra Lucca Comics (che registra il sold out), Uffizi e Ministero della cultura<\/p>\n","protected":false},"author":521,"featured_media":192041,"comment_status":"open","ping_status":"open","sticky":false,"template":"","format":"standard","meta":{"_acf_changed":false,"footnotes":""},"categories":[493],"tags":[285,4539,207,5402],"class_list":["post-192033","post","type-post","status-publish","format-standard","has-post-thumbnail","hentry","category-cultura","tag-fumetti","tag-lucca-comics","tag-uffizi","tag-uffizi-diffusi"],"acf":[],"yoast_head":"<!-- This site is optimized with the Yoast SEO Premium plugin v24.2 (Yoast SEO v25.6) - https:\/\/yoast.com\/wordpress\/plugins\/seo\/ -->\n<title>Autoritratti a fumetti, da Lucca agli Uffizi (aspettando il museo della nona arte) - intoscana<\/title>\n<meta name=\"description\" content=\"La collezione di autoritratti voluta da Leopoldo dei Medici si arricchisce di 52 nuove opere firmate tra gli altri da Altan, Paolo Bacilieri e Sara Colaone. Matrimonio felice tra Lucca Comics (che registra il sold out), Uffizi e Ministero della cultura\" \/>\n<meta name=\"robots\" content=\"index, follow, max-snippet:-1, max-image-preview:large, max-video-preview:-1\" \/>\n<link rel=\"canonical\" href=\"https:\/\/www.intoscana.it\/it\/autoritratti-fumetti-lucca-uffizi-aspettando-museo-nona-arte\/\" \/>\n<meta property=\"og:locale\" content=\"it_IT\" \/>\n<meta property=\"og:type\" content=\"article\" \/>\n<meta property=\"og:title\" content=\"Autoritratti a fumetti, da Lucca agli Uffizi (aspettando il museo della nona arte)\" \/>\n<meta property=\"og:description\" content=\"La collezione di autoritratti voluta da Leopoldo dei Medici si arricchisce di 52 nuove opere firmate tra gli altri da Altan, Paolo Bacilieri e Sara Colaone. Matrimonio felice tra Lucca Comics (che registra il sold out), Uffizi e Ministero della cultura\" \/>\n<meta property=\"og:url\" content=\"https:\/\/www.intoscana.it\/it\/autoritratti-fumetti-lucca-uffizi-aspettando-museo-nona-arte\/\" \/>\n<meta property=\"og:site_name\" content=\"intoscana\" \/>\n<meta property=\"article:publisher\" content=\"https:\/\/www.facebook.com\/intoscana.it\" \/>\n<meta property=\"article:published_time\" content=\"2021-09-29T16:20:31+00:00\" \/>\n<meta property=\"article:modified_time\" content=\"2021-09-29T16:21:34+00:00\" \/>\n<meta property=\"og:image\" content=\"https:\/\/www.intoscana.it\/wp-content\/uploads\/Autoritratto-di-Altan-particolare.jpg\" \/>\n\t<meta property=\"og:image:width\" content=\"1500\" \/>\n\t<meta property=\"og:image:height\" content=\"971\" \/>\n\t<meta property=\"og:image:type\" content=\"image\/jpeg\" \/>\n<meta name=\"author\" content=\"Gianluca Testa\" \/>\n<meta name=\"twitter:card\" content=\"summary_large_image\" \/>\n<meta name=\"twitter:creator\" content=\"@intoscana\" \/>\n<meta name=\"twitter:site\" content=\"@intoscana\" \/>\n<meta name=\"twitter:label1\" content=\"Written by\" \/>\n\t<meta name=\"twitter:data1\" content=\"Gianluca Testa\" \/>\n\t<meta name=\"twitter:label2\" content=\"Est. reading time\" \/>\n\t<meta name=\"twitter:data2\" content=\"4 minuti\" \/>\n<script type=\"application\/ld+json\" class=\"yoast-schema-graph\">{\"@context\":\"https:\/\/schema.org\",\"@graph\":[{\"@type\":\"WebPage\",\"@id\":\"https:\/\/www.intoscana.it\/it\/autoritratti-fumetti-lucca-uffizi-aspettando-museo-nona-arte\/\",\"url\":\"https:\/\/www.intoscana.it\/it\/autoritratti-fumetti-lucca-uffizi-aspettando-museo-nona-arte\/\",\"name\":\"Autoritratti a fumetti, da Lucca agli Uffizi (aspettando il museo della nona arte) - intoscana\",\"isPartOf\":{\"@id\":\"https:\/\/www.intoscana.it\/it\/#website\"},\"primaryImageOfPage\":{\"@id\":\"https:\/\/www.intoscana.it\/it\/autoritratti-fumetti-lucca-uffizi-aspettando-museo-nona-arte\/#primaryimage\"},\"image\":{\"@id\":\"https:\/\/www.intoscana.it\/it\/autoritratti-fumetti-lucca-uffizi-aspettando-museo-nona-arte\/#primaryimage\"},\"thumbnailUrl\":\"https:\/\/www.intoscana.it\/wp-content\/uploads\/Autoritratto-di-Altan-particolare.jpg\",\"datePublished\":\"2021-09-29T16:20:31+00:00\",\"dateModified\":\"2021-09-29T16:21:34+00:00\",\"author\":{\"@id\":\"https:\/\/www.intoscana.it\/it\/#\/schema\/person\/f437e015c68b2824ef01d2ed8cdb2923\"},\"description\":\"La collezione di autoritratti voluta da Leopoldo dei Medici si arricchisce di 52 nuove opere firmate tra gli altri da Altan, Paolo Bacilieri e Sara Colaone. Matrimonio felice tra Lucca Comics (che registra il sold out), Uffizi e Ministero della cultura\",\"breadcrumb\":{\"@id\":\"https:\/\/www.intoscana.it\/it\/autoritratti-fumetti-lucca-uffizi-aspettando-museo-nona-arte\/#breadcrumb\"},\"inLanguage\":\"it-IT\",\"potentialAction\":[{\"@type\":\"ReadAction\",\"target\":[\"https:\/\/www.intoscana.it\/it\/autoritratti-fumetti-lucca-uffizi-aspettando-museo-nona-arte\/\"]}]},{\"@type\":\"ImageObject\",\"inLanguage\":\"it-IT\",\"@id\":\"https:\/\/www.intoscana.it\/it\/autoritratti-fumetti-lucca-uffizi-aspettando-museo-nona-arte\/#primaryimage\",\"url\":\"https:\/\/www.intoscana.it\/wp-content\/uploads\/Autoritratto-di-Altan-particolare.jpg\",\"contentUrl\":\"https:\/\/www.intoscana.it\/wp-content\/uploads\/Autoritratto-di-Altan-particolare.jpg\",\"width\":1500,\"height\":971,\"caption\":\"Autoritratto di Altan, particolare\"},{\"@type\":\"BreadcrumbList\",\"@id\":\"https:\/\/www.intoscana.it\/it\/autoritratti-fumetti-lucca-uffizi-aspettando-museo-nona-arte\/#breadcrumb\",\"itemListElement\":[{\"@type\":\"ListItem\",\"position\":1,\"name\":\"Home\",\"item\":\"https:\/\/www.intoscana.it\/it\/\"},{\"@type\":\"ListItem\",\"position\":2,\"name\":\"Autoritratti a fumetti, da Lucca agli Uffizi (aspettando il museo della nona arte)\"}]},{\"@type\":\"WebSite\",\"@id\":\"https:\/\/www.intoscana.it\/it\/#website\",\"url\":\"https:\/\/www.intoscana.it\/it\/\",\"name\":\"intoscana\",\"description\":\"\",\"potentialAction\":[{\"@type\":\"SearchAction\",\"target\":{\"@type\":\"EntryPoint\",\"urlTemplate\":\"https:\/\/www.intoscana.it\/it\/?s={search_term_string}\"},\"query-input\":{\"@type\":\"PropertyValueSpecification\",\"valueRequired\":true,\"valueName\":\"search_term_string\"}}],\"inLanguage\":\"it-IT\"},{\"@type\":\"Person\",\"@id\":\"https:\/\/www.intoscana.it\/it\/#\/schema\/person\/f437e015c68b2824ef01d2ed8cdb2923\",\"name\":\"Gianluca Testa\",\"url\":\"https:\/\/www.intoscana.it\/it\/author\/gianluca-testa\/\"}]}<\/script>\n<!-- \/ Yoast SEO Premium plugin. -->","yoast_head_json":{"title":"Autoritratti a fumetti, da Lucca agli Uffizi (aspettando il museo della nona arte) - intoscana","description":"La collezione di autoritratti voluta da Leopoldo dei Medici si arricchisce di 52 nuove opere firmate tra gli altri da Altan, Paolo Bacilieri e Sara Colaone. Matrimonio felice tra Lucca Comics (che registra il sold out), Uffizi e Ministero della cultura","robots":{"index":"index","follow":"follow","max-snippet":"max-snippet:-1","max-image-preview":"max-image-preview:large","max-video-preview":"max-video-preview:-1"},"canonical":"https:\/\/www.intoscana.it\/it\/autoritratti-fumetti-lucca-uffizi-aspettando-museo-nona-arte\/","og_locale":"it_IT","og_type":"article","og_title":"Autoritratti a fumetti, da Lucca agli Uffizi (aspettando il museo della nona arte)","og_description":"La collezione di autoritratti voluta da Leopoldo dei Medici si arricchisce di 52 nuove opere firmate tra gli altri da Altan, Paolo Bacilieri e Sara Colaone. Matrimonio felice tra Lucca Comics (che registra il sold out), Uffizi e Ministero della cultura","og_url":"https:\/\/www.intoscana.it\/it\/autoritratti-fumetti-lucca-uffizi-aspettando-museo-nona-arte\/","og_site_name":"intoscana","article_publisher":"https:\/\/www.facebook.com\/intoscana.it","article_published_time":"2021-09-29T16:20:31+00:00","article_modified_time":"2021-09-29T16:21:34+00:00","og_image":[{"width":1500,"height":971,"url":"https:\/\/www.intoscana.it\/wp-content\/uploads\/Autoritratto-di-Altan-particolare.jpg","type":"image\/jpeg"}],"author":"Gianluca Testa","twitter_card":"summary_large_image","twitter_creator":"@intoscana","twitter_site":"@intoscana","twitter_misc":{"Written by":"Gianluca Testa","Est. reading time":"4 minuti"},"schema":{"@context":"https:\/\/schema.org","@graph":[{"@type":"WebPage","@id":"https:\/\/www.intoscana.it\/it\/autoritratti-fumetti-lucca-uffizi-aspettando-museo-nona-arte\/","url":"https:\/\/www.intoscana.it\/it\/autoritratti-fumetti-lucca-uffizi-aspettando-museo-nona-arte\/","name":"Autoritratti a fumetti, da Lucca agli Uffizi (aspettando il museo della nona arte) - intoscana","isPartOf":{"@id":"https:\/\/www.intoscana.it\/it\/#website"},"primaryImageOfPage":{"@id":"https:\/\/www.intoscana.it\/it\/autoritratti-fumetti-lucca-uffizi-aspettando-museo-nona-arte\/#primaryimage"},"image":{"@id":"https:\/\/www.intoscana.it\/it\/autoritratti-fumetti-lucca-uffizi-aspettando-museo-nona-arte\/#primaryimage"},"thumbnailUrl":"https:\/\/www.intoscana.it\/wp-content\/uploads\/Autoritratto-di-Altan-particolare.jpg","datePublished":"2021-09-29T16:20:31+00:00","dateModified":"2021-09-29T16:21:34+00:00","author":{"@id":"https:\/\/www.intoscana.it\/it\/#\/schema\/person\/f437e015c68b2824ef01d2ed8cdb2923"},"description":"La collezione di autoritratti voluta da Leopoldo dei Medici si arricchisce di 52 nuove opere firmate tra gli altri da Altan, Paolo Bacilieri e Sara Colaone. Matrimonio felice tra Lucca Comics (che registra il sold out), Uffizi e Ministero della cultura","breadcrumb":{"@id":"https:\/\/www.intoscana.it\/it\/autoritratti-fumetti-lucca-uffizi-aspettando-museo-nona-arte\/#breadcrumb"},"inLanguage":"it-IT","potentialAction":[{"@type":"ReadAction","target":["https:\/\/www.intoscana.it\/it\/autoritratti-fumetti-lucca-uffizi-aspettando-museo-nona-arte\/"]}]},{"@type":"ImageObject","inLanguage":"it-IT","@id":"https:\/\/www.intoscana.it\/it\/autoritratti-fumetti-lucca-uffizi-aspettando-museo-nona-arte\/#primaryimage","url":"https:\/\/www.intoscana.it\/wp-content\/uploads\/Autoritratto-di-Altan-particolare.jpg","contentUrl":"https:\/\/www.intoscana.it\/wp-content\/uploads\/Autoritratto-di-Altan-particolare.jpg","width":1500,"height":971,"caption":"Autoritratto di Altan, particolare"},{"@type":"BreadcrumbList","@id":"https:\/\/www.intoscana.it\/it\/autoritratti-fumetti-lucca-uffizi-aspettando-museo-nona-arte\/#breadcrumb","itemListElement":[{"@type":"ListItem","position":1,"name":"Home","item":"https:\/\/www.intoscana.it\/it\/"},{"@type":"ListItem","position":2,"name":"Autoritratti a fumetti, da Lucca agli Uffizi (aspettando il museo della nona arte)"}]},{"@type":"WebSite","@id":"https:\/\/www.intoscana.it\/it\/#website","url":"https:\/\/www.intoscana.it\/it\/","name":"intoscana","description":"","potentialAction":[{"@type":"SearchAction","target":{"@type":"EntryPoint","urlTemplate":"https:\/\/www.intoscana.it\/it\/?s={search_term_string}"},"query-input":{"@type":"PropertyValueSpecification","valueRequired":true,"valueName":"search_term_string"}}],"inLanguage":"it-IT"},{"@type":"Person","@id":"https:\/\/www.intoscana.it\/it\/#\/schema\/person\/f437e015c68b2824ef01d2ed8cdb2923","name":"Gianluca Testa","url":"https:\/\/www.intoscana.it\/it\/author\/gianluca-testa\/"}]}},"_links":{"self":[{"href":"https:\/\/www.intoscana.it\/it\/wp-json\/wp\/v2\/posts\/192033","targetHints":{"allow":["GET"]}}],"collection":[{"href":"https:\/\/www.intoscana.it\/it\/wp-json\/wp\/v2\/posts"}],"about":[{"href":"https:\/\/www.intoscana.it\/it\/wp-json\/wp\/v2\/types\/post"}],"author":[{"embeddable":true,"href":"https:\/\/www.intoscana.it\/it\/wp-json\/wp\/v2\/users\/521"}],"replies":[{"embeddable":true,"href":"https:\/\/www.intoscana.it\/it\/wp-json\/wp\/v2\/comments?post=192033"}],"version-history":[{"count":0,"href":"https:\/\/www.intoscana.it\/it\/wp-json\/wp\/v2\/posts\/192033\/revisions"}],"wp:featuredmedia":[{"embeddable":true,"href":"https:\/\/www.intoscana.it\/it\/wp-json\/wp\/v2\/media\/192041"}],"wp:attachment":[{"href":"https:\/\/www.intoscana.it\/it\/wp-json\/wp\/v2\/media?parent=192033"}],"wp:term":[{"taxonomy":"category","embeddable":true,"href":"https:\/\/www.intoscana.it\/it\/wp-json\/wp\/v2\/categories?post=192033"},{"taxonomy":"post_tag","embeddable":true,"href":"https:\/\/www.intoscana.it\/it\/wp-json\/wp\/v2\/tags?post=192033"}],"curies":[{"name":"wp","href":"https:\/\/api.w.org\/{rel}","templated":true}]}}