{"id":192163,"date":"2021-09-30T16:21:47","date_gmt":"2021-09-30T14:21:47","guid":{"rendered":"https:\/\/www.intoscana.it\/it\/?p=192163"},"modified":"2021-09-30T18:37:28","modified_gmt":"2021-09-30T16:37:28","slug":"toscana-export-regge-nonostante-covid-farmaceutica","status":"publish","type":"post","link":"https:\/\/www.intoscana.it\/it\/toscana-export-regge-nonostante-covid-farmaceutica\/","title":{"rendered":"In Toscana l&#8217;export &#8220;regge&#8221; (nonostante il Covid): +33,2% per la farmaceutica"},"content":{"rendered":"<p><mark>La <strong>Toscana<\/strong> ha sostenuto l&#8217;impatto del Covid meglio di altre regioni. Nel 2020 ha infatti registrato una diminuzione del 6,2% delle esportazioni rispetto al 2019<\/mark>, con una performance meno negativa rispetto a <strong>Piemonte<\/strong> (-12,7%), <strong>Lombardia<\/strong> (-10,6%), <strong>Emilia-Romagna<\/strong> e <strong>Veneto<\/strong> (-8,2% per entrambe). \u00c8 quanto emerge dall&#8217;analisi elaborata da EY (leader dei servizi professionali per le aziende), e Luiss Business school e presentata in occasione dell&#8217;apertura dei lavori della prima tappa del roadshow <a href=\"https:\/\/www.ey.com\/it_it\/calendario-eventi-e-iniziative\/imprenditori-italia-coverciano\" target=\"_blank\" rel=\"noopener\">&#8220;Imprenditori d&#8217;Italia&#8221;<\/a>.<\/p>\n<h3>Reggono moda e farmaceutica<\/h3>\n<p><mark>Tra i principali distretti toscani emerge quello della moda insieme alla farmaceutica<\/mark>. Nel 2020 le esportazioni di prodotti tessili e della pelle hanno subito una contrazione pari al <strong>-25,5%<\/strong>. Tuttavia, secondo l&#8217;analisi, la <strong>Toscana<\/strong> ha registrato un risultato migliore rispetto ai territori di riferimento: a fronte del 25% delle esportazioni della Toscana, si registra il 18% dell&#8217;<strong>Umbria<\/strong>, il 15% delle <strong>Marche<\/strong> e il 10% dell&#8217;<strong>Emilia-Romagna<\/strong>.<\/p>\n<p><mark>L&#8217;indice di specializzazione produttiva per la Toscana \u00e8 pari a 5,5%, dato in linea con le Marche (5,3%), e superiore di Emilia-Romagna e Umbria (1,5% e 2,4%)<\/mark>. L&#8217;indice di presenza di grandi player nella filiera \u00e8 pari a 0,19% per la Toscana, in linea con le Marche ma inferiore all&#8217;Emilia-Romagna (0,62%) e all&#8217;Umbria (0,42%).<\/p>\n<p><em>&#8220;Sono numeri che parlano chiaro. Numeri che raccontano della buona performance della Toscana, che resiste meglio di altre regioni nei valori complessivi, e ha addirittura un risultato straordinario nel settore farmaceutico&#8221;<\/em> commenta il presidente della Regione Toscana, <strong>Eugenio Giani<\/strong>. <em>&#8220;Questo dice una cosa importante: <mark>il tessuto produttivo toscano \u00e8 sano, grazie alla qualit\u00e0 dell\u2019impresa e del lavoro e al ruolo di sostegno da parte delle istituzioni, che mai \u00e8 venuto meno<\/mark>. Questi sono dati significativi anche per un altro motivo: il lavoro di ripartenza che ci attende con il Pnrr pu\u00f2 contare su una base solida e l\u2019obiettivo di creare nuovo e buon lavoro sulla presenza di settori produttivi ricchi di know-how e di capacit\u00e0 di espansione e di attrazione. \u00c8 un lavoro che dovremo accompagnare con un grande impegno al dialogo fra tutte le forze sociali in campo e dando finalmente risposta al bisogno di modernizzazione infrastrutturale della Toscana&#8221;.<\/em><\/p>\n<h3>Occupazione e produttivit\u00e0<\/h3>\n<p>Sebbene le grandi aziende siano numericamente inferiori in proporzione al totale delle imprese, hanno un peso importante in termini di <strong>volumi<\/strong>, <strong>fatturato<\/strong> e <strong>occupazione<\/strong>. <mark>L&#8217;indice di occupazionale per il settore in <strong>Toscana<\/strong> \u00e8 del 27%, contro il 7,8% delle Marche, il 4% dell&#8217;Umbria e il 2% dell&#8217;Emilia-Romagna<\/mark>.<\/p>\n<p>L&#8217;analisi evidenzia inoltre che in Toscana <em>&#8220;esistono piccole realt\u00e0 integrate in reti di filiera con livelli di digitalizzazione importanti&#8221;<\/em> anche se tra i punti di debolezza del comparto sono indicate <em>&#8220;la ridotta dimensione produttiva e il ritardo nell&#8217;innovazione&#8221;<\/em>. L&#8217;offerta formativa del settore prevede<em> &#8220;alcune iniziative legate al concetto di eccellenza artigiana e che sono sostenute dai brand del lusso&#8221;<\/em>, mentre sul fronte della sostenibilit\u00e0 la Toscana <em>&#8220;partendo dall&#8217;esperienza di Prato, pu\u00f2 diventare una best practice a livello mondiale della moda green&#8221;.<\/em><\/p>\n<h3>Toscana, terzo polo nazionale<\/h3>\n<p><mark>Per quel che riguarda i prodotti farmaceutici, nel 2020 le esportazioni di prodotti in <strong>Toscana<\/strong> hanno registrato un aumento del 33,2%, contro il -14% della regione Lazio, +7,6% della Lombardia e -20% della Puglia<\/mark>. Il comparto farmaceutico e life science della Toscana, ricorda lo studio, costituisce il terzo polo nazionale dopo Lombardia e Lazio, con un totale di oltre <strong>400 imprese attive<\/strong> e con un valore complessivo della produzione pari a circa <strong>6 miliardi di euro<\/strong>.<\/p>\n<p><mark>Secondo lo studio, l&#8217;indice di capacit\u00e0 esportativa della regione Toscana (10%) \u00e8 pi\u00f9 basso del Lazio (38%) e lievemente superiore della Puglia (9%) e della Lombardia (7%)<\/mark>. L&#8217;indice di specializzazione produttiva della Toscana \u00e8 pari allo 0,04%, a fronte dello 0,08% della Lombardia, dello 0,05% del Lazio, dello 0,02% della Puglia. Il valore degli indici, precisa l&#8217;analisi, \u00e8 dovuto principalmente al fatto che il settore farmaceutico per sua natura non \u00e8 compatibile con dimensioni aziendali di tipo micro e piccolo, che invece caratterizzano il tessuto aziendale prevalente nel territorio italiano. L&#8217;indice della presenza di grandi player del settore farmaceutico della regione Toscana \u00e8 pari al 16% contro il 10% della regione Lazio e il 9,6% della regione Lombardia, percentuale che indica una maggiore attrattivit\u00e0 della Toscana per grandi investitori.<\/p>\n","protected":false},"excerpt":{"rendered":"<p>A fronte di una diminuzione generale dell&#8217;export, la Toscana ha retto pi\u00f9 e meglio delle altre regioni di fronte agli effetti della pandemia. Addirittura si registra un netto aumento per i prodotti farmaceutici<\/p>\n","protected":false},"author":525,"featured_media":192168,"comment_status":"open","ping_status":"open","sticky":false,"template":"","format":"standard","meta":{"_acf_changed":false,"footnotes":""},"categories":[494],"tags":[211,446,5353,189],"class_list":["post-192163","post","type-post","status-publish","format-standard","has-post-thumbnail","hentry","category-attualita","tag-economia","tag-export","tag-farmaceutica","tag-moda"],"acf":[],"yoast_head":"<!-- This site is optimized with the Yoast SEO Premium plugin v24.2 (Yoast SEO v25.6) - https:\/\/yoast.com\/wordpress\/plugins\/seo\/ -->\n<title>In Toscana l&#039;export &quot;regge&quot; (nonostante il Covid): +33,2% per la farmaceutica - intoscana<\/title>\n<meta name=\"description\" content=\"A fronte di una diminuzione generale dell&#039;export, la Toscana ha retto pi\u00f9 e meglio delle altre regioni di fronte agli effetti della pandemia. Addirittura si registra un netto aumento per i prodotti farmaceutici\" \/>\n<meta name=\"robots\" content=\"index, follow, max-snippet:-1, max-image-preview:large, max-video-preview:-1\" \/>\n<link rel=\"canonical\" href=\"https:\/\/www.intoscana.it\/it\/toscana-export-regge-nonostante-covid-farmaceutica\/\" \/>\n<meta property=\"og:locale\" content=\"it_IT\" \/>\n<meta property=\"og:type\" content=\"article\" \/>\n<meta property=\"og:title\" content=\"In Toscana l&#039;export &quot;regge&quot; (nonostante il Covid): +33,2% per la farmaceutica\" \/>\n<meta property=\"og:description\" content=\"A fronte di una diminuzione generale dell&#039;export, la Toscana ha retto pi\u00f9 e meglio delle altre regioni di fronte agli effetti della pandemia. Addirittura si registra un netto aumento per i prodotti farmaceutici\" \/>\n<meta property=\"og:url\" content=\"https:\/\/www.intoscana.it\/it\/toscana-export-regge-nonostante-covid-farmaceutica\/\" \/>\n<meta property=\"og:site_name\" content=\"intoscana\" \/>\n<meta property=\"article:publisher\" content=\"https:\/\/www.facebook.com\/intoscana.it\" \/>\n<meta property=\"article:published_time\" content=\"2021-09-30T14:21:47+00:00\" \/>\n<meta property=\"article:modified_time\" content=\"2021-09-30T16:37:28+00:00\" \/>\n<meta property=\"og:image\" content=\"https:\/\/www.intoscana.it\/wp-content\/uploads\/Export-CHUTTERSNAP-Unsplash.jpg\" \/>\n\t<meta property=\"og:image:width\" content=\"1920\" \/>\n\t<meta property=\"og:image:height\" content=\"1280\" \/>\n\t<meta property=\"og:image:type\" content=\"image\/jpeg\" \/>\n<meta name=\"author\" content=\"Redazione\" \/>\n<meta name=\"twitter:card\" content=\"summary_large_image\" \/>\n<meta name=\"twitter:creator\" content=\"@intoscana\" \/>\n<meta name=\"twitter:site\" content=\"@intoscana\" \/>\n<meta name=\"twitter:label1\" content=\"Written by\" \/>\n\t<meta name=\"twitter:data1\" content=\"Redazione\" \/>\n\t<meta name=\"twitter:label2\" content=\"Est. reading time\" \/>\n\t<meta name=\"twitter:data2\" content=\"3 minuti\" \/>\n<script type=\"application\/ld+json\" class=\"yoast-schema-graph\">{\"@context\":\"https:\/\/schema.org\",\"@graph\":[{\"@type\":\"WebPage\",\"@id\":\"https:\/\/www.intoscana.it\/it\/toscana-export-regge-nonostante-covid-farmaceutica\/\",\"url\":\"https:\/\/www.intoscana.it\/it\/toscana-export-regge-nonostante-covid-farmaceutica\/\",\"name\":\"In Toscana l'export \\\"regge\\\" (nonostante il Covid): +33,2% per la farmaceutica - intoscana\",\"isPartOf\":{\"@id\":\"https:\/\/www.intoscana.it\/it\/#website\"},\"primaryImageOfPage\":{\"@id\":\"https:\/\/www.intoscana.it\/it\/toscana-export-regge-nonostante-covid-farmaceutica\/#primaryimage\"},\"image\":{\"@id\":\"https:\/\/www.intoscana.it\/it\/toscana-export-regge-nonostante-covid-farmaceutica\/#primaryimage\"},\"thumbnailUrl\":\"https:\/\/www.intoscana.it\/wp-content\/uploads\/Export-CHUTTERSNAP-Unsplash.jpg\",\"datePublished\":\"2021-09-30T14:21:47+00:00\",\"dateModified\":\"2021-09-30T16:37:28+00:00\",\"author\":{\"@id\":\"https:\/\/www.intoscana.it\/it\/#\/schema\/person\/9223810753230f20bd670fdd322661f8\"},\"description\":\"A fronte di una diminuzione generale dell'export, la Toscana ha retto pi\u00f9 e meglio delle altre regioni di fronte agli effetti della pandemia. Addirittura si registra un netto aumento per i prodotti farmaceutici\",\"breadcrumb\":{\"@id\":\"https:\/\/www.intoscana.it\/it\/toscana-export-regge-nonostante-covid-farmaceutica\/#breadcrumb\"},\"inLanguage\":\"it-IT\",\"potentialAction\":[{\"@type\":\"ReadAction\",\"target\":[\"https:\/\/www.intoscana.it\/it\/toscana-export-regge-nonostante-covid-farmaceutica\/\"]}]},{\"@type\":\"ImageObject\",\"inLanguage\":\"it-IT\",\"@id\":\"https:\/\/www.intoscana.it\/it\/toscana-export-regge-nonostante-covid-farmaceutica\/#primaryimage\",\"url\":\"https:\/\/www.intoscana.it\/wp-content\/uploads\/Export-CHUTTERSNAP-Unsplash.jpg\",\"contentUrl\":\"https:\/\/www.intoscana.it\/wp-content\/uploads\/Export-CHUTTERSNAP-Unsplash.jpg\",\"width\":1920,\"height\":1280},{\"@type\":\"BreadcrumbList\",\"@id\":\"https:\/\/www.intoscana.it\/it\/toscana-export-regge-nonostante-covid-farmaceutica\/#breadcrumb\",\"itemListElement\":[{\"@type\":\"ListItem\",\"position\":1,\"name\":\"Home\",\"item\":\"https:\/\/www.intoscana.it\/it\/\"},{\"@type\":\"ListItem\",\"position\":2,\"name\":\"In Toscana l&#8217;export &#8220;regge&#8221; (nonostante il Covid): +33,2% per la farmaceutica\"}]},{\"@type\":\"WebSite\",\"@id\":\"https:\/\/www.intoscana.it\/it\/#website\",\"url\":\"https:\/\/www.intoscana.it\/it\/\",\"name\":\"intoscana\",\"description\":\"\",\"potentialAction\":[{\"@type\":\"SearchAction\",\"target\":{\"@type\":\"EntryPoint\",\"urlTemplate\":\"https:\/\/www.intoscana.it\/it\/?s={search_term_string}\"},\"query-input\":{\"@type\":\"PropertyValueSpecification\",\"valueRequired\":true,\"valueName\":\"search_term_string\"}}],\"inLanguage\":\"it-IT\"},{\"@type\":\"Person\",\"@id\":\"https:\/\/www.intoscana.it\/it\/#\/schema\/person\/9223810753230f20bd670fdd322661f8\",\"name\":\"Redazione\",\"url\":\"https:\/\/www.intoscana.it\/it\/author\/redazione\/\"}]}<\/script>\n<!-- \/ Yoast SEO Premium plugin. -->","yoast_head_json":{"title":"In Toscana l'export \"regge\" (nonostante il Covid): +33,2% per la farmaceutica - intoscana","description":"A fronte di una diminuzione generale dell'export, la Toscana ha retto pi\u00f9 e meglio delle altre regioni di fronte agli effetti della pandemia. Addirittura si registra un netto aumento per i prodotti farmaceutici","robots":{"index":"index","follow":"follow","max-snippet":"max-snippet:-1","max-image-preview":"max-image-preview:large","max-video-preview":"max-video-preview:-1"},"canonical":"https:\/\/www.intoscana.it\/it\/toscana-export-regge-nonostante-covid-farmaceutica\/","og_locale":"it_IT","og_type":"article","og_title":"In Toscana l'export \"regge\" (nonostante il Covid): +33,2% per la farmaceutica","og_description":"A fronte di una diminuzione generale dell'export, la Toscana ha retto pi\u00f9 e meglio delle altre regioni di fronte agli effetti della pandemia. Addirittura si registra un netto aumento per i prodotti farmaceutici","og_url":"https:\/\/www.intoscana.it\/it\/toscana-export-regge-nonostante-covid-farmaceutica\/","og_site_name":"intoscana","article_publisher":"https:\/\/www.facebook.com\/intoscana.it","article_published_time":"2021-09-30T14:21:47+00:00","article_modified_time":"2021-09-30T16:37:28+00:00","og_image":[{"width":1920,"height":1280,"url":"https:\/\/www.intoscana.it\/wp-content\/uploads\/Export-CHUTTERSNAP-Unsplash.jpg","type":"image\/jpeg"}],"author":"Redazione","twitter_card":"summary_large_image","twitter_creator":"@intoscana","twitter_site":"@intoscana","twitter_misc":{"Written by":"Redazione","Est. reading time":"3 minuti"},"schema":{"@context":"https:\/\/schema.org","@graph":[{"@type":"WebPage","@id":"https:\/\/www.intoscana.it\/it\/toscana-export-regge-nonostante-covid-farmaceutica\/","url":"https:\/\/www.intoscana.it\/it\/toscana-export-regge-nonostante-covid-farmaceutica\/","name":"In Toscana l'export \"regge\" (nonostante il Covid): +33,2% per la farmaceutica - intoscana","isPartOf":{"@id":"https:\/\/www.intoscana.it\/it\/#website"},"primaryImageOfPage":{"@id":"https:\/\/www.intoscana.it\/it\/toscana-export-regge-nonostante-covid-farmaceutica\/#primaryimage"},"image":{"@id":"https:\/\/www.intoscana.it\/it\/toscana-export-regge-nonostante-covid-farmaceutica\/#primaryimage"},"thumbnailUrl":"https:\/\/www.intoscana.it\/wp-content\/uploads\/Export-CHUTTERSNAP-Unsplash.jpg","datePublished":"2021-09-30T14:21:47+00:00","dateModified":"2021-09-30T16:37:28+00:00","author":{"@id":"https:\/\/www.intoscana.it\/it\/#\/schema\/person\/9223810753230f20bd670fdd322661f8"},"description":"A fronte di una diminuzione generale dell'export, la Toscana ha retto pi\u00f9 e meglio delle altre regioni di fronte agli effetti della pandemia. Addirittura si registra un netto aumento per i prodotti farmaceutici","breadcrumb":{"@id":"https:\/\/www.intoscana.it\/it\/toscana-export-regge-nonostante-covid-farmaceutica\/#breadcrumb"},"inLanguage":"it-IT","potentialAction":[{"@type":"ReadAction","target":["https:\/\/www.intoscana.it\/it\/toscana-export-regge-nonostante-covid-farmaceutica\/"]}]},{"@type":"ImageObject","inLanguage":"it-IT","@id":"https:\/\/www.intoscana.it\/it\/toscana-export-regge-nonostante-covid-farmaceutica\/#primaryimage","url":"https:\/\/www.intoscana.it\/wp-content\/uploads\/Export-CHUTTERSNAP-Unsplash.jpg","contentUrl":"https:\/\/www.intoscana.it\/wp-content\/uploads\/Export-CHUTTERSNAP-Unsplash.jpg","width":1920,"height":1280},{"@type":"BreadcrumbList","@id":"https:\/\/www.intoscana.it\/it\/toscana-export-regge-nonostante-covid-farmaceutica\/#breadcrumb","itemListElement":[{"@type":"ListItem","position":1,"name":"Home","item":"https:\/\/www.intoscana.it\/it\/"},{"@type":"ListItem","position":2,"name":"In Toscana l&#8217;export &#8220;regge&#8221; (nonostante il Covid): +33,2% per la farmaceutica"}]},{"@type":"WebSite","@id":"https:\/\/www.intoscana.it\/it\/#website","url":"https:\/\/www.intoscana.it\/it\/","name":"intoscana","description":"","potentialAction":[{"@type":"SearchAction","target":{"@type":"EntryPoint","urlTemplate":"https:\/\/www.intoscana.it\/it\/?s={search_term_string}"},"query-input":{"@type":"PropertyValueSpecification","valueRequired":true,"valueName":"search_term_string"}}],"inLanguage":"it-IT"},{"@type":"Person","@id":"https:\/\/www.intoscana.it\/it\/#\/schema\/person\/9223810753230f20bd670fdd322661f8","name":"Redazione","url":"https:\/\/www.intoscana.it\/it\/author\/redazione\/"}]}},"_links":{"self":[{"href":"https:\/\/www.intoscana.it\/it\/wp-json\/wp\/v2\/posts\/192163","targetHints":{"allow":["GET"]}}],"collection":[{"href":"https:\/\/www.intoscana.it\/it\/wp-json\/wp\/v2\/posts"}],"about":[{"href":"https:\/\/www.intoscana.it\/it\/wp-json\/wp\/v2\/types\/post"}],"author":[{"embeddable":true,"href":"https:\/\/www.intoscana.it\/it\/wp-json\/wp\/v2\/users\/525"}],"replies":[{"embeddable":true,"href":"https:\/\/www.intoscana.it\/it\/wp-json\/wp\/v2\/comments?post=192163"}],"version-history":[{"count":0,"href":"https:\/\/www.intoscana.it\/it\/wp-json\/wp\/v2\/posts\/192163\/revisions"}],"wp:featuredmedia":[{"embeddable":true,"href":"https:\/\/www.intoscana.it\/it\/wp-json\/wp\/v2\/media\/192168"}],"wp:attachment":[{"href":"https:\/\/www.intoscana.it\/it\/wp-json\/wp\/v2\/media?parent=192163"}],"wp:term":[{"taxonomy":"category","embeddable":true,"href":"https:\/\/www.intoscana.it\/it\/wp-json\/wp\/v2\/categories?post=192163"},{"taxonomy":"post_tag","embeddable":true,"href":"https:\/\/www.intoscana.it\/it\/wp-json\/wp\/v2\/tags?post=192163"}],"curies":[{"name":"wp","href":"https:\/\/api.w.org\/{rel}","templated":true}]}}