{"id":192456,"date":"2021-10-02T12:36:27","date_gmt":"2021-10-02T10:36:27","guid":{"rendered":"https:\/\/www.intoscana.it\/it\/?p=192456"},"modified":"2021-10-04T15:23:58","modified_gmt":"2021-10-04T13:23:58","slug":"bollettino-covid-toscana-2-ottobre","status":"publish","type":"post","link":"https:\/\/www.intoscana.it\/it\/bollettino-covid-toscana-2-ottobre\/","title":{"rendered":"Covid, 277 i nuovi positivi in Toscana. Calano i ricoveri. Registrato un solo decesso"},"content":{"rendered":"<p><strong>Sono 277 in pi\u00f9 rispetto a ieri<\/strong> i nuovi casi positivi in Toscana (271 confermati con tampone molecolare e 6 da test rapido antigenico), che portano a 282.744 i casi registrati dall&#8217;inizio della pandemia. <strong>I nuovi casi sono lo 0,1% in pi\u00f9 rispetto al totale del giorno precedente.<\/strong> L&#8217;et\u00e0 media dei 277 nuovi positivi odierni \u00e8 di 39 anni circa (27% ha meno di 20 anni, 20% tra 20 e 39 anni, 31% tra 40 e 59 anni, 15% tra 60 e 79 anni, 7% ha 80 anni o pi\u00f9).<\/p>\n<p><strong>Le persone ricoverate nei posti letto<\/strong> dedicati ai pazienti Covid oggi <strong>sono complessivamente 263<\/strong> (2 in meno rispetto a ieri, meno 0,8%), 35 in terapia intensiva (stabili rispetto a ieri).<\/p>\n<h3>Salgono i guariti<\/h3>\n<p><strong>I guariti crescono dello 0,1% e raggiungono quota 268.920<\/strong> (95,1% dei casi totali). Oggi sono stati eseguiti 8.746 tamponi molecolari e 13.562 tamponi antigenici rapidi, di questi l&#8217;1,2% \u00e8 risultato positivo. Sono invece 7.553 i soggetti testati oggi (con tampone antigenico e\/o molecolare, escludendo i tamponi di controllo), di cui il 3,7% \u00e8 risultato positivo. Gli attualmente positivi sono oggi 6.648, -0,7% rispetto a ieri.<\/p>\n<p>Oggi si registra <strong>1 nuovo decesso<\/strong>: un uomo di 90 anni. Relativamente alla provincia di residenza, la persona deceduta \u00e8 a Arezzo.<\/p>\n<h3>I nuovi casi<\/h3>\n<p>Di seguito i casi di positivit\u00e0 sul territorio con la variazione rispetto a ieri (271 confermati con tampone molecolare e 6 da test rapido antigenico). Sono 78.485 i casi complessivi ad oggi a Firenze (102 in pi\u00f9 rispetto a ieri), 26.237 a Prato (36 in pi\u00f9), 26.706 a Pistoia (27 in pi\u00f9), 14.795 a Massa (14 in pi\u00f9), 28.825 a Lucca (20 in pi\u00f9), 33.189 a Pisa (15 in pi\u00f9), 20.981 a Livorno (17 in pi\u00f9), 25.672 ad Arezzo (10 in pi\u00f9), 16.224 a Siena (23 in pi\u00f9), 11.075 a Grosseto (13 in pi\u00f9). Sono 555 i casi positivi notificati in Toscana, ma residenti in altre regioni. Sono 168 i casi riscontrati oggi nell&#8217;Asl Centro, 63 nella Nord Ovest, 46 nella Sud est.<\/p>\n<p>La Toscana <strong>si trova al 10\u00b0 posto in Italia<\/strong> come numerosit\u00e0 di casi (comprensivi di residenti e non residenti), con circa 7.708 casi per 100.000 abitanti (media italiana circa 7.891 x100.000, dato di ieri). Le province di notifica con il tasso pi\u00f9 alto sono Prato con 10.247 casi x100.000 abitanti, Pistoia con 9.183, Pisa con 7.970, la pi\u00f9 bassa Grosseto con 5.068.<\/p>\n<h3>Isolamento, sorveglianza attiva e ricoveri<\/h3>\n<p>Complessivamente, <strong>6.385 persone sono in isolamento a casa<\/strong>, poich\u00e9 presentano sintomi lievi che non richiedono cure ospedaliere o risultano prive di sintomi (47 in meno rispetto a ieri, meno 0,7%). <strong>Sono 16.158 (379 in meno rispetto a ieri, meno 2,3%)<\/strong> le persone, anche loro isolate, in sorveglianza attiva, perch\u00e9 hanno avuto contatti con persone contagiate (Asl Centro 6.628, Nord Ovest 5.885, Sud Est 3.645).<\/p>\n<h3>Guarigioni e decessi<\/h3>\n<p><strong>Le persone complessivamente guarite sono 268.920<\/strong> (325 in pi\u00f9 rispetto a ieri, pi\u00f9 0,1%): 0 persone clinicamente guarite (stabili rispetto a ieri), divenute cio\u00e8 asintomatiche dopo aver presentato manifestazioni cliniche associate all&#8217;infezione e 268.920 (325 in pi\u00f9 rispetto a ieri, pi\u00f9 0,1%) dichiarate guarite a tutti gli effetti, le cosiddette guarigioni virali, con tampone negativo.<\/p>\n<p>Sono 7.176 i deceduti dall&#8217;inizio dell&#8217;epidemia cosi ripartiti: 2.312 a Firenze, 638 a Prato, 659 a Pistoia, 533 a Massa Carrara, 686 a Lucca, 723 a Pisa, 424 a Livorno, 552 ad Arezzo, 350 a Siena, 207 a Grosseto, 92 persone sono decedute sul suolo toscano ma erano residenti fuori regione.<\/p>\n<p>Il tasso grezzo di mortalit\u00e0 toscano (numero di deceduti\/popolazione residente) per Covid-19 \u00e8 di 195,6 x100.000 residenti contro il 221 x100.000 della media italiana (12\u00b0 regione). Per quanto riguarda le province, il tasso di mortalit\u00e0 pi\u00f9 alto si riscontra a Massa Carrara (280,8 x100.000), Prato (249,2 x100.000) e Firenze (234,5 x100.000), il pi\u00f9 basso a Grosseto (94,7 x100.000).<\/p>\n","protected":false},"excerpt":{"rendered":"<p>Continuano a salire le guarigioni, ad oggi sono 268.920 in tutta la nostra regione. I ricoverati sono 263 (2 in meno rispetto a ieri), di cui 35 in terapia intensiva (stabili)<\/p>\n<div class=\"row has-sidebar\">\n<div id=\"column-2\" class=\"col-md-12 col-lg-9 portlet-column portlet-column-first\">\n<div class=\"rt-page__content rt-page-content--left\">\n<div class=\"rt-page__content-text\"><\/div>\n<\/div>\n<\/div>\n<\/div>\n","protected":false},"author":525,"featured_media":163818,"comment_status":"open","ping_status":"open","sticky":false,"template":"","format":"standard","meta":{"_acf_changed":false,"footnotes":""},"categories":[494],"tags":[4868,4809],"class_list":["post-192456","post","type-post","status-publish","format-standard","has-post-thumbnail","hentry","category-attualita","tag-bollettino-covid-toscana","tag-covid"],"acf":[],"yoast_head":"<!-- This site is optimized with the Yoast SEO Premium plugin v24.2 (Yoast SEO v25.6) - https:\/\/yoast.com\/wordpress\/plugins\/seo\/ -->\n<title>Covid, 277 i nuovi positivi in Toscana. Calano i ricoveri. Registrato un solo decesso - intoscana<\/title>\n<meta name=\"robots\" content=\"index, follow, max-snippet:-1, max-image-preview:large, max-video-preview:-1\" \/>\n<link rel=\"canonical\" href=\"https:\/\/www.intoscana.it\/it\/bollettino-covid-toscana-2-ottobre\/\" \/>\n<meta property=\"og:locale\" content=\"it_IT\" \/>\n<meta property=\"og:type\" content=\"article\" \/>\n<meta property=\"og:title\" content=\"Covid, 277 i nuovi positivi in Toscana. Calano i ricoveri. Registrato un solo decesso\" \/>\n<meta property=\"og:description\" content=\"Continuano a salire le guarigioni, ad oggi sono 268.920 in tutta la nostra regione. I ricoverati sono 263 (2 in meno rispetto a ieri), di cui 35 in terapia intensiva (stabili)\" \/>\n<meta property=\"og:url\" content=\"https:\/\/www.intoscana.it\/it\/bollettino-covid-toscana-2-ottobre\/\" \/>\n<meta property=\"og:site_name\" content=\"intoscana\" \/>\n<meta property=\"article:publisher\" content=\"https:\/\/www.facebook.com\/intoscana.it\" \/>\n<meta property=\"article:published_time\" content=\"2021-10-02T10:36:27+00:00\" \/>\n<meta property=\"article:modified_time\" content=\"2021-10-04T13:23:58+00:00\" \/>\n<meta property=\"og:image\" content=\"https:\/\/www.intoscana.it\/wp-content\/uploads\/Covid-19-gennaio-2021-scaled.jpg\" \/>\n\t<meta property=\"og:image:width\" content=\"2048\" \/>\n\t<meta property=\"og:image:height\" content=\"1366\" \/>\n\t<meta property=\"og:image:type\" content=\"image\/jpeg\" \/>\n<meta name=\"author\" content=\"Redazione\" \/>\n<meta name=\"twitter:card\" content=\"summary_large_image\" \/>\n<meta name=\"twitter:creator\" content=\"@intoscana\" \/>\n<meta name=\"twitter:site\" content=\"@intoscana\" \/>\n<meta name=\"twitter:label1\" content=\"Written by\" \/>\n\t<meta name=\"twitter:data1\" content=\"Redazione\" \/>\n\t<meta name=\"twitter:label2\" content=\"Est. reading time\" \/>\n\t<meta name=\"twitter:data2\" content=\"3 minuti\" \/>\n<script type=\"application\/ld+json\" class=\"yoast-schema-graph\">{\"@context\":\"https:\/\/schema.org\",\"@graph\":[{\"@type\":\"WebPage\",\"@id\":\"https:\/\/www.intoscana.it\/it\/bollettino-covid-toscana-2-ottobre\/\",\"url\":\"https:\/\/www.intoscana.it\/it\/bollettino-covid-toscana-2-ottobre\/\",\"name\":\"Covid, 277 i nuovi positivi in Toscana. Calano i ricoveri. Registrato un solo decesso - intoscana\",\"isPartOf\":{\"@id\":\"https:\/\/www.intoscana.it\/it\/#website\"},\"primaryImageOfPage\":{\"@id\":\"https:\/\/www.intoscana.it\/it\/bollettino-covid-toscana-2-ottobre\/#primaryimage\"},\"image\":{\"@id\":\"https:\/\/www.intoscana.it\/it\/bollettino-covid-toscana-2-ottobre\/#primaryimage\"},\"thumbnailUrl\":\"https:\/\/www.intoscana.it\/wp-content\/uploads\/Covid-19-gennaio-2021-scaled.jpg\",\"datePublished\":\"2021-10-02T10:36:27+00:00\",\"dateModified\":\"2021-10-04T13:23:58+00:00\",\"author\":{\"@id\":\"https:\/\/www.intoscana.it\/it\/#\/schema\/person\/9223810753230f20bd670fdd322661f8\"},\"breadcrumb\":{\"@id\":\"https:\/\/www.intoscana.it\/it\/bollettino-covid-toscana-2-ottobre\/#breadcrumb\"},\"inLanguage\":\"it-IT\",\"potentialAction\":[{\"@type\":\"ReadAction\",\"target\":[\"https:\/\/www.intoscana.it\/it\/bollettino-covid-toscana-2-ottobre\/\"]}]},{\"@type\":\"ImageObject\",\"inLanguage\":\"it-IT\",\"@id\":\"https:\/\/www.intoscana.it\/it\/bollettino-covid-toscana-2-ottobre\/#primaryimage\",\"url\":\"https:\/\/www.intoscana.it\/wp-content\/uploads\/Covid-19-gennaio-2021-scaled.jpg\",\"contentUrl\":\"https:\/\/www.intoscana.it\/wp-content\/uploads\/Covid-19-gennaio-2021-scaled.jpg\",\"width\":2048,\"height\":1366},{\"@type\":\"BreadcrumbList\",\"@id\":\"https:\/\/www.intoscana.it\/it\/bollettino-covid-toscana-2-ottobre\/#breadcrumb\",\"itemListElement\":[{\"@type\":\"ListItem\",\"position\":1,\"name\":\"Home\",\"item\":\"https:\/\/www.intoscana.it\/it\/\"},{\"@type\":\"ListItem\",\"position\":2,\"name\":\"Covid, 277 i nuovi positivi in Toscana. Calano i ricoveri. Registrato un solo decesso\"}]},{\"@type\":\"WebSite\",\"@id\":\"https:\/\/www.intoscana.it\/it\/#website\",\"url\":\"https:\/\/www.intoscana.it\/it\/\",\"name\":\"intoscana\",\"description\":\"\",\"potentialAction\":[{\"@type\":\"SearchAction\",\"target\":{\"@type\":\"EntryPoint\",\"urlTemplate\":\"https:\/\/www.intoscana.it\/it\/?s={search_term_string}\"},\"query-input\":{\"@type\":\"PropertyValueSpecification\",\"valueRequired\":true,\"valueName\":\"search_term_string\"}}],\"inLanguage\":\"it-IT\"},{\"@type\":\"Person\",\"@id\":\"https:\/\/www.intoscana.it\/it\/#\/schema\/person\/9223810753230f20bd670fdd322661f8\",\"name\":\"Redazione\",\"url\":\"https:\/\/www.intoscana.it\/it\/author\/redazione\/\"}]}<\/script>\n<!-- \/ Yoast SEO Premium plugin. -->","yoast_head_json":{"title":"Covid, 277 i nuovi positivi in Toscana. Calano i ricoveri. Registrato un solo decesso - intoscana","robots":{"index":"index","follow":"follow","max-snippet":"max-snippet:-1","max-image-preview":"max-image-preview:large","max-video-preview":"max-video-preview:-1"},"canonical":"https:\/\/www.intoscana.it\/it\/bollettino-covid-toscana-2-ottobre\/","og_locale":"it_IT","og_type":"article","og_title":"Covid, 277 i nuovi positivi in Toscana. Calano i ricoveri. Registrato un solo decesso","og_description":"Continuano a salire le guarigioni, ad oggi sono 268.920 in tutta la nostra regione. I ricoverati sono 263 (2 in meno rispetto a ieri), di cui 35 in terapia intensiva (stabili)","og_url":"https:\/\/www.intoscana.it\/it\/bollettino-covid-toscana-2-ottobre\/","og_site_name":"intoscana","article_publisher":"https:\/\/www.facebook.com\/intoscana.it","article_published_time":"2021-10-02T10:36:27+00:00","article_modified_time":"2021-10-04T13:23:58+00:00","og_image":[{"width":2048,"height":1366,"url":"https:\/\/www.intoscana.it\/wp-content\/uploads\/Covid-19-gennaio-2021-scaled.jpg","type":"image\/jpeg"}],"author":"Redazione","twitter_card":"summary_large_image","twitter_creator":"@intoscana","twitter_site":"@intoscana","twitter_misc":{"Written by":"Redazione","Est. reading time":"3 minuti"},"schema":{"@context":"https:\/\/schema.org","@graph":[{"@type":"WebPage","@id":"https:\/\/www.intoscana.it\/it\/bollettino-covid-toscana-2-ottobre\/","url":"https:\/\/www.intoscana.it\/it\/bollettino-covid-toscana-2-ottobre\/","name":"Covid, 277 i nuovi positivi in Toscana. Calano i ricoveri. Registrato un solo decesso - intoscana","isPartOf":{"@id":"https:\/\/www.intoscana.it\/it\/#website"},"primaryImageOfPage":{"@id":"https:\/\/www.intoscana.it\/it\/bollettino-covid-toscana-2-ottobre\/#primaryimage"},"image":{"@id":"https:\/\/www.intoscana.it\/it\/bollettino-covid-toscana-2-ottobre\/#primaryimage"},"thumbnailUrl":"https:\/\/www.intoscana.it\/wp-content\/uploads\/Covid-19-gennaio-2021-scaled.jpg","datePublished":"2021-10-02T10:36:27+00:00","dateModified":"2021-10-04T13:23:58+00:00","author":{"@id":"https:\/\/www.intoscana.it\/it\/#\/schema\/person\/9223810753230f20bd670fdd322661f8"},"breadcrumb":{"@id":"https:\/\/www.intoscana.it\/it\/bollettino-covid-toscana-2-ottobre\/#breadcrumb"},"inLanguage":"it-IT","potentialAction":[{"@type":"ReadAction","target":["https:\/\/www.intoscana.it\/it\/bollettino-covid-toscana-2-ottobre\/"]}]},{"@type":"ImageObject","inLanguage":"it-IT","@id":"https:\/\/www.intoscana.it\/it\/bollettino-covid-toscana-2-ottobre\/#primaryimage","url":"https:\/\/www.intoscana.it\/wp-content\/uploads\/Covid-19-gennaio-2021-scaled.jpg","contentUrl":"https:\/\/www.intoscana.it\/wp-content\/uploads\/Covid-19-gennaio-2021-scaled.jpg","width":2048,"height":1366},{"@type":"BreadcrumbList","@id":"https:\/\/www.intoscana.it\/it\/bollettino-covid-toscana-2-ottobre\/#breadcrumb","itemListElement":[{"@type":"ListItem","position":1,"name":"Home","item":"https:\/\/www.intoscana.it\/it\/"},{"@type":"ListItem","position":2,"name":"Covid, 277 i nuovi positivi in Toscana. Calano i ricoveri. Registrato un solo decesso"}]},{"@type":"WebSite","@id":"https:\/\/www.intoscana.it\/it\/#website","url":"https:\/\/www.intoscana.it\/it\/","name":"intoscana","description":"","potentialAction":[{"@type":"SearchAction","target":{"@type":"EntryPoint","urlTemplate":"https:\/\/www.intoscana.it\/it\/?s={search_term_string}"},"query-input":{"@type":"PropertyValueSpecification","valueRequired":true,"valueName":"search_term_string"}}],"inLanguage":"it-IT"},{"@type":"Person","@id":"https:\/\/www.intoscana.it\/it\/#\/schema\/person\/9223810753230f20bd670fdd322661f8","name":"Redazione","url":"https:\/\/www.intoscana.it\/it\/author\/redazione\/"}]}},"_links":{"self":[{"href":"https:\/\/www.intoscana.it\/it\/wp-json\/wp\/v2\/posts\/192456","targetHints":{"allow":["GET"]}}],"collection":[{"href":"https:\/\/www.intoscana.it\/it\/wp-json\/wp\/v2\/posts"}],"about":[{"href":"https:\/\/www.intoscana.it\/it\/wp-json\/wp\/v2\/types\/post"}],"author":[{"embeddable":true,"href":"https:\/\/www.intoscana.it\/it\/wp-json\/wp\/v2\/users\/525"}],"replies":[{"embeddable":true,"href":"https:\/\/www.intoscana.it\/it\/wp-json\/wp\/v2\/comments?post=192456"}],"version-history":[{"count":0,"href":"https:\/\/www.intoscana.it\/it\/wp-json\/wp\/v2\/posts\/192456\/revisions"}],"wp:featuredmedia":[{"embeddable":true,"href":"https:\/\/www.intoscana.it\/it\/wp-json\/wp\/v2\/media\/163818"}],"wp:attachment":[{"href":"https:\/\/www.intoscana.it\/it\/wp-json\/wp\/v2\/media?parent=192456"}],"wp:term":[{"taxonomy":"category","embeddable":true,"href":"https:\/\/www.intoscana.it\/it\/wp-json\/wp\/v2\/categories?post=192456"},{"taxonomy":"post_tag","embeddable":true,"href":"https:\/\/www.intoscana.it\/it\/wp-json\/wp\/v2\/tags?post=192456"}],"curies":[{"name":"wp","href":"https:\/\/api.w.org\/{rel}","templated":true}]}}