{"id":192481,"date":"2021-10-04T08:49:04","date_gmt":"2021-10-04T06:49:04","guid":{"rendered":"https:\/\/www.intoscana.it\/it\/?p=192481"},"modified":"2021-10-04T16:32:47","modified_gmt":"2021-10-04T14:32:47","slug":"vaccini-la-toscana-taglia-il-traguardo-dell80-e-la-prima-in-italia","status":"publish","type":"post","link":"https:\/\/www.intoscana.it\/it\/vaccini-la-toscana-taglia-il-traguardo-dell80-e-la-prima-in-italia\/","title":{"rendered":"Vaccini: la Toscana taglia il traguardo dell&#8217;80%, \u00e8 la prima in Italia"},"content":{"rendered":"<p><em>\u201cLa nostra Regione \u00e8 la prima in Italia a tagliare il traguardo dell\u201980% della copertura vaccinale della popolazione contro il Covid. Un risultato importante, testimoniato dagli ultimi dati elaborati dalla Fondazione Gimbe. Sono molto felice di questo obiettivo raggiunto, frutto di un lavoro di squadra, portato avanti con il massimo impegno e dedizione\u201d.<\/em><\/p>\n<p>A dirlo i<strong>l presidente della Regione Toscana Eugenio Giani<\/strong>, che, nel ringraziare tutti gli attori della campagna vaccinale e i cittadini che responsabilmente vi hanno aderito, ricorda come la vaccinazione continui ad andare avanti su pi\u00f9 fronti: tramite la somministrazione della <strong>terza dose alle persone che rientrano nelle categorie indicate nell\u2019ultima circolare ministeriale<\/strong> (ultra fragili, ospiti e personale delle Rsa, over80, operatori sanitari, socio-sanitari o assistenziali) e in contemporanea attraverso la possibilit\u00e0, offerta alle persone di ogni et\u00e0 sopra i 12 anni, di <strong>accedere agli hub senza prenotazione, fino al 15 ottobre, per ricevere la prima dose<\/strong>.<\/p>\n<h3>I dati di domenica 3 ottobre<\/h3>\n<p><strong>Sono 260 in pi\u00f9 rispetto a sabato i nuovi casi positivi in Toscana<\/strong> (248 confermati con tampone molecolare e 12 da test rapido antigenico), che portano a 283.004 i casi registrati dall&#8217;inizio della pandemia. I nuovi casi sono lo 0,1% in pi\u00f9 rispetto al totale del giorno precedente. <strong>L&#8217;et\u00e0 media dei 260 nuovi positivi odierni \u00e8 di 44 anni circa<\/strong> (19% ha meno di 20 anni, 22% tra 20 e 39 anni, 32% tra 40 e 59 anni, 20% tra 60 e 79 anni, 7% ha 80 anni o pi\u00f9).<\/p>\n<p><strong>I guariti crescono dello 0,1% e raggiungono quota 269.227<\/strong> (95,1% dei casi totali). <strong>Domenica sono stati eseguiti 8.836 tamponi molecolari e 11.052 tamponi antigenici rapidi,<\/strong> di questi l&#8217;1,3% \u00e8 risultato positivo. Sono invece 7.124 i soggetti testati oggi (con tampone antigenico e\/o molecolare, escludendo i tamponi di controllo), di cui il 3,6% \u00e8 risultato positivo. Gli attualmente positivi sono 6.597, -0,8% rispetto a ieri.<\/p>\n<p><strong>Le persone ricoverate nei posti letto dedicati ai pazienti Covid sono complessivamente 264<\/strong> (1 in pi\u00f9 rispetto a ieri, pi\u00f9 0,4%), 35 in terapia intensiva (stabili rispetto a ieri).<\/p>\n<p><strong>Domenica si sono registrati 4 nuovi decessi:<\/strong> 2 uomini e 2 donne con un&#8217;et\u00e0 media di 75,5 anni. Relativamente alla provincia di residenza, le persone decedute sono: 1 a Prato, 1 a Lucca, 1 a Pisa, 1 a Arezzo.<\/p>\n","protected":false},"excerpt":{"rendered":"<p>Accesso libero negli hub fino al 15 ottobre per le persone di ogni et\u00e0 sopra i 12 anni per ricevere la prima dose<\/p>\n","protected":false},"author":525,"featured_media":141488,"comment_status":"open","ping_status":"open","sticky":false,"template":"","format":"standard","meta":{"_acf_changed":false,"footnotes":""},"categories":[18],"tags":[418,4700],"class_list":["post-192481","post","type-post","status-publish","format-standard","has-post-thumbnail","hentry","category-salute","tag-covid-19","tag-vaccini"],"acf":[],"yoast_head":"<!-- This site is optimized with the Yoast SEO Premium plugin v24.2 (Yoast SEO v25.6) - https:\/\/yoast.com\/wordpress\/plugins\/seo\/ -->\n<title>Vaccini: la Toscana taglia il traguardo dell&#039;80%, \u00e8 la prima in Italia - intoscana<\/title>\n<meta name=\"description\" content=\"Accesso libero negli hub fino al 15 ottobre per le persone di ogni et\u00e0 sopra i 12 anni per ricevere la prima dose\" \/>\n<meta name=\"robots\" content=\"index, follow, max-snippet:-1, max-image-preview:large, max-video-preview:-1\" \/>\n<link rel=\"canonical\" href=\"https:\/\/www.intoscana.it\/it\/vaccini-la-toscana-taglia-il-traguardo-dell80-e-la-prima-in-italia\/\" \/>\n<meta property=\"og:locale\" content=\"it_IT\" \/>\n<meta property=\"og:type\" content=\"article\" \/>\n<meta property=\"og:title\" content=\"Vaccini: la Toscana taglia il traguardo dell&#039;80%, \u00e8 la prima in Italia\" \/>\n<meta property=\"og:description\" content=\"Accesso libero negli hub fino al 15 ottobre per le persone di ogni et\u00e0 sopra i 12 anni per ricevere la prima dose\" \/>\n<meta property=\"og:url\" content=\"https:\/\/www.intoscana.it\/it\/vaccini-la-toscana-taglia-il-traguardo-dell80-e-la-prima-in-italia\/\" \/>\n<meta property=\"og:site_name\" content=\"intoscana\" \/>\n<meta property=\"article:publisher\" content=\"https:\/\/www.facebook.com\/intoscana.it\" \/>\n<meta property=\"article:published_time\" content=\"2021-10-04T06:49:04+00:00\" \/>\n<meta property=\"article:modified_time\" content=\"2021-10-04T14:32:47+00:00\" \/>\n<meta property=\"og:image\" content=\"https:\/\/www.intoscana.it\/wp-content\/uploads\/vaccino-24.jpg\" \/>\n\t<meta property=\"og:image:width\" content=\"1000\" \/>\n\t<meta property=\"og:image:height\" content=\"624\" \/>\n\t<meta property=\"og:image:type\" content=\"image\/jpeg\" \/>\n<meta name=\"author\" content=\"Redazione\" \/>\n<meta name=\"twitter:card\" content=\"summary_large_image\" \/>\n<meta name=\"twitter:creator\" content=\"@intoscana\" \/>\n<meta name=\"twitter:site\" content=\"@intoscana\" \/>\n<meta name=\"twitter:label1\" content=\"Written by\" \/>\n\t<meta name=\"twitter:data1\" content=\"Redazione\" \/>\n\t<meta name=\"twitter:label2\" content=\"Est. reading time\" \/>\n\t<meta name=\"twitter:data2\" content=\"2 minuti\" \/>\n<script type=\"application\/ld+json\" class=\"yoast-schema-graph\">{\"@context\":\"https:\/\/schema.org\",\"@graph\":[{\"@type\":\"WebPage\",\"@id\":\"https:\/\/www.intoscana.it\/it\/vaccini-la-toscana-taglia-il-traguardo-dell80-e-la-prima-in-italia\/\",\"url\":\"https:\/\/www.intoscana.it\/it\/vaccini-la-toscana-taglia-il-traguardo-dell80-e-la-prima-in-italia\/\",\"name\":\"Vaccini: la Toscana taglia il traguardo dell'80%, \u00e8 la prima in Italia - intoscana\",\"isPartOf\":{\"@id\":\"https:\/\/www.intoscana.it\/it\/#website\"},\"primaryImageOfPage\":{\"@id\":\"https:\/\/www.intoscana.it\/it\/vaccini-la-toscana-taglia-il-traguardo-dell80-e-la-prima-in-italia\/#primaryimage\"},\"image\":{\"@id\":\"https:\/\/www.intoscana.it\/it\/vaccini-la-toscana-taglia-il-traguardo-dell80-e-la-prima-in-italia\/#primaryimage\"},\"thumbnailUrl\":\"https:\/\/www.intoscana.it\/wp-content\/uploads\/vaccino-24.jpg\",\"datePublished\":\"2021-10-04T06:49:04+00:00\",\"dateModified\":\"2021-10-04T14:32:47+00:00\",\"author\":{\"@id\":\"https:\/\/www.intoscana.it\/it\/#\/schema\/person\/9223810753230f20bd670fdd322661f8\"},\"description\":\"Accesso libero negli hub fino al 15 ottobre per le persone di ogni et\u00e0 sopra i 12 anni per ricevere la prima dose\",\"breadcrumb\":{\"@id\":\"https:\/\/www.intoscana.it\/it\/vaccini-la-toscana-taglia-il-traguardo-dell80-e-la-prima-in-italia\/#breadcrumb\"},\"inLanguage\":\"it-IT\",\"potentialAction\":[{\"@type\":\"ReadAction\",\"target\":[\"https:\/\/www.intoscana.it\/it\/vaccini-la-toscana-taglia-il-traguardo-dell80-e-la-prima-in-italia\/\"]}]},{\"@type\":\"ImageObject\",\"inLanguage\":\"it-IT\",\"@id\":\"https:\/\/www.intoscana.it\/it\/vaccini-la-toscana-taglia-il-traguardo-dell80-e-la-prima-in-italia\/#primaryimage\",\"url\":\"https:\/\/www.intoscana.it\/wp-content\/uploads\/vaccino-24.jpg\",\"contentUrl\":\"https:\/\/www.intoscana.it\/wp-content\/uploads\/vaccino-24.jpg\",\"width\":1000,\"height\":624},{\"@type\":\"BreadcrumbList\",\"@id\":\"https:\/\/www.intoscana.it\/it\/vaccini-la-toscana-taglia-il-traguardo-dell80-e-la-prima-in-italia\/#breadcrumb\",\"itemListElement\":[{\"@type\":\"ListItem\",\"position\":1,\"name\":\"Home\",\"item\":\"https:\/\/www.intoscana.it\/it\/\"},{\"@type\":\"ListItem\",\"position\":2,\"name\":\"Vaccini: la Toscana taglia il traguardo dell&#8217;80%, \u00e8 la prima in Italia\"}]},{\"@type\":\"WebSite\",\"@id\":\"https:\/\/www.intoscana.it\/it\/#website\",\"url\":\"https:\/\/www.intoscana.it\/it\/\",\"name\":\"intoscana\",\"description\":\"\",\"potentialAction\":[{\"@type\":\"SearchAction\",\"target\":{\"@type\":\"EntryPoint\",\"urlTemplate\":\"https:\/\/www.intoscana.it\/it\/?s={search_term_string}\"},\"query-input\":{\"@type\":\"PropertyValueSpecification\",\"valueRequired\":true,\"valueName\":\"search_term_string\"}}],\"inLanguage\":\"it-IT\"},{\"@type\":\"Person\",\"@id\":\"https:\/\/www.intoscana.it\/it\/#\/schema\/person\/9223810753230f20bd670fdd322661f8\",\"name\":\"Redazione\",\"url\":\"https:\/\/www.intoscana.it\/it\/author\/redazione\/\"}]}<\/script>\n<!-- \/ Yoast SEO Premium plugin. -->","yoast_head_json":{"title":"Vaccini: la Toscana taglia il traguardo dell'80%, \u00e8 la prima in Italia - intoscana","description":"Accesso libero negli hub fino al 15 ottobre per le persone di ogni et\u00e0 sopra i 12 anni per ricevere la prima dose","robots":{"index":"index","follow":"follow","max-snippet":"max-snippet:-1","max-image-preview":"max-image-preview:large","max-video-preview":"max-video-preview:-1"},"canonical":"https:\/\/www.intoscana.it\/it\/vaccini-la-toscana-taglia-il-traguardo-dell80-e-la-prima-in-italia\/","og_locale":"it_IT","og_type":"article","og_title":"Vaccini: la Toscana taglia il traguardo dell'80%, \u00e8 la prima in Italia","og_description":"Accesso libero negli hub fino al 15 ottobre per le persone di ogni et\u00e0 sopra i 12 anni per ricevere la prima dose","og_url":"https:\/\/www.intoscana.it\/it\/vaccini-la-toscana-taglia-il-traguardo-dell80-e-la-prima-in-italia\/","og_site_name":"intoscana","article_publisher":"https:\/\/www.facebook.com\/intoscana.it","article_published_time":"2021-10-04T06:49:04+00:00","article_modified_time":"2021-10-04T14:32:47+00:00","og_image":[{"width":1000,"height":624,"url":"https:\/\/www.intoscana.it\/wp-content\/uploads\/vaccino-24.jpg","type":"image\/jpeg"}],"author":"Redazione","twitter_card":"summary_large_image","twitter_creator":"@intoscana","twitter_site":"@intoscana","twitter_misc":{"Written by":"Redazione","Est. reading time":"2 minuti"},"schema":{"@context":"https:\/\/schema.org","@graph":[{"@type":"WebPage","@id":"https:\/\/www.intoscana.it\/it\/vaccini-la-toscana-taglia-il-traguardo-dell80-e-la-prima-in-italia\/","url":"https:\/\/www.intoscana.it\/it\/vaccini-la-toscana-taglia-il-traguardo-dell80-e-la-prima-in-italia\/","name":"Vaccini: la Toscana taglia il traguardo dell'80%, \u00e8 la prima in Italia - intoscana","isPartOf":{"@id":"https:\/\/www.intoscana.it\/it\/#website"},"primaryImageOfPage":{"@id":"https:\/\/www.intoscana.it\/it\/vaccini-la-toscana-taglia-il-traguardo-dell80-e-la-prima-in-italia\/#primaryimage"},"image":{"@id":"https:\/\/www.intoscana.it\/it\/vaccini-la-toscana-taglia-il-traguardo-dell80-e-la-prima-in-italia\/#primaryimage"},"thumbnailUrl":"https:\/\/www.intoscana.it\/wp-content\/uploads\/vaccino-24.jpg","datePublished":"2021-10-04T06:49:04+00:00","dateModified":"2021-10-04T14:32:47+00:00","author":{"@id":"https:\/\/www.intoscana.it\/it\/#\/schema\/person\/9223810753230f20bd670fdd322661f8"},"description":"Accesso libero negli hub fino al 15 ottobre per le persone di ogni et\u00e0 sopra i 12 anni per ricevere la prima dose","breadcrumb":{"@id":"https:\/\/www.intoscana.it\/it\/vaccini-la-toscana-taglia-il-traguardo-dell80-e-la-prima-in-italia\/#breadcrumb"},"inLanguage":"it-IT","potentialAction":[{"@type":"ReadAction","target":["https:\/\/www.intoscana.it\/it\/vaccini-la-toscana-taglia-il-traguardo-dell80-e-la-prima-in-italia\/"]}]},{"@type":"ImageObject","inLanguage":"it-IT","@id":"https:\/\/www.intoscana.it\/it\/vaccini-la-toscana-taglia-il-traguardo-dell80-e-la-prima-in-italia\/#primaryimage","url":"https:\/\/www.intoscana.it\/wp-content\/uploads\/vaccino-24.jpg","contentUrl":"https:\/\/www.intoscana.it\/wp-content\/uploads\/vaccino-24.jpg","width":1000,"height":624},{"@type":"BreadcrumbList","@id":"https:\/\/www.intoscana.it\/it\/vaccini-la-toscana-taglia-il-traguardo-dell80-e-la-prima-in-italia\/#breadcrumb","itemListElement":[{"@type":"ListItem","position":1,"name":"Home","item":"https:\/\/www.intoscana.it\/it\/"},{"@type":"ListItem","position":2,"name":"Vaccini: la Toscana taglia il traguardo dell&#8217;80%, \u00e8 la prima in Italia"}]},{"@type":"WebSite","@id":"https:\/\/www.intoscana.it\/it\/#website","url":"https:\/\/www.intoscana.it\/it\/","name":"intoscana","description":"","potentialAction":[{"@type":"SearchAction","target":{"@type":"EntryPoint","urlTemplate":"https:\/\/www.intoscana.it\/it\/?s={search_term_string}"},"query-input":{"@type":"PropertyValueSpecification","valueRequired":true,"valueName":"search_term_string"}}],"inLanguage":"it-IT"},{"@type":"Person","@id":"https:\/\/www.intoscana.it\/it\/#\/schema\/person\/9223810753230f20bd670fdd322661f8","name":"Redazione","url":"https:\/\/www.intoscana.it\/it\/author\/redazione\/"}]}},"_links":{"self":[{"href":"https:\/\/www.intoscana.it\/it\/wp-json\/wp\/v2\/posts\/192481","targetHints":{"allow":["GET"]}}],"collection":[{"href":"https:\/\/www.intoscana.it\/it\/wp-json\/wp\/v2\/posts"}],"about":[{"href":"https:\/\/www.intoscana.it\/it\/wp-json\/wp\/v2\/types\/post"}],"author":[{"embeddable":true,"href":"https:\/\/www.intoscana.it\/it\/wp-json\/wp\/v2\/users\/525"}],"replies":[{"embeddable":true,"href":"https:\/\/www.intoscana.it\/it\/wp-json\/wp\/v2\/comments?post=192481"}],"version-history":[{"count":0,"href":"https:\/\/www.intoscana.it\/it\/wp-json\/wp\/v2\/posts\/192481\/revisions"}],"wp:featuredmedia":[{"embeddable":true,"href":"https:\/\/www.intoscana.it\/it\/wp-json\/wp\/v2\/media\/141488"}],"wp:attachment":[{"href":"https:\/\/www.intoscana.it\/it\/wp-json\/wp\/v2\/media?parent=192481"}],"wp:term":[{"taxonomy":"category","embeddable":true,"href":"https:\/\/www.intoscana.it\/it\/wp-json\/wp\/v2\/categories?post=192481"},{"taxonomy":"post_tag","embeddable":true,"href":"https:\/\/www.intoscana.it\/it\/wp-json\/wp\/v2\/tags?post=192481"}],"curies":[{"name":"wp","href":"https:\/\/api.w.org\/{rel}","templated":true}]}}