{"id":192548,"date":"2021-10-04T12:32:09","date_gmt":"2021-10-04T10:32:09","guid":{"rendered":"https:\/\/www.intoscana.it\/it\/?p=192548"},"modified":"2021-10-05T17:29:30","modified_gmt":"2021-10-05T15:29:30","slug":"covid-19-oggi-in-toscana-131-nuovi-casi-42-anni-leta-media-quattro-i-decessi","status":"publish","type":"post","link":"https:\/\/www.intoscana.it\/it\/covid-19-oggi-in-toscana-131-nuovi-casi-42-anni-leta-media-quattro-i-decessi\/","title":{"rendered":"Covid-19: oggi in Toscana 131 nuovi casi, 42 anni l&#8217;et\u00e0 media. Quattro i decessi"},"content":{"rendered":"<p>In Toscana sono<strong> 283.135 i casi di positivit\u00e0 al Coronavirus, 131 in pi\u00f9 rispetto a ieri<\/strong> (123 confermati con tampone molecolare e 8 da test rapido antigenico). I nuovi casi sono lo 0,05% in pi\u00f9 rispetto al totale del giorno precedente. <strong>I guariti crescono dello 0,1% e raggiungono quota 269.483<\/strong> (95,2% dei casi totali). Oggi sono stati eseguiti 4.401 tamponi molecolari e 2.723 tamponi antigenici rapidi, di questi l&#8217;1,8% \u00e8 risultato positivo.<\/p>\n<p>Sono invece <strong>2.929 i soggetti testati oggi<\/strong> (con tampone antigenico e\/o molecolare, escludendo i tamponi di controllo), di cui il 4,5% \u00e8 risultato positivo. Gli attualmente positivi sono oggi 6.468, -2% rispetto a ieri. I ricoverati sono 269 (5 in pi\u00f9 rispetto a ieri), di cui 34 in terapia intensiva (1 in meno). Oggi si registrano 4 nuovi decessi: 2 uomini e 2 donne con un&#8217;et\u00e0 media di 80 anni.<\/p>\n<p><strong>L&#8217;et\u00e0 media dei 131 nuovi positivi odierni \u00e8 di 42 anni circa<\/strong> (23% ha meno di 20 anni, 20% tra 20 e 39 anni, 37% tra 40 e 59 anni, 10% tra 60 e 79 anni, 10% ha 80 anni o pi\u00f9).<\/p>\n<h3>I casi di positivit\u00e0 sul territorio<\/h3>\n<p>Di seguito i casi di positivit\u00e0 sul territorio con la variazione rispetto a ieri (123 confermati con tampone molecolare e 8 da test rapido antigenico). Sono 78.575 i casi complessivi ad oggi a Firenze (29 in pi\u00f9 rispetto a ieri), 26.263 a Prato (5 in pi\u00f9), 26.763 a Pistoia (19 in pi\u00f9), 14.819 a Massa (7 in pi\u00f9), 28.867 a Lucca (17 in pi\u00f9), 33.226 a Pisa (12 in pi\u00f9), 21.002 a Livorno (11 in pi\u00f9), 25.697 ad Arezzo (6 in pi\u00f9), 16.278 a Siena (21 in pi\u00f9), 11.090 a Grosseto (4 in pi\u00f9). Sono 555 i casi positivi notificati in Toscana, ma residenti in altre regioni.<\/p>\n<p><strong>Sono 56 i casi riscontrati oggi nell&#8217;Asl Centro, 44 nella Nord Ovest, 31 nella Sud est.<\/strong><\/p>\n<p>La Toscana si trova al <strong>10\u00b0 posto in Italia come numerosit\u00e0 di casi<\/strong> (comprensivi di residenti e non residenti), con circa 7.718 casi per 100.000 abitanti (media italiana circa 7.901 x100.000, dato di ieri). Le province di notifica con il tasso pi\u00f9 alto sono Prato con 10.257 casi x100.000 abitanti, Pistoia con 9.203, Pisa con 7.979, la pi\u00f9 bassa Grosseto con 5.075.<\/p>\n<p>Complessivamente,<strong> 6.199 persone sono in isolamento a casa, poich\u00e9 presentano sintomi lievi<\/strong> che non richiedono cure ospedaliere, o risultano prive di sintomi (134 in meno rispetto a ieri, meno 2,1%).\u00a0Sono 14.814 (200 in meno rispetto a ieri, meno 1,3%) le persone, anch&#8217;esse isolate, in sorveglianza attiva perch\u00e9 hanno avuto contatti con persone contagiate (ASL Centro 5.653, Nord Ovest 5.929, Sud Est 3.232).<\/p>\n<p>Le <strong>persone ricoverate nei posti letto dedicati ai pazienti COVID oggi sono complessivamente 269<\/strong> (5 in pi\u00f9 rispetto a ieri, pi\u00f9 1,9%), 34 in terapia intensiva (1 in meno rispetto a ieri, meno 2,9%).<\/p>\n<p>Le<strong> persone complessivamente guarite sono 269.483<\/strong> (256 in pi\u00f9 rispetto a ieri, pi\u00f9 0,1%): 0 persone clinicamente guarite (stabili rispetto a ieri), divenute cio\u00e8 asintomatiche dopo aver presentato manifestazioni cliniche associate all&#8217;infezione e 269.483 (256 in pi\u00f9 rispetto a ieri, pi\u00f9 0,1%) dichiarate guarite a tutti gli effetti, le cosiddette guarigioni virali, con tampone negativo.<\/p>\n<h3>I decessi<\/h3>\n<p>Oggi si registrano <strong>4 nuovi decessi: 2 uomini e 2 donne con un&#8217;et\u00e0 media di 80 anni.<\/strong><\/p>\n<p>Relativamente alla provincia di residenza, le persone decedute sono: 1 a Firenze, 1 a Lucca, 1 a Arezzo, 1 fuori Toscana.<\/p>\n<p>Sono 7.184 i deceduti dall&#8217;inizio dell&#8217;epidemia cosi ripartiti: 2.313 a Firenze, 639 a Prato, 659 a Pistoia, 533 a Massa Carrara, 688 a Lucca, 724 a Pisa, 424 a Livorno, 554 ad Arezzo, 350 a Siena, 207 a Grosseto, 93 persone sono decedute sul suolo toscano ma erano residenti fuori regione.<\/p>\n<p>Il tasso grezzo di mortalit\u00e0 toscano (numero di deceduti\/popolazione residente) per Covid-19 \u00e8 di 195,8 x100.000 residenti contro il 221,1 x100.000 della media italiana (12\u00b0 regione). Per quanto riguarda le province, il tasso di mortalit\u00e0 pi\u00f9 alto si riscontra a Massa Carrara (280,8 x100.000), Prato (249,6 x100.000) e Firenze (234,6 x100.000), il pi\u00f9 basso a Grosseto (94,7 x100.000).<\/p>\n","protected":false},"excerpt":{"rendered":"<p>I ricoverati sono 269 (5 in pi\u00f9 rispetto a ieri), di cui 34 in terapia intensiva (1 in meno)<\/p>\n","protected":false},"author":525,"featured_media":192549,"comment_status":"open","ping_status":"open","sticky":false,"template":"","format":"standard","meta":{"_acf_changed":false,"footnotes":""},"categories":[494],"tags":[4868,418],"class_list":["post-192548","post","type-post","status-publish","format-standard","has-post-thumbnail","hentry","category-attualita","tag-bollettino-covid-toscana","tag-covid-19"],"acf":[],"yoast_head":"<!-- This site is optimized with the Yoast SEO Premium plugin v24.2 (Yoast SEO v25.6) - https:\/\/yoast.com\/wordpress\/plugins\/seo\/ -->\n<title>Covid-19: oggi in Toscana 131 nuovi casi, 42 anni l&#039;et\u00e0 media. Quattro i decessi - intoscana<\/title>\n<meta name=\"description\" content=\"I ricoverati sono 269 (5 in pi\u00f9 rispetto a ieri), di cui 34 in terapia intensiva (1 in meno)\" \/>\n<meta name=\"robots\" content=\"index, follow, max-snippet:-1, max-image-preview:large, max-video-preview:-1\" \/>\n<link rel=\"canonical\" href=\"https:\/\/www.intoscana.it\/it\/covid-19-oggi-in-toscana-131-nuovi-casi-42-anni-leta-media-quattro-i-decessi\/\" \/>\n<meta property=\"og:locale\" content=\"it_IT\" \/>\n<meta property=\"og:type\" content=\"article\" \/>\n<meta property=\"og:title\" content=\"Covid-19: oggi in Toscana 131 nuovi casi, 42 anni l&#039;et\u00e0 media. Quattro i decessi\" \/>\n<meta property=\"og:description\" content=\"I ricoverati sono 269 (5 in pi\u00f9 rispetto a ieri), di cui 34 in terapia intensiva (1 in meno)\" \/>\n<meta property=\"og:url\" content=\"https:\/\/www.intoscana.it\/it\/covid-19-oggi-in-toscana-131-nuovi-casi-42-anni-leta-media-quattro-i-decessi\/\" \/>\n<meta property=\"og:site_name\" content=\"intoscana\" \/>\n<meta property=\"article:publisher\" content=\"https:\/\/www.facebook.com\/intoscana.it\" \/>\n<meta property=\"article:published_time\" content=\"2021-10-04T10:32:09+00:00\" \/>\n<meta property=\"article:modified_time\" content=\"2021-10-05T15:29:30+00:00\" \/>\n<meta property=\"og:image\" content=\"https:\/\/www.intoscana.it\/wp-content\/uploads\/Covid-19-scaled.jpg\" \/>\n\t<meta property=\"og:image:width\" content=\"2048\" \/>\n\t<meta property=\"og:image:height\" content=\"1365\" \/>\n\t<meta property=\"og:image:type\" content=\"image\/jpeg\" \/>\n<meta name=\"author\" content=\"Redazione\" \/>\n<meta name=\"twitter:card\" content=\"summary_large_image\" \/>\n<meta name=\"twitter:creator\" content=\"@intoscana\" \/>\n<meta name=\"twitter:site\" content=\"@intoscana\" \/>\n<meta name=\"twitter:label1\" content=\"Written by\" \/>\n\t<meta name=\"twitter:data1\" content=\"Redazione\" \/>\n\t<meta name=\"twitter:label2\" content=\"Est. reading time\" \/>\n\t<meta name=\"twitter:data2\" content=\"3 minuti\" \/>\n<script type=\"application\/ld+json\" class=\"yoast-schema-graph\">{\"@context\":\"https:\/\/schema.org\",\"@graph\":[{\"@type\":\"WebPage\",\"@id\":\"https:\/\/www.intoscana.it\/it\/covid-19-oggi-in-toscana-131-nuovi-casi-42-anni-leta-media-quattro-i-decessi\/\",\"url\":\"https:\/\/www.intoscana.it\/it\/covid-19-oggi-in-toscana-131-nuovi-casi-42-anni-leta-media-quattro-i-decessi\/\",\"name\":\"Covid-19: oggi in Toscana 131 nuovi casi, 42 anni l'et\u00e0 media. Quattro i decessi - intoscana\",\"isPartOf\":{\"@id\":\"https:\/\/www.intoscana.it\/it\/#website\"},\"primaryImageOfPage\":{\"@id\":\"https:\/\/www.intoscana.it\/it\/covid-19-oggi-in-toscana-131-nuovi-casi-42-anni-leta-media-quattro-i-decessi\/#primaryimage\"},\"image\":{\"@id\":\"https:\/\/www.intoscana.it\/it\/covid-19-oggi-in-toscana-131-nuovi-casi-42-anni-leta-media-quattro-i-decessi\/#primaryimage\"},\"thumbnailUrl\":\"https:\/\/www.intoscana.it\/wp-content\/uploads\/Covid-19-scaled.jpg\",\"datePublished\":\"2021-10-04T10:32:09+00:00\",\"dateModified\":\"2021-10-05T15:29:30+00:00\",\"author\":{\"@id\":\"https:\/\/www.intoscana.it\/it\/#\/schema\/person\/9223810753230f20bd670fdd322661f8\"},\"description\":\"I ricoverati sono 269 (5 in pi\u00f9 rispetto a ieri), di cui 34 in terapia intensiva (1 in meno)\",\"breadcrumb\":{\"@id\":\"https:\/\/www.intoscana.it\/it\/covid-19-oggi-in-toscana-131-nuovi-casi-42-anni-leta-media-quattro-i-decessi\/#breadcrumb\"},\"inLanguage\":\"it-IT\",\"potentialAction\":[{\"@type\":\"ReadAction\",\"target\":[\"https:\/\/www.intoscana.it\/it\/covid-19-oggi-in-toscana-131-nuovi-casi-42-anni-leta-media-quattro-i-decessi\/\"]}]},{\"@type\":\"ImageObject\",\"inLanguage\":\"it-IT\",\"@id\":\"https:\/\/www.intoscana.it\/it\/covid-19-oggi-in-toscana-131-nuovi-casi-42-anni-leta-media-quattro-i-decessi\/#primaryimage\",\"url\":\"https:\/\/www.intoscana.it\/wp-content\/uploads\/Covid-19-scaled.jpg\",\"contentUrl\":\"https:\/\/www.intoscana.it\/wp-content\/uploads\/Covid-19-scaled.jpg\",\"width\":2048,\"height\":1365},{\"@type\":\"BreadcrumbList\",\"@id\":\"https:\/\/www.intoscana.it\/it\/covid-19-oggi-in-toscana-131-nuovi-casi-42-anni-leta-media-quattro-i-decessi\/#breadcrumb\",\"itemListElement\":[{\"@type\":\"ListItem\",\"position\":1,\"name\":\"Home\",\"item\":\"https:\/\/www.intoscana.it\/it\/\"},{\"@type\":\"ListItem\",\"position\":2,\"name\":\"Covid-19: oggi in Toscana 131 nuovi casi, 42 anni l&#8217;et\u00e0 media. Quattro i decessi\"}]},{\"@type\":\"WebSite\",\"@id\":\"https:\/\/www.intoscana.it\/it\/#website\",\"url\":\"https:\/\/www.intoscana.it\/it\/\",\"name\":\"intoscana\",\"description\":\"\",\"potentialAction\":[{\"@type\":\"SearchAction\",\"target\":{\"@type\":\"EntryPoint\",\"urlTemplate\":\"https:\/\/www.intoscana.it\/it\/?s={search_term_string}\"},\"query-input\":{\"@type\":\"PropertyValueSpecification\",\"valueRequired\":true,\"valueName\":\"search_term_string\"}}],\"inLanguage\":\"it-IT\"},{\"@type\":\"Person\",\"@id\":\"https:\/\/www.intoscana.it\/it\/#\/schema\/person\/9223810753230f20bd670fdd322661f8\",\"name\":\"Redazione\",\"url\":\"https:\/\/www.intoscana.it\/it\/author\/redazione\/\"}]}<\/script>\n<!-- \/ Yoast SEO Premium plugin. -->","yoast_head_json":{"title":"Covid-19: oggi in Toscana 131 nuovi casi, 42 anni l'et\u00e0 media. Quattro i decessi - intoscana","description":"I ricoverati sono 269 (5 in pi\u00f9 rispetto a ieri), di cui 34 in terapia intensiva (1 in meno)","robots":{"index":"index","follow":"follow","max-snippet":"max-snippet:-1","max-image-preview":"max-image-preview:large","max-video-preview":"max-video-preview:-1"},"canonical":"https:\/\/www.intoscana.it\/it\/covid-19-oggi-in-toscana-131-nuovi-casi-42-anni-leta-media-quattro-i-decessi\/","og_locale":"it_IT","og_type":"article","og_title":"Covid-19: oggi in Toscana 131 nuovi casi, 42 anni l'et\u00e0 media. Quattro i decessi","og_description":"I ricoverati sono 269 (5 in pi\u00f9 rispetto a ieri), di cui 34 in terapia intensiva (1 in meno)","og_url":"https:\/\/www.intoscana.it\/it\/covid-19-oggi-in-toscana-131-nuovi-casi-42-anni-leta-media-quattro-i-decessi\/","og_site_name":"intoscana","article_publisher":"https:\/\/www.facebook.com\/intoscana.it","article_published_time":"2021-10-04T10:32:09+00:00","article_modified_time":"2021-10-05T15:29:30+00:00","og_image":[{"width":2048,"height":1365,"url":"https:\/\/www.intoscana.it\/wp-content\/uploads\/Covid-19-scaled.jpg","type":"image\/jpeg"}],"author":"Redazione","twitter_card":"summary_large_image","twitter_creator":"@intoscana","twitter_site":"@intoscana","twitter_misc":{"Written by":"Redazione","Est. reading time":"3 minuti"},"schema":{"@context":"https:\/\/schema.org","@graph":[{"@type":"WebPage","@id":"https:\/\/www.intoscana.it\/it\/covid-19-oggi-in-toscana-131-nuovi-casi-42-anni-leta-media-quattro-i-decessi\/","url":"https:\/\/www.intoscana.it\/it\/covid-19-oggi-in-toscana-131-nuovi-casi-42-anni-leta-media-quattro-i-decessi\/","name":"Covid-19: oggi in Toscana 131 nuovi casi, 42 anni l'et\u00e0 media. Quattro i decessi - intoscana","isPartOf":{"@id":"https:\/\/www.intoscana.it\/it\/#website"},"primaryImageOfPage":{"@id":"https:\/\/www.intoscana.it\/it\/covid-19-oggi-in-toscana-131-nuovi-casi-42-anni-leta-media-quattro-i-decessi\/#primaryimage"},"image":{"@id":"https:\/\/www.intoscana.it\/it\/covid-19-oggi-in-toscana-131-nuovi-casi-42-anni-leta-media-quattro-i-decessi\/#primaryimage"},"thumbnailUrl":"https:\/\/www.intoscana.it\/wp-content\/uploads\/Covid-19-scaled.jpg","datePublished":"2021-10-04T10:32:09+00:00","dateModified":"2021-10-05T15:29:30+00:00","author":{"@id":"https:\/\/www.intoscana.it\/it\/#\/schema\/person\/9223810753230f20bd670fdd322661f8"},"description":"I ricoverati sono 269 (5 in pi\u00f9 rispetto a ieri), di cui 34 in terapia intensiva (1 in meno)","breadcrumb":{"@id":"https:\/\/www.intoscana.it\/it\/covid-19-oggi-in-toscana-131-nuovi-casi-42-anni-leta-media-quattro-i-decessi\/#breadcrumb"},"inLanguage":"it-IT","potentialAction":[{"@type":"ReadAction","target":["https:\/\/www.intoscana.it\/it\/covid-19-oggi-in-toscana-131-nuovi-casi-42-anni-leta-media-quattro-i-decessi\/"]}]},{"@type":"ImageObject","inLanguage":"it-IT","@id":"https:\/\/www.intoscana.it\/it\/covid-19-oggi-in-toscana-131-nuovi-casi-42-anni-leta-media-quattro-i-decessi\/#primaryimage","url":"https:\/\/www.intoscana.it\/wp-content\/uploads\/Covid-19-scaled.jpg","contentUrl":"https:\/\/www.intoscana.it\/wp-content\/uploads\/Covid-19-scaled.jpg","width":2048,"height":1365},{"@type":"BreadcrumbList","@id":"https:\/\/www.intoscana.it\/it\/covid-19-oggi-in-toscana-131-nuovi-casi-42-anni-leta-media-quattro-i-decessi\/#breadcrumb","itemListElement":[{"@type":"ListItem","position":1,"name":"Home","item":"https:\/\/www.intoscana.it\/it\/"},{"@type":"ListItem","position":2,"name":"Covid-19: oggi in Toscana 131 nuovi casi, 42 anni l&#8217;et\u00e0 media. Quattro i decessi"}]},{"@type":"WebSite","@id":"https:\/\/www.intoscana.it\/it\/#website","url":"https:\/\/www.intoscana.it\/it\/","name":"intoscana","description":"","potentialAction":[{"@type":"SearchAction","target":{"@type":"EntryPoint","urlTemplate":"https:\/\/www.intoscana.it\/it\/?s={search_term_string}"},"query-input":{"@type":"PropertyValueSpecification","valueRequired":true,"valueName":"search_term_string"}}],"inLanguage":"it-IT"},{"@type":"Person","@id":"https:\/\/www.intoscana.it\/it\/#\/schema\/person\/9223810753230f20bd670fdd322661f8","name":"Redazione","url":"https:\/\/www.intoscana.it\/it\/author\/redazione\/"}]}},"_links":{"self":[{"href":"https:\/\/www.intoscana.it\/it\/wp-json\/wp\/v2\/posts\/192548","targetHints":{"allow":["GET"]}}],"collection":[{"href":"https:\/\/www.intoscana.it\/it\/wp-json\/wp\/v2\/posts"}],"about":[{"href":"https:\/\/www.intoscana.it\/it\/wp-json\/wp\/v2\/types\/post"}],"author":[{"embeddable":true,"href":"https:\/\/www.intoscana.it\/it\/wp-json\/wp\/v2\/users\/525"}],"replies":[{"embeddable":true,"href":"https:\/\/www.intoscana.it\/it\/wp-json\/wp\/v2\/comments?post=192548"}],"version-history":[{"count":0,"href":"https:\/\/www.intoscana.it\/it\/wp-json\/wp\/v2\/posts\/192548\/revisions"}],"wp:featuredmedia":[{"embeddable":true,"href":"https:\/\/www.intoscana.it\/it\/wp-json\/wp\/v2\/media\/192549"}],"wp:attachment":[{"href":"https:\/\/www.intoscana.it\/it\/wp-json\/wp\/v2\/media?parent=192548"}],"wp:term":[{"taxonomy":"category","embeddable":true,"href":"https:\/\/www.intoscana.it\/it\/wp-json\/wp\/v2\/categories?post=192548"},{"taxonomy":"post_tag","embeddable":true,"href":"https:\/\/www.intoscana.it\/it\/wp-json\/wp\/v2\/tags?post=192548"}],"curies":[{"name":"wp","href":"https:\/\/api.w.org\/{rel}","templated":true}]}}