{"id":192566,"date":"2021-10-04T14:50:49","date_gmt":"2021-10-04T12:50:49","guid":{"rendered":"https:\/\/www.intoscana.it\/it\/?p=192566"},"modified":"2021-10-04T15:00:46","modified_gmt":"2021-10-04T13:00:46","slug":"in-salute-made-in-tuscany-un-calendario-per-diffondere-la-prevenzione-a-km-zero-con-i-prodotti-toscani","status":"publish","type":"post","link":"https:\/\/www.intoscana.it\/it\/in-salute-made-in-tuscany-un-calendario-per-diffondere-la-prevenzione-a-km-zero-con-i-prodotti-toscani\/","title":{"rendered":"\u201cIN SALUTE Made in Tuscany\u201d un calendario per diffondere la prevenzione a km zero con i prodotti toscani"},"content":{"rendered":"<p><strong>FIRENZE IN ROSA Onlus<\/strong> apre l\u2019edizione del <strong><em>&#8220;Pink Oktober 2021&#8221;\u00a0<\/em><\/strong>il mese internazionale di sensibilizzazione sul tumore al seno\u00a0lanciando il nuovo progetto editoriale<strong> \u201cIN SALUTE Made in Tuscany\u201d,<\/strong> presentato presso la sede della <strong>Regione Toscana<\/strong>\u00a0dalla <strong>vicepresidente e assessora all&#8217;agroalimentare della Regione Toscana Stefania Saccardi<\/strong> insieme alla presidente di FIRENZE IN ROSA Onlus <strong>Lucia De Ranieri<\/strong> che ha illustrato il progetto e le sue finalit\u00e0.<\/p>\n<p><strong>Si tratta di un calendario<\/strong> che <strong>ha per protagonisti i prodotti agroalimentari toscani<\/strong>\u00a0grandi alleati della nostra salute e che vuole essere uno strumento per diffondere<strong> la cultura della prevenzione<\/strong> attraverso<strong> un corretto e sano stile di vita<\/strong>, perch\u00e9 la prevenzione inizia dalla tavola anche nella lotta contro il cancro.<\/p>\n<p><strong>Un calendario che potr\u00e0 essere strumento educativo,<\/strong> anche per i pi\u00f9 piccoli, e dal quale trarre informazioni utili per imparare a <strong>nutrirci con cibi sani.<\/strong><\/p>\n<p><strong>L&#8217;assessora all&#8217;agroalimentare Stefania Saccardi ha dichiarato<\/strong> &#8220;<em>Questa conferenza stampa d\u00e0 l&#8217;idea di come ognuno di noi si debba impegnare, anche con il proprio stile di vita, per alimentare il concetto di salute, ben diverso dal concetto di sanit\u00e0. E quando FirenzeinRosa Onlus mi ha proposto di lavorare insieme, anche con gli agricoltori, sulla necessit\u00e0 di spingere e di <strong>migliorare il livello culturale riguardo alla stagionalit\u00e0 della frutta e della verdura, mi \u00e8 sembrata un&#8217;idea ottima<\/strong>. Tradurre poi tutto questo in un calendario che si pu\u00f2 tenere in cucina, tra l&#8217;altro con le ricette proposte da un grande chef come Fabio Picchi, ho considerato il gesto importante e di impatto. <strong>Come assessora alle politiche agroalimentari stiamo spingendo tantissimo per invitare le persone a privilegiare la filiera corta, la frutta di stagione, a incrementare i consumi di prodotti toscani<\/strong> e che arrivano dalle aziende della Toscana perch\u00e9 questo serve a aiutare tante aziende del territorio che non fanno solo prodotti ottimi ma che rappresentano un elemento di presidio e salvaguardia dei nostri territori. Con questo calendario vinciamo tutti. Peraltro i proventi saranno destinati a una ottima causa, per un&#8217;associazione che lavora per la prevenzione dei tumori al seno. Tutti dunque ne traiamo un beneficio. L&#8217;invito che rivolgo \u00e8 di prenderlo, leggerlo e impararlo&#8221;.<\/em><\/p>\n<figure id=\"post-192573 media-192573\" class=\"align-center\"><img decoding=\"async\" src=\"https:\/\/www.intoscana.it\/wp-content\/uploads\/243863088_726047388795912_7560121732571173698_n.jpg\" alt=\"\" \/><\/figure>\n<div class=\"titleimg\"><em>Il calendario<\/em><\/div>\n<p><strong>Ogni mese \u00e8 contraddistinto da frutti e verdure di stagione<\/strong> a filiera corta Made in Tuscany con le loro<strong> propriet\u00e0 e benefici in termini di prevenzione:<\/strong> una prevenzione a km zero, che si fa sfruttando le risorse naturali della regione per<strong> una sana alimentazione che, insieme all\u2019attivit\u00e0 fisica<\/strong>, costituisce la prevenzione primaria nei confronti del rischio di insorgenza di numerose patologie.<\/p>\n<p><strong>I frutti, le verdure, gli ortaggi<\/strong> sono ritratti<strong> insieme ai volontari di FIRENZE IN ROSA Onlus<\/strong>, attori per l\u2019occasione, in un contesto gioioso e vivace: <em>\u201ctutti insieme per un progetto di solidariet\u00e0 il cui scopo \u00e8 quello di promuovere l\u2019ideale di una vita sana, invitando a prendersi cura della propria salute e a compiere scelte quotidiane volte a migliorare la qualit\u00e0 della nostra vita\u201d<\/em> ha dichiarato Lucia De Ranieri.<\/p>\n<p>I testi di ciascuna mensilit\u00e0 sono stati curati e gentilmente offerti da <strong>Lucia Tacconi, Dottoressa in Scienze Agrarie.<\/strong>\u00a0E ci saranno anche <strong>quattro gustose ricette <\/strong>realizzate appositamente<strong> per ciascuna stagione dallo chef \u00a0Fabio Picchi.<\/strong><\/p>\n<p><strong>Il calendario di FIRENZE IN ROSA Onlus sar\u00e0 acquistabile<\/strong> in occasione di tutti gli eventi organizzati dall\u2019Associazione per il <strong><em>Pink October,<\/em> <\/strong>per maggiori informazioni: <a href=\"https:\/\/www.firenzeinrosa.it\/firenze-in-rosa-per-il-pink-october-2021\/\" target=\"_blank\" rel=\"noopener\"><strong>https:\/\/www.firenzeinrosa.it\/firenze-in-rosa-per-il-pink-october-2021\/<\/strong><\/a><\/p>\n<p><strong>FIRENZE IN ROSA Onlus \u00e8 un\u2019associazione senza fini di lucro<\/strong> che si pone come obiettivo primario quello di<strong> promuovere, rafforzare e diffondere la prevenzione, l&#8217;auto-diagnosi e la cura del tumore al seno<\/strong> realizzando iniziative sul territorio volte a sensibilizzare ad informarsi per sottoporsi a <strong>controlli periodici e ad assumere corretti stili di vita.<\/strong><\/p>\n","protected":false},"excerpt":{"rendered":"<p>La Onlus FIRENZE IN ROSA per il &#8220;Pink Oktober&#8221; il mese internazionale dedicato alla prevenzione del tumore al seno lancia un&#039;iniziativa per diffondere la consapevolezza per un corretto stile di vita<\/p>\n","protected":false},"author":525,"featured_media":192574,"comment_status":"open","ping_status":"open","sticky":false,"template":"","format":"standard","meta":{"_acf_changed":false,"footnotes":""},"categories":[18],"tags":[4385,134,4768],"class_list":["post-192566","post","type-post","status-publish","format-standard","has-post-thumbnail","hentry","category-salute","tag-prevenzione","tag-salute","tag-tumore-al-seno"],"acf":[],"yoast_head":"<!-- This site is optimized with the Yoast SEO Premium plugin v24.2 (Yoast SEO v25.6) - https:\/\/yoast.com\/wordpress\/plugins\/seo\/ -->\n<title>\u201cIN SALUTE Made in Tuscany\u201d un calendario per diffondere la prevenzione a km zero con i prodotti toscani - intoscana<\/title>\n<meta name=\"description\" content=\"La Onlus FIRENZE IN ROSA per il &quot;Pink Oktober&quot; il mese internazionale dedicato alla prevenzione del tumore al seno lancia un&#039;iniziativa\" \/>\n<meta name=\"robots\" content=\"index, follow, max-snippet:-1, max-image-preview:large, max-video-preview:-1\" \/>\n<link rel=\"canonical\" href=\"https:\/\/www.intoscana.it\/it\/in-salute-made-in-tuscany-un-calendario-per-diffondere-la-prevenzione-a-km-zero-con-i-prodotti-toscani\/\" \/>\n<meta property=\"og:locale\" content=\"it_IT\" \/>\n<meta property=\"og:type\" content=\"article\" \/>\n<meta property=\"og:title\" content=\"\u201cIN SALUTE Made in Tuscany\u201d un calendario per diffondere la prevenzione a km zero con i prodotti toscani\" \/>\n<meta property=\"og:description\" content=\"La Onlus FIRENZE IN ROSA per il &quot;Pink Oktober&quot; il mese internazionale dedicato alla prevenzione del tumore al seno lancia un&#039;iniziativa\" \/>\n<meta property=\"og:url\" content=\"https:\/\/www.intoscana.it\/it\/in-salute-made-in-tuscany-un-calendario-per-diffondere-la-prevenzione-a-km-zero-con-i-prodotti-toscani\/\" \/>\n<meta property=\"og:site_name\" content=\"intoscana\" \/>\n<meta property=\"article:publisher\" content=\"https:\/\/www.facebook.com\/intoscana.it\" \/>\n<meta property=\"article:published_time\" content=\"2021-10-04T12:50:49+00:00\" \/>\n<meta property=\"article:modified_time\" content=\"2021-10-04T13:00:46+00:00\" \/>\n<meta property=\"og:image\" content=\"https:\/\/www.intoscana.it\/wp-content\/uploads\/Schermata-2021-10-04-alle-14.39.42.jpg\" \/>\n\t<meta property=\"og:image:width\" content=\"1811\" \/>\n\t<meta property=\"og:image:height\" content=\"880\" \/>\n\t<meta property=\"og:image:type\" content=\"image\/jpeg\" \/>\n<meta name=\"author\" content=\"Redazione\" \/>\n<meta name=\"twitter:card\" content=\"summary_large_image\" \/>\n<meta name=\"twitter:creator\" content=\"@intoscana\" \/>\n<meta name=\"twitter:site\" content=\"@intoscana\" \/>\n<meta name=\"twitter:label1\" content=\"Written by\" \/>\n\t<meta name=\"twitter:data1\" content=\"Redazione\" \/>\n\t<meta name=\"twitter:label2\" content=\"Est. reading time\" \/>\n\t<meta name=\"twitter:data2\" content=\"3 minuti\" \/>\n<script type=\"application\/ld+json\" class=\"yoast-schema-graph\">{\"@context\":\"https:\/\/schema.org\",\"@graph\":[{\"@type\":\"WebPage\",\"@id\":\"https:\/\/www.intoscana.it\/it\/in-salute-made-in-tuscany-un-calendario-per-diffondere-la-prevenzione-a-km-zero-con-i-prodotti-toscani\/\",\"url\":\"https:\/\/www.intoscana.it\/it\/in-salute-made-in-tuscany-un-calendario-per-diffondere-la-prevenzione-a-km-zero-con-i-prodotti-toscani\/\",\"name\":\"\u201cIN SALUTE Made in Tuscany\u201d un calendario per diffondere la prevenzione a km zero con i prodotti toscani - intoscana\",\"isPartOf\":{\"@id\":\"https:\/\/www.intoscana.it\/it\/#website\"},\"primaryImageOfPage\":{\"@id\":\"https:\/\/www.intoscana.it\/it\/in-salute-made-in-tuscany-un-calendario-per-diffondere-la-prevenzione-a-km-zero-con-i-prodotti-toscani\/#primaryimage\"},\"image\":{\"@id\":\"https:\/\/www.intoscana.it\/it\/in-salute-made-in-tuscany-un-calendario-per-diffondere-la-prevenzione-a-km-zero-con-i-prodotti-toscani\/#primaryimage\"},\"thumbnailUrl\":\"https:\/\/www.intoscana.it\/wp-content\/uploads\/Schermata-2021-10-04-alle-14.39.42.jpg\",\"datePublished\":\"2021-10-04T12:50:49+00:00\",\"dateModified\":\"2021-10-04T13:00:46+00:00\",\"author\":{\"@id\":\"https:\/\/www.intoscana.it\/it\/#\/schema\/person\/9223810753230f20bd670fdd322661f8\"},\"description\":\"La Onlus FIRENZE IN ROSA per il \\\"Pink Oktober\\\" il mese internazionale dedicato alla prevenzione del tumore al seno lancia un'iniziativa\",\"breadcrumb\":{\"@id\":\"https:\/\/www.intoscana.it\/it\/in-salute-made-in-tuscany-un-calendario-per-diffondere-la-prevenzione-a-km-zero-con-i-prodotti-toscani\/#breadcrumb\"},\"inLanguage\":\"it-IT\",\"potentialAction\":[{\"@type\":\"ReadAction\",\"target\":[\"https:\/\/www.intoscana.it\/it\/in-salute-made-in-tuscany-un-calendario-per-diffondere-la-prevenzione-a-km-zero-con-i-prodotti-toscani\/\"]}]},{\"@type\":\"ImageObject\",\"inLanguage\":\"it-IT\",\"@id\":\"https:\/\/www.intoscana.it\/it\/in-salute-made-in-tuscany-un-calendario-per-diffondere-la-prevenzione-a-km-zero-con-i-prodotti-toscani\/#primaryimage\",\"url\":\"https:\/\/www.intoscana.it\/wp-content\/uploads\/Schermata-2021-10-04-alle-14.39.42.jpg\",\"contentUrl\":\"https:\/\/www.intoscana.it\/wp-content\/uploads\/Schermata-2021-10-04-alle-14.39.42.jpg\",\"width\":1811,\"height\":880},{\"@type\":\"BreadcrumbList\",\"@id\":\"https:\/\/www.intoscana.it\/it\/in-salute-made-in-tuscany-un-calendario-per-diffondere-la-prevenzione-a-km-zero-con-i-prodotti-toscani\/#breadcrumb\",\"itemListElement\":[{\"@type\":\"ListItem\",\"position\":1,\"name\":\"Home\",\"item\":\"https:\/\/www.intoscana.it\/it\/\"},{\"@type\":\"ListItem\",\"position\":2,\"name\":\"\u201cIN SALUTE Made in Tuscany\u201d un calendario per diffondere la prevenzione a km zero con i prodotti toscani\"}]},{\"@type\":\"WebSite\",\"@id\":\"https:\/\/www.intoscana.it\/it\/#website\",\"url\":\"https:\/\/www.intoscana.it\/it\/\",\"name\":\"intoscana\",\"description\":\"\",\"potentialAction\":[{\"@type\":\"SearchAction\",\"target\":{\"@type\":\"EntryPoint\",\"urlTemplate\":\"https:\/\/www.intoscana.it\/it\/?s={search_term_string}\"},\"query-input\":{\"@type\":\"PropertyValueSpecification\",\"valueRequired\":true,\"valueName\":\"search_term_string\"}}],\"inLanguage\":\"it-IT\"},{\"@type\":\"Person\",\"@id\":\"https:\/\/www.intoscana.it\/it\/#\/schema\/person\/9223810753230f20bd670fdd322661f8\",\"name\":\"Redazione\",\"url\":\"https:\/\/www.intoscana.it\/it\/author\/redazione\/\"}]}<\/script>\n<!-- \/ Yoast SEO Premium plugin. -->","yoast_head_json":{"title":"\u201cIN SALUTE Made in Tuscany\u201d un calendario per diffondere la prevenzione a km zero con i prodotti toscani - intoscana","description":"La Onlus FIRENZE IN ROSA per il \"Pink Oktober\" il mese internazionale dedicato alla prevenzione del tumore al seno lancia un'iniziativa","robots":{"index":"index","follow":"follow","max-snippet":"max-snippet:-1","max-image-preview":"max-image-preview:large","max-video-preview":"max-video-preview:-1"},"canonical":"https:\/\/www.intoscana.it\/it\/in-salute-made-in-tuscany-un-calendario-per-diffondere-la-prevenzione-a-km-zero-con-i-prodotti-toscani\/","og_locale":"it_IT","og_type":"article","og_title":"\u201cIN SALUTE Made in Tuscany\u201d un calendario per diffondere la prevenzione a km zero con i prodotti toscani","og_description":"La Onlus FIRENZE IN ROSA per il \"Pink Oktober\" il mese internazionale dedicato alla prevenzione del tumore al seno lancia un'iniziativa","og_url":"https:\/\/www.intoscana.it\/it\/in-salute-made-in-tuscany-un-calendario-per-diffondere-la-prevenzione-a-km-zero-con-i-prodotti-toscani\/","og_site_name":"intoscana","article_publisher":"https:\/\/www.facebook.com\/intoscana.it","article_published_time":"2021-10-04T12:50:49+00:00","article_modified_time":"2021-10-04T13:00:46+00:00","og_image":[{"width":1811,"height":880,"url":"https:\/\/www.intoscana.it\/wp-content\/uploads\/Schermata-2021-10-04-alle-14.39.42.jpg","type":"image\/jpeg"}],"author":"Redazione","twitter_card":"summary_large_image","twitter_creator":"@intoscana","twitter_site":"@intoscana","twitter_misc":{"Written by":"Redazione","Est. reading time":"3 minuti"},"schema":{"@context":"https:\/\/schema.org","@graph":[{"@type":"WebPage","@id":"https:\/\/www.intoscana.it\/it\/in-salute-made-in-tuscany-un-calendario-per-diffondere-la-prevenzione-a-km-zero-con-i-prodotti-toscani\/","url":"https:\/\/www.intoscana.it\/it\/in-salute-made-in-tuscany-un-calendario-per-diffondere-la-prevenzione-a-km-zero-con-i-prodotti-toscani\/","name":"\u201cIN SALUTE Made in Tuscany\u201d un calendario per diffondere la prevenzione a km zero con i prodotti toscani - intoscana","isPartOf":{"@id":"https:\/\/www.intoscana.it\/it\/#website"},"primaryImageOfPage":{"@id":"https:\/\/www.intoscana.it\/it\/in-salute-made-in-tuscany-un-calendario-per-diffondere-la-prevenzione-a-km-zero-con-i-prodotti-toscani\/#primaryimage"},"image":{"@id":"https:\/\/www.intoscana.it\/it\/in-salute-made-in-tuscany-un-calendario-per-diffondere-la-prevenzione-a-km-zero-con-i-prodotti-toscani\/#primaryimage"},"thumbnailUrl":"https:\/\/www.intoscana.it\/wp-content\/uploads\/Schermata-2021-10-04-alle-14.39.42.jpg","datePublished":"2021-10-04T12:50:49+00:00","dateModified":"2021-10-04T13:00:46+00:00","author":{"@id":"https:\/\/www.intoscana.it\/it\/#\/schema\/person\/9223810753230f20bd670fdd322661f8"},"description":"La Onlus FIRENZE IN ROSA per il \"Pink Oktober\" il mese internazionale dedicato alla prevenzione del tumore al seno lancia un'iniziativa","breadcrumb":{"@id":"https:\/\/www.intoscana.it\/it\/in-salute-made-in-tuscany-un-calendario-per-diffondere-la-prevenzione-a-km-zero-con-i-prodotti-toscani\/#breadcrumb"},"inLanguage":"it-IT","potentialAction":[{"@type":"ReadAction","target":["https:\/\/www.intoscana.it\/it\/in-salute-made-in-tuscany-un-calendario-per-diffondere-la-prevenzione-a-km-zero-con-i-prodotti-toscani\/"]}]},{"@type":"ImageObject","inLanguage":"it-IT","@id":"https:\/\/www.intoscana.it\/it\/in-salute-made-in-tuscany-un-calendario-per-diffondere-la-prevenzione-a-km-zero-con-i-prodotti-toscani\/#primaryimage","url":"https:\/\/www.intoscana.it\/wp-content\/uploads\/Schermata-2021-10-04-alle-14.39.42.jpg","contentUrl":"https:\/\/www.intoscana.it\/wp-content\/uploads\/Schermata-2021-10-04-alle-14.39.42.jpg","width":1811,"height":880},{"@type":"BreadcrumbList","@id":"https:\/\/www.intoscana.it\/it\/in-salute-made-in-tuscany-un-calendario-per-diffondere-la-prevenzione-a-km-zero-con-i-prodotti-toscani\/#breadcrumb","itemListElement":[{"@type":"ListItem","position":1,"name":"Home","item":"https:\/\/www.intoscana.it\/it\/"},{"@type":"ListItem","position":2,"name":"\u201cIN SALUTE Made in Tuscany\u201d un calendario per diffondere la prevenzione a km zero con i prodotti toscani"}]},{"@type":"WebSite","@id":"https:\/\/www.intoscana.it\/it\/#website","url":"https:\/\/www.intoscana.it\/it\/","name":"intoscana","description":"","potentialAction":[{"@type":"SearchAction","target":{"@type":"EntryPoint","urlTemplate":"https:\/\/www.intoscana.it\/it\/?s={search_term_string}"},"query-input":{"@type":"PropertyValueSpecification","valueRequired":true,"valueName":"search_term_string"}}],"inLanguage":"it-IT"},{"@type":"Person","@id":"https:\/\/www.intoscana.it\/it\/#\/schema\/person\/9223810753230f20bd670fdd322661f8","name":"Redazione","url":"https:\/\/www.intoscana.it\/it\/author\/redazione\/"}]}},"_links":{"self":[{"href":"https:\/\/www.intoscana.it\/it\/wp-json\/wp\/v2\/posts\/192566","targetHints":{"allow":["GET"]}}],"collection":[{"href":"https:\/\/www.intoscana.it\/it\/wp-json\/wp\/v2\/posts"}],"about":[{"href":"https:\/\/www.intoscana.it\/it\/wp-json\/wp\/v2\/types\/post"}],"author":[{"embeddable":true,"href":"https:\/\/www.intoscana.it\/it\/wp-json\/wp\/v2\/users\/525"}],"replies":[{"embeddable":true,"href":"https:\/\/www.intoscana.it\/it\/wp-json\/wp\/v2\/comments?post=192566"}],"version-history":[{"count":0,"href":"https:\/\/www.intoscana.it\/it\/wp-json\/wp\/v2\/posts\/192566\/revisions"}],"wp:featuredmedia":[{"embeddable":true,"href":"https:\/\/www.intoscana.it\/it\/wp-json\/wp\/v2\/media\/192574"}],"wp:attachment":[{"href":"https:\/\/www.intoscana.it\/it\/wp-json\/wp\/v2\/media?parent=192566"}],"wp:term":[{"taxonomy":"category","embeddable":true,"href":"https:\/\/www.intoscana.it\/it\/wp-json\/wp\/v2\/categories?post=192566"},{"taxonomy":"post_tag","embeddable":true,"href":"https:\/\/www.intoscana.it\/it\/wp-json\/wp\/v2\/tags?post=192566"}],"curies":[{"name":"wp","href":"https:\/\/api.w.org\/{rel}","templated":true}]}}