{"id":192941,"date":"2021-10-06T16:33:33","date_gmt":"2021-10-06T14:33:33","guid":{"rendered":"https:\/\/www.intoscana.it\/it\/?p=192941"},"modified":"2021-10-06T17:27:15","modified_gmt":"2021-10-06T15:27:15","slug":"eby-shot-arco-di-san-pierino","status":"publish","type":"post","link":"https:\/\/www.intoscana.it\/it\/eby-shot-arco-di-san-pierino\/","title":{"rendered":"Eby, dal 1985 sotto l&#8217;Arco di San Pierino: &#8220;Appartengo a questo luogo, voglio dare voce al quartiere&#8221;"},"content":{"rendered":"<p>Barba, baffi e capelli bianchi. Eby mi aspetta seduta ad un tavolino sotto l\u2019Arco di San Pierino. Ed \u00e8 l\u00ec che lo si trova tutte le sere. <strong>Gli shot di Eby sono un\u2019istituzione nel quartiere 1 di Firenze, in quel pezzetto tra piazza San Pier Maggiore e via dell&#8217;Oriuolo<\/strong>. Lo sanno bene i tanti che all\u2019Eby\u2019s bar hanno iniziato o concluso (in molti casi <em>iniziato e concluso<\/em>) le proprie serate.<\/p>\n<p>Chiedere ad Eby \u201c<em>da dove vieni?<\/em>\u201d \u00e8 tempo perso: <mark>\u201cIo appartengo al luogo dove mi trovo. Appartenere ad un posto significa che ci stai bene, \u00e8 quel senso di sicurezza di quando esci di casa, ti guardi intorno e ti senti felice.<\/mark>\u201d <strong>Quel pezzetto di mondo sotto l\u2019Arco \u00e8 casa sua dal 1985.<\/strong> Ogni sera Eby sotto l\u2019Arco allieta e diverte gli avventori con giochi di sapore e colore, come un alchimista trasforma gli ingredienti per creare dei cocktail, serviti con la formula dello shot, vere e proprie esperienze degustative.<\/p>\n<h3>Dal gelato agli shot<\/h3>\n<p>Eby \u00e8 un appassionato, \u00e8 un avventuriero, un esploratore, potrebbe essere il perfetto protagonista di un romanzo alla Moby Dick, o alla Jules Verne, e sicuramente avrebbe suscitato anche la fantasia di Hemingway. <strong>\u00c8 sempre in cerca di nuove sfide e nuove avventure per placare la sua sete di socialit\u00e0<\/strong>. \u201cCosa ho fatto prima? Tante cose, <strong>scrivevo romanzi, studiavo medicina<\/strong>. Poi sono finiti i soldi. In questo fondo c\u2019era una gelateria, mi presero a fare i gelati. Non avevo mai fatto i gelati ma ero bravo e imparai in fretta tanto che quando il proprietario decise di ritrarsi, <strong>mi spinse a rilevare l\u2019attivit\u00e0, si fidava di me e cos\u00ec lo feci, e con tanti debiti iniziai a fare il gelataio\u201d<\/strong>.<\/p>\n<p>Dopo l\u2019attivit\u00e0 come gelataio, ha iniziato a fare i panini messicani, ottenute le sue soddisfazioni, ha cambiato di nuovo attivit\u00e0 e ha iniziato con le crepes, poi per\u00f2 ha capito che nel quartiere mancava qualcuno che servisse cocktail di frutta. Troppe le idee e i progetti perch\u00e9 un solo locale potesse contenerli, cos\u00ec alla fine ha comprato un fondo all&#8217;angolo sempre in via dell\u2019Oriuolo dove oggi si pu\u00f2 ordinare un burritos e poi andare a mangiarlo sotto l\u2019arco di San Pierino, ordinare un mojito da Eby e quando la notte avanza, una delle creazioni che gli sono valse l\u2019appellativo di \u201c<em>re degli shot<\/em>\u201d.\u00a0<strong>Nessuna delle scelte di Eby per\u00f2 \u00e8 fatta a caso, dietro c\u2019\u00e8 sempre una ragione.<\/strong><\/p>\n<p><strong>Perch\u00e9 metti tutta questa cura nel preparare gli shot?<\/strong> <mark>\u201cBere \u00e8 guastare \u2013 risponde &#8211; si deve beve per il piacere, per il sapore. I ragazzi spesso bevono tanto per bere, per ubriacarsi, io volevo dimostrare che bere \u00e8 un\u2019altra cosa <\/mark>. In fondo basta farli divertire\u201d. E come si fa? Stupendoli con il \u201cNutellino\u201d con il turbante, con il \u201cMessicano\u201d con il sombrero, con il \u201cRusso\u201d con il colbacco\u2026<br \/>\nEby crea una sorta di spettacolo di bont\u00e0, prende al laccio prima gli occhi dell\u2019avventore poi le papille gustative. <strong>\u201cCos\u00ec le persone restano, tornano e il quartiere vive\u201d<\/strong>. Per arrivare a perfezionare la sua formula magica <strong>Eby ha studiato e dall\u2019arte del gelataio ha appreso l\u2019importanza delle proporzioni, degli abbinamenti e dei colori.<\/strong> Non \u00e8 geloso delle sue ricette, mi svela senza che io debba insistere troppo quali sono gli ingredienti per fare il \u201cMessicano\u201d<strong> perch\u00e9 tanto &#8220;il segreto sta nelle proporzioni\u201d, dice ridendo.<\/strong><\/p>\n<h3>L&#8217;Arco di San Pierino, una stella polare<\/h3>\n<p>Non ci provate a portare Eby lontano dal suo Arco, le offerte lavorative non sono mancate ma Eby non lascia il quartiere: \u201cNon sono disponibile a spostarmi per lavorare <strong>perch\u00e9 quello che faccio mi piace farlo nel mio ambiente\u201d<\/strong>. \u00c8 sotto l\u2019Arco di San Pierino che si sente a casa, quell\u2019Arco \u00e8 la sua stella polare. <strong>Per quell\u2019Arco si \u00e8 battuto,<\/strong> ha discusso, quell\u2019arco probabilmente ha contribuito a tingere di bianco la sua folta chioma ma gli ha regalato anche soddisfazioni, pacche sulle spalle e nuovi amici.<\/p>\n<p><mark>\u201cIl lavoro per me \u00e8 uno strumento: la cosa che mi piace di pi\u00f9 \u00e8 stare con la gente, io voglio essere parte del popolo e se c\u2019\u00e8 qualcuno che non ha voce vorrei essere d\u2019aiuto. Serve a me e serve alle generazioni future, perch\u00e9 migliorare la qualit\u00e0 della vita di uno permette a tutti di stare meglio\u201d <\/mark>.<\/p>\n<p><strong>Eby \u00e8 tra i promotori ed \u00e8 stato presidente del comitato per la rinascita di San Pierino.\u00a0<\/strong>Mentre sorseggio il mojito che mi ha gentilmente offerto, mi racconta del suo impegno e di quello degli altri del quartiere per riqualificare la zona, <strong>una zona<\/strong> che quando Eby faceva i gelati (ma anche per molto tempo dopo) era <strong>nota per essere covo di spaccio e luogo degradato<\/strong>. Eby racconta delle riunioni fatte con i residenti, degli incontri con i vari sindaci e assessori di turno, <strong>mi racconta anche delle polemiche, degli articoli sul giornale, delle giornate difficili e di quelle meno difficili<\/strong>. Della battaglia portata avanti per chiudere al transito quel pezzetto di strada sotto la Volta e metterci tavoli e sedie<strong> per farne un luogo di scambio e socialit\u00e0, mi racconta delle serate passate a chiacchierare con quelli che per tutti erano la causa del degrado della zona, tossicodipendenti e senzatetto<\/strong>: <mark>\u201cLa nostra per riqualificare il quartiere non \u00e8 mai stata una battaglia contro i tossicodipendenti, non combattiamo gli esseri umani e loro sono esseri umani come noi, dobbiamo combattere contro il degrado <\/mark>. Per questo abbiamo lavorato a dei punti, dieci, di convivenza: se dentro un quartiere ci sono regole, e quelle regole portano beneficio alla comunit\u00e0, <strong>chi non le rispetta non rispetta la comunit\u00e0, che si tratti di droga o di sacchi dell\u2019immondizia lasciati per strada<\/strong>\u201d.<\/p>\n<h3>Caff\u00e8, rhum e filosofia<\/h3>\n<p>\u201cCaff\u00e8, rhum e filosofia\u201d, la visione di Eby \u00e8 scritta in stampatello sull\u2019insegna del bar. \u00c8 ci\u00f2 che, insieme alla sua compagna e con i suoi collaboratori, fanno dal 1985: quando non era rhum erano i gelati, o le crepes. <strong>\u00c8 ci\u00f2 che continua a fare oggi, sempre l\u00ec sotto l\u2019Arco di San Pierino, per l\u2019Arco di San Pierino<\/strong>.<\/p>\n<p>Oggi che l\u2019area non \u00e8 pi\u00f9 un orinatoio a cielo aperto, alcova di tossici e spacciatori, <mark>il \u201cnemico\u201d \u00e8 il progressivo spopolamento del centro storico fiorentino, acuito dalla pandemia che ha messo in ginocchio le piccole realt\u00e0 locali <\/mark>. I negozi di vicinato tirano gi\u00f9 le serrande e piano piano sempre pi\u00f9 fiorentini lasciano i quartieri dove sono cresciuti: <strong> \u201cSe ai residenti togliamo spazi e servizi, loro se ne vanno\u201d<\/strong> e se loro se ne vanno il quartiere perde l\u2019orgoglio ritrovato e con esso i passi fatti negli ultimi 40 anni.<\/p>\n<p>Finisco il mio mojito. Sul tavolo, accanto al bicchiere, c\u2019\u00e8 la <strong>lettera<\/strong> <strong>che i membri del nuovo comitato \u201cSvegliati S.Pierino\u201d hanno mandato all&#8217;amministrazione fiorentin<\/strong>a chiedendo supporto per migliorare la qualit\u00e0 della vita del quartiere e proteggerlo dalla movida indisciplinata. Tra le richieste,\u00a0 <strong>riverniciare le strisce pedonali<\/strong>, <strong>illuminare l\u2019Arco<\/strong>, <strong>interdire il passaggio delle moto sotto la Volta<\/strong>, <strong>sostituire le catene che delimitano i marciapiedi con soluzioni pi\u00f9 sicure<\/strong> e <strong>rilanciare il tessuto produttivo locale del quartiere.<\/strong><\/p>\n","protected":false},"excerpt":{"rendered":"<p>Dal 1985 Eby lo puoi trovare in via dell&#8217;Oriuolo, i suoi shot sono famosi in tutta Firenze. Non tutti sanno per\u00f2 che Eby ha studiato medicina e che molta della sua arte nel preparare i cocktail la deve ai gelati. In questa intervista si racconta e ci racconta del suo impegno e delle battaglie per il quartiere di San Pierino, un tempo luogo di spaccio e degrado<\/p>\n","protected":false},"author":503,"featured_media":192953,"comment_status":"open","ping_status":"open","sticky":false,"template":"","format":"standard","meta":{"_acf_changed":false,"footnotes":""},"categories":[4],"tags":[202,4422,5298],"class_list":["post-192941","post","type-post","status-publish","format-standard","has-post-thumbnail","hentry","category-storie","tag-firenze","tag-movida","tag-sociale"],"acf":[],"yoast_head":"<!-- This site is optimized with the Yoast SEO Premium plugin v24.2 (Yoast SEO v25.6) - https:\/\/yoast.com\/wordpress\/plugins\/seo\/ -->\n<title>Eby, dal 1985 sotto l&#039;Arco di San Pierino: &quot;Appartengo a questo luogo, voglio dare voce al quartiere&quot; - intoscana<\/title>\n<meta name=\"description\" content=\"Gli shot di Eby sono famosi in tutta Firenze. In questa intervista ci racconta del suo impegno per il quartiere di San Pierino, un tempo luogo di spaccio e degrado\" \/>\n<meta name=\"robots\" content=\"index, follow, max-snippet:-1, max-image-preview:large, max-video-preview:-1\" \/>\n<link rel=\"canonical\" href=\"https:\/\/www.intoscana.it\/it\/eby-shot-arco-di-san-pierino\/\" \/>\n<meta property=\"og:locale\" content=\"it_IT\" \/>\n<meta property=\"og:type\" content=\"article\" \/>\n<meta property=\"og:title\" content=\"Eby, dal 1985 sotto l&#039;Arco di San Pierino: &quot;Appartengo a questo luogo, voglio dare voce al quartiere&quot;\" \/>\n<meta property=\"og:description\" content=\"Gli shot di Eby sono famosi in tutta Firenze. In questa intervista ci racconta del suo impegno per il quartiere di San Pierino, un tempo luogo di spaccio e degrado\" \/>\n<meta property=\"og:url\" content=\"https:\/\/www.intoscana.it\/it\/eby-shot-arco-di-san-pierino\/\" \/>\n<meta property=\"og:site_name\" content=\"intoscana\" \/>\n<meta property=\"article:publisher\" content=\"https:\/\/www.facebook.com\/intoscana.it\" \/>\n<meta property=\"article:published_time\" content=\"2021-10-06T14:33:33+00:00\" \/>\n<meta property=\"article:modified_time\" content=\"2021-10-06T15:27:15+00:00\" \/>\n<meta property=\"og:image\" content=\"https:\/\/www.intoscana.it\/wp-content\/uploads\/Eby-firenze-e1633532278302.jpg\" \/>\n\t<meta property=\"og:image:width\" content=\"513\" \/>\n\t<meta property=\"og:image:height\" content=\"580\" \/>\n\t<meta property=\"og:image:type\" content=\"image\/jpeg\" \/>\n<meta name=\"author\" content=\"Giulia Rafanelli\" \/>\n<meta name=\"twitter:card\" content=\"summary_large_image\" \/>\n<meta name=\"twitter:creator\" content=\"@intoscana\" \/>\n<meta name=\"twitter:site\" content=\"@intoscana\" \/>\n<meta name=\"twitter:label1\" content=\"Written by\" \/>\n\t<meta name=\"twitter:data1\" content=\"Giulia Rafanelli\" \/>\n\t<meta name=\"twitter:label2\" content=\"Est. reading time\" \/>\n\t<meta name=\"twitter:data2\" content=\"6 minuti\" \/>\n<script type=\"application\/ld+json\" class=\"yoast-schema-graph\">{\"@context\":\"https:\/\/schema.org\",\"@graph\":[{\"@type\":\"WebPage\",\"@id\":\"https:\/\/www.intoscana.it\/it\/eby-shot-arco-di-san-pierino\/\",\"url\":\"https:\/\/www.intoscana.it\/it\/eby-shot-arco-di-san-pierino\/\",\"name\":\"Eby, dal 1985 sotto l'Arco di San Pierino: \\\"Appartengo a questo luogo, voglio dare voce al quartiere\\\" - intoscana\",\"isPartOf\":{\"@id\":\"https:\/\/www.intoscana.it\/it\/#website\"},\"primaryImageOfPage\":{\"@id\":\"https:\/\/www.intoscana.it\/it\/eby-shot-arco-di-san-pierino\/#primaryimage\"},\"image\":{\"@id\":\"https:\/\/www.intoscana.it\/it\/eby-shot-arco-di-san-pierino\/#primaryimage\"},\"thumbnailUrl\":\"https:\/\/www.intoscana.it\/wp-content\/uploads\/Eby-firenze-e1633532278302.jpg\",\"datePublished\":\"2021-10-06T14:33:33+00:00\",\"dateModified\":\"2021-10-06T15:27:15+00:00\",\"author\":{\"@id\":\"https:\/\/www.intoscana.it\/it\/#\/schema\/person\/333569b367b301e30262defcea56c939\"},\"description\":\"Gli shot di Eby sono famosi in tutta Firenze. In questa intervista ci racconta del suo impegno per il quartiere di San Pierino, un tempo luogo di spaccio e degrado\",\"breadcrumb\":{\"@id\":\"https:\/\/www.intoscana.it\/it\/eby-shot-arco-di-san-pierino\/#breadcrumb\"},\"inLanguage\":\"it-IT\",\"potentialAction\":[{\"@type\":\"ReadAction\",\"target\":[\"https:\/\/www.intoscana.it\/it\/eby-shot-arco-di-san-pierino\/\"]}]},{\"@type\":\"ImageObject\",\"inLanguage\":\"it-IT\",\"@id\":\"https:\/\/www.intoscana.it\/it\/eby-shot-arco-di-san-pierino\/#primaryimage\",\"url\":\"https:\/\/www.intoscana.it\/wp-content\/uploads\/Eby-firenze-e1633532278302.jpg\",\"contentUrl\":\"https:\/\/www.intoscana.it\/wp-content\/uploads\/Eby-firenze-e1633532278302.jpg\",\"width\":513,\"height\":580},{\"@type\":\"BreadcrumbList\",\"@id\":\"https:\/\/www.intoscana.it\/it\/eby-shot-arco-di-san-pierino\/#breadcrumb\",\"itemListElement\":[{\"@type\":\"ListItem\",\"position\":1,\"name\":\"Home\",\"item\":\"https:\/\/www.intoscana.it\/it\/\"},{\"@type\":\"ListItem\",\"position\":2,\"name\":\"Eby, dal 1985 sotto l&#8217;Arco di San Pierino: &#8220;Appartengo a questo luogo, voglio dare voce al quartiere&#8221;\"}]},{\"@type\":\"WebSite\",\"@id\":\"https:\/\/www.intoscana.it\/it\/#website\",\"url\":\"https:\/\/www.intoscana.it\/it\/\",\"name\":\"intoscana\",\"description\":\"\",\"potentialAction\":[{\"@type\":\"SearchAction\",\"target\":{\"@type\":\"EntryPoint\",\"urlTemplate\":\"https:\/\/www.intoscana.it\/it\/?s={search_term_string}\"},\"query-input\":{\"@type\":\"PropertyValueSpecification\",\"valueRequired\":true,\"valueName\":\"search_term_string\"}}],\"inLanguage\":\"it-IT\"},{\"@type\":\"Person\",\"@id\":\"https:\/\/www.intoscana.it\/it\/#\/schema\/person\/333569b367b301e30262defcea56c939\",\"name\":\"Giulia Rafanelli\",\"url\":\"https:\/\/www.intoscana.it\/it\/author\/giulia-rafanelli\/\"}]}<\/script>\n<!-- \/ Yoast SEO Premium plugin. -->","yoast_head_json":{"title":"Eby, dal 1985 sotto l'Arco di San Pierino: \"Appartengo a questo luogo, voglio dare voce al quartiere\" - intoscana","description":"Gli shot di Eby sono famosi in tutta Firenze. In questa intervista ci racconta del suo impegno per il quartiere di San Pierino, un tempo luogo di spaccio e degrado","robots":{"index":"index","follow":"follow","max-snippet":"max-snippet:-1","max-image-preview":"max-image-preview:large","max-video-preview":"max-video-preview:-1"},"canonical":"https:\/\/www.intoscana.it\/it\/eby-shot-arco-di-san-pierino\/","og_locale":"it_IT","og_type":"article","og_title":"Eby, dal 1985 sotto l'Arco di San Pierino: \"Appartengo a questo luogo, voglio dare voce al quartiere\"","og_description":"Gli shot di Eby sono famosi in tutta Firenze. In questa intervista ci racconta del suo impegno per il quartiere di San Pierino, un tempo luogo di spaccio e degrado","og_url":"https:\/\/www.intoscana.it\/it\/eby-shot-arco-di-san-pierino\/","og_site_name":"intoscana","article_publisher":"https:\/\/www.facebook.com\/intoscana.it","article_published_time":"2021-10-06T14:33:33+00:00","article_modified_time":"2021-10-06T15:27:15+00:00","og_image":[{"width":513,"height":580,"url":"https:\/\/www.intoscana.it\/wp-content\/uploads\/Eby-firenze-e1633532278302.jpg","type":"image\/jpeg"}],"author":"Giulia Rafanelli","twitter_card":"summary_large_image","twitter_creator":"@intoscana","twitter_site":"@intoscana","twitter_misc":{"Written by":"Giulia Rafanelli","Est. reading time":"6 minuti"},"schema":{"@context":"https:\/\/schema.org","@graph":[{"@type":"WebPage","@id":"https:\/\/www.intoscana.it\/it\/eby-shot-arco-di-san-pierino\/","url":"https:\/\/www.intoscana.it\/it\/eby-shot-arco-di-san-pierino\/","name":"Eby, dal 1985 sotto l'Arco di San Pierino: \"Appartengo a questo luogo, voglio dare voce al quartiere\" - intoscana","isPartOf":{"@id":"https:\/\/www.intoscana.it\/it\/#website"},"primaryImageOfPage":{"@id":"https:\/\/www.intoscana.it\/it\/eby-shot-arco-di-san-pierino\/#primaryimage"},"image":{"@id":"https:\/\/www.intoscana.it\/it\/eby-shot-arco-di-san-pierino\/#primaryimage"},"thumbnailUrl":"https:\/\/www.intoscana.it\/wp-content\/uploads\/Eby-firenze-e1633532278302.jpg","datePublished":"2021-10-06T14:33:33+00:00","dateModified":"2021-10-06T15:27:15+00:00","author":{"@id":"https:\/\/www.intoscana.it\/it\/#\/schema\/person\/333569b367b301e30262defcea56c939"},"description":"Gli shot di Eby sono famosi in tutta Firenze. In questa intervista ci racconta del suo impegno per il quartiere di San Pierino, un tempo luogo di spaccio e degrado","breadcrumb":{"@id":"https:\/\/www.intoscana.it\/it\/eby-shot-arco-di-san-pierino\/#breadcrumb"},"inLanguage":"it-IT","potentialAction":[{"@type":"ReadAction","target":["https:\/\/www.intoscana.it\/it\/eby-shot-arco-di-san-pierino\/"]}]},{"@type":"ImageObject","inLanguage":"it-IT","@id":"https:\/\/www.intoscana.it\/it\/eby-shot-arco-di-san-pierino\/#primaryimage","url":"https:\/\/www.intoscana.it\/wp-content\/uploads\/Eby-firenze-e1633532278302.jpg","contentUrl":"https:\/\/www.intoscana.it\/wp-content\/uploads\/Eby-firenze-e1633532278302.jpg","width":513,"height":580},{"@type":"BreadcrumbList","@id":"https:\/\/www.intoscana.it\/it\/eby-shot-arco-di-san-pierino\/#breadcrumb","itemListElement":[{"@type":"ListItem","position":1,"name":"Home","item":"https:\/\/www.intoscana.it\/it\/"},{"@type":"ListItem","position":2,"name":"Eby, dal 1985 sotto l&#8217;Arco di San Pierino: &#8220;Appartengo a questo luogo, voglio dare voce al quartiere&#8221;"}]},{"@type":"WebSite","@id":"https:\/\/www.intoscana.it\/it\/#website","url":"https:\/\/www.intoscana.it\/it\/","name":"intoscana","description":"","potentialAction":[{"@type":"SearchAction","target":{"@type":"EntryPoint","urlTemplate":"https:\/\/www.intoscana.it\/it\/?s={search_term_string}"},"query-input":{"@type":"PropertyValueSpecification","valueRequired":true,"valueName":"search_term_string"}}],"inLanguage":"it-IT"},{"@type":"Person","@id":"https:\/\/www.intoscana.it\/it\/#\/schema\/person\/333569b367b301e30262defcea56c939","name":"Giulia Rafanelli","url":"https:\/\/www.intoscana.it\/it\/author\/giulia-rafanelli\/"}]}},"_links":{"self":[{"href":"https:\/\/www.intoscana.it\/it\/wp-json\/wp\/v2\/posts\/192941","targetHints":{"allow":["GET"]}}],"collection":[{"href":"https:\/\/www.intoscana.it\/it\/wp-json\/wp\/v2\/posts"}],"about":[{"href":"https:\/\/www.intoscana.it\/it\/wp-json\/wp\/v2\/types\/post"}],"author":[{"embeddable":true,"href":"https:\/\/www.intoscana.it\/it\/wp-json\/wp\/v2\/users\/503"}],"replies":[{"embeddable":true,"href":"https:\/\/www.intoscana.it\/it\/wp-json\/wp\/v2\/comments?post=192941"}],"version-history":[{"count":0,"href":"https:\/\/www.intoscana.it\/it\/wp-json\/wp\/v2\/posts\/192941\/revisions"}],"wp:featuredmedia":[{"embeddable":true,"href":"https:\/\/www.intoscana.it\/it\/wp-json\/wp\/v2\/media\/192953"}],"wp:attachment":[{"href":"https:\/\/www.intoscana.it\/it\/wp-json\/wp\/v2\/media?parent=192941"}],"wp:term":[{"taxonomy":"category","embeddable":true,"href":"https:\/\/www.intoscana.it\/it\/wp-json\/wp\/v2\/categories?post=192941"},{"taxonomy":"post_tag","embeddable":true,"href":"https:\/\/www.intoscana.it\/it\/wp-json\/wp\/v2\/tags?post=192941"}],"curies":[{"name":"wp","href":"https:\/\/api.w.org\/{rel}","templated":true}]}}