{"id":193281,"date":"2021-10-08T13:11:37","date_gmt":"2021-10-08T11:11:37","guid":{"rendered":"https:\/\/www.intoscana.it\/it\/?p=193281"},"modified":"2021-10-09T12:26:47","modified_gmt":"2021-10-09T10:26:47","slug":"covid-275-nuovi-casi","status":"publish","type":"post","link":"https:\/\/www.intoscana.it\/it\/covid-275-nuovi-casi\/","title":{"rendered":"Covid, 275 nuovi casi. Prato la provincia con il tasso di positivit\u00e0 pi\u00f9 alto"},"content":{"rendered":"<p><strong>In Toscana sono 284.021 i casi di positivit\u00e0 al Coronavirus, 275 in pi\u00f9 rispetto a ieri: <\/strong>271 confermati con tampone molecolare e 4 da test rapido antigenico . <strong>I nuovi casi sono lo 0,1% in pi\u00f9 rispetto al totale del giorno precedente<\/strong>. I guariti crescono dello 0,1% e raggiungono quota 270.829 (95,4% dei casi totali). Oggi sono stati eseguiti 8.108 tamponi molecolari e 9.407 tamponi antigenici rapidi, di questi l&#8217;1,6% \u00e8 risultato positivo. Sono invece 7.338 i soggetti testati oggi (con tampone antigenico e\/o molecolare, escludendo i tamponi di controllo), di cui il 3,7% \u00e8 risultato positivo. Gli attualmente positivi sono oggi 5.991, -1,1% rispetto a ieri.<\/p>\n<h3>I nuovi casi: il dettaglio<\/h3>\n<p><strong>L&#8217;et\u00e0 media dei 275 nuovi positivi odierni \u00e8 di 39 anni circa<\/strong> (25% ha meno di 20 anni, 23% tra 20 e 39 anni, 31% tra 40 e 59 anni, 17% tra 60 e 79 anni, 4% ha 80 anni o pi\u00f9).<\/p>\n<p>Di seguito i casi di positivit\u00e0 sul territorio con la variazione rispetto a ieri (271 confermati con tampone molecolare e 4 da test rapido antigenico).<br \/>\nSono 78.868 i casi complessivi ad oggi a Firenze (103 in pi\u00f9 rispetto a ieri), 26.340 a Prato (24 in pi\u00f9), 26.862 a Pistoia (17 in pi\u00f9), 14.843 a Massa-Carrara (9 in pi\u00f9), 28.931 a Lucca (17 in pi\u00f9), 33.304 a Pisa (17 in pi\u00f9), 21.097 a Livorno (28 in pi\u00f9), 25.746 ad Arezzo (11 in pi\u00f9), 16.361 a Siena (39 in pi\u00f9), 11.114 a Grosseto (10 in pi\u00f9). Sono 555 i casi positivi notificati in Toscana, ma residenti in altre regioni.<\/p>\n<p>Sono 151 i casi riscontrati oggi nell&#8217;Asl Centro, 64 nella Nord Ovest, 60 nella Sud Est.<\/p>\n<p>La Toscana si trova al 10\u00b0 posto in Italia come numerosit\u00e0 di casi (comprensivi di residenti e non residenti), con circa 7.743 casi per 100.000 abitanti (media italiana circa 7.918 per 100.000, dato di ieri). <strong>Le province di notifica con il tasso pi\u00f9 alto sono Prato<\/strong> con 10.287 casi\u00a0 per 100.000 abitanti, Pistoia con 9.237, Firenze con 7.999, la pi\u00f9 bassa Grosseto con 5.086.<\/p>\n<h3>Isolamento, sorveglianza attiva e ricoveri<\/h3>\n<p>Complessivamente, 5.739 persone sono in isolamento a casa, poich\u00e9 presentano sintomi lievi che non richiedono cure ospedaliere, o risultano prive di sintomi (62 in meno rispetto a ieri, meno 1,1%).<br \/>\nSono 13.851 (88 in meno rispetto a ieri, meno 0,6%) le persone, anch&#8217;esse isolate, in sorveglianza attiva perch\u00e9 hanno avuto contatti con persone contagiate (ASL Centro 5.185, Nord Ovest 5.733, Sud Est 2.933).<\/p>\n<h3>Guarigioni e decessi<\/h3>\n<p>Le persone <strong>complessivamente guarite sono 270.829<\/strong> (336 in pi\u00f9 rispetto a ieri, pi\u00f9 0,1%): 0 persone clinicamente guarite (stabili rispetto a ieri), divenute cio\u00e8 asintomatiche dopo aver presentato manifestazioni cliniche associate all&#8217;infezione e 270.829 (336 in pi\u00f9 rispetto a ieri, pi\u00f9 0,1%) dichiarate guarite a tutti gli effetti, le cosiddette guarigioni virali, con tampone negativo.<\/p>\n<p><strong>Le persone ricoverate nei posti letto dedicati ai pazienti COVID oggi sono complessivamente 252 <\/strong>(3 in meno rispetto a ieri, meno 1,2%), 28 in terapia intensiva (stabili rispetto a ieri)<strong>.<\/strong><\/p>\n<p><strong>Oggi si registrano 4 decessi.<\/strong> Relativamente alla provincia di residenza, le quattro persone decedute sono: 1 a Firenze, 1 a Pistoia, 1 a Lucca, 1 a Arezzo.<\/p>\n<p>Sono 7.201 i deceduti dall&#8217;inizio dell&#8217;epidemia cosi ripartiti: 2.319 a Firenze, 641 a Prato, 660 a Pistoia, 534 a Massa-Carrara, 690 a Lucca, 725 a Pisa, 424 a Livorno, 557 ad Arezzo, 350 a Siena, 208 a Grosseto, 93 persone sono decedute sul suolo toscano ma erano residenti fuori regione.<\/p>\n<p>Il tasso grezzo di mortalit\u00e0 toscano (numero di deceduti\/popolazione residente) per Covid-19 \u00e8 di 196,3 per 100.000 residenti contro il 221,4 per 100.000 della media italiana (12\u00b0 regione). Per quanto riguarda le province, il tasso di mortalit\u00e0 pi\u00f9 alto si riscontra a Massa-Carrara (281,3 per 100.000), Prato (250,3 per 100.000) e Firenze (235,2\u00a0 per 100.000), il pi\u00f9 basso a Grosseto (95,2 per 100.000).<\/p>\n","protected":false},"excerpt":{"rendered":"<p>L&#8217;et\u00e0 media dei 275 nuovi positivi odierni \u00e8 di 39 anni. Oggi si registrano 4 decessi. Stabili le terapie intensive, diminuiscono i ricoveri ordinari nei reparti Covid<\/p>\n","protected":false},"author":525,"featured_media":185986,"comment_status":"open","ping_status":"open","sticky":false,"template":"","format":"standard","meta":{"_acf_changed":false,"footnotes":""},"categories":[494],"tags":[4868,4809],"class_list":["post-193281","post","type-post","status-publish","format-standard","has-post-thumbnail","hentry","category-attualita","tag-bollettino-covid-toscana","tag-covid"],"acf":[],"yoast_head":"<!-- This site is optimized with the Yoast SEO Premium plugin v24.2 (Yoast SEO v25.6) - https:\/\/yoast.com\/wordpress\/plugins\/seo\/ -->\n<title>Covid, 275 nuovi casi. Prato la provincia con il tasso di positivit\u00e0 pi\u00f9 alto - intoscana<\/title>\n<meta name=\"description\" content=\"Oggi si registrano 4 decessi. Stabili le terapie intensive, diminuiscono i ricoveri ordinari nei reparti Covid\" \/>\n<meta name=\"robots\" content=\"index, follow, max-snippet:-1, max-image-preview:large, max-video-preview:-1\" \/>\n<link rel=\"canonical\" href=\"https:\/\/www.intoscana.it\/it\/covid-275-nuovi-casi\/\" \/>\n<meta property=\"og:locale\" content=\"it_IT\" \/>\n<meta property=\"og:type\" content=\"article\" \/>\n<meta property=\"og:title\" content=\"Covid, 275 nuovi casi. Prato la provincia con il tasso di positivit\u00e0 pi\u00f9 alto\" \/>\n<meta property=\"og:description\" content=\"Oggi si registrano 4 decessi. Stabili le terapie intensive, diminuiscono i ricoveri ordinari nei reparti Covid\" \/>\n<meta property=\"og:url\" content=\"https:\/\/www.intoscana.it\/it\/covid-275-nuovi-casi\/\" \/>\n<meta property=\"og:site_name\" content=\"intoscana\" \/>\n<meta property=\"article:publisher\" content=\"https:\/\/www.facebook.com\/intoscana.it\" \/>\n<meta property=\"article:published_time\" content=\"2021-10-08T11:11:37+00:00\" \/>\n<meta property=\"article:modified_time\" content=\"2021-10-09T10:26:47+00:00\" \/>\n<meta property=\"og:image\" content=\"https:\/\/www.intoscana.it\/wp-content\/uploads\/Ragazza-con-la-mascherina-Faith-Crabtree-Unsplash.jpg\" \/>\n\t<meta property=\"og:image:width\" content=\"1920\" \/>\n\t<meta property=\"og:image:height\" content=\"1280\" \/>\n\t<meta property=\"og:image:type\" content=\"image\/jpeg\" \/>\n<meta name=\"author\" content=\"Redazione\" \/>\n<meta name=\"twitter:card\" content=\"summary_large_image\" \/>\n<meta name=\"twitter:creator\" content=\"@intoscana\" \/>\n<meta name=\"twitter:site\" content=\"@intoscana\" \/>\n<meta name=\"twitter:label1\" content=\"Written by\" \/>\n\t<meta name=\"twitter:data1\" content=\"Redazione\" \/>\n\t<meta name=\"twitter:label2\" content=\"Est. reading time\" \/>\n\t<meta name=\"twitter:data2\" content=\"3 minuti\" \/>\n<script type=\"application\/ld+json\" class=\"yoast-schema-graph\">{\"@context\":\"https:\/\/schema.org\",\"@graph\":[{\"@type\":\"WebPage\",\"@id\":\"https:\/\/www.intoscana.it\/it\/covid-275-nuovi-casi\/\",\"url\":\"https:\/\/www.intoscana.it\/it\/covid-275-nuovi-casi\/\",\"name\":\"Covid, 275 nuovi casi. Prato la provincia con il tasso di positivit\u00e0 pi\u00f9 alto - intoscana\",\"isPartOf\":{\"@id\":\"https:\/\/www.intoscana.it\/it\/#website\"},\"primaryImageOfPage\":{\"@id\":\"https:\/\/www.intoscana.it\/it\/covid-275-nuovi-casi\/#primaryimage\"},\"image\":{\"@id\":\"https:\/\/www.intoscana.it\/it\/covid-275-nuovi-casi\/#primaryimage\"},\"thumbnailUrl\":\"https:\/\/www.intoscana.it\/wp-content\/uploads\/Ragazza-con-la-mascherina-Faith-Crabtree-Unsplash.jpg\",\"datePublished\":\"2021-10-08T11:11:37+00:00\",\"dateModified\":\"2021-10-09T10:26:47+00:00\",\"author\":{\"@id\":\"https:\/\/www.intoscana.it\/it\/#\/schema\/person\/9223810753230f20bd670fdd322661f8\"},\"description\":\"Oggi si registrano 4 decessi. Stabili le terapie intensive, diminuiscono i ricoveri ordinari nei reparti Covid\",\"breadcrumb\":{\"@id\":\"https:\/\/www.intoscana.it\/it\/covid-275-nuovi-casi\/#breadcrumb\"},\"inLanguage\":\"it-IT\",\"potentialAction\":[{\"@type\":\"ReadAction\",\"target\":[\"https:\/\/www.intoscana.it\/it\/covid-275-nuovi-casi\/\"]}]},{\"@type\":\"ImageObject\",\"inLanguage\":\"it-IT\",\"@id\":\"https:\/\/www.intoscana.it\/it\/covid-275-nuovi-casi\/#primaryimage\",\"url\":\"https:\/\/www.intoscana.it\/wp-content\/uploads\/Ragazza-con-la-mascherina-Faith-Crabtree-Unsplash.jpg\",\"contentUrl\":\"https:\/\/www.intoscana.it\/wp-content\/uploads\/Ragazza-con-la-mascherina-Faith-Crabtree-Unsplash.jpg\",\"width\":1920,\"height\":1280},{\"@type\":\"BreadcrumbList\",\"@id\":\"https:\/\/www.intoscana.it\/it\/covid-275-nuovi-casi\/#breadcrumb\",\"itemListElement\":[{\"@type\":\"ListItem\",\"position\":1,\"name\":\"Home\",\"item\":\"https:\/\/www.intoscana.it\/it\/\"},{\"@type\":\"ListItem\",\"position\":2,\"name\":\"Covid, 275 nuovi casi. Prato la provincia con il tasso di positivit\u00e0 pi\u00f9 alto\"}]},{\"@type\":\"WebSite\",\"@id\":\"https:\/\/www.intoscana.it\/it\/#website\",\"url\":\"https:\/\/www.intoscana.it\/it\/\",\"name\":\"intoscana\",\"description\":\"\",\"potentialAction\":[{\"@type\":\"SearchAction\",\"target\":{\"@type\":\"EntryPoint\",\"urlTemplate\":\"https:\/\/www.intoscana.it\/it\/?s={search_term_string}\"},\"query-input\":{\"@type\":\"PropertyValueSpecification\",\"valueRequired\":true,\"valueName\":\"search_term_string\"}}],\"inLanguage\":\"it-IT\"},{\"@type\":\"Person\",\"@id\":\"https:\/\/www.intoscana.it\/it\/#\/schema\/person\/9223810753230f20bd670fdd322661f8\",\"name\":\"Redazione\",\"url\":\"https:\/\/www.intoscana.it\/it\/author\/redazione\/\"}]}<\/script>\n<!-- \/ Yoast SEO Premium plugin. -->","yoast_head_json":{"title":"Covid, 275 nuovi casi. Prato la provincia con il tasso di positivit\u00e0 pi\u00f9 alto - intoscana","description":"Oggi si registrano 4 decessi. Stabili le terapie intensive, diminuiscono i ricoveri ordinari nei reparti Covid","robots":{"index":"index","follow":"follow","max-snippet":"max-snippet:-1","max-image-preview":"max-image-preview:large","max-video-preview":"max-video-preview:-1"},"canonical":"https:\/\/www.intoscana.it\/it\/covid-275-nuovi-casi\/","og_locale":"it_IT","og_type":"article","og_title":"Covid, 275 nuovi casi. Prato la provincia con il tasso di positivit\u00e0 pi\u00f9 alto","og_description":"Oggi si registrano 4 decessi. Stabili le terapie intensive, diminuiscono i ricoveri ordinari nei reparti Covid","og_url":"https:\/\/www.intoscana.it\/it\/covid-275-nuovi-casi\/","og_site_name":"intoscana","article_publisher":"https:\/\/www.facebook.com\/intoscana.it","article_published_time":"2021-10-08T11:11:37+00:00","article_modified_time":"2021-10-09T10:26:47+00:00","og_image":[{"width":1920,"height":1280,"url":"https:\/\/www.intoscana.it\/wp-content\/uploads\/Ragazza-con-la-mascherina-Faith-Crabtree-Unsplash.jpg","type":"image\/jpeg"}],"author":"Redazione","twitter_card":"summary_large_image","twitter_creator":"@intoscana","twitter_site":"@intoscana","twitter_misc":{"Written by":"Redazione","Est. reading time":"3 minuti"},"schema":{"@context":"https:\/\/schema.org","@graph":[{"@type":"WebPage","@id":"https:\/\/www.intoscana.it\/it\/covid-275-nuovi-casi\/","url":"https:\/\/www.intoscana.it\/it\/covid-275-nuovi-casi\/","name":"Covid, 275 nuovi casi. Prato la provincia con il tasso di positivit\u00e0 pi\u00f9 alto - intoscana","isPartOf":{"@id":"https:\/\/www.intoscana.it\/it\/#website"},"primaryImageOfPage":{"@id":"https:\/\/www.intoscana.it\/it\/covid-275-nuovi-casi\/#primaryimage"},"image":{"@id":"https:\/\/www.intoscana.it\/it\/covid-275-nuovi-casi\/#primaryimage"},"thumbnailUrl":"https:\/\/www.intoscana.it\/wp-content\/uploads\/Ragazza-con-la-mascherina-Faith-Crabtree-Unsplash.jpg","datePublished":"2021-10-08T11:11:37+00:00","dateModified":"2021-10-09T10:26:47+00:00","author":{"@id":"https:\/\/www.intoscana.it\/it\/#\/schema\/person\/9223810753230f20bd670fdd322661f8"},"description":"Oggi si registrano 4 decessi. Stabili le terapie intensive, diminuiscono i ricoveri ordinari nei reparti Covid","breadcrumb":{"@id":"https:\/\/www.intoscana.it\/it\/covid-275-nuovi-casi\/#breadcrumb"},"inLanguage":"it-IT","potentialAction":[{"@type":"ReadAction","target":["https:\/\/www.intoscana.it\/it\/covid-275-nuovi-casi\/"]}]},{"@type":"ImageObject","inLanguage":"it-IT","@id":"https:\/\/www.intoscana.it\/it\/covid-275-nuovi-casi\/#primaryimage","url":"https:\/\/www.intoscana.it\/wp-content\/uploads\/Ragazza-con-la-mascherina-Faith-Crabtree-Unsplash.jpg","contentUrl":"https:\/\/www.intoscana.it\/wp-content\/uploads\/Ragazza-con-la-mascherina-Faith-Crabtree-Unsplash.jpg","width":1920,"height":1280},{"@type":"BreadcrumbList","@id":"https:\/\/www.intoscana.it\/it\/covid-275-nuovi-casi\/#breadcrumb","itemListElement":[{"@type":"ListItem","position":1,"name":"Home","item":"https:\/\/www.intoscana.it\/it\/"},{"@type":"ListItem","position":2,"name":"Covid, 275 nuovi casi. Prato la provincia con il tasso di positivit\u00e0 pi\u00f9 alto"}]},{"@type":"WebSite","@id":"https:\/\/www.intoscana.it\/it\/#website","url":"https:\/\/www.intoscana.it\/it\/","name":"intoscana","description":"","potentialAction":[{"@type":"SearchAction","target":{"@type":"EntryPoint","urlTemplate":"https:\/\/www.intoscana.it\/it\/?s={search_term_string}"},"query-input":{"@type":"PropertyValueSpecification","valueRequired":true,"valueName":"search_term_string"}}],"inLanguage":"it-IT"},{"@type":"Person","@id":"https:\/\/www.intoscana.it\/it\/#\/schema\/person\/9223810753230f20bd670fdd322661f8","name":"Redazione","url":"https:\/\/www.intoscana.it\/it\/author\/redazione\/"}]}},"_links":{"self":[{"href":"https:\/\/www.intoscana.it\/it\/wp-json\/wp\/v2\/posts\/193281","targetHints":{"allow":["GET"]}}],"collection":[{"href":"https:\/\/www.intoscana.it\/it\/wp-json\/wp\/v2\/posts"}],"about":[{"href":"https:\/\/www.intoscana.it\/it\/wp-json\/wp\/v2\/types\/post"}],"author":[{"embeddable":true,"href":"https:\/\/www.intoscana.it\/it\/wp-json\/wp\/v2\/users\/525"}],"replies":[{"embeddable":true,"href":"https:\/\/www.intoscana.it\/it\/wp-json\/wp\/v2\/comments?post=193281"}],"version-history":[{"count":0,"href":"https:\/\/www.intoscana.it\/it\/wp-json\/wp\/v2\/posts\/193281\/revisions"}],"wp:featuredmedia":[{"embeddable":true,"href":"https:\/\/www.intoscana.it\/it\/wp-json\/wp\/v2\/media\/185986"}],"wp:attachment":[{"href":"https:\/\/www.intoscana.it\/it\/wp-json\/wp\/v2\/media?parent=193281"}],"wp:term":[{"taxonomy":"category","embeddable":true,"href":"https:\/\/www.intoscana.it\/it\/wp-json\/wp\/v2\/categories?post=193281"},{"taxonomy":"post_tag","embeddable":true,"href":"https:\/\/www.intoscana.it\/it\/wp-json\/wp\/v2\/tags?post=193281"}],"curies":[{"name":"wp","href":"https:\/\/api.w.org\/{rel}","templated":true}]}}