{"id":193471,"date":"2021-10-09T16:24:50","date_gmt":"2021-10-09T14:24:50","guid":{"rendered":"https:\/\/www.intoscana.it\/it\/?p=193471"},"modified":"2021-10-09T17:24:52","modified_gmt":"2021-10-09T15:24:52","slug":"if2021-esperti-di-etica-e-tecnologia-a-confronto-sul-robot-che-reagisce-alle-emozioni","status":"publish","type":"post","link":"https:\/\/www.intoscana.it\/it\/if2021-esperti-di-etica-e-tecnologia-a-confronto-sul-robot-che-reagisce-alle-emozioni\/","title":{"rendered":"#IF2021, esperti di etica e tecnologia a confronto sul robot che reagisce alle emozioni"},"content":{"rendered":"<p style=\"font-weight: 400;\">La storia di <strong>Abel<\/strong>, l&#8217;androide con le sembianze di un bambino di 12 anni, capace di <strong>reagire alle emozioni<\/strong> \u00e8 stata di sicuro la novit\u00e0 che pi\u00f9 hanno lasciato il segno dell&#8217;11esimo <strong>Internet Festival<\/strong>. L&#8217;ultimo giorno della kermesse \u00e8 dedicato a un confronto tra<strong> etica e tecnologia<\/strong>.&#8221;<em>La domanda non \u00e8 pi\u00f9 se i robot avranno un\u2019anima, ma quando<\/em>&#8221; fanno notare gli organizzatori. Domani, domenica 10 ottobre, a fare il punto sullo stato dell\u2019arte al Centro Congressi <strong>Le Benedettine<\/strong> (ore 11), ci saranno <strong>Francesca Rossi<\/strong>, global leader sull&#8217;etica dell&#8217;Intelligenza Artificiale dell&#8217;IBM,\u00a0<strong>Gianluigi Ferrari<\/strong>, Universit\u00e0 di Pisa, la filosofa\u00a0<strong>Ilaria Gaspari, Federico Cabitza<\/strong>\u00a0dell\u2019Universit\u00e0 di Milano-Bicocca,\u00a0<strong>Mariarosaria Taddeo<\/strong>, Senior Research Fellow e vicedirettore del Digital Ethics Lab all\u2019Oxford Internet Institute dell\u2019Universit\u00e0 di Oxford (da remoto), il pioniere della ricerca sui Big Data\u00a0<strong>Dino Pedreschi<\/strong>, ed\u00a0<strong>Enzo Pasquale Scilingo<\/strong>, lo scienziato a capo del team che sta sviluppando<strong> Abel<\/strong>.<\/p>\n<figure id=\"post-104059 media-104059\" class=\"align-none\"><img decoding=\"async\" src=\"https:\/\/www.intoscana.it\/wp-content\/uploads\/iphone-500291_960_720-1.jpg\" alt=\"\" \/><\/figure>\n<div class=\"titleimg\">Strategie digitali al servizio delle destinazioni turistiche<\/div>\n<p style=\"font-weight: 400;\">Per la sezione <strong>Open Culture and Tourism<\/strong>, alle ore 11 al <strong>Teatro di Sant\u2019Andrea<\/strong>, l\u2019incontro \u201cCome cambia<strong> il turismo culturale<\/strong>: nuove tecnologie e<strong> strategie digitali <\/strong>al servizio delle<strong> destinazioni turistiche\u201d<\/strong>:\u00a0tra gli ospiti, <strong>Mattia Agnetti\u00a0<\/strong>(Musei Civici di Venezia),\u00a0<strong>Luca Dal Pozzolo<\/strong>\u00a0(Osservatorio Culturale del Piemonte),\u00a0<strong>Eva Degl&#8217;Innocenti<\/strong>\u00a0(Museo Archeologico Nazionale di Taranto),\u00a0a condurre il panel il direttore di Fondazione Sistema Toscana<strong>\u00a0Francesco Palumbo.\u00a0<\/strong>Il tema dell&#8217;intermediazione culturale e del rapporto tra piattaforme digitali e valorizzazione del territorio \u00e8 affrontato a seguire da <strong>Antonio Pavolini<\/strong>. A concludere la sessione, alle 18.30,\u00a0<strong>La scelta<\/strong>, una originale <strong>riflessione performativa<\/strong> sul nostro rapporto con i media.<\/p>\n<p style=\"font-weight: 400;\">Nell\u2019Aula Magna della Scuola Superiore <strong>Sant\u2019Anna<\/strong>, alle 11, si conclude il ciclo\u00a0<strong>Stati\u00a0(Anti)Fragili<\/strong> con una carrellata\u00a0dedicata a<strong> social e responsabilit\u00e0<\/strong>, partiti e<strong> e-democracy.\u00a0<\/strong>Alle<strong>\u00a0<\/strong>11.30 al <strong>Royal Victoria Hotel<\/strong> l\u2019appuntamento \u00e8 con i libri: l\u2019autore di\u00a0<strong>\u201cUnframing<\/strong>: Come difendersi da chi pu\u00f2 stabilire cosa \u00e8 rilevante per noi\u201d<strong> Antonio Pavolini<\/strong>\u00a0dialogher\u00e0 con\u00a0<strong>Marco Viviani<\/strong>. Allo stesso orario, 11.30, al <strong>Lumi\u00e8re<\/strong>\u00a0\u201c<em>Come la musica divent\u00f2 virtuale<\/em>\u201d\u00a0l\u2019incontro dedicato alla <strong>storia della musica<\/strong> con <strong>Francesco Martinelli<\/strong>.<\/p>\n<p style=\"font-weight: 400;\">Il pomeriggio si apre<strong>\u00a0<\/strong>alla<strong>\u00a0Gipsoteca d\u2019Arte Antica<\/strong> alle ore 15 con gli appuntamenti della sezione <strong>Paritalk<\/strong>; si parte con \u201c<strong>Mind the Gap<\/strong>: spazi urbani inclusivi\u201d dove sono attesi\u00a0<strong>Jonathan Bazzi<\/strong>,<strong>\u00a0<\/strong>finalista al premio Strega con il romanzo \u201c<em>Febbre<\/em>\u201d,\u00a0<strong>Elena Fabrizi,\u00a0<\/strong>coordinatrice del\u00a0 lavoro editoriale di RebelArchitette,<strong>\u00a0Francesca Perani,\u00a0<\/strong>architetta-attivista, illustratrice e docente. Segue alle 17 l\u2019incontro \u201c<strong>Anche no<\/strong>: riflessioni sul consenso on e offline\u201d<strong>\u00a0<\/strong>con\u00a0<strong>Carlotta Vagnoli<\/strong>, scrittrice,<strong>\u00a0Cathy La Torre<\/strong>, attivista e avvocata per la tutela e l\u2019affermazione dei diritti \u201cXXL\u201d,\u00a0<strong>Lorenzo Gasparrini<\/strong>,<strong>\u00a0<\/strong>filosofo e formatore femminista.<\/p>\n<p style=\"font-weight: 400;\">Musica e arte per concludere in bellezza l&#8217;11esima edizione del festival. Alle <strong>Logge dei Banchi<\/strong> alle 17 la performance di<strong>\u00a0Elianto e Cesareo <\/strong>a Pisa Open Stage. Alle <strong>Manifatture Digitali<\/strong> si conclude <strong>Cellular Perspectives<\/strong>, opera realizzata dallo street artist newyorkese Andrew Pisacane, in arte <strong>Gaia, <\/strong>\u00a0in un gioco interattivo di <strong>musica e luce<\/strong>, reale e digitale, della <strong>performance Kaleidoscope<\/strong> (ore 19-20.30) Gran finale al <strong>Lumi\u00e8re<\/strong> con l&#8217;eroina francese della batteria jazz <strong>Anne Paceo <\/strong>\u201cCircles\u201d &amp; il virtuoso della chitarra <strong>Matteo Mancuso <\/strong>Trio in concerto (ore 21).<\/p>\n","protected":false},"excerpt":{"rendered":"<p>Ultimi appuntamenti per la kermesse pisana. Si discute di strategie digitali al servizio delle destinazioni turistiche con il direttore di FST Francesco Palumbo<\/p>\n","protected":false},"author":525,"featured_media":191981,"comment_status":"open","ping_status":"open","sticky":false,"template":"","format":"standard","meta":{"_acf_changed":false,"footnotes":""},"categories":[475],"tags":[6217,6219,141,6250],"class_list":["post-193471","post","type-post","status-publish","format-standard","has-post-thumbnail","hentry","category-innovazione","tag-if2021","tag-internet-festival-2021","tag-tecnologia","tag-turismo-digitale"],"acf":[],"yoast_head":"<!-- This site is optimized with the Yoast SEO Premium plugin v24.2 (Yoast SEO v25.6) - https:\/\/yoast.com\/wordpress\/plugins\/seo\/ -->\n<title>#IF2021, esperti di etica e tecnologia a confronto sul robot che reagisce alle emozioni - intoscana<\/title>\n<meta name=\"description\" content=\"Ultimi appuntamenti per la kermesse pisana. Si discute di strategie digitali al servizio delle destinazioni turistiche con il direttore di FST Francesco Palumbo\" \/>\n<meta name=\"robots\" content=\"index, follow, max-snippet:-1, max-image-preview:large, max-video-preview:-1\" \/>\n<link rel=\"canonical\" href=\"https:\/\/www.intoscana.it\/it\/if2021-esperti-di-etica-e-tecnologia-a-confronto-sul-robot-che-reagisce-alle-emozioni\/\" \/>\n<meta property=\"og:locale\" content=\"it_IT\" \/>\n<meta property=\"og:type\" content=\"article\" \/>\n<meta property=\"og:title\" content=\"#IF2021, esperti di etica e tecnologia a confronto sul robot che reagisce alle emozioni\" \/>\n<meta property=\"og:description\" content=\"Ultimi appuntamenti per la kermesse pisana. Si discute di strategie digitali al servizio delle destinazioni turistiche con il direttore di FST Francesco Palumbo\" \/>\n<meta property=\"og:url\" content=\"https:\/\/www.intoscana.it\/it\/if2021-esperti-di-etica-e-tecnologia-a-confronto-sul-robot-che-reagisce-alle-emozioni\/\" \/>\n<meta property=\"og:site_name\" content=\"intoscana\" \/>\n<meta property=\"article:publisher\" content=\"https:\/\/www.facebook.com\/intoscana.it\" \/>\n<meta property=\"article:published_time\" content=\"2021-10-09T14:24:50+00:00\" \/>\n<meta property=\"article:modified_time\" content=\"2021-10-09T15:24:52+00:00\" \/>\n<meta property=\"og:image\" content=\"https:\/\/www.intoscana.it\/wp-content\/uploads\/IF2021_Abel-Androide.jpg\" \/>\n\t<meta property=\"og:image:width\" content=\"1500\" \/>\n\t<meta property=\"og:image:height\" content=\"1000\" \/>\n\t<meta property=\"og:image:type\" content=\"image\/jpeg\" \/>\n<meta name=\"author\" content=\"Redazione\" \/>\n<meta name=\"twitter:card\" content=\"summary_large_image\" \/>\n<meta name=\"twitter:creator\" content=\"@intoscana\" \/>\n<meta name=\"twitter:site\" content=\"@intoscana\" \/>\n<meta name=\"twitter:label1\" content=\"Written by\" \/>\n\t<meta name=\"twitter:data1\" content=\"Redazione\" \/>\n\t<meta name=\"twitter:label2\" content=\"Est. reading time\" \/>\n\t<meta name=\"twitter:data2\" content=\"3 minuti\" \/>\n<script type=\"application\/ld+json\" class=\"yoast-schema-graph\">{\"@context\":\"https:\/\/schema.org\",\"@graph\":[{\"@type\":\"WebPage\",\"@id\":\"https:\/\/www.intoscana.it\/it\/if2021-esperti-di-etica-e-tecnologia-a-confronto-sul-robot-che-reagisce-alle-emozioni\/\",\"url\":\"https:\/\/www.intoscana.it\/it\/if2021-esperti-di-etica-e-tecnologia-a-confronto-sul-robot-che-reagisce-alle-emozioni\/\",\"name\":\"#IF2021, esperti di etica e tecnologia a confronto sul robot che reagisce alle emozioni - intoscana\",\"isPartOf\":{\"@id\":\"https:\/\/www.intoscana.it\/it\/#website\"},\"primaryImageOfPage\":{\"@id\":\"https:\/\/www.intoscana.it\/it\/if2021-esperti-di-etica-e-tecnologia-a-confronto-sul-robot-che-reagisce-alle-emozioni\/#primaryimage\"},\"image\":{\"@id\":\"https:\/\/www.intoscana.it\/it\/if2021-esperti-di-etica-e-tecnologia-a-confronto-sul-robot-che-reagisce-alle-emozioni\/#primaryimage\"},\"thumbnailUrl\":\"https:\/\/www.intoscana.it\/wp-content\/uploads\/IF2021_Abel-Androide.jpg\",\"datePublished\":\"2021-10-09T14:24:50+00:00\",\"dateModified\":\"2021-10-09T15:24:52+00:00\",\"author\":{\"@id\":\"https:\/\/www.intoscana.it\/it\/#\/schema\/person\/9223810753230f20bd670fdd322661f8\"},\"description\":\"Ultimi appuntamenti per la kermesse pisana. Si discute di strategie digitali al servizio delle destinazioni turistiche con il direttore di FST Francesco Palumbo\",\"breadcrumb\":{\"@id\":\"https:\/\/www.intoscana.it\/it\/if2021-esperti-di-etica-e-tecnologia-a-confronto-sul-robot-che-reagisce-alle-emozioni\/#breadcrumb\"},\"inLanguage\":\"it-IT\",\"potentialAction\":[{\"@type\":\"ReadAction\",\"target\":[\"https:\/\/www.intoscana.it\/it\/if2021-esperti-di-etica-e-tecnologia-a-confronto-sul-robot-che-reagisce-alle-emozioni\/\"]}]},{\"@type\":\"ImageObject\",\"inLanguage\":\"it-IT\",\"@id\":\"https:\/\/www.intoscana.it\/it\/if2021-esperti-di-etica-e-tecnologia-a-confronto-sul-robot-che-reagisce-alle-emozioni\/#primaryimage\",\"url\":\"https:\/\/www.intoscana.it\/wp-content\/uploads\/IF2021_Abel-Androide.jpg\",\"contentUrl\":\"https:\/\/www.intoscana.it\/wp-content\/uploads\/IF2021_Abel-Androide.jpg\",\"width\":1500,\"height\":1000,\"caption\":\"Lorenzo Cominelli (al centro) e Roberto Garofalo (a sx) si prendono cura di Abel nel Centro E.Piaggio dell'Universit\u00e0 di Pisa\"},{\"@type\":\"BreadcrumbList\",\"@id\":\"https:\/\/www.intoscana.it\/it\/if2021-esperti-di-etica-e-tecnologia-a-confronto-sul-robot-che-reagisce-alle-emozioni\/#breadcrumb\",\"itemListElement\":[{\"@type\":\"ListItem\",\"position\":1,\"name\":\"Home\",\"item\":\"https:\/\/www.intoscana.it\/it\/\"},{\"@type\":\"ListItem\",\"position\":2,\"name\":\"#IF2021, esperti di etica e tecnologia a confronto sul robot che reagisce alle emozioni\"}]},{\"@type\":\"WebSite\",\"@id\":\"https:\/\/www.intoscana.it\/it\/#website\",\"url\":\"https:\/\/www.intoscana.it\/it\/\",\"name\":\"intoscana\",\"description\":\"\",\"potentialAction\":[{\"@type\":\"SearchAction\",\"target\":{\"@type\":\"EntryPoint\",\"urlTemplate\":\"https:\/\/www.intoscana.it\/it\/?s={search_term_string}\"},\"query-input\":{\"@type\":\"PropertyValueSpecification\",\"valueRequired\":true,\"valueName\":\"search_term_string\"}}],\"inLanguage\":\"it-IT\"},{\"@type\":\"Person\",\"@id\":\"https:\/\/www.intoscana.it\/it\/#\/schema\/person\/9223810753230f20bd670fdd322661f8\",\"name\":\"Redazione\",\"url\":\"https:\/\/www.intoscana.it\/it\/author\/redazione\/\"}]}<\/script>\n<!-- \/ Yoast SEO Premium plugin. -->","yoast_head_json":{"title":"#IF2021, esperti di etica e tecnologia a confronto sul robot che reagisce alle emozioni - intoscana","description":"Ultimi appuntamenti per la kermesse pisana. Si discute di strategie digitali al servizio delle destinazioni turistiche con il direttore di FST Francesco Palumbo","robots":{"index":"index","follow":"follow","max-snippet":"max-snippet:-1","max-image-preview":"max-image-preview:large","max-video-preview":"max-video-preview:-1"},"canonical":"https:\/\/www.intoscana.it\/it\/if2021-esperti-di-etica-e-tecnologia-a-confronto-sul-robot-che-reagisce-alle-emozioni\/","og_locale":"it_IT","og_type":"article","og_title":"#IF2021, esperti di etica e tecnologia a confronto sul robot che reagisce alle emozioni","og_description":"Ultimi appuntamenti per la kermesse pisana. Si discute di strategie digitali al servizio delle destinazioni turistiche con il direttore di FST Francesco Palumbo","og_url":"https:\/\/www.intoscana.it\/it\/if2021-esperti-di-etica-e-tecnologia-a-confronto-sul-robot-che-reagisce-alle-emozioni\/","og_site_name":"intoscana","article_publisher":"https:\/\/www.facebook.com\/intoscana.it","article_published_time":"2021-10-09T14:24:50+00:00","article_modified_time":"2021-10-09T15:24:52+00:00","og_image":[{"width":1500,"height":1000,"url":"https:\/\/www.intoscana.it\/wp-content\/uploads\/IF2021_Abel-Androide.jpg","type":"image\/jpeg"}],"author":"Redazione","twitter_card":"summary_large_image","twitter_creator":"@intoscana","twitter_site":"@intoscana","twitter_misc":{"Written by":"Redazione","Est. reading time":"3 minuti"},"schema":{"@context":"https:\/\/schema.org","@graph":[{"@type":"WebPage","@id":"https:\/\/www.intoscana.it\/it\/if2021-esperti-di-etica-e-tecnologia-a-confronto-sul-robot-che-reagisce-alle-emozioni\/","url":"https:\/\/www.intoscana.it\/it\/if2021-esperti-di-etica-e-tecnologia-a-confronto-sul-robot-che-reagisce-alle-emozioni\/","name":"#IF2021, esperti di etica e tecnologia a confronto sul robot che reagisce alle emozioni - intoscana","isPartOf":{"@id":"https:\/\/www.intoscana.it\/it\/#website"},"primaryImageOfPage":{"@id":"https:\/\/www.intoscana.it\/it\/if2021-esperti-di-etica-e-tecnologia-a-confronto-sul-robot-che-reagisce-alle-emozioni\/#primaryimage"},"image":{"@id":"https:\/\/www.intoscana.it\/it\/if2021-esperti-di-etica-e-tecnologia-a-confronto-sul-robot-che-reagisce-alle-emozioni\/#primaryimage"},"thumbnailUrl":"https:\/\/www.intoscana.it\/wp-content\/uploads\/IF2021_Abel-Androide.jpg","datePublished":"2021-10-09T14:24:50+00:00","dateModified":"2021-10-09T15:24:52+00:00","author":{"@id":"https:\/\/www.intoscana.it\/it\/#\/schema\/person\/9223810753230f20bd670fdd322661f8"},"description":"Ultimi appuntamenti per la kermesse pisana. Si discute di strategie digitali al servizio delle destinazioni turistiche con il direttore di FST Francesco Palumbo","breadcrumb":{"@id":"https:\/\/www.intoscana.it\/it\/if2021-esperti-di-etica-e-tecnologia-a-confronto-sul-robot-che-reagisce-alle-emozioni\/#breadcrumb"},"inLanguage":"it-IT","potentialAction":[{"@type":"ReadAction","target":["https:\/\/www.intoscana.it\/it\/if2021-esperti-di-etica-e-tecnologia-a-confronto-sul-robot-che-reagisce-alle-emozioni\/"]}]},{"@type":"ImageObject","inLanguage":"it-IT","@id":"https:\/\/www.intoscana.it\/it\/if2021-esperti-di-etica-e-tecnologia-a-confronto-sul-robot-che-reagisce-alle-emozioni\/#primaryimage","url":"https:\/\/www.intoscana.it\/wp-content\/uploads\/IF2021_Abel-Androide.jpg","contentUrl":"https:\/\/www.intoscana.it\/wp-content\/uploads\/IF2021_Abel-Androide.jpg","width":1500,"height":1000,"caption":"Lorenzo Cominelli (al centro) e Roberto Garofalo (a sx) si prendono cura di Abel nel Centro E.Piaggio dell'Universit\u00e0 di Pisa"},{"@type":"BreadcrumbList","@id":"https:\/\/www.intoscana.it\/it\/if2021-esperti-di-etica-e-tecnologia-a-confronto-sul-robot-che-reagisce-alle-emozioni\/#breadcrumb","itemListElement":[{"@type":"ListItem","position":1,"name":"Home","item":"https:\/\/www.intoscana.it\/it\/"},{"@type":"ListItem","position":2,"name":"#IF2021, esperti di etica e tecnologia a confronto sul robot che reagisce alle emozioni"}]},{"@type":"WebSite","@id":"https:\/\/www.intoscana.it\/it\/#website","url":"https:\/\/www.intoscana.it\/it\/","name":"intoscana","description":"","potentialAction":[{"@type":"SearchAction","target":{"@type":"EntryPoint","urlTemplate":"https:\/\/www.intoscana.it\/it\/?s={search_term_string}"},"query-input":{"@type":"PropertyValueSpecification","valueRequired":true,"valueName":"search_term_string"}}],"inLanguage":"it-IT"},{"@type":"Person","@id":"https:\/\/www.intoscana.it\/it\/#\/schema\/person\/9223810753230f20bd670fdd322661f8","name":"Redazione","url":"https:\/\/www.intoscana.it\/it\/author\/redazione\/"}]}},"_links":{"self":[{"href":"https:\/\/www.intoscana.it\/it\/wp-json\/wp\/v2\/posts\/193471","targetHints":{"allow":["GET"]}}],"collection":[{"href":"https:\/\/www.intoscana.it\/it\/wp-json\/wp\/v2\/posts"}],"about":[{"href":"https:\/\/www.intoscana.it\/it\/wp-json\/wp\/v2\/types\/post"}],"author":[{"embeddable":true,"href":"https:\/\/www.intoscana.it\/it\/wp-json\/wp\/v2\/users\/525"}],"replies":[{"embeddable":true,"href":"https:\/\/www.intoscana.it\/it\/wp-json\/wp\/v2\/comments?post=193471"}],"version-history":[{"count":0,"href":"https:\/\/www.intoscana.it\/it\/wp-json\/wp\/v2\/posts\/193471\/revisions"}],"wp:featuredmedia":[{"embeddable":true,"href":"https:\/\/www.intoscana.it\/it\/wp-json\/wp\/v2\/media\/191981"}],"wp:attachment":[{"href":"https:\/\/www.intoscana.it\/it\/wp-json\/wp\/v2\/media?parent=193471"}],"wp:term":[{"taxonomy":"category","embeddable":true,"href":"https:\/\/www.intoscana.it\/it\/wp-json\/wp\/v2\/categories?post=193471"},{"taxonomy":"post_tag","embeddable":true,"href":"https:\/\/www.intoscana.it\/it\/wp-json\/wp\/v2\/tags?post=193471"}],"curies":[{"name":"wp","href":"https:\/\/api.w.org\/{rel}","templated":true}]}}