{"id":193671,"date":"2021-10-11T15:25:32","date_gmt":"2021-10-11T13:25:32","guid":{"rendered":"https:\/\/www.intoscana.it\/it\/?p=193671"},"modified":"2021-10-11T18:11:17","modified_gmt":"2021-10-11T16:11:17","slug":"expo-2020-dubai-loccasione-per-proiettare-firenze-e-la-toscana-nel-futuro","status":"publish","type":"post","link":"https:\/\/www.intoscana.it\/it\/expo-2020-dubai-loccasione-per-proiettare-firenze-e-la-toscana-nel-futuro\/","title":{"rendered":"Expo 2020 Dubai, l&#8217;occasione per proiettare Firenze e la Toscana nel futuro"},"content":{"rendered":"<p>\u201c<em>Oggi \u00e8 la celebrazione di Firenze e della Toscana come simbolo mondiale della bellezza e del ben fatto. In due parole della qualit\u00e0 e dell&#8217;eccellenza<\/em>&#8220;: cos\u00ec il presidente del Consiglio regionale, <strong>Antonio Mazzeo<\/strong>, intervenendo ai lavori della giornata organizzata all\u2019<strong>Expo Universale di Dubai<\/strong> per <mark>far conoscere al mondo la citt\u00e0 di Firenze, le sue bellezze, la sua capacit\u00e0 di fare impresa e artigianato<\/mark>.<\/p>\n<div class=\"titleimg\">\n<figure id=\"post-193715 media-193715\" class=\"align-none\"><img decoding=\"async\" src=\"https:\/\/www.intoscana.it\/wp-content\/uploads\/Il-David-in-3D-allExpo-Dubai-e1633958528835.jpg\" alt=\"\" \/><\/figure>\n<div class=\"titleimg\">Il David in 3D all\u2019Expo 2020 Dubai<\/div>\n<\/div>\n<p>&#8220;<em>Essere qui oggi significa anche ribadire che <mark>non ci accontentiamo di vivere della luce riflessa del nostro passato<\/mark>. C&#8217;\u00e8 un terreno straordinariamente fertile composto da Universit\u00e0, centri di ricerca e sistema delle imprese che siamo chiamati a sostenere con forza, perch\u00e9 sar\u00e0 quello in grado di proiettare nel futuro da protagonista non solo la citt\u00e0 di Firenze ma tutta la nostra regione<\/em>\u201d ha sostenuto il presidente; da qui l&#8217;impegno a &#8220;<strong>non accontentarsi<\/strong>&#8221; per rendere <strong>Firenze<\/strong> una delle principali <strong>capitali europee<\/strong>. Gi\u00e0 molto \u00e8 stato fatto, ha riconosciuto <strong>Mazzeo<\/strong> \u201c<em>grazie soprattutto al lavoro del sindaco Dario Nardella. La citt\u00e0, infatti, in questi anni ha fatto un salto importante verso il futuro, investendo profondamente sulla riqualificazione degli spazi, sull&#8217;attrazione degli investimenti e delle migliori esperienze europee nei campi dell&#8217;arte e della cultura, sull&#8217;innovazione, sulle infrastrutture, sulla mobilit\u00e0, sull&#8217;ambiente<\/em>\u201d.<\/p>\n<p>Per <strong>Mazzeo<\/strong> bisogna compiere lo sforzo di <strong>anticipare il futuro<\/strong> e immaginare la <strong>Toscana del 2050<\/strong>. \u201c<em>Se guardo davanti a me<\/em> &#8211; ha aggiunto &#8211; <em>vedo persone che in questi anni questa sfida l&#8217;hanno raccolta e vinta, investendo sulla qualit\u00e0, sulla ricerca dell&#8217;eccellenza: il bello e il ben fatto, appunto. Noi, come istituzioni e politica, abbiamo il compito di accompagnare questo percorso in una sinergia vera che veda pubblico e privato lavorare insieme per fare della citt\u00e0 di Firenze e della Toscana in generale sempre pi\u00f9 un luogo delle opportunit\u00e0<\/em>&#8220;.<\/p>\n<figure id=\"post-193676 media-193676\" class=\"align-none\"><img decoding=\"async\" src=\"https:\/\/www.intoscana.it\/wp-content\/uploads\/Il-presidente-Antonio-Mazzeo-con-Zubin-Mehta-a-Dubai-e1633950107636.jpg\" alt=\"\" \/><\/figure>\n<div class=\"titleimg\">Il presidente Antonio Mazzeo con Zubin Mehta a Dubai<\/div>\n<p><strong>Mazzeo<\/strong> ha quindi chiuso con una riflessione che \u00e8 anche una &#8220;<em>provocazione<\/em>&#8220;. Dopo la fase post pandemia &#8220;<em>\u00e8 vero che dobbiamo pensare all&#8217;innovazione, ma al tempo stesso affermare che serve cambiare le nostre prospettive e le nostre priorit\u00e0: <mark>servono una crescita e uno sviluppo che siano anche ambientalmente sostenibili<\/mark>, e serve investire per ridurre le tante, troppe disuguaglianze che ancora oggi esistono<\/em>&#8220;. \u00c8 questa la grande sfida per <strong>Firenze e la Toscana<\/strong>.<\/p>\n","protected":false},"excerpt":{"rendered":"<p>Il presidente del Consiglio regionale Antonio Mazzeo all&#8217;esposizione universale per far conoscere al mondo la citt\u00e0 gigliata con le sue bellezze e la sua capacit\u00e0 di fare impresa e artigianato<\/p>\n","protected":false},"author":525,"featured_media":193675,"comment_status":"open","ping_status":"open","sticky":false,"template":"","format":"standard","meta":{"_acf_changed":false,"footnotes":""},"categories":[494],"tags":[4760,6251],"class_list":["post-193671","post","type-post","status-publish","format-standard","has-post-thumbnail","hentry","category-attualita","tag-antonio-mazzeo","tag-expo-2021-dubai"],"acf":[],"yoast_head":"<!-- This site is optimized with the Yoast SEO Premium plugin v24.2 (Yoast SEO v25.6) - https:\/\/yoast.com\/wordpress\/plugins\/seo\/ -->\n<title>Expo 2020 Dubai, l&#039;occasione per proiettare Firenze e la Toscana nel futuro - intoscana<\/title>\n<meta name=\"description\" content=\"Il presidente del Consiglio regionale Antonio Mazzeo all&#039;esposizione universale per far conoscere al mondo la citt\u00e0 gigliata con le sue bellezze e la sua capacit\u00e0 di fare impresa e artigianato\" \/>\n<meta name=\"robots\" content=\"index, follow, max-snippet:-1, max-image-preview:large, max-video-preview:-1\" \/>\n<link rel=\"canonical\" href=\"https:\/\/www.intoscana.it\/it\/expo-2020-dubai-loccasione-per-proiettare-firenze-e-la-toscana-nel-futuro\/\" \/>\n<meta property=\"og:locale\" content=\"it_IT\" \/>\n<meta property=\"og:type\" content=\"article\" \/>\n<meta property=\"og:title\" content=\"Expo 2020 Dubai, l&#039;occasione per proiettare Firenze e la Toscana nel futuro\" \/>\n<meta property=\"og:description\" content=\"Il presidente del Consiglio regionale Antonio Mazzeo all&#039;esposizione universale per far conoscere al mondo la citt\u00e0 gigliata con le sue bellezze e la sua capacit\u00e0 di fare impresa e artigianato\" \/>\n<meta property=\"og:url\" content=\"https:\/\/www.intoscana.it\/it\/expo-2020-dubai-loccasione-per-proiettare-firenze-e-la-toscana-nel-futuro\/\" \/>\n<meta property=\"og:site_name\" content=\"intoscana\" \/>\n<meta property=\"article:publisher\" content=\"https:\/\/www.facebook.com\/intoscana.it\" \/>\n<meta property=\"article:published_time\" content=\"2021-10-11T13:25:32+00:00\" \/>\n<meta property=\"article:modified_time\" content=\"2021-10-11T16:11:17+00:00\" \/>\n<meta property=\"og:image\" content=\"https:\/\/www.intoscana.it\/wp-content\/uploads\/Il-presidente-Antonio-Mazzeo-a-Dubai.jpg\" \/>\n\t<meta property=\"og:image:width\" content=\"1367\" \/>\n\t<meta property=\"og:image:height\" content=\"770\" \/>\n\t<meta property=\"og:image:type\" content=\"image\/jpeg\" \/>\n<meta name=\"author\" content=\"Redazione\" \/>\n<meta name=\"twitter:card\" content=\"summary_large_image\" \/>\n<meta name=\"twitter:creator\" content=\"@intoscana\" \/>\n<meta name=\"twitter:site\" content=\"@intoscana\" \/>\n<meta name=\"twitter:label1\" content=\"Written by\" \/>\n\t<meta name=\"twitter:data1\" content=\"Redazione\" \/>\n\t<meta name=\"twitter:label2\" content=\"Est. reading time\" \/>\n\t<meta name=\"twitter:data2\" content=\"2 minuti\" \/>\n<script type=\"application\/ld+json\" class=\"yoast-schema-graph\">{\"@context\":\"https:\/\/schema.org\",\"@graph\":[{\"@type\":\"WebPage\",\"@id\":\"https:\/\/www.intoscana.it\/it\/expo-2020-dubai-loccasione-per-proiettare-firenze-e-la-toscana-nel-futuro\/\",\"url\":\"https:\/\/www.intoscana.it\/it\/expo-2020-dubai-loccasione-per-proiettare-firenze-e-la-toscana-nel-futuro\/\",\"name\":\"Expo 2020 Dubai, l'occasione per proiettare Firenze e la Toscana nel futuro - intoscana\",\"isPartOf\":{\"@id\":\"https:\/\/www.intoscana.it\/it\/#website\"},\"primaryImageOfPage\":{\"@id\":\"https:\/\/www.intoscana.it\/it\/expo-2020-dubai-loccasione-per-proiettare-firenze-e-la-toscana-nel-futuro\/#primaryimage\"},\"image\":{\"@id\":\"https:\/\/www.intoscana.it\/it\/expo-2020-dubai-loccasione-per-proiettare-firenze-e-la-toscana-nel-futuro\/#primaryimage\"},\"thumbnailUrl\":\"https:\/\/www.intoscana.it\/wp-content\/uploads\/Il-presidente-Antonio-Mazzeo-a-Dubai.jpg\",\"datePublished\":\"2021-10-11T13:25:32+00:00\",\"dateModified\":\"2021-10-11T16:11:17+00:00\",\"author\":{\"@id\":\"https:\/\/www.intoscana.it\/it\/#\/schema\/person\/9223810753230f20bd670fdd322661f8\"},\"description\":\"Il presidente del Consiglio regionale Antonio Mazzeo all'esposizione universale per far conoscere al mondo la citt\u00e0 gigliata con le sue bellezze e la sua capacit\u00e0 di fare impresa e artigianato\",\"breadcrumb\":{\"@id\":\"https:\/\/www.intoscana.it\/it\/expo-2020-dubai-loccasione-per-proiettare-firenze-e-la-toscana-nel-futuro\/#breadcrumb\"},\"inLanguage\":\"it-IT\",\"potentialAction\":[{\"@type\":\"ReadAction\",\"target\":[\"https:\/\/www.intoscana.it\/it\/expo-2020-dubai-loccasione-per-proiettare-firenze-e-la-toscana-nel-futuro\/\"]}]},{\"@type\":\"ImageObject\",\"inLanguage\":\"it-IT\",\"@id\":\"https:\/\/www.intoscana.it\/it\/expo-2020-dubai-loccasione-per-proiettare-firenze-e-la-toscana-nel-futuro\/#primaryimage\",\"url\":\"https:\/\/www.intoscana.it\/wp-content\/uploads\/Il-presidente-Antonio-Mazzeo-a-Dubai.jpg\",\"contentUrl\":\"https:\/\/www.intoscana.it\/wp-content\/uploads\/Il-presidente-Antonio-Mazzeo-a-Dubai.jpg\",\"width\":1367,\"height\":770},{\"@type\":\"BreadcrumbList\",\"@id\":\"https:\/\/www.intoscana.it\/it\/expo-2020-dubai-loccasione-per-proiettare-firenze-e-la-toscana-nel-futuro\/#breadcrumb\",\"itemListElement\":[{\"@type\":\"ListItem\",\"position\":1,\"name\":\"Home\",\"item\":\"https:\/\/www.intoscana.it\/it\/\"},{\"@type\":\"ListItem\",\"position\":2,\"name\":\"Expo 2020 Dubai, l&#8217;occasione per proiettare Firenze e la Toscana nel futuro\"}]},{\"@type\":\"WebSite\",\"@id\":\"https:\/\/www.intoscana.it\/it\/#website\",\"url\":\"https:\/\/www.intoscana.it\/it\/\",\"name\":\"intoscana\",\"description\":\"\",\"potentialAction\":[{\"@type\":\"SearchAction\",\"target\":{\"@type\":\"EntryPoint\",\"urlTemplate\":\"https:\/\/www.intoscana.it\/it\/?s={search_term_string}\"},\"query-input\":{\"@type\":\"PropertyValueSpecification\",\"valueRequired\":true,\"valueName\":\"search_term_string\"}}],\"inLanguage\":\"it-IT\"},{\"@type\":\"Person\",\"@id\":\"https:\/\/www.intoscana.it\/it\/#\/schema\/person\/9223810753230f20bd670fdd322661f8\",\"name\":\"Redazione\",\"url\":\"https:\/\/www.intoscana.it\/it\/author\/redazione\/\"}]}<\/script>\n<!-- \/ Yoast SEO Premium plugin. -->","yoast_head_json":{"title":"Expo 2020 Dubai, l'occasione per proiettare Firenze e la Toscana nel futuro - intoscana","description":"Il presidente del Consiglio regionale Antonio Mazzeo all'esposizione universale per far conoscere al mondo la citt\u00e0 gigliata con le sue bellezze e la sua capacit\u00e0 di fare impresa e artigianato","robots":{"index":"index","follow":"follow","max-snippet":"max-snippet:-1","max-image-preview":"max-image-preview:large","max-video-preview":"max-video-preview:-1"},"canonical":"https:\/\/www.intoscana.it\/it\/expo-2020-dubai-loccasione-per-proiettare-firenze-e-la-toscana-nel-futuro\/","og_locale":"it_IT","og_type":"article","og_title":"Expo 2020 Dubai, l'occasione per proiettare Firenze e la Toscana nel futuro","og_description":"Il presidente del Consiglio regionale Antonio Mazzeo all'esposizione universale per far conoscere al mondo la citt\u00e0 gigliata con le sue bellezze e la sua capacit\u00e0 di fare impresa e artigianato","og_url":"https:\/\/www.intoscana.it\/it\/expo-2020-dubai-loccasione-per-proiettare-firenze-e-la-toscana-nel-futuro\/","og_site_name":"intoscana","article_publisher":"https:\/\/www.facebook.com\/intoscana.it","article_published_time":"2021-10-11T13:25:32+00:00","article_modified_time":"2021-10-11T16:11:17+00:00","og_image":[{"width":1367,"height":770,"url":"https:\/\/www.intoscana.it\/wp-content\/uploads\/Il-presidente-Antonio-Mazzeo-a-Dubai.jpg","type":"image\/jpeg"}],"author":"Redazione","twitter_card":"summary_large_image","twitter_creator":"@intoscana","twitter_site":"@intoscana","twitter_misc":{"Written by":"Redazione","Est. reading time":"2 minuti"},"schema":{"@context":"https:\/\/schema.org","@graph":[{"@type":"WebPage","@id":"https:\/\/www.intoscana.it\/it\/expo-2020-dubai-loccasione-per-proiettare-firenze-e-la-toscana-nel-futuro\/","url":"https:\/\/www.intoscana.it\/it\/expo-2020-dubai-loccasione-per-proiettare-firenze-e-la-toscana-nel-futuro\/","name":"Expo 2020 Dubai, l'occasione per proiettare Firenze e la Toscana nel futuro - intoscana","isPartOf":{"@id":"https:\/\/www.intoscana.it\/it\/#website"},"primaryImageOfPage":{"@id":"https:\/\/www.intoscana.it\/it\/expo-2020-dubai-loccasione-per-proiettare-firenze-e-la-toscana-nel-futuro\/#primaryimage"},"image":{"@id":"https:\/\/www.intoscana.it\/it\/expo-2020-dubai-loccasione-per-proiettare-firenze-e-la-toscana-nel-futuro\/#primaryimage"},"thumbnailUrl":"https:\/\/www.intoscana.it\/wp-content\/uploads\/Il-presidente-Antonio-Mazzeo-a-Dubai.jpg","datePublished":"2021-10-11T13:25:32+00:00","dateModified":"2021-10-11T16:11:17+00:00","author":{"@id":"https:\/\/www.intoscana.it\/it\/#\/schema\/person\/9223810753230f20bd670fdd322661f8"},"description":"Il presidente del Consiglio regionale Antonio Mazzeo all'esposizione universale per far conoscere al mondo la citt\u00e0 gigliata con le sue bellezze e la sua capacit\u00e0 di fare impresa e artigianato","breadcrumb":{"@id":"https:\/\/www.intoscana.it\/it\/expo-2020-dubai-loccasione-per-proiettare-firenze-e-la-toscana-nel-futuro\/#breadcrumb"},"inLanguage":"it-IT","potentialAction":[{"@type":"ReadAction","target":["https:\/\/www.intoscana.it\/it\/expo-2020-dubai-loccasione-per-proiettare-firenze-e-la-toscana-nel-futuro\/"]}]},{"@type":"ImageObject","inLanguage":"it-IT","@id":"https:\/\/www.intoscana.it\/it\/expo-2020-dubai-loccasione-per-proiettare-firenze-e-la-toscana-nel-futuro\/#primaryimage","url":"https:\/\/www.intoscana.it\/wp-content\/uploads\/Il-presidente-Antonio-Mazzeo-a-Dubai.jpg","contentUrl":"https:\/\/www.intoscana.it\/wp-content\/uploads\/Il-presidente-Antonio-Mazzeo-a-Dubai.jpg","width":1367,"height":770},{"@type":"BreadcrumbList","@id":"https:\/\/www.intoscana.it\/it\/expo-2020-dubai-loccasione-per-proiettare-firenze-e-la-toscana-nel-futuro\/#breadcrumb","itemListElement":[{"@type":"ListItem","position":1,"name":"Home","item":"https:\/\/www.intoscana.it\/it\/"},{"@type":"ListItem","position":2,"name":"Expo 2020 Dubai, l&#8217;occasione per proiettare Firenze e la Toscana nel futuro"}]},{"@type":"WebSite","@id":"https:\/\/www.intoscana.it\/it\/#website","url":"https:\/\/www.intoscana.it\/it\/","name":"intoscana","description":"","potentialAction":[{"@type":"SearchAction","target":{"@type":"EntryPoint","urlTemplate":"https:\/\/www.intoscana.it\/it\/?s={search_term_string}"},"query-input":{"@type":"PropertyValueSpecification","valueRequired":true,"valueName":"search_term_string"}}],"inLanguage":"it-IT"},{"@type":"Person","@id":"https:\/\/www.intoscana.it\/it\/#\/schema\/person\/9223810753230f20bd670fdd322661f8","name":"Redazione","url":"https:\/\/www.intoscana.it\/it\/author\/redazione\/"}]}},"_links":{"self":[{"href":"https:\/\/www.intoscana.it\/it\/wp-json\/wp\/v2\/posts\/193671","targetHints":{"allow":["GET"]}}],"collection":[{"href":"https:\/\/www.intoscana.it\/it\/wp-json\/wp\/v2\/posts"}],"about":[{"href":"https:\/\/www.intoscana.it\/it\/wp-json\/wp\/v2\/types\/post"}],"author":[{"embeddable":true,"href":"https:\/\/www.intoscana.it\/it\/wp-json\/wp\/v2\/users\/525"}],"replies":[{"embeddable":true,"href":"https:\/\/www.intoscana.it\/it\/wp-json\/wp\/v2\/comments?post=193671"}],"version-history":[{"count":0,"href":"https:\/\/www.intoscana.it\/it\/wp-json\/wp\/v2\/posts\/193671\/revisions"}],"wp:featuredmedia":[{"embeddable":true,"href":"https:\/\/www.intoscana.it\/it\/wp-json\/wp\/v2\/media\/193675"}],"wp:attachment":[{"href":"https:\/\/www.intoscana.it\/it\/wp-json\/wp\/v2\/media?parent=193671"}],"wp:term":[{"taxonomy":"category","embeddable":true,"href":"https:\/\/www.intoscana.it\/it\/wp-json\/wp\/v2\/categories?post=193671"},{"taxonomy":"post_tag","embeddable":true,"href":"https:\/\/www.intoscana.it\/it\/wp-json\/wp\/v2\/tags?post=193671"}],"curies":[{"name":"wp","href":"https:\/\/api.w.org\/{rel}","templated":true}]}}