{"id":193918,"date":"2021-10-12T15:40:06","date_gmt":"2021-10-12T13:40:06","guid":{"rendered":"https:\/\/www.intoscana.it\/it\/?p=193918"},"modified":"2021-10-13T11:01:49","modified_gmt":"2021-10-13T09:01:49","slug":"a-cavriglia-il-festival-motumundi-per-riflettere-sulla-salute-del-nostro-pianeta","status":"publish","type":"post","link":"https:\/\/www.intoscana.it\/it\/a-cavriglia-il-festival-motumundi-per-riflettere-sulla-salute-del-nostro-pianeta\/","title":{"rendered":"A Cavriglia il festival Motumundi per riflettere sulla salute del nostro pianeta"},"content":{"rendered":"<p>Torna a <strong>Cavriglia dal 14 al 17 ottobre<\/strong> la seconda edizione del festival <strong>Motumundi <\/strong>che ha come obiettivo primario <strong>accendere i riflettori<\/strong> sulla necessit\u00e0 di <strong>un cambiamento culturale in ambito ambientale<\/strong>, un ambiente che deve essere salvaguardato con<strong> una corretta produzione di energia e una politica che abbia prioritaria la sostenibilit\u00e0.<\/strong><\/p>\n<p>La manifestazione si articola attraverso <strong>dibattiti, conferenze, workshop e laboratori<\/strong> sia in forma partecipata aperta al pubblico sia con partecipazione in forma remota tramite piattaforme on-line.<\/p>\n<p><strong>La parola chiave del festival \u00e8 sostenibilit\u00e0,<\/strong> una sostenibilit\u00e0 che si declina con<strong> decarbonizzazione, energie rinnovabili, eolico, fotovoltaico, mobilit\u00e0 elettrica, raccolta differenziata e risparmio energetico.<\/strong><\/p>\n<p>Il <strong>cambiamento climatico, l\u2019educazione ambientale, la ricerca contro l\u2019inquinamento, lo sviluppo ecosostenibile della societ\u00e0, i 17 UN sustainable development goals e la plastic free<\/strong> sono i pilastri del festival in cui dialogano, oltre ai<strong> rappresentanti della comunit\u00e0 scientifica internazionale<\/strong>, gli studenti di diverso ordine e grado che sono i veri protagonisti di Motumundi.<\/p>\n<p><em>&#8220;I cambiamenti climatici non sono un problema del futuro<\/em> &#8211; ha spiegato <strong>Roberto Vitale, presidente e direttore artistico del festival\u00a0<\/strong>&#8211; <em>ma sono un&#8217;emergenza del presente. I cosiddetti eventi estremi come alluvioni, ondate di calore e siccit\u00e0 stanno, infatti, aumentando in diverse parti del mondo generando danni inestimabili, il pianeta s\u00ec sta riscaldando e la combustione di carbone, gas e petrolio sono la causa principale. Una causa su cui abbiamo l&#8217;obbligo di accendere i riflettori&#8221;.<\/em><\/p>\n<h3>Gli ospiti<\/h3>\n<p>All\u2019edizione 2021 di Motumundi \u00e8 annunciata la presenza, tra gli altri, dell<strong>\u2019ambasciatore Giorgio Marrapodi,<\/strong> direttore generale della Cooperazione allo sviluppo del Ministero degli affari esteri e della Cooperazione internazionale, dell\u2019<strong>ambasciatore Stefano Pontecorvo,<\/strong> Alto rappresentante della Nato in Afghanistan, della giornalista del Tg1 Rai <strong>Tiziana Ferrario<\/strong> e ancora dello <strong>scienziato Cosimo Solidoro<\/strong>, di<strong> Angelo Riccaboni<\/strong>, delegato italiano alla Mission for Soil europea, gi\u00e0 rettore dell\u2019universit\u00e0 di Siena, di <strong>Mounir Ghribi<\/strong>, delegato del Dialogo 5+5, di <strong>Roberto Cimino,<\/strong> vice presidente Cluster tecnologico Blue Italian Growth, di <strong>Francesca Romana Rinaldi<\/strong>, docente dell\u2019universit\u00e0 Bocconi e di <strong>Nicola Tagliafierro<\/strong>, responsabile sostenibilit\u00e0 globale Enel X e del <strong>presidente della Regione Toscana Eugenio Giani.<\/strong><\/p>\n<p><strong>Il presidente\u00a0ha avuto modo di ribadire il grande valore di Motomundi:\u00a0<\/strong><em>&#8220;torna con una seconda edizione ricchissima e stimolante a conferma di quanto il comune di Cavriglia sia all\u2019avanguardia su questi temi, grazie al suo rapporto con l\u2019ambiente cos\u00ec vivo, cos\u00ec sofferto per la sua antica storia, ma anche cos\u00ec impegnato nel raccontare e dimostrare la necessit\u00e0 di un cambio di passo\u201d.<\/em><\/p>\n<p>A<strong> Cavriglia,<\/strong> ospiti della <em><strong>Vitale Onlus<\/strong><\/em> presieduta da Roberto Vitale, il quale \u00e8 anche presidente e direttore artistico di Motumundi, sono annunciati la delegata d\u2019Ambasciata <strong>Adriana Apollonio, Nicoletta Dentico,<\/strong> Society for International Development, <strong>Francesco Zambon,<\/strong> ex ricercatore Organizzazione mondiale della sanit\u00e0 con il suo ultimo libro <em><strong>\u201cIl pesce piccolo. Una storia di virus e segreti\u201d<\/strong><\/em>, il vice direttore dell\u2019ANSA <strong>Stefano Polli, Nicola Casagli,<\/strong> presidente dell\u2019Istituto nazionale di oceanografia e di geofisica sperimentale, <strong>Helena Baafi Mensah,<\/strong> manager dell\u2019universit\u00e0 di Sunderland, <strong>Damir Murkovic,<\/strong> presidente delle Camere di commercio dell\u2019Europa centro orientale.<\/p>\n<p><strong>Tiziana Ferrario<\/strong> presenter\u00e0 il suo ultimo libro <em><strong>&#8220;La principessa afghana&#8221;,<\/strong><\/em> nonch\u00e9 la giornalista del Tg2 Rai<strong> Christiana Ruggeri<\/strong> con il suo ultimo libro <em><strong>\u201cGreen Girls. Storie vere di ragazze dalla parte del Pianeta\u201d<\/strong><\/em> che, al festival Motumundi, sar\u00e0 uno strumento di lavoro per la sensibilizzazione dei giovani sulla necessit\u00e0 di rispettare l\u2019ambiente.<\/p>\n<h3>Premio Motumundi 2021<\/h3>\n<p>Il <strong>Premio Motumundi<\/strong> \u00e8 attribuito annualmente a una persona che, con il suo impegno e la sua attivit\u00e0 professionale in Italia o nel mondo, ha saputo offrire il proprio sapere<strong> per la tutela dell\u2019ambiente e del clima<\/strong>, ma anche <strong>per la tutela della salute dell\u2019uomo e del regno animale<\/strong> e, questo, sostenendo una pi\u00f9 completa formazione umana e sociale. Una persona che sia \u201ctestimonial d\u2019eccezione\u201d di un modello comportamentale e di uno stile di vita.<\/p>\n<p>Quest&#8217;anno sar\u00e0 consegnato ad <strong>Alice Imbastari, 12 anni, ambientalista e attivista per il clima<\/strong>, \u00a0lo scorso anno \u00e8 stato assegnato a <strong>Filippo Giorgi e Sting.<\/strong><\/p>\n","protected":false},"excerpt":{"rendered":"<p>Dal 14 al 17 ottobre quattro giorni di dibattiti, conferenze, workshop e laboratori, parola chiave della kermesse: sostenibilit\u00e0<\/p>\n","protected":false},"author":525,"featured_media":193930,"comment_status":"open","ping_status":"open","sticky":false,"template":"","format":"standard","meta":{"_acf_changed":false,"footnotes":""},"categories":[19],"tags":[177,228],"class_list":["post-193918","post","type-post","status-publish","format-standard","has-post-thumbnail","hentry","category-ambiente","tag-ambiente","tag-festival"],"acf":[],"yoast_head":"<!-- This site is optimized with the Yoast SEO Premium plugin v24.2 (Yoast SEO v25.6) - https:\/\/yoast.com\/wordpress\/plugins\/seo\/ -->\n<title>A Cavriglia il festival Motumundi per riflettere sulla salute del nostro pianeta - intoscana<\/title>\n<meta name=\"description\" content=\"Dal 14 al 17 ottobre il festival si articola attraverso dibattiti, conferenze, workshop e laboratori\" \/>\n<meta name=\"robots\" content=\"index, follow, max-snippet:-1, max-image-preview:large, max-video-preview:-1\" \/>\n<link rel=\"canonical\" href=\"https:\/\/www.intoscana.it\/it\/a-cavriglia-il-festival-motumundi-per-riflettere-sulla-salute-del-nostro-pianeta\/\" \/>\n<meta property=\"og:locale\" content=\"it_IT\" \/>\n<meta property=\"og:type\" content=\"article\" \/>\n<meta property=\"og:title\" content=\"A Cavriglia il festival Motumundi per riflettere sulla salute del nostro pianeta\" \/>\n<meta property=\"og:description\" content=\"Dal 14 al 17 ottobre il festival si articola attraverso dibattiti, conferenze, workshop e laboratori\" \/>\n<meta property=\"og:url\" content=\"https:\/\/www.intoscana.it\/it\/a-cavriglia-il-festival-motumundi-per-riflettere-sulla-salute-del-nostro-pianeta\/\" \/>\n<meta property=\"og:site_name\" content=\"intoscana\" \/>\n<meta property=\"article:publisher\" content=\"https:\/\/www.facebook.com\/intoscana.it\" \/>\n<meta property=\"article:published_time\" content=\"2021-10-12T13:40:06+00:00\" \/>\n<meta property=\"article:modified_time\" content=\"2021-10-13T09:01:49+00:00\" \/>\n<meta property=\"og:image\" content=\"https:\/\/www.intoscana.it\/wp-content\/uploads\/Alice-Imbastari-scaled.jpg\" \/>\n\t<meta property=\"og:image:width\" content=\"2048\" \/>\n\t<meta property=\"og:image:height\" content=\"1365\" \/>\n\t<meta property=\"og:image:type\" content=\"image\/jpeg\" \/>\n<meta name=\"author\" content=\"Redazione\" \/>\n<meta name=\"twitter:card\" content=\"summary_large_image\" \/>\n<meta name=\"twitter:creator\" content=\"@intoscana\" \/>\n<meta name=\"twitter:site\" content=\"@intoscana\" \/>\n<meta name=\"twitter:label1\" content=\"Written by\" \/>\n\t<meta name=\"twitter:data1\" content=\"Redazione\" \/>\n\t<meta name=\"twitter:label2\" content=\"Est. reading time\" \/>\n\t<meta name=\"twitter:data2\" content=\"3 minuti\" \/>\n<script type=\"application\/ld+json\" class=\"yoast-schema-graph\">{\"@context\":\"https:\/\/schema.org\",\"@graph\":[{\"@type\":\"WebPage\",\"@id\":\"https:\/\/www.intoscana.it\/it\/a-cavriglia-il-festival-motumundi-per-riflettere-sulla-salute-del-nostro-pianeta\/\",\"url\":\"https:\/\/www.intoscana.it\/it\/a-cavriglia-il-festival-motumundi-per-riflettere-sulla-salute-del-nostro-pianeta\/\",\"name\":\"A Cavriglia il festival Motumundi per riflettere sulla salute del nostro pianeta - intoscana\",\"isPartOf\":{\"@id\":\"https:\/\/www.intoscana.it\/it\/#website\"},\"primaryImageOfPage\":{\"@id\":\"https:\/\/www.intoscana.it\/it\/a-cavriglia-il-festival-motumundi-per-riflettere-sulla-salute-del-nostro-pianeta\/#primaryimage\"},\"image\":{\"@id\":\"https:\/\/www.intoscana.it\/it\/a-cavriglia-il-festival-motumundi-per-riflettere-sulla-salute-del-nostro-pianeta\/#primaryimage\"},\"thumbnailUrl\":\"https:\/\/www.intoscana.it\/wp-content\/uploads\/Alice-Imbastari-scaled.jpg\",\"datePublished\":\"2021-10-12T13:40:06+00:00\",\"dateModified\":\"2021-10-13T09:01:49+00:00\",\"author\":{\"@id\":\"https:\/\/www.intoscana.it\/it\/#\/schema\/person\/9223810753230f20bd670fdd322661f8\"},\"description\":\"Dal 14 al 17 ottobre il festival si articola attraverso dibattiti, conferenze, workshop e laboratori\",\"breadcrumb\":{\"@id\":\"https:\/\/www.intoscana.it\/it\/a-cavriglia-il-festival-motumundi-per-riflettere-sulla-salute-del-nostro-pianeta\/#breadcrumb\"},\"inLanguage\":\"it-IT\",\"potentialAction\":[{\"@type\":\"ReadAction\",\"target\":[\"https:\/\/www.intoscana.it\/it\/a-cavriglia-il-festival-motumundi-per-riflettere-sulla-salute-del-nostro-pianeta\/\"]}]},{\"@type\":\"ImageObject\",\"inLanguage\":\"it-IT\",\"@id\":\"https:\/\/www.intoscana.it\/it\/a-cavriglia-il-festival-motumundi-per-riflettere-sulla-salute-del-nostro-pianeta\/#primaryimage\",\"url\":\"https:\/\/www.intoscana.it\/wp-content\/uploads\/Alice-Imbastari-scaled.jpg\",\"contentUrl\":\"https:\/\/www.intoscana.it\/wp-content\/uploads\/Alice-Imbastari-scaled.jpg\",\"width\":2048,\"height\":1365},{\"@type\":\"BreadcrumbList\",\"@id\":\"https:\/\/www.intoscana.it\/it\/a-cavriglia-il-festival-motumundi-per-riflettere-sulla-salute-del-nostro-pianeta\/#breadcrumb\",\"itemListElement\":[{\"@type\":\"ListItem\",\"position\":1,\"name\":\"Home\",\"item\":\"https:\/\/www.intoscana.it\/it\/\"},{\"@type\":\"ListItem\",\"position\":2,\"name\":\"A Cavriglia il festival Motumundi per riflettere sulla salute del nostro pianeta\"}]},{\"@type\":\"WebSite\",\"@id\":\"https:\/\/www.intoscana.it\/it\/#website\",\"url\":\"https:\/\/www.intoscana.it\/it\/\",\"name\":\"intoscana\",\"description\":\"\",\"potentialAction\":[{\"@type\":\"SearchAction\",\"target\":{\"@type\":\"EntryPoint\",\"urlTemplate\":\"https:\/\/www.intoscana.it\/it\/?s={search_term_string}\"},\"query-input\":{\"@type\":\"PropertyValueSpecification\",\"valueRequired\":true,\"valueName\":\"search_term_string\"}}],\"inLanguage\":\"it-IT\"},{\"@type\":\"Person\",\"@id\":\"https:\/\/www.intoscana.it\/it\/#\/schema\/person\/9223810753230f20bd670fdd322661f8\",\"name\":\"Redazione\",\"url\":\"https:\/\/www.intoscana.it\/it\/author\/redazione\/\"}]}<\/script>\n<!-- \/ Yoast SEO Premium plugin. -->","yoast_head_json":{"title":"A Cavriglia il festival Motumundi per riflettere sulla salute del nostro pianeta - intoscana","description":"Dal 14 al 17 ottobre il festival si articola attraverso dibattiti, conferenze, workshop e laboratori","robots":{"index":"index","follow":"follow","max-snippet":"max-snippet:-1","max-image-preview":"max-image-preview:large","max-video-preview":"max-video-preview:-1"},"canonical":"https:\/\/www.intoscana.it\/it\/a-cavriglia-il-festival-motumundi-per-riflettere-sulla-salute-del-nostro-pianeta\/","og_locale":"it_IT","og_type":"article","og_title":"A Cavriglia il festival Motumundi per riflettere sulla salute del nostro pianeta","og_description":"Dal 14 al 17 ottobre il festival si articola attraverso dibattiti, conferenze, workshop e laboratori","og_url":"https:\/\/www.intoscana.it\/it\/a-cavriglia-il-festival-motumundi-per-riflettere-sulla-salute-del-nostro-pianeta\/","og_site_name":"intoscana","article_publisher":"https:\/\/www.facebook.com\/intoscana.it","article_published_time":"2021-10-12T13:40:06+00:00","article_modified_time":"2021-10-13T09:01:49+00:00","og_image":[{"width":2048,"height":1365,"url":"https:\/\/www.intoscana.it\/wp-content\/uploads\/Alice-Imbastari-scaled.jpg","type":"image\/jpeg"}],"author":"Redazione","twitter_card":"summary_large_image","twitter_creator":"@intoscana","twitter_site":"@intoscana","twitter_misc":{"Written by":"Redazione","Est. reading time":"3 minuti"},"schema":{"@context":"https:\/\/schema.org","@graph":[{"@type":"WebPage","@id":"https:\/\/www.intoscana.it\/it\/a-cavriglia-il-festival-motumundi-per-riflettere-sulla-salute-del-nostro-pianeta\/","url":"https:\/\/www.intoscana.it\/it\/a-cavriglia-il-festival-motumundi-per-riflettere-sulla-salute-del-nostro-pianeta\/","name":"A Cavriglia il festival Motumundi per riflettere sulla salute del nostro pianeta - intoscana","isPartOf":{"@id":"https:\/\/www.intoscana.it\/it\/#website"},"primaryImageOfPage":{"@id":"https:\/\/www.intoscana.it\/it\/a-cavriglia-il-festival-motumundi-per-riflettere-sulla-salute-del-nostro-pianeta\/#primaryimage"},"image":{"@id":"https:\/\/www.intoscana.it\/it\/a-cavriglia-il-festival-motumundi-per-riflettere-sulla-salute-del-nostro-pianeta\/#primaryimage"},"thumbnailUrl":"https:\/\/www.intoscana.it\/wp-content\/uploads\/Alice-Imbastari-scaled.jpg","datePublished":"2021-10-12T13:40:06+00:00","dateModified":"2021-10-13T09:01:49+00:00","author":{"@id":"https:\/\/www.intoscana.it\/it\/#\/schema\/person\/9223810753230f20bd670fdd322661f8"},"description":"Dal 14 al 17 ottobre il festival si articola attraverso dibattiti, conferenze, workshop e laboratori","breadcrumb":{"@id":"https:\/\/www.intoscana.it\/it\/a-cavriglia-il-festival-motumundi-per-riflettere-sulla-salute-del-nostro-pianeta\/#breadcrumb"},"inLanguage":"it-IT","potentialAction":[{"@type":"ReadAction","target":["https:\/\/www.intoscana.it\/it\/a-cavriglia-il-festival-motumundi-per-riflettere-sulla-salute-del-nostro-pianeta\/"]}]},{"@type":"ImageObject","inLanguage":"it-IT","@id":"https:\/\/www.intoscana.it\/it\/a-cavriglia-il-festival-motumundi-per-riflettere-sulla-salute-del-nostro-pianeta\/#primaryimage","url":"https:\/\/www.intoscana.it\/wp-content\/uploads\/Alice-Imbastari-scaled.jpg","contentUrl":"https:\/\/www.intoscana.it\/wp-content\/uploads\/Alice-Imbastari-scaled.jpg","width":2048,"height":1365},{"@type":"BreadcrumbList","@id":"https:\/\/www.intoscana.it\/it\/a-cavriglia-il-festival-motumundi-per-riflettere-sulla-salute-del-nostro-pianeta\/#breadcrumb","itemListElement":[{"@type":"ListItem","position":1,"name":"Home","item":"https:\/\/www.intoscana.it\/it\/"},{"@type":"ListItem","position":2,"name":"A Cavriglia il festival Motumundi per riflettere sulla salute del nostro pianeta"}]},{"@type":"WebSite","@id":"https:\/\/www.intoscana.it\/it\/#website","url":"https:\/\/www.intoscana.it\/it\/","name":"intoscana","description":"","potentialAction":[{"@type":"SearchAction","target":{"@type":"EntryPoint","urlTemplate":"https:\/\/www.intoscana.it\/it\/?s={search_term_string}"},"query-input":{"@type":"PropertyValueSpecification","valueRequired":true,"valueName":"search_term_string"}}],"inLanguage":"it-IT"},{"@type":"Person","@id":"https:\/\/www.intoscana.it\/it\/#\/schema\/person\/9223810753230f20bd670fdd322661f8","name":"Redazione","url":"https:\/\/www.intoscana.it\/it\/author\/redazione\/"}]}},"_links":{"self":[{"href":"https:\/\/www.intoscana.it\/it\/wp-json\/wp\/v2\/posts\/193918","targetHints":{"allow":["GET"]}}],"collection":[{"href":"https:\/\/www.intoscana.it\/it\/wp-json\/wp\/v2\/posts"}],"about":[{"href":"https:\/\/www.intoscana.it\/it\/wp-json\/wp\/v2\/types\/post"}],"author":[{"embeddable":true,"href":"https:\/\/www.intoscana.it\/it\/wp-json\/wp\/v2\/users\/525"}],"replies":[{"embeddable":true,"href":"https:\/\/www.intoscana.it\/it\/wp-json\/wp\/v2\/comments?post=193918"}],"version-history":[{"count":0,"href":"https:\/\/www.intoscana.it\/it\/wp-json\/wp\/v2\/posts\/193918\/revisions"}],"wp:featuredmedia":[{"embeddable":true,"href":"https:\/\/www.intoscana.it\/it\/wp-json\/wp\/v2\/media\/193930"}],"wp:attachment":[{"href":"https:\/\/www.intoscana.it\/it\/wp-json\/wp\/v2\/media?parent=193918"}],"wp:term":[{"taxonomy":"category","embeddable":true,"href":"https:\/\/www.intoscana.it\/it\/wp-json\/wp\/v2\/categories?post=193918"},{"taxonomy":"post_tag","embeddable":true,"href":"https:\/\/www.intoscana.it\/it\/wp-json\/wp\/v2\/tags?post=193918"}],"curies":[{"name":"wp","href":"https:\/\/api.w.org\/{rel}","templated":true}]}}