{"id":194119,"date":"2021-10-16T10:46:31","date_gmt":"2021-10-16T08:46:31","guid":{"rendered":"https:\/\/www.intoscana.it\/it\/?p=194119"},"modified":"2021-10-19T18:42:22","modified_gmt":"2021-10-19T16:42:22","slug":"il-next-generation-park-a-san-rossore-incubatore-di-idee-e-progetti","status":"publish","type":"post","link":"https:\/\/www.intoscana.it\/it\/il-next-generation-park-a-san-rossore-incubatore-di-idee-e-progetti\/","title":{"rendered":"Il Next Generation Park a San Rossore, incubatore di idee e progetti"},"content":{"rendered":"<p>Si apre una nuova stagione per il <strong>parco di San Rossore<\/strong> e la <strong>villa del Gombo <\/strong>con l\u2019evento \u201c<em>Siete Presente<\/em>\u201d. <mark>Le due propriet\u00e0, gestite dall\u2019ente Parco e dalla Regione Toscana, sono al centro di un progetto che unisce innovazione e sostenibilit\u00e0 ambientale<\/mark>. Un<strong> innovation park<\/strong>, unico nel suo genere in Italia. San Rossore diventa il <strong>Next Generation Park<\/strong> dove i giovani sono gli attori del cambiamento.<\/p>\n<p>La Villa del Gombo sar\u00e0 al centro di questa nuova strategia: un grande spazio di confronto, <strong>incubatore di idee e di progetti<\/strong>, guidato insieme ai giovani. Nella Villa si terranno <mark>laboratori, workshop, presentazioni, convention nell\u2019ottica di far dialogare le nuove generazioni<\/mark> su temi diversi: dall\u2019<strong>innovazione digitale<\/strong> e <strong>robotica<\/strong> all\u2019<strong>imprenditoria giovanile e startup<\/strong>, dall\u2019<strong>inclusione sociale<\/strong> alla sostenibilit\u00e0 ambientale e ricerca per creare un legame indissolubile tra giovani e istituzioni. Fondamentale il supporto e il coinvolgimento diretto di istituti pubblici e privati. Il <strong>Parco di San Rossore<\/strong> e <strong>GiovaniS\u00ec<\/strong> collaboreranno con le Direzioni della Regione Toscana, le Universit\u00e0, i Poli Tecnologici e le associazioni di categoria, ideando e promuovendo l\u2019organizzazione delle attivit\u00e0. Per sancire questo percorso il 18 ottobre sono attesi i Rettori delle Universit\u00e0 toscane e la Presidente del CNR all&#8217;evento &#8220;<em>Siete Presente<\/em>&#8220;.<\/p>\n<figure id=\"post-194137 media-194137\" class=\"align-none\"><img decoding=\"async\" src=\"https:\/\/www.intoscana.it\/wp-content\/uploads\/San-Rossore-villa-del-Gombo-2.jpg\" alt=\"\" \/><\/figure>\n<div class=\"titleimg\">San Rossore, villa del Gombo<\/div>\n<p>Nel corso dei prossimi 18 mesi numerosi gli appuntamenti in calendario. Si parte a ottobre con l\u2019incontro sulle <strong>politiche comunitarie per la Toscana<\/strong> con le Autorit\u00e0 di Gestione dei fondi europei, passando a dicembre al meeting sulla <strong>Telemedicina e Digitalizzazione<\/strong> con ASL Toscana Nord Ovest e l\u2019incontro sul <strong>Turismo sostenibile<\/strong> con Toscana Promozione Turistica. Il 2022 si aprir\u00e0 con la convention sull\u2019<strong>Integrazione dei giovani<\/strong> nel mercato del lavoro con sindacati e associazioni datoriali e il calendario \u00e8 gi\u00e0 ricco di momenti di confronto: innovazione digitale e robotica con l\u2019Istituto di BioRobotica della Scuola Superiore <strong>Sant\u2019Anna di Pisa<\/strong>, inclusione sociale attraverso lo sport con <strong>Dynamo Camp<\/strong>, Internet Festival transizione phygital, Sentinelle della legalit\u00e0 con <strong>Fondazione Antonino Caponnetto<\/strong>, Libera ed Arci solo per dare un\u2019idea dei argomenti in agenda.<\/p>\n<p>Per consentire esperienze formative e lavorative a contatto con la natura sono stati compiuti una serie di interventi per <strong>il riutilizzo e il rinnovo delle infrastruttur<\/strong>e esistenti. Contestualmente alla sostituzione dei 20 km di acquedotto della Tenuta si \u00e8 provveduto a tendere la <strong>fibra ottica<\/strong> assicurando la connettivit\u00e0 all\u2019interno dei boschi aprendo nuovi scenari sia sotto il profilo della sicurezza che della possibilit\u00e0 di fare ricerca scientifica in loco. Tutti i corpi illuminanti esterni e interni sono stati sostituiti con <strong>lampade a basso consumo<\/strong> per garantire da una parte il <strong>risparmio energetico<\/strong> e dall\u2019altra il rispetto dell\u2019ecosistema. Una gestione condivisa e integrata degli spazi a disposizione all\u2019interno della tenuta apre la strada a nuovi percorsi e utilizzi. Nell\u2019area dell\u2019<strong>ippodromo di San Rossore<\/strong>, abitualmente destinata alle corse, gli spazi interni saranno messi a disposizione dell\u2019<strong>Universit\u00e0 di Pisa<\/strong> per svolgere, nel mese di settembre, <mark>gli esami di accesso ai vari corsi di laurea<\/mark>.<\/p>\n<figure id=\"post-194140 media-194140\" class=\"align-none\"><img decoding=\"async\" src=\"https:\/\/www.intoscana.it\/wp-content\/uploads\/Il-parco-di-San-Rossore-5.jpg\" alt=\"\" \/><\/figure>\n<div class=\"titleimg\">Il parco di San Rossore<\/div>\n<p><strong>Sostenibilit\u00e0<\/strong> \u00e8 la parola d\u2019ordine per San Rossore: da qui <mark>la messa in sicurezza dei sentieri e il potenziamento della mobilit\u00e0 ciclopedonale, nell\u2019ambito del progetto della Ciclabile Tirrenica<\/mark>. L\u2019obiettivo \u00e8 di ridurre, se non <strong>eliminare la presenza di auto<\/strong> mediante la realizzazione di un nuovo <strong>parcheggio scambiatore<\/strong> all\u2019esterno dell\u2019accesso alla Tenuta (Ponte alle Trombe). Inoltre sono <strong>allo studio nuovi percorsi<\/strong> sfruttando i fiumi Arno e Serchio. La riorganizzazione degli spostamenti dentro San Rossore non prescinder\u00e0 dalle esigenze dei diversamente abili, tanto per cominciare con il recupero del <strong>percorso Sabrina Bulleri<\/strong>, dipendente del Parco e atleta paralimpica scomparsa alcuni anni fa.<\/p>\n<p>Le strutture del parco, a cominciare dalle <strong>Cascine nuove<\/strong>, saranno presto <mark>un <strong>campus nel verde<\/strong> per le tematiche sociali e l\u2019innovazione destinato agli studenti dell\u2019Universit\u00e0 di Pisa, della Normale, della Scuola superiore Sant\u2019Anna, a professionisti e retreat aziendali<\/mark>. Il primo lotto di interventi \u00e8 quasi giunto a conclusione: ripristinati<strong> 6500 mq di copertura<\/strong> per una superficie immobiliare dove potranno trovare posto <strong>spin off e start up di giovani<\/strong>. Alcuni padiglioni ospiteranno iniziative artistiche e culturali, diventando <strong>palcoscenico per creativi e scienziati<\/strong> impegnati ad ideare nuovi <strong>prodotti artistici e di design<\/strong> ispirati dalla natura.<\/p>\n<p>In questo contesto si va a inserire il percorso interattivo per conoscere la storia del Parco. Il recupero degli immobili di <strong>Piaggerta<\/strong>, dopo un periodo di abbandono, segna il via al progetto <strong>Agricoltura 4.0<\/strong>. Verranno realizzati nuovi poli per l\u2019<strong>agricoltura partecipata<\/strong>, prendendo a esempio il contratto di rete, per creare <mark>una comunit\u00e0 di persone dedite al lavoro ed all\u2019innovazione dell\u2019arte agricola<\/mark>. Un piano per una nuova <strong>fruibilit\u00e0 turistica<\/strong> va ad integrare il processo gi\u00e0 avviato presso la Comunit\u00e0 Europea per ottenere nel 2022 la Carta Europea del Turismo Sostenibile. Insomma San Rossore in modalit\u00e0 innovation park come punto di riferimento territoriale per le tematiche legate ai giovani, alla natura, alla biodiversit\u00e0 e alla storia di un Parco proiettato nel futuro.<\/p>\n","protected":false},"excerpt":{"rendered":"<p>Nuova stagione per il parco e la villa del Gombo, dopo l\u2019evento \u201cSiete Presente\u201d di Giovanis\u00ec: le due propriet\u00e0 al centro di un progetto che unisce innovazione e sostenibilit\u00e0 ambientale<\/p>\n","protected":false},"author":525,"featured_media":194138,"comment_status":"open","ping_status":"open","sticky":false,"template":"","format":"standard","meta":{"_acf_changed":false,"footnotes":""},"categories":[19],"tags":[244,4749,6271],"class_list":["post-194119","post","type-post","status-publish","format-standard","has-post-thumbnail","hentry","category-ambiente","tag-giovanisi","tag-parco-di-san-rossore","tag-siete-presente"],"acf":[],"yoast_head":"<!-- This site is optimized with the Yoast SEO Premium plugin v24.2 (Yoast SEO v25.6) - https:\/\/yoast.com\/wordpress\/plugins\/seo\/ -->\n<title>Il Next Generation Park a San Rossore, incubatore di idee e progetti - intoscana<\/title>\n<meta name=\"description\" content=\"Nuova stagione per il parco e la villa del Gombo, dopo l\u2019evento \u201cSiete Presente\u201d: le due propriet\u00e0 al centro di un progetto che unisce innovazione e sostenibilit\u00e0 ambientale\" \/>\n<meta name=\"robots\" content=\"index, follow, max-snippet:-1, max-image-preview:large, max-video-preview:-1\" \/>\n<link rel=\"canonical\" href=\"https:\/\/www.intoscana.it\/it\/il-next-generation-park-a-san-rossore-incubatore-di-idee-e-progetti\/\" \/>\n<meta property=\"og:locale\" content=\"it_IT\" \/>\n<meta property=\"og:type\" content=\"article\" \/>\n<meta property=\"og:title\" content=\"Il Next Generation Park a San Rossore, incubatore di idee e progetti\" \/>\n<meta property=\"og:description\" content=\"Nuova stagione per il parco e la villa del Gombo, dopo l\u2019evento \u201cSiete Presente\u201d: le due propriet\u00e0 al centro di un progetto che unisce innovazione e sostenibilit\u00e0 ambientale\" \/>\n<meta property=\"og:url\" content=\"https:\/\/www.intoscana.it\/it\/il-next-generation-park-a-san-rossore-incubatore-di-idee-e-progetti\/\" \/>\n<meta property=\"og:site_name\" content=\"intoscana\" \/>\n<meta property=\"article:publisher\" content=\"https:\/\/www.facebook.com\/intoscana.it\" \/>\n<meta property=\"article:published_time\" content=\"2021-10-16T08:46:31+00:00\" \/>\n<meta property=\"article:modified_time\" content=\"2021-10-19T16:42:22+00:00\" \/>\n<meta property=\"og:image\" content=\"https:\/\/www.intoscana.it\/wp-content\/uploads\/San-Rossore-villa-del-Gombo-3.jpg\" \/>\n\t<meta property=\"og:image:width\" content=\"788\" \/>\n\t<meta property=\"og:image:height\" content=\"535\" \/>\n\t<meta property=\"og:image:type\" content=\"image\/jpeg\" \/>\n<meta name=\"author\" content=\"Redazione\" \/>\n<meta name=\"twitter:card\" content=\"summary_large_image\" \/>\n<meta name=\"twitter:creator\" content=\"@intoscana\" \/>\n<meta name=\"twitter:site\" content=\"@intoscana\" \/>\n<meta name=\"twitter:label1\" content=\"Written by\" \/>\n\t<meta name=\"twitter:data1\" content=\"Redazione\" \/>\n\t<meta name=\"twitter:label2\" content=\"Est. reading time\" \/>\n\t<meta name=\"twitter:data2\" content=\"4 minuti\" \/>\n<script type=\"application\/ld+json\" class=\"yoast-schema-graph\">{\"@context\":\"https:\/\/schema.org\",\"@graph\":[{\"@type\":\"WebPage\",\"@id\":\"https:\/\/www.intoscana.it\/it\/il-next-generation-park-a-san-rossore-incubatore-di-idee-e-progetti\/\",\"url\":\"https:\/\/www.intoscana.it\/it\/il-next-generation-park-a-san-rossore-incubatore-di-idee-e-progetti\/\",\"name\":\"Il Next Generation Park a San Rossore, incubatore di idee e progetti - intoscana\",\"isPartOf\":{\"@id\":\"https:\/\/www.intoscana.it\/it\/#website\"},\"primaryImageOfPage\":{\"@id\":\"https:\/\/www.intoscana.it\/it\/il-next-generation-park-a-san-rossore-incubatore-di-idee-e-progetti\/#primaryimage\"},\"image\":{\"@id\":\"https:\/\/www.intoscana.it\/it\/il-next-generation-park-a-san-rossore-incubatore-di-idee-e-progetti\/#primaryimage\"},\"thumbnailUrl\":\"https:\/\/www.intoscana.it\/wp-content\/uploads\/San-Rossore-villa-del-Gombo-3.jpg\",\"datePublished\":\"2021-10-16T08:46:31+00:00\",\"dateModified\":\"2021-10-19T16:42:22+00:00\",\"author\":{\"@id\":\"https:\/\/www.intoscana.it\/it\/#\/schema\/person\/9223810753230f20bd670fdd322661f8\"},\"description\":\"Nuova stagione per il parco e la villa del Gombo, dopo l\u2019evento \u201cSiete Presente\u201d: le due propriet\u00e0 al centro di un progetto che unisce innovazione e sostenibilit\u00e0 ambientale\",\"breadcrumb\":{\"@id\":\"https:\/\/www.intoscana.it\/it\/il-next-generation-park-a-san-rossore-incubatore-di-idee-e-progetti\/#breadcrumb\"},\"inLanguage\":\"it-IT\",\"potentialAction\":[{\"@type\":\"ReadAction\",\"target\":[\"https:\/\/www.intoscana.it\/it\/il-next-generation-park-a-san-rossore-incubatore-di-idee-e-progetti\/\"]}]},{\"@type\":\"ImageObject\",\"inLanguage\":\"it-IT\",\"@id\":\"https:\/\/www.intoscana.it\/it\/il-next-generation-park-a-san-rossore-incubatore-di-idee-e-progetti\/#primaryimage\",\"url\":\"https:\/\/www.intoscana.it\/wp-content\/uploads\/San-Rossore-villa-del-Gombo-3.jpg\",\"contentUrl\":\"https:\/\/www.intoscana.it\/wp-content\/uploads\/San-Rossore-villa-del-Gombo-3.jpg\",\"width\":788,\"height\":535,\"caption\":\"San Rossore, villa del Gombo\"},{\"@type\":\"BreadcrumbList\",\"@id\":\"https:\/\/www.intoscana.it\/it\/il-next-generation-park-a-san-rossore-incubatore-di-idee-e-progetti\/#breadcrumb\",\"itemListElement\":[{\"@type\":\"ListItem\",\"position\":1,\"name\":\"Home\",\"item\":\"https:\/\/www.intoscana.it\/it\/\"},{\"@type\":\"ListItem\",\"position\":2,\"name\":\"Il Next Generation Park a San Rossore, incubatore di idee e progetti\"}]},{\"@type\":\"WebSite\",\"@id\":\"https:\/\/www.intoscana.it\/it\/#website\",\"url\":\"https:\/\/www.intoscana.it\/it\/\",\"name\":\"intoscana\",\"description\":\"\",\"potentialAction\":[{\"@type\":\"SearchAction\",\"target\":{\"@type\":\"EntryPoint\",\"urlTemplate\":\"https:\/\/www.intoscana.it\/it\/?s={search_term_string}\"},\"query-input\":{\"@type\":\"PropertyValueSpecification\",\"valueRequired\":true,\"valueName\":\"search_term_string\"}}],\"inLanguage\":\"it-IT\"},{\"@type\":\"Person\",\"@id\":\"https:\/\/www.intoscana.it\/it\/#\/schema\/person\/9223810753230f20bd670fdd322661f8\",\"name\":\"Redazione\",\"url\":\"https:\/\/www.intoscana.it\/it\/author\/redazione\/\"}]}<\/script>\n<!-- \/ Yoast SEO Premium plugin. -->","yoast_head_json":{"title":"Il Next Generation Park a San Rossore, incubatore di idee e progetti - intoscana","description":"Nuova stagione per il parco e la villa del Gombo, dopo l\u2019evento \u201cSiete Presente\u201d: le due propriet\u00e0 al centro di un progetto che unisce innovazione e sostenibilit\u00e0 ambientale","robots":{"index":"index","follow":"follow","max-snippet":"max-snippet:-1","max-image-preview":"max-image-preview:large","max-video-preview":"max-video-preview:-1"},"canonical":"https:\/\/www.intoscana.it\/it\/il-next-generation-park-a-san-rossore-incubatore-di-idee-e-progetti\/","og_locale":"it_IT","og_type":"article","og_title":"Il Next Generation Park a San Rossore, incubatore di idee e progetti","og_description":"Nuova stagione per il parco e la villa del Gombo, dopo l\u2019evento \u201cSiete Presente\u201d: le due propriet\u00e0 al centro di un progetto che unisce innovazione e sostenibilit\u00e0 ambientale","og_url":"https:\/\/www.intoscana.it\/it\/il-next-generation-park-a-san-rossore-incubatore-di-idee-e-progetti\/","og_site_name":"intoscana","article_publisher":"https:\/\/www.facebook.com\/intoscana.it","article_published_time":"2021-10-16T08:46:31+00:00","article_modified_time":"2021-10-19T16:42:22+00:00","og_image":[{"width":788,"height":535,"url":"https:\/\/www.intoscana.it\/wp-content\/uploads\/San-Rossore-villa-del-Gombo-3.jpg","type":"image\/jpeg"}],"author":"Redazione","twitter_card":"summary_large_image","twitter_creator":"@intoscana","twitter_site":"@intoscana","twitter_misc":{"Written by":"Redazione","Est. reading time":"4 minuti"},"schema":{"@context":"https:\/\/schema.org","@graph":[{"@type":"WebPage","@id":"https:\/\/www.intoscana.it\/it\/il-next-generation-park-a-san-rossore-incubatore-di-idee-e-progetti\/","url":"https:\/\/www.intoscana.it\/it\/il-next-generation-park-a-san-rossore-incubatore-di-idee-e-progetti\/","name":"Il Next Generation Park a San Rossore, incubatore di idee e progetti - intoscana","isPartOf":{"@id":"https:\/\/www.intoscana.it\/it\/#website"},"primaryImageOfPage":{"@id":"https:\/\/www.intoscana.it\/it\/il-next-generation-park-a-san-rossore-incubatore-di-idee-e-progetti\/#primaryimage"},"image":{"@id":"https:\/\/www.intoscana.it\/it\/il-next-generation-park-a-san-rossore-incubatore-di-idee-e-progetti\/#primaryimage"},"thumbnailUrl":"https:\/\/www.intoscana.it\/wp-content\/uploads\/San-Rossore-villa-del-Gombo-3.jpg","datePublished":"2021-10-16T08:46:31+00:00","dateModified":"2021-10-19T16:42:22+00:00","author":{"@id":"https:\/\/www.intoscana.it\/it\/#\/schema\/person\/9223810753230f20bd670fdd322661f8"},"description":"Nuova stagione per il parco e la villa del Gombo, dopo l\u2019evento \u201cSiete Presente\u201d: le due propriet\u00e0 al centro di un progetto che unisce innovazione e sostenibilit\u00e0 ambientale","breadcrumb":{"@id":"https:\/\/www.intoscana.it\/it\/il-next-generation-park-a-san-rossore-incubatore-di-idee-e-progetti\/#breadcrumb"},"inLanguage":"it-IT","potentialAction":[{"@type":"ReadAction","target":["https:\/\/www.intoscana.it\/it\/il-next-generation-park-a-san-rossore-incubatore-di-idee-e-progetti\/"]}]},{"@type":"ImageObject","inLanguage":"it-IT","@id":"https:\/\/www.intoscana.it\/it\/il-next-generation-park-a-san-rossore-incubatore-di-idee-e-progetti\/#primaryimage","url":"https:\/\/www.intoscana.it\/wp-content\/uploads\/San-Rossore-villa-del-Gombo-3.jpg","contentUrl":"https:\/\/www.intoscana.it\/wp-content\/uploads\/San-Rossore-villa-del-Gombo-3.jpg","width":788,"height":535,"caption":"San Rossore, villa del Gombo"},{"@type":"BreadcrumbList","@id":"https:\/\/www.intoscana.it\/it\/il-next-generation-park-a-san-rossore-incubatore-di-idee-e-progetti\/#breadcrumb","itemListElement":[{"@type":"ListItem","position":1,"name":"Home","item":"https:\/\/www.intoscana.it\/it\/"},{"@type":"ListItem","position":2,"name":"Il Next Generation Park a San Rossore, incubatore di idee e progetti"}]},{"@type":"WebSite","@id":"https:\/\/www.intoscana.it\/it\/#website","url":"https:\/\/www.intoscana.it\/it\/","name":"intoscana","description":"","potentialAction":[{"@type":"SearchAction","target":{"@type":"EntryPoint","urlTemplate":"https:\/\/www.intoscana.it\/it\/?s={search_term_string}"},"query-input":{"@type":"PropertyValueSpecification","valueRequired":true,"valueName":"search_term_string"}}],"inLanguage":"it-IT"},{"@type":"Person","@id":"https:\/\/www.intoscana.it\/it\/#\/schema\/person\/9223810753230f20bd670fdd322661f8","name":"Redazione","url":"https:\/\/www.intoscana.it\/it\/author\/redazione\/"}]}},"_links":{"self":[{"href":"https:\/\/www.intoscana.it\/it\/wp-json\/wp\/v2\/posts\/194119","targetHints":{"allow":["GET"]}}],"collection":[{"href":"https:\/\/www.intoscana.it\/it\/wp-json\/wp\/v2\/posts"}],"about":[{"href":"https:\/\/www.intoscana.it\/it\/wp-json\/wp\/v2\/types\/post"}],"author":[{"embeddable":true,"href":"https:\/\/www.intoscana.it\/it\/wp-json\/wp\/v2\/users\/525"}],"replies":[{"embeddable":true,"href":"https:\/\/www.intoscana.it\/it\/wp-json\/wp\/v2\/comments?post=194119"}],"version-history":[{"count":0,"href":"https:\/\/www.intoscana.it\/it\/wp-json\/wp\/v2\/posts\/194119\/revisions"}],"wp:featuredmedia":[{"embeddable":true,"href":"https:\/\/www.intoscana.it\/it\/wp-json\/wp\/v2\/media\/194138"}],"wp:attachment":[{"href":"https:\/\/www.intoscana.it\/it\/wp-json\/wp\/v2\/media?parent=194119"}],"wp:term":[{"taxonomy":"category","embeddable":true,"href":"https:\/\/www.intoscana.it\/it\/wp-json\/wp\/v2\/categories?post=194119"},{"taxonomy":"post_tag","embeddable":true,"href":"https:\/\/www.intoscana.it\/it\/wp-json\/wp\/v2\/tags?post=194119"}],"curies":[{"name":"wp","href":"https:\/\/api.w.org\/{rel}","templated":true}]}}