{"id":194189,"date":"2021-10-15T17:38:17","date_gmt":"2021-10-15T15:38:17","guid":{"rendered":"https:\/\/www.intoscana.it\/it\/?p=194189"},"modified":"2021-10-18T15:16:14","modified_gmt":"2021-10-18T13:16:14","slug":"siete-presente-amministratori-e-giovani-a-san-rossore-per-scrivere-assieme-il-futuro","status":"publish","type":"post","link":"https:\/\/www.intoscana.it\/it\/siete-presente-amministratori-e-giovani-a-san-rossore-per-scrivere-assieme-il-futuro\/","title":{"rendered":"Siete presente, amministratori e giovani a San Rossore per scrivere assieme il futuro"},"content":{"rendered":"<p>Amministratori e giovani si ritroveranno <strong>luned\u00ec 18 ottobre<\/strong> al parco di <strong>San Rossore<\/strong> per scrivere assieme le <strong>politiche pubbliche del prossimo futuro<\/strong> da finanziare con risorse pubbliche. Si incontreranno in occasione del <mark>decennale di <strong>Giovanis\u00ec<\/strong>, il progetto della Regione Toscana per l\u2019autonomia degli under 40<\/mark>. Lo faranno all\u2019interno dell\u2019evento partecipativo \u201c<strong>Siete Presente<\/strong>\u201d dove \u00e8 annunciata la presenza del presidente della Repubblica <strong>Sergio Mattarella<\/strong>. D\u2019eccezione il contesto, <strong>villa del Gombo<\/strong>, e straordinaria <mark>la presenza di 80 giovani tra i 18 e i 40 anni, coinvolti nel percorso partecipativo<\/mark> durante tutta la giornata.<\/p>\n<p><iframe loading=\"lazy\" title=\"YouTube video player\" src=\"https:\/\/www.youtube.com\/embed\/EzyT8p_ZPkA\" width=\"560\" height=\"315\" frameborder=\"0\" allowfullscreen=\"allowfullscreen\"><span style=\"display: inline-block; width: 0px; overflow: hidden; line-height: 0;\" data-mce-type=\"bookmark\" class=\"mce_SELRES_start\">\ufeff<\/span><\/iframe><\/p>\n<p>L\u2019evento del 18 ottobre sar\u00e0 il primo di una <strong>serie di appuntamenti<\/strong> in cui la Toscana incontrer\u00e0 i giovani: un\u2019opportunit\u00e0 di <strong>confronto strutturato<\/strong>, ma anche <mark>un invito ai giovani a farsi protagonisti per proporre e cambiare ci\u00f2 che li riguarda<\/mark>.<\/p>\n<figure id=\"post-194135 media-194135\" class=\"align-none\"><img decoding=\"async\" src=\"https:\/\/www.intoscana.it\/wp-content\/uploads\/san-rossore-villa-del-gombo-1.jpg\" alt=\"\" \/><\/figure>\n<div class=\"titleimg\">San Rossore, villa del Gombo<\/div>\n<h3>Siete presente, le ragioni di una scelta<\/h3>\n<p>\u201c<strong>Siete Presente<\/strong>\u201d \u00e8 un evento coordinato dalla <strong>Presidenza della Regione Toscana<\/strong>, nell\u2019ambito di Giovanis\u00ec. \u00c8 realizzato in collaborazione con <strong>Fondazione Sistema Toscana<\/strong>, con il <strong>Parco di San Rossore<\/strong> di Pisa ed \u00e8 finanziato dal <strong>Dipartimento per le politiche giovanili<\/strong> e il <strong>Servizio civile<\/strong> universale della presidenza del Consiglio dei ministri, cofinanziato cofinanziato con i fondi strutturali e di investimento europei (<strong>Por Fse, Por Fesr, Psr Feasr e Programma Italia-Francia marittimo<\/strong>).<\/p>\n<p>La scelta del titolo della giornata, \u201c<strong>Siete Presente<\/strong>\u201d, non \u00e8 casuale. \u201c<em>I giovani sono il presente, non il futuro, e dobbiamo coinvolgerli nelle decisioni oggi, forti della loro capacit\u00e0, che \u00e8 unica, di interpretare la rivoluzione digitale e informatica ma anche l\u2019emergenza dei cambiamenti climatici <\/em>&#8211; ha sottolinato <strong>Bernard Dika<\/strong>, consigliere del presidente per l\u2019innovazione e le politiche giovanili \u2013 <em>La sfida \u00e8 quella di uscire a sera con indicazioni precise e una proposta di misure e azioni che si possano concretizzare in sei mesi<\/em>\u201d. \u201c<em>Sar\u00e0 anche una bella occasione<\/em> \u2013 ha aggiunto il presidente <em>Eugenio Giani<\/em> \u2013 <em>per una vetrina della tenuta e del parco di San Rossore, che noi con orgoglio cerchiamo di gestire al meglio<\/em>\u201d.<\/p>\n<h3>Mattarella e i giovani<\/h3>\n<p>La mattinata sar\u00e0 dedicata a <strong>Giovanis\u00ec<\/strong>, un\u2019occasione per raccontare i risultati e i traguardi raggiunti attraverso <mark>i video e la testimonianza diretta di alcuni giovani che hanno beneficiato delle opportunit\u00e0 del progetto della Regione Toscana per l\u2019autonomia dei giovani<\/mark>. A seguire nell&#8217;Arena allestita sotto una tensostruttura ci sar\u00e0 l&#8217;arrivo del Presidente della Repubblica <strong>Sergio Mattarella<\/strong>. In platea accanto a numerose autorit\u00e0 (tra cui il ministro dell\u2019Universit\u00e0 e della ricerca <strong>Cristina Messa<\/strong> e il sottosegretario al ministero della Salute <strong>Pierpaolo Sileri<\/strong>), troveranno posto cinquanta <strong>studenti di licei<\/strong> di Pisa, Lucca e Livorno, <strong>allievi dell\u2019Accademia navale<\/strong>, della <strong>Scuola militare di aeronautica<\/strong> e della <strong>Scuola Marescialli e Brigadieri<\/strong> dei carabinieri, <strong>operatori sanitari, volontari<\/strong> in associazioni di pronto soccorso o che si occupano di persone con disabilit\u00e0, ragazze e <strong>ragazzi del servizio civile<\/strong> regionale e <strong>scout<\/strong>.<\/p>\n<figure id=\"post-194467 media-194467\" class=\"align-none\"><img decoding=\"async\" src=\"https:\/\/www.intoscana.it\/wp-content\/uploads\/Il-presidente-Sergio-Mattarella.png\" alt=\"\" \/><\/figure>\n<div class=\"titleimg\">Il presidente Sergio Mattarella<\/div>\n<p>Insieme al presidente <strong>Mattarella<\/strong> ascolteranno le testimonianze di alcuni giovani, <strong>modelli positivi di cittadinanza attiva<\/strong>. Si racconteranno al Presidente: <strong>Damiano Bracchitta<\/strong>, 34 anni, medico dell\u2019ASL Toscana Nord Ovest, <strong>Rebecca Donato<\/strong>, 26 anni, infermiera di famiglia, <strong>Tommaso Ceccanti<\/strong>, 25 anni, impiegato nel settore dell\u2019economia circolare e della sostenibilit\u00e0, <strong>Ambra Sabatini<\/strong>, 19 anni, atleta paraolimpica, medaglia d\u2019oro a Tokyo 2021. Prima delle testimonianze, interverranno il presidente della Regione Toscana <strong>Eugenio Giani<\/strong>, il sindaco di Pisa <strong>Michele Conti<\/strong> e il consigliere del Presidente alle Politiche Giovanili e all\u2019Innovazione <strong>Bernard Dika<\/strong>. A condurre e a moderare gli appuntamenti della mattina in Arena sar\u00e0 la giornalista <strong>Veronica Maffei<\/strong>.<\/p>\n<h3>Il primo evento partecipativo<\/h3>\n<p>A Villa del Gombo da mattina a sera si terr\u00e0 il <strong>primo evento partecipativo<\/strong> di questa legislatura, in una <mark>regione che \u00e8 stata apripista, con una legge approvata nel 2007 e poi rinnovata nel 2013, sul coinvolgimento attivo dei cittadini nelle decisioni delle istituzioni<\/mark>. Un modo per coinvolgere i giovani nelle politiche regionali, accrescendo la loro partecipazione alla vita sociale e politica dei territori in cui vivono. Per inaugurare questo nuovo percorso, per raccogliere punti di vista, sensibilit\u00e0, esigenze, intenzioni, desideri sul tema cultura, sono stati selezionati <strong>80 giovani toscani dai 18 ai 40 anni<\/strong>, selezionati tramite una call che si \u00e8 chiusa il 27 settembre, saranno coinvolti attraverso laboratori e tavoli di lavoro.<\/p>\n<p>Si tratta di giovani che <strong>operano nei vari settori della cultura<\/strong>. Under 40 chiamati a esprimersi in un confronto strutturato sulle politiche regionali in ambito culturale. Per selezionarli era stata lanciata una call \u201c<em>processo partecipativo Siete presente<\/em>\u201d a cui hanno <strong>risposto in 230<\/strong>. Si \u00e8 quindi proceduto a una selezione tenendo conto di <mark>eterogeneit\u00e0, multidisciplinarit\u00e0, rapporto col settore cultura<\/mark> e sfida, ovvero la scelta del panel a cui partecipare.\u00a0 Pi\u00f9 di un terzo di chi ha risposto alla chiamata pubblica sono stati fiorentini, con una <strong>forte maggioranza di donne<\/strong>\u00a0e appartenenti a una <strong>fascia di et\u00e0 compresa tra i 21 e i 35 anni<\/strong>. Quasi la met\u00e0 del campione \u00e8 risultato composto da professionisti, mentre i fruitori sono il doppio dei volontari. Alla fine si \u00e8 scelto di mantenere una proporzione tra donne e uomini di 3:2 (6 donne e 4 uomini), con massimo 3 giovani provenienti da Firenze per lasciare spazio anche alle altre province. <strong>Cinque i professionisti della cultura individuati<\/strong> e assicurata una netta maggioranza di giovani nella fascia di et\u00e0 26-35 anni. A orientare la scelta infine le motivazioni espresse dai candidati al momento della candidatura: una scelta determinante per l\u2019inserimento nei <mark>vari panel: attrattivit\u00e0, competenze, bellezza, partecipazione, impresa,\u00a0 tecnologia, ambiente e connessioni<\/mark>.<\/p>\n<h3>Una maratona di idee sulle politiche culturali<\/h3>\n<p>L&#8217;evento sar\u00e0 <mark>una maratona di idee sulle politiche regionali nell\u2019ambito culturale<\/mark>, alla presenza di imprenditori, manager, artisti, opinion leader, esperti e ricercatori e pubblico della cultura, tra cui studenti e appassionati, insieme a tutti i portatori di interesse (mentors, le Direzioni regionali, facilitatori). A guidare il processo partecipativo, <strong>Forwardto<\/strong>, un\u2019associazione di professionisti, practitioner e ricercatori di diversi settori disciplinari specializzati in processi partecipativi attivati e sostenuti tramite applicazione di metodi di futures studies e strategic foresight, combinati con tecniche e framework di progettazione (design thinking), innovazione (lean innovation, agile) e people empowerment. Un confronto strutturato dove <mark>i giovani partecipanti potranno far emergere riflessioni e proposte che andranno a costituire le politiche regionali nel futuro<\/mark>. Questo per far s\u00ec che la cultura, in termini di patrimonio, arte, creativit\u00e0 e partecipazione, rappresenti <strong>un driver per lo sviluppo sostenibile<\/strong> toscano nei prossimi anni.<\/p>\n<h3>Evento annuale FESR e FSE<\/h3>\n<p>Nel pomeriggio, dalle 15.30 alle 17.30, si terr\u00e0 <mark>l\u2019evento informativo annuale del Programma Operativo Regionale (POR) del Fondo Europeo di Sviluppo Regionale (FESR) e del Fondo Sociale Europeo (FSE)<\/mark>. Sar\u00e0 l&#8217;occasione per riflettere su <strong>stato di avanzamento dei programmi<\/strong>, modalit\u00e0 di sostegno alle politiche giovanili e in materia di cultura anche al fine di meglio definire le linee d\u2019intervento della programmazione 2021-2027. Rappresentanti di Regione Toscana, Commissione europea e Amministrazioni Centrali si confronteranno sul <strong>nuovo ciclo di programmazione<\/strong> a partire dai risultati raggiunti e dal coinvolgimento dei principali stakeholder nella definizione degli <strong>obiettivi di sviluppo<\/strong> in un\u2019ottica di integrazione tra fondi a livello regionale.<\/p>\n<p>Aprir\u00e0 i lavori dell\u2019<strong>evento annuale sui fondi europei<\/strong> il presidente <strong>Eugenio Giani<\/strong>. Interverranno l\u2019assessora al lavoro e ad istruzione e formazione <strong>Alessandra Nardini<\/strong>, l\u2019assessore all\u2019economia <strong>Leonardo Marras<\/strong>, tecnici dell\u2019<strong>autorit\u00e0 di gestione del Por Fse<\/strong>, rappresentanti della <strong>Dg Occupazione e affari sociali<\/strong> della Commissione europea e della Dg Politica regionale e urbana della Commissione europea, dell\u2019Autorit\u00e0 <strong>capofila Fse Anpal<\/strong> e dell\u2019<strong>Agenzia per la coesione territoriale<\/strong>. Ci saranno pure alcune testimonianze di chi ha beneficiato dei fondi. Di seguito l\u2019intervento del consigliere per l\u2019innovazione e le politiche giovanili del presidente Giani, <strong>Bernard Dika<\/strong>.<\/p>\n<p>Maggiori informazioni alla <strong><a href=\"https:\/\/www.regione.toscana.it\/-\/fondi-europei-fesr-e-fse-evento-annuale-2021\" target=\"_blank\" rel=\"noopener\">pagina <\/a><\/strong>dedicata, sul sito di Regione Toscana e nel\u00a0<strong><a href=\"https:\/\/giovanisi.it\/wp-content\/uploads\/2021\/10\/Siete-presente-18-ottobre-programma.pdf\" target=\"_blank\" rel=\"noopener\">programma<\/a><\/strong>\u00a0dell\u2019evento.<\/p>\n<div class=\"et_pb_module et_pb_text et_pb_text_12 et_pb_bg_layout_light et_pb_text_align_left\">\n<div class=\"et_pb_text_inner\">\n<h3><strong>Come seguire gli eventi \/ le dirette streaming<br \/>\n<\/strong><\/h3>\n<\/div>\n<\/div>\n<div class=\"et_pb_with_border et_pb_module et_pb_text et_pb_text_13 et_pb_bg_layout_light et_pb_text_align_left\">\n<div class=\"et_pb_text_inner\">\n<p>Notizie, approfondimenti, racconti, podcast, clip video e gallerie fotografiche a cura\u00a0di <strong>Toscana Notizie<\/strong>, l\u2019agenzia di informazione della giunta regionale: riempiranno una <a href=\"http:\/\/www.toscana-notizie.it\/giovani-europa-sanrossore\" target=\"_blank\" rel=\"noopener\">pagina speciale<\/a> dedicata all\u2019iniziativa.<\/p>\n<p>Sar\u00e0 possibile seguire le varie fasi della giornata in diretta streaming su questi canali:<\/p>\n<ul>\n<li>\n<ul>\n<li><strong><a href=\"https:\/\/www.facebook.com\/eugeniogianiufficiale\/videos\/3037395406502103\/\" target=\"_blank\" rel=\"noopener noreferrer\">Pagina Facebook Presidente Eugenio Giani<\/a><\/strong><\/li>\n<li><a href=\"https:\/\/fb.watch\/8J0O9kcyk_\/\" target=\"_blank\" rel=\"noopener noreferrer\"><strong>Pagina Facebook Giovanis\u00ec\u00a0<\/strong><\/a><\/li>\n<li><strong><a href=\"https:\/\/fb.watch\/8J0SuWnOUv\/\" target=\"_blank\" rel=\"noopener noreferrer\">Pagina Facebook Regione Toscana<\/a><\/strong><\/li>\n<li><strong><a href=\"https:\/\/www.facebook.com\/intoscana.it\/videos\/3037424603165850\/\" target=\"_blank\" rel=\"noopener noreferrer\">Pagina Facebook intoscana.it<\/a><\/strong><\/li>\n<li><strong><a href=\"http:\/\/www.intoscana.it\/\" target=\"_blank\" rel=\"noreferrer nofollow noopener\">intoscana.it<\/a><\/strong><\/li>\n<li><strong><a href=\"https:\/\/www.youtube.com\/watch?v=yspXu411oSU\" target=\"_blank\" rel=\"noopener\">Youtube intoscana.it<\/a><\/strong><\/li>\n<li><strong><a href=\"https:\/\/www.youtube.com\/watch?v=IjqRoNg5sUE\" target=\"_blank\" rel=\"noopener\">Youtube Regione Toscana<\/a><\/strong><\/li>\n<\/ul>\n<\/li>\n<\/ul>\n<\/div>\n<\/div>\n<h3>Il salottino live di intoscana.it<\/h3>\n<p>L\u2019evento, a partire dalle ore 9, sar\u00e0 commentato in diretta dalla <strong>redazione di intoscana.it<\/strong> che in un <strong>salotto televisivo<\/strong> allestito accanto alla villa del Gombo ospiter\u00e0 i protagonisti della giornata. <strong>Dibattiti e interviste<\/strong> per approfondire e informare sull&#8217;andamento dei lavori e raccogliere le testimonianze dei tanti giovani che si alterneranno sul palco dell&#8217;evento con il presidente Mattarella, poi <strong>artisti e influencer<\/strong> \u2013 come <strong>WikiPredro<\/strong> &#8211; e alcuni degli ottanta <strong>giovani protagonisti<\/strong> impegnati nel percorso partecipativo. Oltre a vari altri ospiti.<\/p>\n<p>Tanti anche gli ospiti. Ci saranno i <strong>rettori delle universit\u00e0 toscane<\/strong>, del Sant&#8217;Anna e della Normale di Pisa, gli assessori della giunta regionale toscana, il presidente <strong>Eugenio Giani<\/strong> e il presidente del Consiglio regionale, <strong>Antonio Mazzeo<\/strong>. Il salotto sar\u00e0 parte del flusso della diretta streaming accessibile dalla pagina di <strong>Toscana Notizie<\/strong> e dai vari social. Al pomeriggio<strong> i canali si sdoppieranno<\/strong>: la <strong>diretta streaming<\/strong> dallo speciale di <strong>Toscana Notizie<\/strong> seguir\u00e0 gli eventi <strong>sui fondi europei<\/strong>, mentre le immagini del <strong>salotto televisivo<\/strong> saranno accessibili <strong>da www.intoscana.it<\/strong>.<\/p>\n","protected":false},"excerpt":{"rendered":"<p>Luned\u00ec 18 ottobre a Villa del Gombo il decennale di Giovanis\u00ec, il progetto della Regione Toscana per l\u2019autonomia degli under 40. Presente alla giornata il presidente Sergio Mattarella<\/p>\n","protected":false},"author":525,"featured_media":189746,"comment_status":"open","ping_status":"open","sticky":false,"template":"","format":"standard","meta":{"_acf_changed":false,"footnotes":""},"categories":[4],"tags":[5146,158,244,151,4581,6271],"class_list":["post-194189","post","type-post","status-publish","format-standard","has-post-thumbnail","hentry","category-storie","tag-bernard-dika","tag-eugenio-giani","tag-giovanisi","tag-regione-toscana","tag-sergio-mattarella","tag-siete-presente"],"acf":[],"yoast_head":"<!-- This site is optimized with the Yoast SEO Premium plugin v24.2 (Yoast SEO v25.6) - https:\/\/yoast.com\/wordpress\/plugins\/seo\/ -->\n<title>Siete presente, amministratori e giovani a San Rossore per scrivere assieme il futuro - intoscana<\/title>\n<meta name=\"description\" content=\"Luned\u00ec 18 ottobre a Villa del Gombo il decennale di Giovanis\u00ec, il progetto della Regione Toscana per l\u2019autonomia degli under 40. Presente alla giornata il presidente Sergio Mattarella\" \/>\n<meta name=\"robots\" content=\"index, follow, max-snippet:-1, max-image-preview:large, max-video-preview:-1\" \/>\n<link rel=\"canonical\" href=\"https:\/\/www.intoscana.it\/it\/siete-presente-amministratori-e-giovani-a-san-rossore-per-scrivere-assieme-il-futuro\/\" \/>\n<meta property=\"og:locale\" content=\"it_IT\" \/>\n<meta property=\"og:type\" content=\"article\" \/>\n<meta property=\"og:title\" content=\"Siete presente, amministratori e giovani a San Rossore per scrivere assieme il futuro\" \/>\n<meta property=\"og:description\" content=\"Luned\u00ec 18 ottobre a Villa del Gombo il decennale di Giovanis\u00ec, il progetto della Regione Toscana per l\u2019autonomia degli under 40. Presente alla giornata il presidente Sergio Mattarella\" \/>\n<meta property=\"og:url\" content=\"https:\/\/www.intoscana.it\/it\/siete-presente-amministratori-e-giovani-a-san-rossore-per-scrivere-assieme-il-futuro\/\" \/>\n<meta property=\"og:site_name\" content=\"intoscana\" \/>\n<meta property=\"article:publisher\" content=\"https:\/\/www.facebook.com\/intoscana.it\" \/>\n<meta property=\"article:published_time\" content=\"2021-10-15T15:38:17+00:00\" \/>\n<meta property=\"article:modified_time\" content=\"2021-10-18T13:16:14+00:00\" \/>\n<meta property=\"og:image\" content=\"https:\/\/www.intoscana.it\/wp-content\/uploads\/decennale-giovanisi\u0300-san-rossore-conferenza-stampa-3-scaled-e1634208138330.jpg\" \/>\n\t<meta property=\"og:image:width\" content=\"1198\" \/>\n\t<meta property=\"og:image:height\" content=\"880\" \/>\n\t<meta property=\"og:image:type\" content=\"image\/jpeg\" \/>\n<meta name=\"author\" content=\"Redazione\" \/>\n<meta name=\"twitter:card\" content=\"summary_large_image\" \/>\n<meta name=\"twitter:creator\" content=\"@intoscana\" \/>\n<meta name=\"twitter:site\" content=\"@intoscana\" \/>\n<meta name=\"twitter:label1\" content=\"Written by\" \/>\n\t<meta name=\"twitter:data1\" content=\"Redazione\" \/>\n\t<meta name=\"twitter:label2\" content=\"Est. reading time\" \/>\n\t<meta name=\"twitter:data2\" content=\"8 minuti\" \/>\n<script type=\"application\/ld+json\" class=\"yoast-schema-graph\">{\"@context\":\"https:\/\/schema.org\",\"@graph\":[{\"@type\":\"WebPage\",\"@id\":\"https:\/\/www.intoscana.it\/it\/siete-presente-amministratori-e-giovani-a-san-rossore-per-scrivere-assieme-il-futuro\/\",\"url\":\"https:\/\/www.intoscana.it\/it\/siete-presente-amministratori-e-giovani-a-san-rossore-per-scrivere-assieme-il-futuro\/\",\"name\":\"Siete presente, amministratori e giovani a San Rossore per scrivere assieme il futuro - intoscana\",\"isPartOf\":{\"@id\":\"https:\/\/www.intoscana.it\/it\/#website\"},\"primaryImageOfPage\":{\"@id\":\"https:\/\/www.intoscana.it\/it\/siete-presente-amministratori-e-giovani-a-san-rossore-per-scrivere-assieme-il-futuro\/#primaryimage\"},\"image\":{\"@id\":\"https:\/\/www.intoscana.it\/it\/siete-presente-amministratori-e-giovani-a-san-rossore-per-scrivere-assieme-il-futuro\/#primaryimage\"},\"thumbnailUrl\":\"https:\/\/www.intoscana.it\/wp-content\/uploads\/decennale-giovanisi\u0300-san-rossore-conferenza-stampa-3-scaled-e1634208138330.jpg\",\"datePublished\":\"2021-10-15T15:38:17+00:00\",\"dateModified\":\"2021-10-18T13:16:14+00:00\",\"author\":{\"@id\":\"https:\/\/www.intoscana.it\/it\/#\/schema\/person\/9223810753230f20bd670fdd322661f8\"},\"description\":\"Luned\u00ec 18 ottobre a Villa del Gombo il decennale di Giovanis\u00ec, il progetto della Regione Toscana per l\u2019autonomia degli under 40. Presente alla giornata il presidente Sergio Mattarella\",\"breadcrumb\":{\"@id\":\"https:\/\/www.intoscana.it\/it\/siete-presente-amministratori-e-giovani-a-san-rossore-per-scrivere-assieme-il-futuro\/#breadcrumb\"},\"inLanguage\":\"it-IT\",\"potentialAction\":[{\"@type\":\"ReadAction\",\"target\":[\"https:\/\/www.intoscana.it\/it\/siete-presente-amministratori-e-giovani-a-san-rossore-per-scrivere-assieme-il-futuro\/\"]}]},{\"@type\":\"ImageObject\",\"inLanguage\":\"it-IT\",\"@id\":\"https:\/\/www.intoscana.it\/it\/siete-presente-amministratori-e-giovani-a-san-rossore-per-scrivere-assieme-il-futuro\/#primaryimage\",\"url\":\"https:\/\/www.intoscana.it\/wp-content\/uploads\/decennale-giovanisi\u0300-san-rossore-conferenza-stampa-3-scaled-e1634208138330.jpg\",\"contentUrl\":\"https:\/\/www.intoscana.it\/wp-content\/uploads\/decennale-giovanisi\u0300-san-rossore-conferenza-stampa-3-scaled-e1634208138330.jpg\",\"width\":1198,\"height\":880,\"caption\":\"La presentazione di Siete presente per il decennale di Giovanisi\u0300\"},{\"@type\":\"BreadcrumbList\",\"@id\":\"https:\/\/www.intoscana.it\/it\/siete-presente-amministratori-e-giovani-a-san-rossore-per-scrivere-assieme-il-futuro\/#breadcrumb\",\"itemListElement\":[{\"@type\":\"ListItem\",\"position\":1,\"name\":\"Home\",\"item\":\"https:\/\/www.intoscana.it\/it\/\"},{\"@type\":\"ListItem\",\"position\":2,\"name\":\"Siete presente, amministratori e giovani a San Rossore per scrivere assieme il futuro\"}]},{\"@type\":\"WebSite\",\"@id\":\"https:\/\/www.intoscana.it\/it\/#website\",\"url\":\"https:\/\/www.intoscana.it\/it\/\",\"name\":\"intoscana\",\"description\":\"\",\"potentialAction\":[{\"@type\":\"SearchAction\",\"target\":{\"@type\":\"EntryPoint\",\"urlTemplate\":\"https:\/\/www.intoscana.it\/it\/?s={search_term_string}\"},\"query-input\":{\"@type\":\"PropertyValueSpecification\",\"valueRequired\":true,\"valueName\":\"search_term_string\"}}],\"inLanguage\":\"it-IT\"},{\"@type\":\"Person\",\"@id\":\"https:\/\/www.intoscana.it\/it\/#\/schema\/person\/9223810753230f20bd670fdd322661f8\",\"name\":\"Redazione\",\"url\":\"https:\/\/www.intoscana.it\/it\/author\/redazione\/\"}]}<\/script>\n<!-- \/ Yoast SEO Premium plugin. -->","yoast_head_json":{"title":"Siete presente, amministratori e giovani a San Rossore per scrivere assieme il futuro - intoscana","description":"Luned\u00ec 18 ottobre a Villa del Gombo il decennale di Giovanis\u00ec, il progetto della Regione Toscana per l\u2019autonomia degli under 40. Presente alla giornata il presidente Sergio Mattarella","robots":{"index":"index","follow":"follow","max-snippet":"max-snippet:-1","max-image-preview":"max-image-preview:large","max-video-preview":"max-video-preview:-1"},"canonical":"https:\/\/www.intoscana.it\/it\/siete-presente-amministratori-e-giovani-a-san-rossore-per-scrivere-assieme-il-futuro\/","og_locale":"it_IT","og_type":"article","og_title":"Siete presente, amministratori e giovani a San Rossore per scrivere assieme il futuro","og_description":"Luned\u00ec 18 ottobre a Villa del Gombo il decennale di Giovanis\u00ec, il progetto della Regione Toscana per l\u2019autonomia degli under 40. Presente alla giornata il presidente Sergio Mattarella","og_url":"https:\/\/www.intoscana.it\/it\/siete-presente-amministratori-e-giovani-a-san-rossore-per-scrivere-assieme-il-futuro\/","og_site_name":"intoscana","article_publisher":"https:\/\/www.facebook.com\/intoscana.it","article_published_time":"2021-10-15T15:38:17+00:00","article_modified_time":"2021-10-18T13:16:14+00:00","og_image":[{"width":1198,"height":880,"url":"https:\/\/www.intoscana.it\/wp-content\/uploads\/decennale-giovanisi\u0300-san-rossore-conferenza-stampa-3-scaled-e1634208138330.jpg","type":"image\/jpeg"}],"author":"Redazione","twitter_card":"summary_large_image","twitter_creator":"@intoscana","twitter_site":"@intoscana","twitter_misc":{"Written by":"Redazione","Est. reading time":"8 minuti"},"schema":{"@context":"https:\/\/schema.org","@graph":[{"@type":"WebPage","@id":"https:\/\/www.intoscana.it\/it\/siete-presente-amministratori-e-giovani-a-san-rossore-per-scrivere-assieme-il-futuro\/","url":"https:\/\/www.intoscana.it\/it\/siete-presente-amministratori-e-giovani-a-san-rossore-per-scrivere-assieme-il-futuro\/","name":"Siete presente, amministratori e giovani a San Rossore per scrivere assieme il futuro - intoscana","isPartOf":{"@id":"https:\/\/www.intoscana.it\/it\/#website"},"primaryImageOfPage":{"@id":"https:\/\/www.intoscana.it\/it\/siete-presente-amministratori-e-giovani-a-san-rossore-per-scrivere-assieme-il-futuro\/#primaryimage"},"image":{"@id":"https:\/\/www.intoscana.it\/it\/siete-presente-amministratori-e-giovani-a-san-rossore-per-scrivere-assieme-il-futuro\/#primaryimage"},"thumbnailUrl":"https:\/\/www.intoscana.it\/wp-content\/uploads\/decennale-giovanisi\u0300-san-rossore-conferenza-stampa-3-scaled-e1634208138330.jpg","datePublished":"2021-10-15T15:38:17+00:00","dateModified":"2021-10-18T13:16:14+00:00","author":{"@id":"https:\/\/www.intoscana.it\/it\/#\/schema\/person\/9223810753230f20bd670fdd322661f8"},"description":"Luned\u00ec 18 ottobre a Villa del Gombo il decennale di Giovanis\u00ec, il progetto della Regione Toscana per l\u2019autonomia degli under 40. Presente alla giornata il presidente Sergio Mattarella","breadcrumb":{"@id":"https:\/\/www.intoscana.it\/it\/siete-presente-amministratori-e-giovani-a-san-rossore-per-scrivere-assieme-il-futuro\/#breadcrumb"},"inLanguage":"it-IT","potentialAction":[{"@type":"ReadAction","target":["https:\/\/www.intoscana.it\/it\/siete-presente-amministratori-e-giovani-a-san-rossore-per-scrivere-assieme-il-futuro\/"]}]},{"@type":"ImageObject","inLanguage":"it-IT","@id":"https:\/\/www.intoscana.it\/it\/siete-presente-amministratori-e-giovani-a-san-rossore-per-scrivere-assieme-il-futuro\/#primaryimage","url":"https:\/\/www.intoscana.it\/wp-content\/uploads\/decennale-giovanisi\u0300-san-rossore-conferenza-stampa-3-scaled-e1634208138330.jpg","contentUrl":"https:\/\/www.intoscana.it\/wp-content\/uploads\/decennale-giovanisi\u0300-san-rossore-conferenza-stampa-3-scaled-e1634208138330.jpg","width":1198,"height":880,"caption":"La presentazione di Siete presente per il decennale di Giovanisi\u0300"},{"@type":"BreadcrumbList","@id":"https:\/\/www.intoscana.it\/it\/siete-presente-amministratori-e-giovani-a-san-rossore-per-scrivere-assieme-il-futuro\/#breadcrumb","itemListElement":[{"@type":"ListItem","position":1,"name":"Home","item":"https:\/\/www.intoscana.it\/it\/"},{"@type":"ListItem","position":2,"name":"Siete presente, amministratori e giovani a San Rossore per scrivere assieme il futuro"}]},{"@type":"WebSite","@id":"https:\/\/www.intoscana.it\/it\/#website","url":"https:\/\/www.intoscana.it\/it\/","name":"intoscana","description":"","potentialAction":[{"@type":"SearchAction","target":{"@type":"EntryPoint","urlTemplate":"https:\/\/www.intoscana.it\/it\/?s={search_term_string}"},"query-input":{"@type":"PropertyValueSpecification","valueRequired":true,"valueName":"search_term_string"}}],"inLanguage":"it-IT"},{"@type":"Person","@id":"https:\/\/www.intoscana.it\/it\/#\/schema\/person\/9223810753230f20bd670fdd322661f8","name":"Redazione","url":"https:\/\/www.intoscana.it\/it\/author\/redazione\/"}]}},"_links":{"self":[{"href":"https:\/\/www.intoscana.it\/it\/wp-json\/wp\/v2\/posts\/194189","targetHints":{"allow":["GET"]}}],"collection":[{"href":"https:\/\/www.intoscana.it\/it\/wp-json\/wp\/v2\/posts"}],"about":[{"href":"https:\/\/www.intoscana.it\/it\/wp-json\/wp\/v2\/types\/post"}],"author":[{"embeddable":true,"href":"https:\/\/www.intoscana.it\/it\/wp-json\/wp\/v2\/users\/525"}],"replies":[{"embeddable":true,"href":"https:\/\/www.intoscana.it\/it\/wp-json\/wp\/v2\/comments?post=194189"}],"version-history":[{"count":0,"href":"https:\/\/www.intoscana.it\/it\/wp-json\/wp\/v2\/posts\/194189\/revisions"}],"wp:featuredmedia":[{"embeddable":true,"href":"https:\/\/www.intoscana.it\/it\/wp-json\/wp\/v2\/media\/189746"}],"wp:attachment":[{"href":"https:\/\/www.intoscana.it\/it\/wp-json\/wp\/v2\/media?parent=194189"}],"wp:term":[{"taxonomy":"category","embeddable":true,"href":"https:\/\/www.intoscana.it\/it\/wp-json\/wp\/v2\/categories?post=194189"},{"taxonomy":"post_tag","embeddable":true,"href":"https:\/\/www.intoscana.it\/it\/wp-json\/wp\/v2\/tags?post=194189"}],"curies":[{"name":"wp","href":"https:\/\/api.w.org\/{rel}","templated":true}]}}