{"id":194215,"date":"2021-10-14T10:00:02","date_gmt":"2021-10-14T08:00:02","guid":{"rendered":"https:\/\/www.intoscana.it\/it\/?p=194215"},"modified":"2021-10-14T10:05:09","modified_gmt":"2021-10-14T08:05:09","slug":"green-pass-giani-tamponi-validi-per-48-ore","status":"publish","type":"post","link":"https:\/\/www.intoscana.it\/it\/green-pass-giani-tamponi-validi-per-48-ore\/","title":{"rendered":"Green Pass, Giani: &#8220;Tamponi validi per 48 ore&#8221;"},"content":{"rendered":"<p>&#8220;<em>Il nostro obiettivo deve essere quello di spingere i cittadini a vaccinarsi. Per questo motivo la validit\u00e0 dei tamponi necessari per il Green Pass deve essere limitata a 48 ore<\/em>&#8220;. Cos\u00ec il presidente della Regione <strong>Eugenio Giani<\/strong>, intervenendo alla Conferenza delle Regioni, ha ribadito la posizione della <strong>Toscana<\/strong>. Nel corso della riunione, in vista della Conferenza <strong>Stato-Regioni<\/strong>, \u00e8 stata proposta da alcune Regioni l&#8217;estensione a 72 ore della validit\u00e0 dei tamponi.<\/p>\n<p>&#8220;<em>Come ci ha ricordato il presidente Mattarella<\/em> &#8211; ha detto <strong>Giani<\/strong> &#8211; <em>vaccinarsi \u00e8 un dovere civico. Favorire il rifugio nei tamponi \u00e8 un errore perch\u00e8 solo con i vaccini potremo ripartire in sicurezza<\/em>&#8220;.<\/p>\n","protected":false},"excerpt":{"rendered":"<p>Il presidente ha ribadito la posizione della Toscana intervenendo alla Conferenza delle Regioni<\/p>\n","protected":false},"author":525,"featured_media":154560,"comment_status":"open","ping_status":"open","sticky":false,"template":"","format":"standard","meta":{"_acf_changed":false,"footnotes":""},"categories":[494],"tags":[158,4700],"class_list":["post-194215","post","type-post","status-publish","format-standard","has-post-thumbnail","hentry","category-attualita","tag-eugenio-giani","tag-vaccini"],"acf":[],"yoast_head":"<!-- This site is optimized with the Yoast SEO Premium plugin v24.2 (Yoast SEO v25.6) - https:\/\/yoast.com\/wordpress\/plugins\/seo\/ -->\n<title>Green Pass, Giani: &quot;Tamponi validi per 48 ore&quot; - intoscana<\/title>\n<meta name=\"description\" content=\"Il presidente ha ribadito la posizione della Toscana intervenendo alla Conferenza delle Regioni\" \/>\n<meta name=\"robots\" content=\"index, follow, max-snippet:-1, max-image-preview:large, max-video-preview:-1\" \/>\n<link rel=\"canonical\" href=\"https:\/\/www.intoscana.it\/it\/green-pass-giani-tamponi-validi-per-48-ore\/\" \/>\n<meta property=\"og:locale\" content=\"it_IT\" \/>\n<meta property=\"og:type\" content=\"article\" \/>\n<meta property=\"og:title\" content=\"Green Pass, Giani: &quot;Tamponi validi per 48 ore&quot;\" \/>\n<meta property=\"og:description\" content=\"Il presidente ha ribadito la posizione della Toscana intervenendo alla Conferenza delle Regioni\" \/>\n<meta property=\"og:url\" content=\"https:\/\/www.intoscana.it\/it\/green-pass-giani-tamponi-validi-per-48-ore\/\" \/>\n<meta property=\"og:site_name\" content=\"intoscana\" \/>\n<meta property=\"article:publisher\" content=\"https:\/\/www.facebook.com\/intoscana.it\" \/>\n<meta property=\"article:published_time\" content=\"2021-10-14T08:00:02+00:00\" \/>\n<meta property=\"article:modified_time\" content=\"2021-10-14T08:05:09+00:00\" \/>\n<meta property=\"og:image\" content=\"https:\/\/www.intoscana.it\/wp-content\/uploads\/Tampone-JC-Gellidon-Unsplash.jpg\" \/>\n\t<meta property=\"og:image:width\" content=\"1920\" \/>\n\t<meta property=\"og:image:height\" content=\"1280\" \/>\n\t<meta property=\"og:image:type\" content=\"image\/jpeg\" \/>\n<meta name=\"author\" content=\"Redazione\" \/>\n<meta name=\"twitter:card\" content=\"summary_large_image\" \/>\n<meta name=\"twitter:creator\" content=\"@intoscana\" \/>\n<meta name=\"twitter:site\" content=\"@intoscana\" \/>\n<meta name=\"twitter:label1\" content=\"Written by\" \/>\n\t<meta name=\"twitter:data1\" content=\"Redazione\" \/>\n\t<meta name=\"twitter:label2\" content=\"Est. reading time\" \/>\n\t<meta name=\"twitter:data2\" content=\"1 minuto\" \/>\n<script type=\"application\/ld+json\" class=\"yoast-schema-graph\">{\"@context\":\"https:\/\/schema.org\",\"@graph\":[{\"@type\":\"WebPage\",\"@id\":\"https:\/\/www.intoscana.it\/it\/green-pass-giani-tamponi-validi-per-48-ore\/\",\"url\":\"https:\/\/www.intoscana.it\/it\/green-pass-giani-tamponi-validi-per-48-ore\/\",\"name\":\"Green Pass, Giani: \\\"Tamponi validi per 48 ore\\\" - intoscana\",\"isPartOf\":{\"@id\":\"https:\/\/www.intoscana.it\/it\/#website\"},\"primaryImageOfPage\":{\"@id\":\"https:\/\/www.intoscana.it\/it\/green-pass-giani-tamponi-validi-per-48-ore\/#primaryimage\"},\"image\":{\"@id\":\"https:\/\/www.intoscana.it\/it\/green-pass-giani-tamponi-validi-per-48-ore\/#primaryimage\"},\"thumbnailUrl\":\"https:\/\/www.intoscana.it\/wp-content\/uploads\/Tampone-JC-Gellidon-Unsplash.jpg\",\"datePublished\":\"2021-10-14T08:00:02+00:00\",\"dateModified\":\"2021-10-14T08:05:09+00:00\",\"author\":{\"@id\":\"https:\/\/www.intoscana.it\/it\/#\/schema\/person\/9223810753230f20bd670fdd322661f8\"},\"description\":\"Il presidente ha ribadito la posizione della Toscana intervenendo alla Conferenza delle Regioni\",\"breadcrumb\":{\"@id\":\"https:\/\/www.intoscana.it\/it\/green-pass-giani-tamponi-validi-per-48-ore\/#breadcrumb\"},\"inLanguage\":\"it-IT\",\"potentialAction\":[{\"@type\":\"ReadAction\",\"target\":[\"https:\/\/www.intoscana.it\/it\/green-pass-giani-tamponi-validi-per-48-ore\/\"]}]},{\"@type\":\"ImageObject\",\"inLanguage\":\"it-IT\",\"@id\":\"https:\/\/www.intoscana.it\/it\/green-pass-giani-tamponi-validi-per-48-ore\/#primaryimage\",\"url\":\"https:\/\/www.intoscana.it\/wp-content\/uploads\/Tampone-JC-Gellidon-Unsplash.jpg\",\"contentUrl\":\"https:\/\/www.intoscana.it\/wp-content\/uploads\/Tampone-JC-Gellidon-Unsplash.jpg\",\"width\":1920,\"height\":1280,\"caption\":\"Tamponi per individuare il Covid-19\"},{\"@type\":\"BreadcrumbList\",\"@id\":\"https:\/\/www.intoscana.it\/it\/green-pass-giani-tamponi-validi-per-48-ore\/#breadcrumb\",\"itemListElement\":[{\"@type\":\"ListItem\",\"position\":1,\"name\":\"Home\",\"item\":\"https:\/\/www.intoscana.it\/it\/\"},{\"@type\":\"ListItem\",\"position\":2,\"name\":\"Green Pass, Giani: &#8220;Tamponi validi per 48 ore&#8221;\"}]},{\"@type\":\"WebSite\",\"@id\":\"https:\/\/www.intoscana.it\/it\/#website\",\"url\":\"https:\/\/www.intoscana.it\/it\/\",\"name\":\"intoscana\",\"description\":\"\",\"potentialAction\":[{\"@type\":\"SearchAction\",\"target\":{\"@type\":\"EntryPoint\",\"urlTemplate\":\"https:\/\/www.intoscana.it\/it\/?s={search_term_string}\"},\"query-input\":{\"@type\":\"PropertyValueSpecification\",\"valueRequired\":true,\"valueName\":\"search_term_string\"}}],\"inLanguage\":\"it-IT\"},{\"@type\":\"Person\",\"@id\":\"https:\/\/www.intoscana.it\/it\/#\/schema\/person\/9223810753230f20bd670fdd322661f8\",\"name\":\"Redazione\",\"url\":\"https:\/\/www.intoscana.it\/it\/author\/redazione\/\"}]}<\/script>\n<!-- \/ Yoast SEO Premium plugin. -->","yoast_head_json":{"title":"Green Pass, Giani: \"Tamponi validi per 48 ore\" - intoscana","description":"Il presidente ha ribadito la posizione della Toscana intervenendo alla Conferenza delle Regioni","robots":{"index":"index","follow":"follow","max-snippet":"max-snippet:-1","max-image-preview":"max-image-preview:large","max-video-preview":"max-video-preview:-1"},"canonical":"https:\/\/www.intoscana.it\/it\/green-pass-giani-tamponi-validi-per-48-ore\/","og_locale":"it_IT","og_type":"article","og_title":"Green Pass, Giani: \"Tamponi validi per 48 ore\"","og_description":"Il presidente ha ribadito la posizione della Toscana intervenendo alla Conferenza delle Regioni","og_url":"https:\/\/www.intoscana.it\/it\/green-pass-giani-tamponi-validi-per-48-ore\/","og_site_name":"intoscana","article_publisher":"https:\/\/www.facebook.com\/intoscana.it","article_published_time":"2021-10-14T08:00:02+00:00","article_modified_time":"2021-10-14T08:05:09+00:00","og_image":[{"width":1920,"height":1280,"url":"https:\/\/www.intoscana.it\/wp-content\/uploads\/Tampone-JC-Gellidon-Unsplash.jpg","type":"image\/jpeg"}],"author":"Redazione","twitter_card":"summary_large_image","twitter_creator":"@intoscana","twitter_site":"@intoscana","twitter_misc":{"Written by":"Redazione","Est. reading time":"1 minuto"},"schema":{"@context":"https:\/\/schema.org","@graph":[{"@type":"WebPage","@id":"https:\/\/www.intoscana.it\/it\/green-pass-giani-tamponi-validi-per-48-ore\/","url":"https:\/\/www.intoscana.it\/it\/green-pass-giani-tamponi-validi-per-48-ore\/","name":"Green Pass, Giani: \"Tamponi validi per 48 ore\" - intoscana","isPartOf":{"@id":"https:\/\/www.intoscana.it\/it\/#website"},"primaryImageOfPage":{"@id":"https:\/\/www.intoscana.it\/it\/green-pass-giani-tamponi-validi-per-48-ore\/#primaryimage"},"image":{"@id":"https:\/\/www.intoscana.it\/it\/green-pass-giani-tamponi-validi-per-48-ore\/#primaryimage"},"thumbnailUrl":"https:\/\/www.intoscana.it\/wp-content\/uploads\/Tampone-JC-Gellidon-Unsplash.jpg","datePublished":"2021-10-14T08:00:02+00:00","dateModified":"2021-10-14T08:05:09+00:00","author":{"@id":"https:\/\/www.intoscana.it\/it\/#\/schema\/person\/9223810753230f20bd670fdd322661f8"},"description":"Il presidente ha ribadito la posizione della Toscana intervenendo alla Conferenza delle Regioni","breadcrumb":{"@id":"https:\/\/www.intoscana.it\/it\/green-pass-giani-tamponi-validi-per-48-ore\/#breadcrumb"},"inLanguage":"it-IT","potentialAction":[{"@type":"ReadAction","target":["https:\/\/www.intoscana.it\/it\/green-pass-giani-tamponi-validi-per-48-ore\/"]}]},{"@type":"ImageObject","inLanguage":"it-IT","@id":"https:\/\/www.intoscana.it\/it\/green-pass-giani-tamponi-validi-per-48-ore\/#primaryimage","url":"https:\/\/www.intoscana.it\/wp-content\/uploads\/Tampone-JC-Gellidon-Unsplash.jpg","contentUrl":"https:\/\/www.intoscana.it\/wp-content\/uploads\/Tampone-JC-Gellidon-Unsplash.jpg","width":1920,"height":1280,"caption":"Tamponi per individuare il Covid-19"},{"@type":"BreadcrumbList","@id":"https:\/\/www.intoscana.it\/it\/green-pass-giani-tamponi-validi-per-48-ore\/#breadcrumb","itemListElement":[{"@type":"ListItem","position":1,"name":"Home","item":"https:\/\/www.intoscana.it\/it\/"},{"@type":"ListItem","position":2,"name":"Green Pass, Giani: &#8220;Tamponi validi per 48 ore&#8221;"}]},{"@type":"WebSite","@id":"https:\/\/www.intoscana.it\/it\/#website","url":"https:\/\/www.intoscana.it\/it\/","name":"intoscana","description":"","potentialAction":[{"@type":"SearchAction","target":{"@type":"EntryPoint","urlTemplate":"https:\/\/www.intoscana.it\/it\/?s={search_term_string}"},"query-input":{"@type":"PropertyValueSpecification","valueRequired":true,"valueName":"search_term_string"}}],"inLanguage":"it-IT"},{"@type":"Person","@id":"https:\/\/www.intoscana.it\/it\/#\/schema\/person\/9223810753230f20bd670fdd322661f8","name":"Redazione","url":"https:\/\/www.intoscana.it\/it\/author\/redazione\/"}]}},"_links":{"self":[{"href":"https:\/\/www.intoscana.it\/it\/wp-json\/wp\/v2\/posts\/194215","targetHints":{"allow":["GET"]}}],"collection":[{"href":"https:\/\/www.intoscana.it\/it\/wp-json\/wp\/v2\/posts"}],"about":[{"href":"https:\/\/www.intoscana.it\/it\/wp-json\/wp\/v2\/types\/post"}],"author":[{"embeddable":true,"href":"https:\/\/www.intoscana.it\/it\/wp-json\/wp\/v2\/users\/525"}],"replies":[{"embeddable":true,"href":"https:\/\/www.intoscana.it\/it\/wp-json\/wp\/v2\/comments?post=194215"}],"version-history":[{"count":0,"href":"https:\/\/www.intoscana.it\/it\/wp-json\/wp\/v2\/posts\/194215\/revisions"}],"wp:featuredmedia":[{"embeddable":true,"href":"https:\/\/www.intoscana.it\/it\/wp-json\/wp\/v2\/media\/154560"}],"wp:attachment":[{"href":"https:\/\/www.intoscana.it\/it\/wp-json\/wp\/v2\/media?parent=194215"}],"wp:term":[{"taxonomy":"category","embeddable":true,"href":"https:\/\/www.intoscana.it\/it\/wp-json\/wp\/v2\/categories?post=194215"},{"taxonomy":"post_tag","embeddable":true,"href":"https:\/\/www.intoscana.it\/it\/wp-json\/wp\/v2\/tags?post=194215"}],"curies":[{"name":"wp","href":"https:\/\/api.w.org\/{rel}","templated":true}]}}