{"id":194235,"date":"2021-10-14T13:17:22","date_gmt":"2021-10-14T11:17:22","guid":{"rendered":"https:\/\/www.intoscana.it\/it\/?p=194235"},"modified":"2021-10-15T13:58:44","modified_gmt":"2021-10-15T11:58:44","slug":"covid-215-nuovi-casi-con-eta-media-45-anni-due-i-decessi","status":"publish","type":"post","link":"https:\/\/www.intoscana.it\/it\/covid-215-nuovi-casi-con-eta-media-45-anni-due-i-decessi\/","title":{"rendered":"Covid, 215 nuovi casi con et\u00e0 media 45 anni. Due i decessi"},"content":{"rendered":"<p>Sono 229 in pi\u00f9 rispetto a ieri i <strong>nuovi casi di Covid<\/strong> in Toscana, la media di et\u00e0 si aggira sui 45 anni. Sono stati eseguiti <strong>8.808 tamponi molecolari<\/strong> e <strong>13.144 tamponi antigenici rapidi<\/strong>, di questi il 1% \u00e8 risultato positivo. Sono invece <strong>7.717 i soggetti testati<\/strong> (con tampone antigenico e\/o molecolare, escludendo i tamponi di controllo), di cui il 3% \u00e8 risultato positivo. Gli attualmente positivi sono oggi 5.534, -0,7% rispetto a ieri. Oggi si registrano<strong> 4 nuovi decessi<\/strong>: un uomo e 3 donne con un&#8217;et\u00e0 media di 73 anni.<\/p>\n<p>Sono 79.257 i casi complessivi ad oggi a Firenze (74 in pi\u00f9 rispetto a ieri), 26.427 a Prato (15 in pi\u00f9), 27.033 a Pistoia (42 in pi\u00f9), 14.878 a Massa (6 in pi\u00f9), 29.020 a Lucca (23 in pi\u00f9), 33.401 a Pisa (19 in pi\u00f9), 21.184 a Livorno (12 in pi\u00f9), 25.820 ad Arezzo (13 in pi\u00f9), 16.466 a Siena (16 in pi\u00f9), 11.158 a Grosseto (9 in pi\u00f9). Sono 555 i casi positivi notificati in Toscana, ma residenti in altre regioni.<\/p>\n<p>Ad oggi \u00e8 stata<strong> superata quota 5milioni e 600 mila per le vaccinazioni<\/strong>. La Toscana \u00e8 la 1\u00b0 regione per % di dosi somministrate su quelle consegnate (il 91,4% delle 6.156.606 consegnate), per un tasso di vaccinazioni effettuate di 153.339 per 100mila abitanti (media italiana: 146.595 per 100mila).<\/p>\n<h3>Sorveglianza attiva, isolamento, ricoveri<\/h3>\n<p>Sono 12.715 (296 in meno rispetto a ieri, meno 2,3%) le persone, anch&#8217;esse isolate, in<strong> sorveglianza attiva<\/strong> perch\u00e9 hanno avuto contatti con persone contagiate.\u00a0 Le <strong>persone ricoverate<\/strong> nei posti letto dedicati ai pazienti Covid oggi sono complessivamente 209 (18 in meno rispetto a ieri, meno 7,9%), 23 <strong>in terapia intensiva<\/strong> (stabili rispetto a ieri).<\/p>\n<h3>Guarigioni e decessi<\/h3>\n<p>Le <strong>persone complessivamente<\/strong> <strong>guarite<\/strong> sono 272.443 (264 in pi\u00f9 rispetto a ieri, pi\u00f9 0,1%): 0 persone clinicamente guarite (stabili rispetto a ieri), divenute cio\u00e8 asintomatiche dopo aver presentato manifestazioni cliniche associate all&#8217;infezione e 272.443 (264 in pi\u00f9 rispetto a ieri, pi\u00f9 0,1%) dichiarate guarite a tutti gli effetti, le cosiddette guarigioni virali, con tampone negativo.<\/p>\n<p>Relativamente alla provincia di residenza, le 4 <strong>persone decedute<\/strong> sono\u00a02 a Firenze, 1 a Prato, 1 a Arezzo.<\/p>\n","protected":false},"excerpt":{"rendered":"<p>In calo il numero dei ricoveri, stazionarie le presenze in terapia intensiva. Superata quota 5milioni e 600 mila per le vaccinazioni<\/p>\n","protected":false},"author":525,"featured_media":157574,"comment_status":"open","ping_status":"open","sticky":false,"template":"","format":"standard","meta":{"_acf_changed":false,"footnotes":""},"categories":[494],"tags":[4868,5470],"class_list":["post-194235","post","type-post","status-publish","format-standard","has-post-thumbnail","hentry","category-attualita","tag-bollettino-covid-toscana","tag-vaccinazioni-covid-toscana"],"acf":[],"yoast_head":"<!-- This site is optimized with the Yoast SEO Premium plugin v24.2 (Yoast SEO v25.6) - https:\/\/yoast.com\/wordpress\/plugins\/seo\/ -->\n<title>Covid, 215 nuovi casi con et\u00e0 media 45 anni. Due i decessi - intoscana<\/title>\n<meta name=\"description\" content=\"In calo il numero dei ricoveri, stazionarie le presenze in terapia intensiva. Superata quota 5milioni e 600 mila per le vaccinazioni\" \/>\n<meta name=\"robots\" content=\"index, follow, max-snippet:-1, max-image-preview:large, max-video-preview:-1\" \/>\n<link rel=\"canonical\" href=\"https:\/\/www.intoscana.it\/it\/covid-215-nuovi-casi-con-eta-media-45-anni-due-i-decessi\/\" \/>\n<meta property=\"og:locale\" content=\"it_IT\" \/>\n<meta property=\"og:type\" content=\"article\" \/>\n<meta property=\"og:title\" content=\"Covid, 215 nuovi casi con et\u00e0 media 45 anni. Due i decessi\" \/>\n<meta property=\"og:description\" content=\"In calo il numero dei ricoveri, stazionarie le presenze in terapia intensiva. Superata quota 5milioni e 600 mila per le vaccinazioni\" \/>\n<meta property=\"og:url\" content=\"https:\/\/www.intoscana.it\/it\/covid-215-nuovi-casi-con-eta-media-45-anni-due-i-decessi\/\" \/>\n<meta property=\"og:site_name\" content=\"intoscana\" \/>\n<meta property=\"article:publisher\" content=\"https:\/\/www.facebook.com\/intoscana.it\" \/>\n<meta property=\"article:published_time\" content=\"2021-10-14T11:17:22+00:00\" \/>\n<meta property=\"article:modified_time\" content=\"2021-10-15T11:58:44+00:00\" \/>\n<meta property=\"og:image\" content=\"https:\/\/www.intoscana.it\/wp-content\/uploads\/tampone-scaled.jpg\" \/>\n\t<meta property=\"og:image:width\" content=\"2048\" \/>\n\t<meta property=\"og:image:height\" content=\"1366\" \/>\n\t<meta property=\"og:image:type\" content=\"image\/jpeg\" \/>\n<meta name=\"author\" content=\"Redazione\" \/>\n<meta name=\"twitter:card\" content=\"summary_large_image\" \/>\n<meta name=\"twitter:creator\" content=\"@intoscana\" \/>\n<meta name=\"twitter:site\" content=\"@intoscana\" \/>\n<meta name=\"twitter:label1\" content=\"Written by\" \/>\n\t<meta name=\"twitter:data1\" content=\"Redazione\" \/>\n\t<meta name=\"twitter:label2\" content=\"Est. reading time\" \/>\n\t<meta name=\"twitter:data2\" content=\"1 minuto\" \/>\n<script type=\"application\/ld+json\" class=\"yoast-schema-graph\">{\"@context\":\"https:\/\/schema.org\",\"@graph\":[{\"@type\":\"WebPage\",\"@id\":\"https:\/\/www.intoscana.it\/it\/covid-215-nuovi-casi-con-eta-media-45-anni-due-i-decessi\/\",\"url\":\"https:\/\/www.intoscana.it\/it\/covid-215-nuovi-casi-con-eta-media-45-anni-due-i-decessi\/\",\"name\":\"Covid, 215 nuovi casi con et\u00e0 media 45 anni. Due i decessi - intoscana\",\"isPartOf\":{\"@id\":\"https:\/\/www.intoscana.it\/it\/#website\"},\"primaryImageOfPage\":{\"@id\":\"https:\/\/www.intoscana.it\/it\/covid-215-nuovi-casi-con-eta-media-45-anni-due-i-decessi\/#primaryimage\"},\"image\":{\"@id\":\"https:\/\/www.intoscana.it\/it\/covid-215-nuovi-casi-con-eta-media-45-anni-due-i-decessi\/#primaryimage\"},\"thumbnailUrl\":\"https:\/\/www.intoscana.it\/wp-content\/uploads\/tampone-scaled.jpg\",\"datePublished\":\"2021-10-14T11:17:22+00:00\",\"dateModified\":\"2021-10-15T11:58:44+00:00\",\"author\":{\"@id\":\"https:\/\/www.intoscana.it\/it\/#\/schema\/person\/9223810753230f20bd670fdd322661f8\"},\"description\":\"In calo il numero dei ricoveri, stazionarie le presenze in terapia intensiva. Superata quota 5milioni e 600 mila per le vaccinazioni\",\"breadcrumb\":{\"@id\":\"https:\/\/www.intoscana.it\/it\/covid-215-nuovi-casi-con-eta-media-45-anni-due-i-decessi\/#breadcrumb\"},\"inLanguage\":\"it-IT\",\"potentialAction\":[{\"@type\":\"ReadAction\",\"target\":[\"https:\/\/www.intoscana.it\/it\/covid-215-nuovi-casi-con-eta-media-45-anni-due-i-decessi\/\"]}]},{\"@type\":\"ImageObject\",\"inLanguage\":\"it-IT\",\"@id\":\"https:\/\/www.intoscana.it\/it\/covid-215-nuovi-casi-con-eta-media-45-anni-due-i-decessi\/#primaryimage\",\"url\":\"https:\/\/www.intoscana.it\/wp-content\/uploads\/tampone-scaled.jpg\",\"contentUrl\":\"https:\/\/www.intoscana.it\/wp-content\/uploads\/tampone-scaled.jpg\",\"width\":2048,\"height\":1366,\"caption\":\"Un tampone per rilevare il Covid-19\"},{\"@type\":\"BreadcrumbList\",\"@id\":\"https:\/\/www.intoscana.it\/it\/covid-215-nuovi-casi-con-eta-media-45-anni-due-i-decessi\/#breadcrumb\",\"itemListElement\":[{\"@type\":\"ListItem\",\"position\":1,\"name\":\"Home\",\"item\":\"https:\/\/www.intoscana.it\/it\/\"},{\"@type\":\"ListItem\",\"position\":2,\"name\":\"Covid, 215 nuovi casi con et\u00e0 media 45 anni. Due i decessi\"}]},{\"@type\":\"WebSite\",\"@id\":\"https:\/\/www.intoscana.it\/it\/#website\",\"url\":\"https:\/\/www.intoscana.it\/it\/\",\"name\":\"intoscana\",\"description\":\"\",\"potentialAction\":[{\"@type\":\"SearchAction\",\"target\":{\"@type\":\"EntryPoint\",\"urlTemplate\":\"https:\/\/www.intoscana.it\/it\/?s={search_term_string}\"},\"query-input\":{\"@type\":\"PropertyValueSpecification\",\"valueRequired\":true,\"valueName\":\"search_term_string\"}}],\"inLanguage\":\"it-IT\"},{\"@type\":\"Person\",\"@id\":\"https:\/\/www.intoscana.it\/it\/#\/schema\/person\/9223810753230f20bd670fdd322661f8\",\"name\":\"Redazione\",\"url\":\"https:\/\/www.intoscana.it\/it\/author\/redazione\/\"}]}<\/script>\n<!-- \/ Yoast SEO Premium plugin. -->","yoast_head_json":{"title":"Covid, 215 nuovi casi con et\u00e0 media 45 anni. Due i decessi - intoscana","description":"In calo il numero dei ricoveri, stazionarie le presenze in terapia intensiva. Superata quota 5milioni e 600 mila per le vaccinazioni","robots":{"index":"index","follow":"follow","max-snippet":"max-snippet:-1","max-image-preview":"max-image-preview:large","max-video-preview":"max-video-preview:-1"},"canonical":"https:\/\/www.intoscana.it\/it\/covid-215-nuovi-casi-con-eta-media-45-anni-due-i-decessi\/","og_locale":"it_IT","og_type":"article","og_title":"Covid, 215 nuovi casi con et\u00e0 media 45 anni. Due i decessi","og_description":"In calo il numero dei ricoveri, stazionarie le presenze in terapia intensiva. Superata quota 5milioni e 600 mila per le vaccinazioni","og_url":"https:\/\/www.intoscana.it\/it\/covid-215-nuovi-casi-con-eta-media-45-anni-due-i-decessi\/","og_site_name":"intoscana","article_publisher":"https:\/\/www.facebook.com\/intoscana.it","article_published_time":"2021-10-14T11:17:22+00:00","article_modified_time":"2021-10-15T11:58:44+00:00","og_image":[{"width":2048,"height":1366,"url":"https:\/\/www.intoscana.it\/wp-content\/uploads\/tampone-scaled.jpg","type":"image\/jpeg"}],"author":"Redazione","twitter_card":"summary_large_image","twitter_creator":"@intoscana","twitter_site":"@intoscana","twitter_misc":{"Written by":"Redazione","Est. reading time":"1 minuto"},"schema":{"@context":"https:\/\/schema.org","@graph":[{"@type":"WebPage","@id":"https:\/\/www.intoscana.it\/it\/covid-215-nuovi-casi-con-eta-media-45-anni-due-i-decessi\/","url":"https:\/\/www.intoscana.it\/it\/covid-215-nuovi-casi-con-eta-media-45-anni-due-i-decessi\/","name":"Covid, 215 nuovi casi con et\u00e0 media 45 anni. Due i decessi - intoscana","isPartOf":{"@id":"https:\/\/www.intoscana.it\/it\/#website"},"primaryImageOfPage":{"@id":"https:\/\/www.intoscana.it\/it\/covid-215-nuovi-casi-con-eta-media-45-anni-due-i-decessi\/#primaryimage"},"image":{"@id":"https:\/\/www.intoscana.it\/it\/covid-215-nuovi-casi-con-eta-media-45-anni-due-i-decessi\/#primaryimage"},"thumbnailUrl":"https:\/\/www.intoscana.it\/wp-content\/uploads\/tampone-scaled.jpg","datePublished":"2021-10-14T11:17:22+00:00","dateModified":"2021-10-15T11:58:44+00:00","author":{"@id":"https:\/\/www.intoscana.it\/it\/#\/schema\/person\/9223810753230f20bd670fdd322661f8"},"description":"In calo il numero dei ricoveri, stazionarie le presenze in terapia intensiva. Superata quota 5milioni e 600 mila per le vaccinazioni","breadcrumb":{"@id":"https:\/\/www.intoscana.it\/it\/covid-215-nuovi-casi-con-eta-media-45-anni-due-i-decessi\/#breadcrumb"},"inLanguage":"it-IT","potentialAction":[{"@type":"ReadAction","target":["https:\/\/www.intoscana.it\/it\/covid-215-nuovi-casi-con-eta-media-45-anni-due-i-decessi\/"]}]},{"@type":"ImageObject","inLanguage":"it-IT","@id":"https:\/\/www.intoscana.it\/it\/covid-215-nuovi-casi-con-eta-media-45-anni-due-i-decessi\/#primaryimage","url":"https:\/\/www.intoscana.it\/wp-content\/uploads\/tampone-scaled.jpg","contentUrl":"https:\/\/www.intoscana.it\/wp-content\/uploads\/tampone-scaled.jpg","width":2048,"height":1366,"caption":"Un tampone per rilevare il Covid-19"},{"@type":"BreadcrumbList","@id":"https:\/\/www.intoscana.it\/it\/covid-215-nuovi-casi-con-eta-media-45-anni-due-i-decessi\/#breadcrumb","itemListElement":[{"@type":"ListItem","position":1,"name":"Home","item":"https:\/\/www.intoscana.it\/it\/"},{"@type":"ListItem","position":2,"name":"Covid, 215 nuovi casi con et\u00e0 media 45 anni. Due i decessi"}]},{"@type":"WebSite","@id":"https:\/\/www.intoscana.it\/it\/#website","url":"https:\/\/www.intoscana.it\/it\/","name":"intoscana","description":"","potentialAction":[{"@type":"SearchAction","target":{"@type":"EntryPoint","urlTemplate":"https:\/\/www.intoscana.it\/it\/?s={search_term_string}"},"query-input":{"@type":"PropertyValueSpecification","valueRequired":true,"valueName":"search_term_string"}}],"inLanguage":"it-IT"},{"@type":"Person","@id":"https:\/\/www.intoscana.it\/it\/#\/schema\/person\/9223810753230f20bd670fdd322661f8","name":"Redazione","url":"https:\/\/www.intoscana.it\/it\/author\/redazione\/"}]}},"_links":{"self":[{"href":"https:\/\/www.intoscana.it\/it\/wp-json\/wp\/v2\/posts\/194235","targetHints":{"allow":["GET"]}}],"collection":[{"href":"https:\/\/www.intoscana.it\/it\/wp-json\/wp\/v2\/posts"}],"about":[{"href":"https:\/\/www.intoscana.it\/it\/wp-json\/wp\/v2\/types\/post"}],"author":[{"embeddable":true,"href":"https:\/\/www.intoscana.it\/it\/wp-json\/wp\/v2\/users\/525"}],"replies":[{"embeddable":true,"href":"https:\/\/www.intoscana.it\/it\/wp-json\/wp\/v2\/comments?post=194235"}],"version-history":[{"count":0,"href":"https:\/\/www.intoscana.it\/it\/wp-json\/wp\/v2\/posts\/194235\/revisions"}],"wp:featuredmedia":[{"embeddable":true,"href":"https:\/\/www.intoscana.it\/it\/wp-json\/wp\/v2\/media\/157574"}],"wp:attachment":[{"href":"https:\/\/www.intoscana.it\/it\/wp-json\/wp\/v2\/media?parent=194235"}],"wp:term":[{"taxonomy":"category","embeddable":true,"href":"https:\/\/www.intoscana.it\/it\/wp-json\/wp\/v2\/categories?post=194235"},{"taxonomy":"post_tag","embeddable":true,"href":"https:\/\/www.intoscana.it\/it\/wp-json\/wp\/v2\/tags?post=194235"}],"curies":[{"name":"wp","href":"https:\/\/api.w.org\/{rel}","templated":true}]}}