{"id":194383,"date":"2021-10-16T10:43:27","date_gmt":"2021-10-16T08:43:27","guid":{"rendered":"https:\/\/www.intoscana.it\/it\/?p=194383"},"modified":"2021-11-05T15:46:28","modified_gmt":"2021-11-05T14:46:28","slug":"i-testimonial-di-siete-presente-dallatleta-paralimpica-allinfermiera-di-famiglia","status":"publish","type":"post","link":"https:\/\/www.intoscana.it\/it\/i-testimonial-di-siete-presente-dallatleta-paralimpica-allinfermiera-di-famiglia\/","title":{"rendered":"I testimonial di Siete presente, dall&#8217;atleta paralimpica all&#8217;infermiera di famiglia"},"content":{"rendered":"<p>Siete presente, l&#8217;evento della <strong>Regione Toscana<\/strong> per celebrare<strong> il decennale di Giovanis\u00ec<\/strong> sar\u00e0 l&#8217;occasione per raccontare <strong>i risultati e i traguardi<\/strong> del progetto verso l&#8217;autonomia dei giovani under 40. Saranno proiettati alcuni video e nell&#8217;Arena si potr\u00e0 ascoltare<strong> la testimonianza diretta<\/strong> di alcuni giovani che hanno beneficiato delle opportunit\u00e0 del progetto della Regione Toscana per l\u2019autonomia dei giovani.<\/p>\n<p>Sar\u00e0 poi il Presidente della Repubblica <strong>Sergio Mattarella<\/strong>, insieme a una platea composta da centinaia di ragazzi e ragazze toscani, ad ascoltare le testimonianze di alcuni giovani, modelli positivi di cittadinanza attiva, provenienti dal mondo della sanit\u00e0, dell\u2019innovazione, della sostenibilit\u00e0 ambientale e dello sport, animati dalla voglia di guidare il cambiamento.<\/p>\n<p>Si racconteranno al Presidente: <mark>Damiano Bracchitta, 34 anni, Medico dell\u2019ASL Toscana Nord Ovest; Rebecca Donato, 26 anni, Infermiera di famiglia; Tommaso Ceccanti, 25 anni, impiegato nel settore dell\u2019economia circolare e della sostenibilit\u00e0 e Ambra Sabatini, 19 anni, atleta paraolimpica, medaglia d\u2019oro a Tokyo 2021<\/mark>.<\/p>\n<h3>I quattro testimonial<\/h3>\n<p><strong>Damiano Bracchitta<\/strong> (relatore), 34 anni \u00e8 un medico urologo dell\u2019ASL Toscana Nord Ovest. Laureato in Medicina e Chirurgia presso l\u2019Universit\u00e0 degli Studi di Catania e specializzazione in Urologia presso l\u2019Universit\u00e0 di Pisa. Sotto la Direzione del Prof Cesare Selli e la supervisione esperta del Dr. Maurizio De Maria dell\u2019ASL Toscana Nord Ovest, ha imparato a muovere i primi passi nella conoscenza e nell\u2019utilizzo delle tecniche robotiche: il mondo della mininvasivit\u00e0, della strumentazione chirurgica miniaturizzata e della visione magnificata. Dopo aver trascorso un periodo 18 mesi all\u2019estero in Francia a Le Mans presso la Clinique du Pr\u00e9 ed in seguito a Castres e Bordeaux presso la rinomata Clinique Saint\u2019 Augustin, ha scelto di tornare a lavorare in Toscana, investendo il presente ed il futuro nella regione che lo ha formato giorno dopo giorno. Perch\u00e9 ha trovato nella sanit\u00e0 toscana le potenzialit\u00e0, la ricerca e l\u2019innovazione necessarie per migliorare le cure e la vita delle persone con la chirurgia robotica.<\/p>\n<p class=\"p1\"><b>Rebecca Donato <\/b>(relatrice) 26 anni \u00e8 una giovane infermiera di famiglia. Durante la pandemia, la sanit\u00e0 toscana ha lavorato su nuovi modelli organizzativi in grado di porre il cittadino al centro del percorso di cura. Il progetto infermiere di famiglia consiste nell\u2019assegnare al singolo paziente sempre lo stesso operatore sanitario per ricevere cure e assistenza direttamente al proprio domicilio. Laureata in Infermieristica all\u2019Universit\u00e0 di Pisa, Rebecca prende in carico il paziente in tutte le sue patologie, terapie e si informa costantemente sullo stato di salute, portando l\u2019assistenza sanitaria ad un nuovo livello pi\u00f9 vicino e coerente alle esigenze e bisogni dei cittadini. Un progetto guidato dai giovani infermieri che hanno trainato in squadra anche gli operatori pi\u00f9 adulti e meno inclini a un cambiamento cos\u00ec radicale, scambiando cos\u00ec competenze professionali e spirito di innovazione, contribuendo in modo determinante ad innovare i percorsi organizzativi esistenti. Un lascito positivo della pandemia, un metodo di lavoro nuovo di successo che andr\u00e0 avanti anche dopo il Covid.<\/p>\n<p class=\"p1\"><b>Tommaso Ceccanti <\/b>(relatore), 25 anni si occupa del controllo di processo dell\u2019impianto di riciclo plastico di Revet. Laureato in Chimica Industriale all\u2019Universit\u00e0 di Pisa \u00e8 approdato in Revet &#8211; azienda a capitale prevalente pubblico (Alia Servizi Ambientali Spa 51%, Montello Spa 30%, Sienambiente 13,39% ) &#8211; dopo aver aderito al Progetto GiovaniS\u00ec della Regione Toscana. In Revet \u00e8 stato assunto per dare un contributo qualificato alle attivit\u00e0 dell\u2019azienda nel settore dell\u2019economia circolare e della sostenibilit\u00e0. Oggi infatti, a soli 25 anni, partecipa con competenza alla gestione di un impianto di nuova generazione per la produzione di granuli ottenuti riciclando le materie plastiche provenienti dalle raccolte differenziate toscane. Tommaso fa parte di una squadra che gestisce un impianto complesso capace di produrre materiali nuovi grazie alla ricerca nel campo della chimica, in sinergia con imprese leader nazionali ed europee nel riciclo delle plastiche. Con i granuli prodotti dall\u2019impianto Revet si realizzano oggetti destinati a molti settori merceologici. Un\u2019esperienza concreta che contribuisce a rendere migliore il mondo in cui viviamo, rigenerando la materia e alimentando l\u2019economia circolare italiana.<\/p>\n<p class=\"p1\"><b>Ambra Sabatini <\/b>(relatrice) 19 anni \u00e8 una giovanissima atleta paraolimpica originaria di Porto Ercole (Grosseto). Due anni fa ha subito un tragico incidente in scooter con il padre mentre si stava recando agli allenamenti di atletica. Finita in rianimazione all\u2019ospedale di Careggi, le condizioni furono giudicate subito gravi dai medici costretti all\u2019amputazione della gamba sinistra. Fu un giorno che cambi\u00f2 la vita di Ambra, un giorno che le infuse ancora pi\u00f9 tenacia e coraggio di prima. Il suo incredibile sorriso in quelle ore drammatiche fu un sostegno per i suoi genitori distrutti emotivamente da quanto accaduto. Torn\u00f2 ad allenarsi di nuovo gi\u00e0 in ospedale, bruciando le tappe per il rientro in pista con una protesi, sognando di partecipare alle Paralimpiadi. E dopo solo due anni questo sogno si \u00e8 trasformato in realt\u00e0 superando ogni aspettativa con la vittoria dellla medaglia d\u2019oro nei 100 metri a Tokyo 2020, diventando anche l\u2019atleta paralimpica pi\u00f9 veloce al mondo nella sua disciplina con il nuovo record mondiale. La sua storia straordinaria \u00e8 esempio di determinazione e coraggio a quanti vivono momenti di difficolt\u00e0.<\/p>\n","protected":false},"excerpt":{"rendered":"<p>Luned\u00ec 18 ottobre l&#8217;evento della Regione Toscana per celebrare il decennale di Giovanis\u00ec, ad ascoltare la testimonianza di Ambra Sabatini e gli altri anche il presidente Mattarella<\/p>\n","protected":false},"author":525,"featured_media":188433,"comment_status":"open","ping_status":"open","sticky":false,"template":"","format":"standard","meta":{"_acf_changed":false,"footnotes":""},"categories":[4],"tags":[5146,158,244,4749,6271],"class_list":["post-194383","post","type-post","status-publish","format-standard","has-post-thumbnail","hentry","category-storie","tag-bernard-dika","tag-eugenio-giani","tag-giovanisi","tag-parco-di-san-rossore","tag-siete-presente"],"acf":[],"yoast_head":"<!-- This site is optimized with the Yoast SEO Premium plugin v24.2 (Yoast SEO v25.6) - https:\/\/yoast.com\/wordpress\/plugins\/seo\/ -->\n<title>I testimonial di Siete presente, dall&#039;atleta paralimpica all&#039;infermiera di famiglia - intoscana<\/title>\n<meta name=\"description\" content=\"Luned\u00ec 18 ottobre l&#039;evento della Regione Toscana per celebrare il decennale di Giovanis\u00ec, ad ascoltare la testimonianza di Ambra Sabatini e gli altri anche il presidente Mattarell\" \/>\n<meta name=\"robots\" content=\"index, follow, max-snippet:-1, max-image-preview:large, max-video-preview:-1\" \/>\n<link rel=\"canonical\" href=\"https:\/\/www.intoscana.it\/it\/i-testimonial-di-siete-presente-dallatleta-paralimpica-allinfermiera-di-famiglia\/\" \/>\n<meta property=\"og:locale\" content=\"it_IT\" \/>\n<meta property=\"og:type\" content=\"article\" \/>\n<meta property=\"og:title\" content=\"I testimonial di Siete presente, dall&#039;atleta paralimpica all&#039;infermiera di famiglia\" \/>\n<meta property=\"og:description\" content=\"Luned\u00ec 18 ottobre l&#039;evento della Regione Toscana per celebrare il decennale di Giovanis\u00ec, ad ascoltare la testimonianza di Ambra Sabatini e gli altri anche il presidente Mattarell\" \/>\n<meta property=\"og:url\" content=\"https:\/\/www.intoscana.it\/it\/i-testimonial-di-siete-presente-dallatleta-paralimpica-allinfermiera-di-famiglia\/\" \/>\n<meta property=\"og:site_name\" content=\"intoscana\" \/>\n<meta property=\"article:publisher\" content=\"https:\/\/www.facebook.com\/intoscana.it\" \/>\n<meta property=\"article:published_time\" content=\"2021-10-16T08:43:27+00:00\" \/>\n<meta property=\"article:modified_time\" content=\"2021-11-05T14:46:28+00:00\" \/>\n<meta property=\"og:image\" content=\"https:\/\/www.intoscana.it\/wp-content\/uploads\/Ambra-Sabatini.png\" \/>\n\t<meta property=\"og:image:width\" content=\"798\" \/>\n\t<meta property=\"og:image:height\" content=\"541\" \/>\n\t<meta property=\"og:image:type\" content=\"image\/png\" \/>\n<meta name=\"author\" content=\"Redazione\" \/>\n<meta name=\"twitter:card\" content=\"summary_large_image\" \/>\n<meta name=\"twitter:creator\" content=\"@intoscana\" \/>\n<meta name=\"twitter:site\" content=\"@intoscana\" \/>\n<meta name=\"twitter:label1\" content=\"Written by\" \/>\n\t<meta name=\"twitter:data1\" content=\"Redazione\" \/>\n\t<meta name=\"twitter:label2\" content=\"Est. reading time\" \/>\n\t<meta name=\"twitter:data2\" content=\"4 minuti\" \/>\n<script type=\"application\/ld+json\" class=\"yoast-schema-graph\">{\"@context\":\"https:\/\/schema.org\",\"@graph\":[{\"@type\":\"WebPage\",\"@id\":\"https:\/\/www.intoscana.it\/it\/i-testimonial-di-siete-presente-dallatleta-paralimpica-allinfermiera-di-famiglia\/\",\"url\":\"https:\/\/www.intoscana.it\/it\/i-testimonial-di-siete-presente-dallatleta-paralimpica-allinfermiera-di-famiglia\/\",\"name\":\"I testimonial di Siete presente, dall'atleta paralimpica all'infermiera di famiglia - intoscana\",\"isPartOf\":{\"@id\":\"https:\/\/www.intoscana.it\/it\/#website\"},\"primaryImageOfPage\":{\"@id\":\"https:\/\/www.intoscana.it\/it\/i-testimonial-di-siete-presente-dallatleta-paralimpica-allinfermiera-di-famiglia\/#primaryimage\"},\"image\":{\"@id\":\"https:\/\/www.intoscana.it\/it\/i-testimonial-di-siete-presente-dallatleta-paralimpica-allinfermiera-di-famiglia\/#primaryimage\"},\"thumbnailUrl\":\"https:\/\/www.intoscana.it\/wp-content\/uploads\/Ambra-Sabatini.png\",\"datePublished\":\"2021-10-16T08:43:27+00:00\",\"dateModified\":\"2021-11-05T14:46:28+00:00\",\"author\":{\"@id\":\"https:\/\/www.intoscana.it\/it\/#\/schema\/person\/9223810753230f20bd670fdd322661f8\"},\"description\":\"Luned\u00ec 18 ottobre l'evento della Regione Toscana per celebrare il decennale di Giovanis\u00ec, ad ascoltare la testimonianza di Ambra Sabatini e gli altri anche il presidente Mattarell\",\"breadcrumb\":{\"@id\":\"https:\/\/www.intoscana.it\/it\/i-testimonial-di-siete-presente-dallatleta-paralimpica-allinfermiera-di-famiglia\/#breadcrumb\"},\"inLanguage\":\"it-IT\",\"potentialAction\":[{\"@type\":\"ReadAction\",\"target\":[\"https:\/\/www.intoscana.it\/it\/i-testimonial-di-siete-presente-dallatleta-paralimpica-allinfermiera-di-famiglia\/\"]}]},{\"@type\":\"ImageObject\",\"inLanguage\":\"it-IT\",\"@id\":\"https:\/\/www.intoscana.it\/it\/i-testimonial-di-siete-presente-dallatleta-paralimpica-allinfermiera-di-famiglia\/#primaryimage\",\"url\":\"https:\/\/www.intoscana.it\/wp-content\/uploads\/Ambra-Sabatini.png\",\"contentUrl\":\"https:\/\/www.intoscana.it\/wp-content\/uploads\/Ambra-Sabatini.png\",\"width\":798,\"height\":541,\"caption\":\"Ambra Sabatini\"},{\"@type\":\"BreadcrumbList\",\"@id\":\"https:\/\/www.intoscana.it\/it\/i-testimonial-di-siete-presente-dallatleta-paralimpica-allinfermiera-di-famiglia\/#breadcrumb\",\"itemListElement\":[{\"@type\":\"ListItem\",\"position\":1,\"name\":\"Home\",\"item\":\"https:\/\/www.intoscana.it\/it\/\"},{\"@type\":\"ListItem\",\"position\":2,\"name\":\"I testimonial di Siete presente, dall&#8217;atleta paralimpica all&#8217;infermiera di famiglia\"}]},{\"@type\":\"WebSite\",\"@id\":\"https:\/\/www.intoscana.it\/it\/#website\",\"url\":\"https:\/\/www.intoscana.it\/it\/\",\"name\":\"intoscana\",\"description\":\"\",\"potentialAction\":[{\"@type\":\"SearchAction\",\"target\":{\"@type\":\"EntryPoint\",\"urlTemplate\":\"https:\/\/www.intoscana.it\/it\/?s={search_term_string}\"},\"query-input\":{\"@type\":\"PropertyValueSpecification\",\"valueRequired\":true,\"valueName\":\"search_term_string\"}}],\"inLanguage\":\"it-IT\"},{\"@type\":\"Person\",\"@id\":\"https:\/\/www.intoscana.it\/it\/#\/schema\/person\/9223810753230f20bd670fdd322661f8\",\"name\":\"Redazione\",\"url\":\"https:\/\/www.intoscana.it\/it\/author\/redazione\/\"}]}<\/script>\n<!-- \/ Yoast SEO Premium plugin. -->","yoast_head_json":{"title":"I testimonial di Siete presente, dall'atleta paralimpica all'infermiera di famiglia - intoscana","description":"Luned\u00ec 18 ottobre l'evento della Regione Toscana per celebrare il decennale di Giovanis\u00ec, ad ascoltare la testimonianza di Ambra Sabatini e gli altri anche il presidente Mattarell","robots":{"index":"index","follow":"follow","max-snippet":"max-snippet:-1","max-image-preview":"max-image-preview:large","max-video-preview":"max-video-preview:-1"},"canonical":"https:\/\/www.intoscana.it\/it\/i-testimonial-di-siete-presente-dallatleta-paralimpica-allinfermiera-di-famiglia\/","og_locale":"it_IT","og_type":"article","og_title":"I testimonial di Siete presente, dall'atleta paralimpica all'infermiera di famiglia","og_description":"Luned\u00ec 18 ottobre l'evento della Regione Toscana per celebrare il decennale di Giovanis\u00ec, ad ascoltare la testimonianza di Ambra Sabatini e gli altri anche il presidente Mattarell","og_url":"https:\/\/www.intoscana.it\/it\/i-testimonial-di-siete-presente-dallatleta-paralimpica-allinfermiera-di-famiglia\/","og_site_name":"intoscana","article_publisher":"https:\/\/www.facebook.com\/intoscana.it","article_published_time":"2021-10-16T08:43:27+00:00","article_modified_time":"2021-11-05T14:46:28+00:00","og_image":[{"width":798,"height":541,"url":"https:\/\/www.intoscana.it\/wp-content\/uploads\/Ambra-Sabatini.png","type":"image\/png"}],"author":"Redazione","twitter_card":"summary_large_image","twitter_creator":"@intoscana","twitter_site":"@intoscana","twitter_misc":{"Written by":"Redazione","Est. reading time":"4 minuti"},"schema":{"@context":"https:\/\/schema.org","@graph":[{"@type":"WebPage","@id":"https:\/\/www.intoscana.it\/it\/i-testimonial-di-siete-presente-dallatleta-paralimpica-allinfermiera-di-famiglia\/","url":"https:\/\/www.intoscana.it\/it\/i-testimonial-di-siete-presente-dallatleta-paralimpica-allinfermiera-di-famiglia\/","name":"I testimonial di Siete presente, dall'atleta paralimpica all'infermiera di famiglia - intoscana","isPartOf":{"@id":"https:\/\/www.intoscana.it\/it\/#website"},"primaryImageOfPage":{"@id":"https:\/\/www.intoscana.it\/it\/i-testimonial-di-siete-presente-dallatleta-paralimpica-allinfermiera-di-famiglia\/#primaryimage"},"image":{"@id":"https:\/\/www.intoscana.it\/it\/i-testimonial-di-siete-presente-dallatleta-paralimpica-allinfermiera-di-famiglia\/#primaryimage"},"thumbnailUrl":"https:\/\/www.intoscana.it\/wp-content\/uploads\/Ambra-Sabatini.png","datePublished":"2021-10-16T08:43:27+00:00","dateModified":"2021-11-05T14:46:28+00:00","author":{"@id":"https:\/\/www.intoscana.it\/it\/#\/schema\/person\/9223810753230f20bd670fdd322661f8"},"description":"Luned\u00ec 18 ottobre l'evento della Regione Toscana per celebrare il decennale di Giovanis\u00ec, ad ascoltare la testimonianza di Ambra Sabatini e gli altri anche il presidente Mattarell","breadcrumb":{"@id":"https:\/\/www.intoscana.it\/it\/i-testimonial-di-siete-presente-dallatleta-paralimpica-allinfermiera-di-famiglia\/#breadcrumb"},"inLanguage":"it-IT","potentialAction":[{"@type":"ReadAction","target":["https:\/\/www.intoscana.it\/it\/i-testimonial-di-siete-presente-dallatleta-paralimpica-allinfermiera-di-famiglia\/"]}]},{"@type":"ImageObject","inLanguage":"it-IT","@id":"https:\/\/www.intoscana.it\/it\/i-testimonial-di-siete-presente-dallatleta-paralimpica-allinfermiera-di-famiglia\/#primaryimage","url":"https:\/\/www.intoscana.it\/wp-content\/uploads\/Ambra-Sabatini.png","contentUrl":"https:\/\/www.intoscana.it\/wp-content\/uploads\/Ambra-Sabatini.png","width":798,"height":541,"caption":"Ambra Sabatini"},{"@type":"BreadcrumbList","@id":"https:\/\/www.intoscana.it\/it\/i-testimonial-di-siete-presente-dallatleta-paralimpica-allinfermiera-di-famiglia\/#breadcrumb","itemListElement":[{"@type":"ListItem","position":1,"name":"Home","item":"https:\/\/www.intoscana.it\/it\/"},{"@type":"ListItem","position":2,"name":"I testimonial di Siete presente, dall&#8217;atleta paralimpica all&#8217;infermiera di famiglia"}]},{"@type":"WebSite","@id":"https:\/\/www.intoscana.it\/it\/#website","url":"https:\/\/www.intoscana.it\/it\/","name":"intoscana","description":"","potentialAction":[{"@type":"SearchAction","target":{"@type":"EntryPoint","urlTemplate":"https:\/\/www.intoscana.it\/it\/?s={search_term_string}"},"query-input":{"@type":"PropertyValueSpecification","valueRequired":true,"valueName":"search_term_string"}}],"inLanguage":"it-IT"},{"@type":"Person","@id":"https:\/\/www.intoscana.it\/it\/#\/schema\/person\/9223810753230f20bd670fdd322661f8","name":"Redazione","url":"https:\/\/www.intoscana.it\/it\/author\/redazione\/"}]}},"_links":{"self":[{"href":"https:\/\/www.intoscana.it\/it\/wp-json\/wp\/v2\/posts\/194383","targetHints":{"allow":["GET"]}}],"collection":[{"href":"https:\/\/www.intoscana.it\/it\/wp-json\/wp\/v2\/posts"}],"about":[{"href":"https:\/\/www.intoscana.it\/it\/wp-json\/wp\/v2\/types\/post"}],"author":[{"embeddable":true,"href":"https:\/\/www.intoscana.it\/it\/wp-json\/wp\/v2\/users\/525"}],"replies":[{"embeddable":true,"href":"https:\/\/www.intoscana.it\/it\/wp-json\/wp\/v2\/comments?post=194383"}],"version-history":[{"count":0,"href":"https:\/\/www.intoscana.it\/it\/wp-json\/wp\/v2\/posts\/194383\/revisions"}],"wp:featuredmedia":[{"embeddable":true,"href":"https:\/\/www.intoscana.it\/it\/wp-json\/wp\/v2\/media\/188433"}],"wp:attachment":[{"href":"https:\/\/www.intoscana.it\/it\/wp-json\/wp\/v2\/media?parent=194383"}],"wp:term":[{"taxonomy":"category","embeddable":true,"href":"https:\/\/www.intoscana.it\/it\/wp-json\/wp\/v2\/categories?post=194383"},{"taxonomy":"post_tag","embeddable":true,"href":"https:\/\/www.intoscana.it\/it\/wp-json\/wp\/v2\/tags?post=194383"}],"curies":[{"name":"wp","href":"https:\/\/api.w.org\/{rel}","templated":true}]}}