{"id":194385,"date":"2021-10-15T16:52:43","date_gmt":"2021-10-15T14:52:43","guid":{"rendered":"https:\/\/www.intoscana.it\/it\/?p=194385"},"modified":"2021-10-16T11:49:24","modified_gmt":"2021-10-16T09:49:24","slug":"san-rossore-dalle-storiche-fattorie-allapertura-della-tenuta-ai-progetti-sociali-e-al-trekking","status":"publish","type":"post","link":"https:\/\/www.intoscana.it\/it\/san-rossore-dalle-storiche-fattorie-allapertura-della-tenuta-ai-progetti-sociali-e-al-trekking\/","title":{"rendered":"San Rossore, dalle storiche fattorie all&#8217;apertura della tenuta ai progetti sociali e al trekking"},"content":{"rendered":"<p>Diecimila ettari di boschi planiziali dichiarati <strong>Riserva della Biosfera dall\u2019Unesco<\/strong>, 6.000 ettari di <strong>aree umide di rilevanza mondiale<\/strong>, 30 chilometri di spiagge con dune in evoluzione naturale. <strong>Una realt\u00e0 &#8220;fuori misura&#8221;<\/strong> che ospita\u00a0 le foci dei due fiumi pi\u00f9 importanti della Toscana, <strong>il Serchio e l\u2019Arno<\/strong>. Queste le dimensioni del <strong>Parco Migliarino San Rossore Massaciuccoli<\/strong>, ricordato tanto per le <strong>storiche tenute<\/strong> e fattorie basandosi quanto per gli <strong>ambiti geografici<\/strong> e gli <strong>habitat naturali<\/strong> di interesse internazionale. I boschi, le acque, le spiagge e le aree agricole nel corso del tempo hanno dato vita ad un sistema autosufficiente e in equilibrio dinamico.<\/p>\n<p><strong>Il parco e villa del Gombo<\/strong> sono stati scelti per ospitare &#8220;Siete presente&#8221;, l&#8217;evento dedicato al <strong>decennale di Giovanis\u00ec<\/strong>, il progetto della Regione Toscana per l&#8217;autonomia dei giovani. All&#8217;appuntamento, luned\u00ec 18 ottobre, parteciper\u00e0 il presidente della Repubblica<strong> Sergio Mattarella<\/strong>.<\/p>\n<figure id=\"post-104554 media-104554\" class=\"align-none\"><img decoding=\"async\" src=\"https:\/\/www.intoscana.it\/wp-content\/uploads\/selve-costiere-di-toscana-2-photo-credits-parco-di-san-rossore-e-massaciuccoli.jpg\" alt=\"\" \/><\/figure>\n<div class=\"titleimg\">Il parco di San Rossore \u2013 photo credits parco di san rossore e massaciuccoli<\/div>\n<h3>Il ruolo delle comunit\u00e0 nella gestione del parco<\/h3>\n<p>L\u2019Ente Parco, costituito con legge regionale nel dicembre 1979, amministra il territorio in accordo con <mark>la comunit\u00e0 del parco: ne fanno parte i sindaci di Pisa, San Giuliano Terme, Vecchiano, Massarosa e Viareggio oltre che i Presidenti delle province di Pisa e Lucca<\/mark>. Per le attivit\u00e0 di <strong>conservazione e valorizzazione<\/strong> si avvale del contributo del Comitato tecnico scientifico formato da professori <strong>delle tre Universit\u00e0 della Toscana e del CNR<\/strong> e, per il controllo, anche delle numerose associazioni ambientaliste e non. Insomma fondamentale il ruolo giocato dalle comunit\u00e0 che vivono il parco nel definire le regole e gli elementi costitutivi per la sua gestione.<\/p>\n<h3>Il parco delle tenute e delle fattorie<\/h3>\n<p>Fu la presenza di <strong>tenute e fattorie<\/strong> nel perimetro del parco a portare all&#8217;organizzazione di <mark>ingressi, percorsi pedonali, ciclabili, ippici, centri visita, musei, ristori, foresterie, osservatori, centri biciclette, centri canoe, centri ippici<\/mark>. Ieri come oggi sono e saranno ancora queste le strutture che costituiscono i riferimenti, <strong>i luoghi ricettivi e organizzativi<\/strong> del Parco per un&#8217;economia integrata oggi alla base dei progetti per l&#8217;<strong>innovation park<\/strong>.<\/p>\n<figure id=\"post-194136 media-194136\" class=\"align-none\"><img decoding=\"async\" src=\"https:\/\/www.intoscana.it\/wp-content\/uploads\/San-Rossore-il-Next-Generation-Park.jpg\" alt=\"\" \/><\/figure>\n<div class=\"titleimg\">San Rossore, le attivit\u00e0 estive in campo sociale<\/div>\n<h3>Dal recupero di San Lussorio alla Buca del Mare<\/h3>\n<p>A fine 2018, nella <strong>tenuta di San Rossore<\/strong>, con i suoi 4.000 ettari sui 24.000 dell\u2019intero parco, \u00e8 stato avviato il recupero della <strong>Chiesa, Canonica ed Oratorio di San Lussorio<\/strong>, utilizzato da sempre per <strong>attivit\u00e0 in campo sociale<\/strong> e che vede, specialmente in estate, la presenza di molti giovani provenienti dall\u2019estero. <mark>Un percorso di valorizzazione e di \u201cdemocratizzazione\u201d della tenuta<\/mark> culminato con l&#8217;apertura di met\u00e0 della tenuta alla libera fruizione. E&#8217; stato cos\u00ec consentito l&#8217;accesso ai sentieri, pur vincolo di \u201c<strong>escursione con guida<\/strong>\u201d mentre la parte della tenuta che si affaccia sul mare \u00e8 rimasta area di assoluta protezione. Nel 2019, \u00e8 stata aperta una parte della spiaggia, in localit\u00e0 \u201c<strong>la Buca del Mare<\/strong>\u201d, con una gestione affidata dal Parco al <strong>Circolo dei dipendenti<\/strong>: anziani che necessitano di cure elioterapiche per il tramite dei comuni e visitatori nel massimo di 15 gruppi al giorno che prenotano tramite Centro visite. Gli sforzi gi\u00e0 portati a termine oggi sono il trampolino di lancio per la trasformazione del Parco nel <strong>Next Generation Park<\/strong>.<\/p>\n<figure id=\"post-194507 media-194507\" class=\"align-none\"><img decoding=\"async\" src=\"https:\/\/www.intoscana.it\/wp-content\/uploads\/Villa-del-Gombo-a-San-Rossore.jpeg\" alt=\"\" \/><\/figure>\n<div class=\"titleimg\">Villa del Gombo a San Rossore<\/div>\n<h3>La Villa amata dai presidenti<\/h3>\n<p>Straordinario il contesto per l&#8217;evento del 18 ottobre: una villa <strong>in legno e vetro sospesa nel vuoto<\/strong> su tripodi di acciaio. Fu <strong>costruita tra il 1957 e il 1959<\/strong> su volere dell\u2019allora presidente della Repubblica <strong>Giovanni Gronchi<\/strong>, su progetto degli architetti <strong>Amedeo Luccichenti<\/strong> e <strong>Vincenzo Monaco<\/strong>. Un edificio avveniristico per certi versi, di certo anticipa i temi cari alla <strong>bioarchitettura<\/strong>. Sorge dove un tempo c&#8217;era uno <strong>chalet reale ottocentesco<\/strong> edificato dai <strong>Lorena<\/strong> e ridotto a rudere dopo la seconda guerra mondiale. Il Gombo \u00e8 stato luogo di <strong>soggiorno di capi di Stato stranieri<\/strong>: tra gli ultimi, nel 1997, il premier britannico <strong>Tony Blair<\/strong>. Oggi l&#8217;edificio \u00e8 usato dalla Regione per scopi di rappresentanza: nel 2021 \u00e8 stata ristrutturata.<\/p>\n","protected":false},"excerpt":{"rendered":"<p>Il parco e villa del Gombo scelti per ospitare &#8220;Siete presente&#8221;, l&#8217;evento dedicato al decennale di Giovanis\u00ec, il progetto della Regione Toscana per l&#8217;autonomia dei giovani<\/p>\n","protected":false},"author":525,"featured_media":80319,"comment_status":"open","ping_status":"open","sticky":false,"template":"","format":"standard","meta":{"_acf_changed":false,"footnotes":""},"categories":[19],"tags":[6269,4749,6271,5298],"class_list":["post-194385","post","type-post","status-publish","format-standard","has-post-thumbnail","hentry","category-ambiente","tag-next-generation-park","tag-parco-di-san-rossore","tag-siete-presente","tag-sociale"],"acf":[],"yoast_head":"<!-- This site is optimized with the Yoast SEO Premium plugin v24.2 (Yoast SEO v25.6) - https:\/\/yoast.com\/wordpress\/plugins\/seo\/ -->\n<title>San Rossore, dalle storiche fattorie all&#039;apertura della tenuta ai progetti sociali e al trekking - intoscana<\/title>\n<meta name=\"description\" content=\"Il parco e villa del Gombo scelti per ospitare &quot;Siete presente&quot;, l&#039;evento dedicato al decennale di Giovanis\u00ec, il progetto della Regione Toscana per l&#039;autonomia dei giovani\" \/>\n<meta name=\"robots\" content=\"index, follow, max-snippet:-1, max-image-preview:large, max-video-preview:-1\" \/>\n<link rel=\"canonical\" href=\"https:\/\/www.intoscana.it\/it\/san-rossore-dalle-storiche-fattorie-allapertura-della-tenuta-ai-progetti-sociali-e-al-trekking\/\" \/>\n<meta property=\"og:locale\" content=\"it_IT\" \/>\n<meta property=\"og:type\" content=\"article\" \/>\n<meta property=\"og:title\" content=\"San Rossore, dalle storiche fattorie all&#039;apertura della tenuta ai progetti sociali e al trekking\" \/>\n<meta property=\"og:description\" content=\"Il parco e villa del Gombo scelti per ospitare &quot;Siete presente&quot;, l&#039;evento dedicato al decennale di Giovanis\u00ec, il progetto della Regione Toscana per l&#039;autonomia dei giovani\" \/>\n<meta property=\"og:url\" content=\"https:\/\/www.intoscana.it\/it\/san-rossore-dalle-storiche-fattorie-allapertura-della-tenuta-ai-progetti-sociali-e-al-trekking\/\" \/>\n<meta property=\"og:site_name\" content=\"intoscana\" \/>\n<meta property=\"article:publisher\" content=\"https:\/\/www.facebook.com\/intoscana.it\" \/>\n<meta property=\"article:published_time\" content=\"2021-10-15T14:52:43+00:00\" \/>\n<meta property=\"article:modified_time\" content=\"2021-10-16T09:49:24+00:00\" \/>\n<meta property=\"og:image\" content=\"https:\/\/www.intoscana.it\/wp-content\/uploads\/parco-san-rossore.jpg\" \/>\n\t<meta property=\"og:image:width\" content=\"1100\" \/>\n\t<meta property=\"og:image:height\" content=\"825\" \/>\n\t<meta property=\"og:image:type\" content=\"image\/jpeg\" \/>\n<meta name=\"author\" content=\"Redazione\" \/>\n<meta name=\"twitter:card\" content=\"summary_large_image\" \/>\n<meta name=\"twitter:creator\" content=\"@intoscana\" \/>\n<meta name=\"twitter:site\" content=\"@intoscana\" \/>\n<meta name=\"twitter:label1\" content=\"Written by\" \/>\n\t<meta name=\"twitter:data1\" content=\"Redazione\" \/>\n\t<meta name=\"twitter:label2\" content=\"Est. reading time\" \/>\n\t<meta name=\"twitter:data2\" content=\"3 minuti\" \/>\n<script type=\"application\/ld+json\" class=\"yoast-schema-graph\">{\"@context\":\"https:\/\/schema.org\",\"@graph\":[{\"@type\":\"WebPage\",\"@id\":\"https:\/\/www.intoscana.it\/it\/san-rossore-dalle-storiche-fattorie-allapertura-della-tenuta-ai-progetti-sociali-e-al-trekking\/\",\"url\":\"https:\/\/www.intoscana.it\/it\/san-rossore-dalle-storiche-fattorie-allapertura-della-tenuta-ai-progetti-sociali-e-al-trekking\/\",\"name\":\"San Rossore, dalle storiche fattorie all'apertura della tenuta ai progetti sociali e al trekking - intoscana\",\"isPartOf\":{\"@id\":\"https:\/\/www.intoscana.it\/it\/#website\"},\"primaryImageOfPage\":{\"@id\":\"https:\/\/www.intoscana.it\/it\/san-rossore-dalle-storiche-fattorie-allapertura-della-tenuta-ai-progetti-sociali-e-al-trekking\/#primaryimage\"},\"image\":{\"@id\":\"https:\/\/www.intoscana.it\/it\/san-rossore-dalle-storiche-fattorie-allapertura-della-tenuta-ai-progetti-sociali-e-al-trekking\/#primaryimage\"},\"thumbnailUrl\":\"https:\/\/www.intoscana.it\/wp-content\/uploads\/parco-san-rossore.jpg\",\"datePublished\":\"2021-10-15T14:52:43+00:00\",\"dateModified\":\"2021-10-16T09:49:24+00:00\",\"author\":{\"@id\":\"https:\/\/www.intoscana.it\/it\/#\/schema\/person\/9223810753230f20bd670fdd322661f8\"},\"description\":\"Il parco e villa del Gombo scelti per ospitare \\\"Siete presente\\\", l'evento dedicato al decennale di Giovanis\u00ec, il progetto della Regione Toscana per l'autonomia dei giovani\",\"breadcrumb\":{\"@id\":\"https:\/\/www.intoscana.it\/it\/san-rossore-dalle-storiche-fattorie-allapertura-della-tenuta-ai-progetti-sociali-e-al-trekking\/#breadcrumb\"},\"inLanguage\":\"it-IT\",\"potentialAction\":[{\"@type\":\"ReadAction\",\"target\":[\"https:\/\/www.intoscana.it\/it\/san-rossore-dalle-storiche-fattorie-allapertura-della-tenuta-ai-progetti-sociali-e-al-trekking\/\"]}]},{\"@type\":\"ImageObject\",\"inLanguage\":\"it-IT\",\"@id\":\"https:\/\/www.intoscana.it\/it\/san-rossore-dalle-storiche-fattorie-allapertura-della-tenuta-ai-progetti-sociali-e-al-trekking\/#primaryimage\",\"url\":\"https:\/\/www.intoscana.it\/wp-content\/uploads\/parco-san-rossore.jpg\",\"contentUrl\":\"https:\/\/www.intoscana.it\/wp-content\/uploads\/parco-san-rossore.jpg\",\"width\":1100,\"height\":825,\"caption\":\"Parco di San Rossore\"},{\"@type\":\"BreadcrumbList\",\"@id\":\"https:\/\/www.intoscana.it\/it\/san-rossore-dalle-storiche-fattorie-allapertura-della-tenuta-ai-progetti-sociali-e-al-trekking\/#breadcrumb\",\"itemListElement\":[{\"@type\":\"ListItem\",\"position\":1,\"name\":\"Home\",\"item\":\"https:\/\/www.intoscana.it\/it\/\"},{\"@type\":\"ListItem\",\"position\":2,\"name\":\"San Rossore, dalle storiche fattorie all&#8217;apertura della tenuta ai progetti sociali e al trekking\"}]},{\"@type\":\"WebSite\",\"@id\":\"https:\/\/www.intoscana.it\/it\/#website\",\"url\":\"https:\/\/www.intoscana.it\/it\/\",\"name\":\"intoscana\",\"description\":\"\",\"potentialAction\":[{\"@type\":\"SearchAction\",\"target\":{\"@type\":\"EntryPoint\",\"urlTemplate\":\"https:\/\/www.intoscana.it\/it\/?s={search_term_string}\"},\"query-input\":{\"@type\":\"PropertyValueSpecification\",\"valueRequired\":true,\"valueName\":\"search_term_string\"}}],\"inLanguage\":\"it-IT\"},{\"@type\":\"Person\",\"@id\":\"https:\/\/www.intoscana.it\/it\/#\/schema\/person\/9223810753230f20bd670fdd322661f8\",\"name\":\"Redazione\",\"url\":\"https:\/\/www.intoscana.it\/it\/author\/redazione\/\"}]}<\/script>\n<!-- \/ Yoast SEO Premium plugin. -->","yoast_head_json":{"title":"San Rossore, dalle storiche fattorie all'apertura della tenuta ai progetti sociali e al trekking - intoscana","description":"Il parco e villa del Gombo scelti per ospitare \"Siete presente\", l'evento dedicato al decennale di Giovanis\u00ec, il progetto della Regione Toscana per l'autonomia dei giovani","robots":{"index":"index","follow":"follow","max-snippet":"max-snippet:-1","max-image-preview":"max-image-preview:large","max-video-preview":"max-video-preview:-1"},"canonical":"https:\/\/www.intoscana.it\/it\/san-rossore-dalle-storiche-fattorie-allapertura-della-tenuta-ai-progetti-sociali-e-al-trekking\/","og_locale":"it_IT","og_type":"article","og_title":"San Rossore, dalle storiche fattorie all'apertura della tenuta ai progetti sociali e al trekking","og_description":"Il parco e villa del Gombo scelti per ospitare \"Siete presente\", l'evento dedicato al decennale di Giovanis\u00ec, il progetto della Regione Toscana per l'autonomia dei giovani","og_url":"https:\/\/www.intoscana.it\/it\/san-rossore-dalle-storiche-fattorie-allapertura-della-tenuta-ai-progetti-sociali-e-al-trekking\/","og_site_name":"intoscana","article_publisher":"https:\/\/www.facebook.com\/intoscana.it","article_published_time":"2021-10-15T14:52:43+00:00","article_modified_time":"2021-10-16T09:49:24+00:00","og_image":[{"width":1100,"height":825,"url":"https:\/\/www.intoscana.it\/wp-content\/uploads\/parco-san-rossore.jpg","type":"image\/jpeg"}],"author":"Redazione","twitter_card":"summary_large_image","twitter_creator":"@intoscana","twitter_site":"@intoscana","twitter_misc":{"Written by":"Redazione","Est. reading time":"3 minuti"},"schema":{"@context":"https:\/\/schema.org","@graph":[{"@type":"WebPage","@id":"https:\/\/www.intoscana.it\/it\/san-rossore-dalle-storiche-fattorie-allapertura-della-tenuta-ai-progetti-sociali-e-al-trekking\/","url":"https:\/\/www.intoscana.it\/it\/san-rossore-dalle-storiche-fattorie-allapertura-della-tenuta-ai-progetti-sociali-e-al-trekking\/","name":"San Rossore, dalle storiche fattorie all'apertura della tenuta ai progetti sociali e al trekking - intoscana","isPartOf":{"@id":"https:\/\/www.intoscana.it\/it\/#website"},"primaryImageOfPage":{"@id":"https:\/\/www.intoscana.it\/it\/san-rossore-dalle-storiche-fattorie-allapertura-della-tenuta-ai-progetti-sociali-e-al-trekking\/#primaryimage"},"image":{"@id":"https:\/\/www.intoscana.it\/it\/san-rossore-dalle-storiche-fattorie-allapertura-della-tenuta-ai-progetti-sociali-e-al-trekking\/#primaryimage"},"thumbnailUrl":"https:\/\/www.intoscana.it\/wp-content\/uploads\/parco-san-rossore.jpg","datePublished":"2021-10-15T14:52:43+00:00","dateModified":"2021-10-16T09:49:24+00:00","author":{"@id":"https:\/\/www.intoscana.it\/it\/#\/schema\/person\/9223810753230f20bd670fdd322661f8"},"description":"Il parco e villa del Gombo scelti per ospitare \"Siete presente\", l'evento dedicato al decennale di Giovanis\u00ec, il progetto della Regione Toscana per l'autonomia dei giovani","breadcrumb":{"@id":"https:\/\/www.intoscana.it\/it\/san-rossore-dalle-storiche-fattorie-allapertura-della-tenuta-ai-progetti-sociali-e-al-trekking\/#breadcrumb"},"inLanguage":"it-IT","potentialAction":[{"@type":"ReadAction","target":["https:\/\/www.intoscana.it\/it\/san-rossore-dalle-storiche-fattorie-allapertura-della-tenuta-ai-progetti-sociali-e-al-trekking\/"]}]},{"@type":"ImageObject","inLanguage":"it-IT","@id":"https:\/\/www.intoscana.it\/it\/san-rossore-dalle-storiche-fattorie-allapertura-della-tenuta-ai-progetti-sociali-e-al-trekking\/#primaryimage","url":"https:\/\/www.intoscana.it\/wp-content\/uploads\/parco-san-rossore.jpg","contentUrl":"https:\/\/www.intoscana.it\/wp-content\/uploads\/parco-san-rossore.jpg","width":1100,"height":825,"caption":"Parco di San Rossore"},{"@type":"BreadcrumbList","@id":"https:\/\/www.intoscana.it\/it\/san-rossore-dalle-storiche-fattorie-allapertura-della-tenuta-ai-progetti-sociali-e-al-trekking\/#breadcrumb","itemListElement":[{"@type":"ListItem","position":1,"name":"Home","item":"https:\/\/www.intoscana.it\/it\/"},{"@type":"ListItem","position":2,"name":"San Rossore, dalle storiche fattorie all&#8217;apertura della tenuta ai progetti sociali e al trekking"}]},{"@type":"WebSite","@id":"https:\/\/www.intoscana.it\/it\/#website","url":"https:\/\/www.intoscana.it\/it\/","name":"intoscana","description":"","potentialAction":[{"@type":"SearchAction","target":{"@type":"EntryPoint","urlTemplate":"https:\/\/www.intoscana.it\/it\/?s={search_term_string}"},"query-input":{"@type":"PropertyValueSpecification","valueRequired":true,"valueName":"search_term_string"}}],"inLanguage":"it-IT"},{"@type":"Person","@id":"https:\/\/www.intoscana.it\/it\/#\/schema\/person\/9223810753230f20bd670fdd322661f8","name":"Redazione","url":"https:\/\/www.intoscana.it\/it\/author\/redazione\/"}]}},"_links":{"self":[{"href":"https:\/\/www.intoscana.it\/it\/wp-json\/wp\/v2\/posts\/194385","targetHints":{"allow":["GET"]}}],"collection":[{"href":"https:\/\/www.intoscana.it\/it\/wp-json\/wp\/v2\/posts"}],"about":[{"href":"https:\/\/www.intoscana.it\/it\/wp-json\/wp\/v2\/types\/post"}],"author":[{"embeddable":true,"href":"https:\/\/www.intoscana.it\/it\/wp-json\/wp\/v2\/users\/525"}],"replies":[{"embeddable":true,"href":"https:\/\/www.intoscana.it\/it\/wp-json\/wp\/v2\/comments?post=194385"}],"version-history":[{"count":0,"href":"https:\/\/www.intoscana.it\/it\/wp-json\/wp\/v2\/posts\/194385\/revisions"}],"wp:featuredmedia":[{"embeddable":true,"href":"https:\/\/www.intoscana.it\/it\/wp-json\/wp\/v2\/media\/80319"}],"wp:attachment":[{"href":"https:\/\/www.intoscana.it\/it\/wp-json\/wp\/v2\/media?parent=194385"}],"wp:term":[{"taxonomy":"category","embeddable":true,"href":"https:\/\/www.intoscana.it\/it\/wp-json\/wp\/v2\/categories?post=194385"},{"taxonomy":"post_tag","embeddable":true,"href":"https:\/\/www.intoscana.it\/it\/wp-json\/wp\/v2\/tags?post=194385"}],"curies":[{"name":"wp","href":"https:\/\/api.w.org\/{rel}","templated":true}]}}