{"id":194412,"date":"2021-10-15T16:52:46","date_gmt":"2021-10-15T14:52:46","guid":{"rendered":"https:\/\/www.intoscana.it\/it\/?p=194412"},"modified":"2021-10-16T23:09:40","modified_gmt":"2021-10-16T21:09:40","slug":"ospitalita-e-turismo-enogastronomico-la-toscana-premiata-a-rimini","status":"publish","type":"post","link":"https:\/\/www.intoscana.it\/it\/ospitalita-e-turismo-enogastronomico-la-toscana-premiata-a-rimini\/","title":{"rendered":"Ospitalit\u00e0 e turismo enogastronomico, la Toscana premiata a Rimini"},"content":{"rendered":"<p>La Val d\u2019Orcia destinazione pi\u00f9 ospitale d\u2019Italia e Vetrina Toscana il miglior progetto di marketing a livello nazionale. Sono queste le prestigiose medaglie che la Toscana conquista al TTG Travel Experience di Rimini, importante fiera del turismo B2B.<\/p>\n<p>Il premio a Vetrina Toscana \u00e8 stato attribuito dal Gruppo Italiano Stampa Turistica nell\u2019ambito della <strong>4a edizione Gist Travel Food Award 2021<\/strong>; mentre a conferire il premio alla Val d\u2019Orcia \u00e8 stata <strong>Italia Destinazione Digitale<\/strong>, riconoscimento ideato da <strong>The Data Appeal Company<\/strong> per restituire ai territori un risultato concreto del monitoraggio e dell\u2019analisi dei big data.<\/p>\n<h3>Toscana, terra di tradizioni che guarda al futuro<\/h3>\n<p>\u201c<em>Una grande soddisfazione<\/em> \u2013 ha commentato il presidente di Regione Toscana <strong>Eugenio Giani<\/strong> \u2013 <em>che conferma il valore dei nostri territori e soprattutto le capacit\u00e0 di chi lavora per promuoverli. <\/em><mark><em>Una squadra, quella toscana, mossa dall\u2019amore per la nostra regione, per i suoi valori identitari, che guarda alla tradizione coniugandola sempre con l\u2019innovazione, che \u00e8 la formula che garantisce il successo<\/em><\/mark><em>. Quanto alla Val d\u2019Orcia, il premio incorona la competenza e la passione di operatori che sanno offrire ai loro ospiti esperienze di gusto e di bellezza permettendo che riportino a casa emozioni uniche e indelebili: \u00e8 cos\u00ec che si fa promozione<\/em>\u201d.<\/p>\n<figure id=\"post-194426 media-194426\" class=\"align-none\"><img decoding=\"async\" src=\"https:\/\/www.intoscana.it\/wp-content\/uploads\/premiazione-val-dorcia-ttg.png\" alt=\"\" \/><\/figure>\n<div class=\"titleimg\">TTG Rimini, un momento della premiazione<\/div>\n<h3>Turismo enogastronomico: il progetto di Vetrina Toscana<\/h3>\n<p>\u201c<em>Questi premi che ci riempiono di orgoglio vanno al &#8216;saper fare&#8217; dei nostri operatori e all\u2019intuizione che ha contraddistinto finora la nostra politica<\/em>&#8220;, ha sottolineato l\u2019assessore all\u2019economia e al turismo <strong>Leonardo Marras<\/strong>. &#8220;<em><a href=\"https:\/\/www.intoscana.it\/it\/articolo\/in-viaggio-con-il-gusto-vetrina-toscana-si-presenta-alla-versiliana\/\" target=\"_blank\" rel=\"noopener\">Vetrina Toscana<\/a> \u00e8 lo strumento, nato da un\u2019idea vincente, con il quale veicoliamo il turismo enogastronomico toscano in ogni occasione e contesto, sia esso digitale o fisico e che ci permette, questo \u00e8 il valore aggiunto, di fare comunit\u00e0, pregio che oggi credo sia quanto mai apprezzato. Per la <strong>Val d\u2019Orcia<\/strong>, terra d\u2019incanto e di prodotti di portata internazionale, mi associo ai complimenti agli operatori turistici che hanno saputo esaltare al massimo l\u2019accoglienza, il calore e l\u2019eleganza semplice proprie dello stile toscano. Bravi!<\/em>\u201d<\/p>\n<p>Il <strong>Gist Travel Food Award<\/strong> promuove il turismo gastronomico come <strong>forma di espressione culturale<\/strong>, sempre pi\u00f9 ricercata da turisti e viaggiatori, poich\u00e9 esercita una forte capacit\u00e0 di attrazione con <strong>paesaggio e heritage<\/strong> di una destinazione.<\/p>\n<p>Vetrina Toscana ha ottenuto il premio di \u201c<strong>Miglior Progetto di Marketing &#8211; Italia<\/strong>\u201d con la motivazione: \u201c<em>Vetrina Toscana ha saputo promuovere in modo efficace e gradevole attraverso un portale e i principali canali Social, gli eventi, gli itinerari gastronomici, i produttori e le botteghe con i prodotti tipici e i ristoranti dell\u2019intera Regione, mettendo in valore una rete fatta di persone e di imprese, donne e uomini uniti da principi e obiettivi comuni: valorizzare i prodotti e l\u2019identit\u00e0 enogastronomica della Toscana con le specificit\u00e0 delle sue destinazioni territoriali e la qualit\u00e0 delle produzioni agroalimentari in coerenza con un turismo responsabile e sostenibile&#8221;.<\/em><\/p>\n<p>&#8220;<em>Un attestato che ci riempie di soddisfazione e che premia l&#8217;impegno e il lavoro per il territorio<\/em>\u00a0&#8211; ha dichiarato <strong>Francesco Tapinassi<\/strong> direttore di Toscana Promozione Turistica &#8211; <em>Il patrimonio enogastronomico di cui siamo custodi e testimoni rappresenta un orgoglio per la nostra Regione che con il progetto e la rete Vetrina Toscana ha inteso proprio andare nella direzione di incentivarlo come risorsa favorendo in questo modo la promozione agroalimentare<\/em>\u201d.<\/p>\n<p>Grande successo per le degustazioni sulle orme di Dante che si sono svolte nei 3 giorni della fiera: un viaggio nella Toscana enogastronomica sulle tracce del Sommo Poeta a base di prodotti con una storia antichissima: la <strong>Vernaccia di San Gimignano DOCG<\/strong>, il <strong>Pane Toscano DOP<\/strong>, i <strong>salumi di Cinta senese DOP<\/strong>, il <strong>Pecorino Toscano DOP<\/strong>, l&#8217;<strong>Olio Toscano IGP<\/strong> e la <strong>Farina di Neccio<\/strong> della Garfagnana DOP. Le degustazioni a base di <strong>Testaroli, Acquacotta, Carabaccia<\/strong> con cipolla di Certaldo, sono state realizzate in collaborazione con l&#8217;<strong>Unione Regionale Cuochi Toscani<\/strong>.<\/p>\n<p>Non \u00e8 mancato un tocco di modernit\u00e0: la degustazione di <strong>Infernum<\/strong>: un&#8217;inedita \u201clectura Dantis\u201d in 9 praline alla scoperta dei cerchi dell&#8217;Inferno, un viaggio emozionale attraverso il cioccolato artigianale dell&#8217;isola d&#8217;Elba a cura di <strong>Paola Francesca Bertani<\/strong>, 4 volte oro mondiale e della birra artigianale a cura del birrificio BVS: <strong>la Birra Malafrasca<\/strong> con l\u2019acqua di sorgente di Malafrasca e la lavanda Toscana.<\/p>\n<h3>Val d&#8217;Orcia, icona in tutto il mondo<\/h3>\n<p>\u201c<em>Si tratta di una grande soddisfazione e un riconoscimento che va a premiare anni di lavoro<\/em> \u2013 ha dichiarato <strong>Claudio Galletti<\/strong>, sindaco di Castiglione d\u2019Orcia e capofila dell\u2019ambito turistico regionale Val d\u2019Orcia \u2013<em>. La Val d\u2019Orcia, nel decennio che ci lasciamo alle spalle, in termini di presenze turistiche \u00e8 cresciuta molto di pi\u00f9 di quanto queste non siano cresciute in Toscana. Quello della Val d\u2019Orcia \u00e8 ormai un territorio iconico e sempre pi\u00f9 ambito a livello mondiale. E\u2019 del tutto evidente che, dopo la nascita del Parco Artistico, naturale e Culturale, del <strong>riconoscimento Unesco del 2004<\/strong>, occorre proseguire con sempre maggiore determinazione, programmazione e coesione sulla strada tracciata, rivendicando con forza il valore di un paesaggio unico nel suo genere che l\u2019uomo, grazie al suo lavoro ha contribuito e contribuisce a mantenere, come presidio di una comunit\u00e0 laboriosa e accogliente<\/em>\u201d.<\/p>\n","protected":false},"excerpt":{"rendered":"<p>Al TTG Travel Experience, la pi\u00f9 importante fiera del turismo B2B d\u2019Italia, sono state assegnate due importanti medaglie a Vetrina Toscana, miglior progetto di marketing, e alla Val d\u2019Orcia, destinazione pi\u00f9 ospitale a livello nazionale<\/p>\n","protected":false},"author":525,"featured_media":194424,"comment_status":"open","ping_status":"open","sticky":false,"template":"","format":"standard","meta":{"_acf_changed":false,"footnotes":""},"categories":[6],"tags":[],"class_list":["post-194412","post","type-post","status-publish","format-standard","has-post-thumbnail","hentry","category-viaggi"],"acf":[],"yoast_head":"<!-- This site is optimized with the Yoast SEO Premium plugin v24.2 (Yoast SEO v25.6) - https:\/\/yoast.com\/wordpress\/plugins\/seo\/ -->\n<title>Ospitalit\u00e0 e turismo enogastronomico, la Toscana premiata a Rimini - intoscana<\/title>\n<meta name=\"description\" content=\"La Toscana al TTG di Rimini \u00e8 stata premiata per il progetto Vetrina Toscana e la Val d&#039;Orcia \u00e8 la destinazione pi\u00f9 ospitale.\" \/>\n<meta name=\"robots\" content=\"index, follow, max-snippet:-1, max-image-preview:large, max-video-preview:-1\" \/>\n<link rel=\"canonical\" href=\"https:\/\/www.intoscana.it\/it\/ospitalita-e-turismo-enogastronomico-la-toscana-premiata-a-rimini\/\" \/>\n<meta property=\"og:locale\" content=\"it_IT\" \/>\n<meta property=\"og:type\" content=\"article\" \/>\n<meta property=\"og:title\" content=\"Ospitalit\u00e0 e turismo enogastronomico, la Toscana premiata a Rimini\" \/>\n<meta property=\"og:description\" content=\"La Toscana al TTG di Rimini \u00e8 stata premiata per il progetto Vetrina Toscana e la Val d&#039;Orcia \u00e8 la destinazione pi\u00f9 ospitale.\" \/>\n<meta property=\"og:url\" content=\"https:\/\/www.intoscana.it\/it\/ospitalita-e-turismo-enogastronomico-la-toscana-premiata-a-rimini\/\" \/>\n<meta property=\"og:site_name\" content=\"intoscana\" \/>\n<meta property=\"article:publisher\" content=\"https:\/\/www.facebook.com\/intoscana.it\" \/>\n<meta property=\"article:published_time\" content=\"2021-10-15T14:52:46+00:00\" \/>\n<meta property=\"article:modified_time\" content=\"2021-10-16T21:09:40+00:00\" \/>\n<meta property=\"og:image\" content=\"https:\/\/www.intoscana.it\/wp-content\/uploads\/TTG-Rimini-1.png\" \/>\n\t<meta property=\"og:image:width\" content=\"1310\" \/>\n\t<meta property=\"og:image:height\" content=\"958\" \/>\n\t<meta property=\"og:image:type\" content=\"image\/png\" \/>\n<meta name=\"author\" content=\"Redazione\" \/>\n<meta name=\"twitter:card\" content=\"summary_large_image\" \/>\n<meta name=\"twitter:creator\" content=\"@intoscana\" \/>\n<meta name=\"twitter:site\" content=\"@intoscana\" \/>\n<meta name=\"twitter:label1\" content=\"Written by\" \/>\n\t<meta name=\"twitter:data1\" content=\"Redazione\" \/>\n\t<meta name=\"twitter:label2\" content=\"Est. reading time\" \/>\n\t<meta name=\"twitter:data2\" content=\"4 minuti\" \/>\n<script type=\"application\/ld+json\" class=\"yoast-schema-graph\">{\"@context\":\"https:\/\/schema.org\",\"@graph\":[{\"@type\":\"WebPage\",\"@id\":\"https:\/\/www.intoscana.it\/it\/ospitalita-e-turismo-enogastronomico-la-toscana-premiata-a-rimini\/\",\"url\":\"https:\/\/www.intoscana.it\/it\/ospitalita-e-turismo-enogastronomico-la-toscana-premiata-a-rimini\/\",\"name\":\"Ospitalit\u00e0 e turismo enogastronomico, la Toscana premiata a Rimini - intoscana\",\"isPartOf\":{\"@id\":\"https:\/\/www.intoscana.it\/it\/#website\"},\"primaryImageOfPage\":{\"@id\":\"https:\/\/www.intoscana.it\/it\/ospitalita-e-turismo-enogastronomico-la-toscana-premiata-a-rimini\/#primaryimage\"},\"image\":{\"@id\":\"https:\/\/www.intoscana.it\/it\/ospitalita-e-turismo-enogastronomico-la-toscana-premiata-a-rimini\/#primaryimage\"},\"thumbnailUrl\":\"https:\/\/www.intoscana.it\/wp-content\/uploads\/TTG-Rimini-1.png\",\"datePublished\":\"2021-10-15T14:52:46+00:00\",\"dateModified\":\"2021-10-16T21:09:40+00:00\",\"author\":{\"@id\":\"https:\/\/www.intoscana.it\/it\/#\/schema\/person\/9223810753230f20bd670fdd322661f8\"},\"description\":\"La Toscana al TTG di Rimini \u00e8 stata premiata per il progetto Vetrina Toscana e la Val d'Orcia \u00e8 la destinazione pi\u00f9 ospitale.\",\"breadcrumb\":{\"@id\":\"https:\/\/www.intoscana.it\/it\/ospitalita-e-turismo-enogastronomico-la-toscana-premiata-a-rimini\/#breadcrumb\"},\"inLanguage\":\"it-IT\",\"potentialAction\":[{\"@type\":\"ReadAction\",\"target\":[\"https:\/\/www.intoscana.it\/it\/ospitalita-e-turismo-enogastronomico-la-toscana-premiata-a-rimini\/\"]}]},{\"@type\":\"ImageObject\",\"inLanguage\":\"it-IT\",\"@id\":\"https:\/\/www.intoscana.it\/it\/ospitalita-e-turismo-enogastronomico-la-toscana-premiata-a-rimini\/#primaryimage\",\"url\":\"https:\/\/www.intoscana.it\/wp-content\/uploads\/TTG-Rimini-1.png\",\"contentUrl\":\"https:\/\/www.intoscana.it\/wp-content\/uploads\/TTG-Rimini-1.png\",\"width\":1310,\"height\":958,\"caption\":\"TTG Rimini, un momento della premiazione\"},{\"@type\":\"BreadcrumbList\",\"@id\":\"https:\/\/www.intoscana.it\/it\/ospitalita-e-turismo-enogastronomico-la-toscana-premiata-a-rimini\/#breadcrumb\",\"itemListElement\":[{\"@type\":\"ListItem\",\"position\":1,\"name\":\"Home\",\"item\":\"https:\/\/www.intoscana.it\/it\/\"},{\"@type\":\"ListItem\",\"position\":2,\"name\":\"Ospitalit\u00e0 e turismo enogastronomico, la Toscana premiata a Rimini\"}]},{\"@type\":\"WebSite\",\"@id\":\"https:\/\/www.intoscana.it\/it\/#website\",\"url\":\"https:\/\/www.intoscana.it\/it\/\",\"name\":\"intoscana\",\"description\":\"\",\"potentialAction\":[{\"@type\":\"SearchAction\",\"target\":{\"@type\":\"EntryPoint\",\"urlTemplate\":\"https:\/\/www.intoscana.it\/it\/?s={search_term_string}\"},\"query-input\":{\"@type\":\"PropertyValueSpecification\",\"valueRequired\":true,\"valueName\":\"search_term_string\"}}],\"inLanguage\":\"it-IT\"},{\"@type\":\"Person\",\"@id\":\"https:\/\/www.intoscana.it\/it\/#\/schema\/person\/9223810753230f20bd670fdd322661f8\",\"name\":\"Redazione\",\"url\":\"https:\/\/www.intoscana.it\/it\/author\/redazione\/\"}]}<\/script>\n<!-- \/ Yoast SEO Premium plugin. -->","yoast_head_json":{"title":"Ospitalit\u00e0 e turismo enogastronomico, la Toscana premiata a Rimini - intoscana","description":"La Toscana al TTG di Rimini \u00e8 stata premiata per il progetto Vetrina Toscana e la Val d'Orcia \u00e8 la destinazione pi\u00f9 ospitale.","robots":{"index":"index","follow":"follow","max-snippet":"max-snippet:-1","max-image-preview":"max-image-preview:large","max-video-preview":"max-video-preview:-1"},"canonical":"https:\/\/www.intoscana.it\/it\/ospitalita-e-turismo-enogastronomico-la-toscana-premiata-a-rimini\/","og_locale":"it_IT","og_type":"article","og_title":"Ospitalit\u00e0 e turismo enogastronomico, la Toscana premiata a Rimini","og_description":"La Toscana al TTG di Rimini \u00e8 stata premiata per il progetto Vetrina Toscana e la Val d'Orcia \u00e8 la destinazione pi\u00f9 ospitale.","og_url":"https:\/\/www.intoscana.it\/it\/ospitalita-e-turismo-enogastronomico-la-toscana-premiata-a-rimini\/","og_site_name":"intoscana","article_publisher":"https:\/\/www.facebook.com\/intoscana.it","article_published_time":"2021-10-15T14:52:46+00:00","article_modified_time":"2021-10-16T21:09:40+00:00","og_image":[{"width":1310,"height":958,"url":"https:\/\/www.intoscana.it\/wp-content\/uploads\/TTG-Rimini-1.png","type":"image\/png"}],"author":"Redazione","twitter_card":"summary_large_image","twitter_creator":"@intoscana","twitter_site":"@intoscana","twitter_misc":{"Written by":"Redazione","Est. reading time":"4 minuti"},"schema":{"@context":"https:\/\/schema.org","@graph":[{"@type":"WebPage","@id":"https:\/\/www.intoscana.it\/it\/ospitalita-e-turismo-enogastronomico-la-toscana-premiata-a-rimini\/","url":"https:\/\/www.intoscana.it\/it\/ospitalita-e-turismo-enogastronomico-la-toscana-premiata-a-rimini\/","name":"Ospitalit\u00e0 e turismo enogastronomico, la Toscana premiata a Rimini - intoscana","isPartOf":{"@id":"https:\/\/www.intoscana.it\/it\/#website"},"primaryImageOfPage":{"@id":"https:\/\/www.intoscana.it\/it\/ospitalita-e-turismo-enogastronomico-la-toscana-premiata-a-rimini\/#primaryimage"},"image":{"@id":"https:\/\/www.intoscana.it\/it\/ospitalita-e-turismo-enogastronomico-la-toscana-premiata-a-rimini\/#primaryimage"},"thumbnailUrl":"https:\/\/www.intoscana.it\/wp-content\/uploads\/TTG-Rimini-1.png","datePublished":"2021-10-15T14:52:46+00:00","dateModified":"2021-10-16T21:09:40+00:00","author":{"@id":"https:\/\/www.intoscana.it\/it\/#\/schema\/person\/9223810753230f20bd670fdd322661f8"},"description":"La Toscana al TTG di Rimini \u00e8 stata premiata per il progetto Vetrina Toscana e la Val d'Orcia \u00e8 la destinazione pi\u00f9 ospitale.","breadcrumb":{"@id":"https:\/\/www.intoscana.it\/it\/ospitalita-e-turismo-enogastronomico-la-toscana-premiata-a-rimini\/#breadcrumb"},"inLanguage":"it-IT","potentialAction":[{"@type":"ReadAction","target":["https:\/\/www.intoscana.it\/it\/ospitalita-e-turismo-enogastronomico-la-toscana-premiata-a-rimini\/"]}]},{"@type":"ImageObject","inLanguage":"it-IT","@id":"https:\/\/www.intoscana.it\/it\/ospitalita-e-turismo-enogastronomico-la-toscana-premiata-a-rimini\/#primaryimage","url":"https:\/\/www.intoscana.it\/wp-content\/uploads\/TTG-Rimini-1.png","contentUrl":"https:\/\/www.intoscana.it\/wp-content\/uploads\/TTG-Rimini-1.png","width":1310,"height":958,"caption":"TTG Rimini, un momento della premiazione"},{"@type":"BreadcrumbList","@id":"https:\/\/www.intoscana.it\/it\/ospitalita-e-turismo-enogastronomico-la-toscana-premiata-a-rimini\/#breadcrumb","itemListElement":[{"@type":"ListItem","position":1,"name":"Home","item":"https:\/\/www.intoscana.it\/it\/"},{"@type":"ListItem","position":2,"name":"Ospitalit\u00e0 e turismo enogastronomico, la Toscana premiata a Rimini"}]},{"@type":"WebSite","@id":"https:\/\/www.intoscana.it\/it\/#website","url":"https:\/\/www.intoscana.it\/it\/","name":"intoscana","description":"","potentialAction":[{"@type":"SearchAction","target":{"@type":"EntryPoint","urlTemplate":"https:\/\/www.intoscana.it\/it\/?s={search_term_string}"},"query-input":{"@type":"PropertyValueSpecification","valueRequired":true,"valueName":"search_term_string"}}],"inLanguage":"it-IT"},{"@type":"Person","@id":"https:\/\/www.intoscana.it\/it\/#\/schema\/person\/9223810753230f20bd670fdd322661f8","name":"Redazione","url":"https:\/\/www.intoscana.it\/it\/author\/redazione\/"}]}},"_links":{"self":[{"href":"https:\/\/www.intoscana.it\/it\/wp-json\/wp\/v2\/posts\/194412","targetHints":{"allow":["GET"]}}],"collection":[{"href":"https:\/\/www.intoscana.it\/it\/wp-json\/wp\/v2\/posts"}],"about":[{"href":"https:\/\/www.intoscana.it\/it\/wp-json\/wp\/v2\/types\/post"}],"author":[{"embeddable":true,"href":"https:\/\/www.intoscana.it\/it\/wp-json\/wp\/v2\/users\/525"}],"replies":[{"embeddable":true,"href":"https:\/\/www.intoscana.it\/it\/wp-json\/wp\/v2\/comments?post=194412"}],"version-history":[{"count":0,"href":"https:\/\/www.intoscana.it\/it\/wp-json\/wp\/v2\/posts\/194412\/revisions"}],"wp:featuredmedia":[{"embeddable":true,"href":"https:\/\/www.intoscana.it\/it\/wp-json\/wp\/v2\/media\/194424"}],"wp:attachment":[{"href":"https:\/\/www.intoscana.it\/it\/wp-json\/wp\/v2\/media?parent=194412"}],"wp:term":[{"taxonomy":"category","embeddable":true,"href":"https:\/\/www.intoscana.it\/it\/wp-json\/wp\/v2\/categories?post=194412"},{"taxonomy":"post_tag","embeddable":true,"href":"https:\/\/www.intoscana.it\/it\/wp-json\/wp\/v2\/tags?post=194412"}],"curies":[{"name":"wp","href":"https:\/\/api.w.org\/{rel}","templated":true}]}}