{"id":195156,"date":"2021-10-21T15:10:06","date_gmt":"2021-10-21T13:10:06","guid":{"rendered":"https:\/\/www.intoscana.it\/it\/?p=195156"},"modified":"2021-10-22T12:56:45","modified_gmt":"2021-10-22T10:56:45","slug":"covid-in-toscana-277-nuovi-casi-i-positivi-sono-al-momento-5-070","status":"publish","type":"post","link":"https:\/\/www.intoscana.it\/it\/covid-in-toscana-277-nuovi-casi-i-positivi-sono-al-momento-5-070\/","title":{"rendered":"Covid, in Toscana 277 nuovi casi. I positivi sono al momento 5.070"},"content":{"rendered":"<p>In Toscana sono <strong>286.669<\/strong> i casi di positivit\u00e0 al coronavirus, <strong>277 in pi\u00f9 rispetto a ieri<\/strong> (267 confermati con tampone molecolare e 10 da test rapido antigenico). I nuovi casi sono lo 0,1% in pi\u00f9 rispetto al totale del giorno precedente. L&#8217;et\u00e0 media \u00e8 di <strong>44 anni circa<\/strong> (22% ha meno di 20 anni, 19% tra 20 e 39 anni, 28% tra 40 e 59 anni, 24% tra 60 e 79 anni, 7% ha 80 anni o pi\u00f9).<\/p>\n<p>I guariti crescono dello 0,1% e raggiungono quota 274.357 (95,7% dei casi totali).\u00a0<mark>Oggi sono stati eseguiti 8.724 tamponi molecolari e 26.887 tamponi antigenici rapidi, di questi lo 0,8% \u00e8 risultato positivo. Sono invece 9.787 i soggetti testati oggi (con tampone antigenico e\/o molecolare, escludendo i tamponi di controllo), di cui il 2,8% \u00e8 risultato positivo<\/mark>. Gli <strong>attualmente positivi sono oggi 5.070<\/strong>, -1,1% rispetto a ieri. I ricoverati sono 232 (1 in meno rispetto a ieri), di cui 22 in terapia intensiva (stabili).<\/p>\n<h3>Numerosit\u00e0 di casi sul territorio<\/h3>\n<p>Di seguito i casi di <strong>positivit\u00e0 sul territorio<\/strong> con la variazione rispetto a ieri (267 confermati con tampone molecolare e 10 da test rapido antigenico). Sono 79.702 i casi complessivi ad oggi a Firenze (85 in pi\u00f9 rispetto a ieri), 26.531 a Prato (18 in pi\u00f9), 27.229 a Pistoia (28 in pi\u00f9), 14.962 a Massa-Carrara (23 in pi\u00f9), 29.139 a Lucca (28 in pi\u00f9), 33.581 a Pisa (26 in pi\u00f9), 21.253 a Livorno (15 in pi\u00f9), 25.896 ad Arezzo (16 in pi\u00f9), 16.584 a Siena (24 in pi\u00f9), 11.237 a Grosseto (14 in pi\u00f9). Sono 555 i casi positivi notificati in Toscana, ma residenti in altre regioni. Sono 143 i casi riscontrati oggi nell&#8217;Asl Centro, 80 nella Nord Ovest, 54 nella Sud Est.<\/p>\n<p>La <strong>Toscana si trova al 10\u00b0 posto in Italia come numerosit\u00e0 di casi<\/strong> (comprensivi di residenti e non residenti), con circa 7.815 casi per 100.000 abitanti (media italiana circa 7.975 per 100.000, dato di ieri). Le province di notifica con il tasso pi\u00f9 alto sono Prato con 10.362 casi per 100.000 abitanti, Pistoia con 9.363, Firenze con 8.083, la pi\u00f9 bassa Grosseto con 5.142.<\/p>\n<h3>Isolamento, guarigioni e ricoveri<\/h3>\n<p>Complessivamente, <strong>4.838 persone sono in isolamento a casa<\/strong>, poich\u00e9 presentano sintomi lievi che non richiedono cure ospedaliere, o risultano prive di sintomi (53 in meno rispetto a ieri, meno 1,1%). Sono 13.534 (156 in pi\u00f9 rispetto a ieri, pi\u00f9 1,2%) le persone, anch&#8217;esse isolate, in sorveglianza attiva perch\u00e9 hanno avuto contatti con persone contagiate (ASL Centro 5.129, Nord Ovest 6.161, Sud Est 2.244).<\/p>\n<p><mark>Le persone ricoverate nei posti letto dedicati ai pazienti Covid oggi sono complessivamente 232 (1 in meno rispetto a ieri, meno 0,4%), 22 in terapia intensiva (stabili rispetto a ieri)<\/mark>. Le persone <strong>complessivamente guarite sono 274.357<\/strong> (328 in pi\u00f9 rispetto a ieri, pi\u00f9 0,1%): 0 persone clinicamente guarite (stabili rispetto a ieri), divenute cio\u00e8 asintomatiche dopo aver presentato manifestazioni cliniche associate all&#8217;infezione e 274.357 (328 in pi\u00f9 rispetto a ieri, pi\u00f9 0,1%) dichiarate guarite a tutti gli effetti, le cosiddette guarigioni virali, con tampone negativo.<\/p>\n<h3>Mortalit\u00e0<\/h3>\n<p><mark>Oggi si registrano 3 nuovi decessi: 2 uomini e una donna con un&#8217;et\u00e0 media di 87 anni. Relativamente alla provincia di residenza, le tre persone decedute sono: 1 a Firenze, 1 a Prato, 1 a Lucca<\/mark>. Sono 7.242 i deceduti dall&#8217;inizio dell&#8217;epidemia cosi ripartiti: 2.337 a Firenze, 643 a Prato, 666 a Pistoia, 535 a Massa-Carrara, 692 a Lucca, 726 a Pisa, 426 a Livorno, 563 ad Arezzo, 350 a Siena, 211 a Grosseto; 93 persone sono decedute sul suolo toscano ma erano residenti fuori regione.<\/p>\n<p>Il [\/mark] (numero di deceduti\/popolazione residente) per Covid-19 \u00e8 di 197,4 per 100.000 residenti contro il 222,2 per 100.000 della media italiana (12\u00b0 regione). Per quanto riguarda le province, il tasso di mortalit\u00e0 pi\u00f9 alto si riscontra a Massa-Carrara (281,8 per 100.000), Prato (251,1 per 100.000) e Firenze (237,0 per 100.000), il pi\u00f9 basso a Grosseto (96,6 per 100.000).<\/p>\n<p>Tutti i dati sono visibili sul sito dell&#8217;Agenzia regionale di Sanit\u00e0 all&#8217;indirizzo <a href=\"http:\/\/www.ars.toscana.it\/covid19\" target=\"_blank\" rel=\"noopener\">www.ars.toscana.it\/covid19<\/a>.<\/p>\n","protected":false},"excerpt":{"rendered":"<p>L&#8217;et\u00e0 media dei nuovi casi in Toscana \u00e8 di 44 anni. Stabili i ricoveri, ma calano complessivamente i positivi (-1,1%). Nelle ultime 24 ore si sono registrati 3 decessi<\/p>\n","protected":false},"author":525,"featured_media":195159,"comment_status":"open","ping_status":"open","sticky":false,"template":"","format":"standard","meta":{"_acf_changed":false,"footnotes":""},"categories":[494],"tags":[4868,418],"class_list":["post-195156","post","type-post","status-publish","format-standard","has-post-thumbnail","hentry","category-attualita","tag-bollettino-covid-toscana","tag-covid-19"],"acf":[],"yoast_head":"<!-- This site is optimized with the Yoast SEO Premium plugin v24.2 (Yoast SEO v25.6) - https:\/\/yoast.com\/wordpress\/plugins\/seo\/ -->\n<title>Covid, in Toscana 277 nuovi casi. I positivi sono al momento 5.070 - intoscana<\/title>\n<meta name=\"description\" content=\"L&#039;et\u00e0 media dei nuovi casi in Toscana \u00e8 di 44 anni. Stabili i ricoveri, ma calano complessivamente i positivi (-1,1%). Nelle ultime 24 ore si sono registrati 3 decessi\" \/>\n<meta name=\"robots\" content=\"index, follow, max-snippet:-1, max-image-preview:large, max-video-preview:-1\" \/>\n<link rel=\"canonical\" href=\"https:\/\/www.intoscana.it\/it\/covid-in-toscana-277-nuovi-casi-i-positivi-sono-al-momento-5-070\/\" \/>\n<meta property=\"og:locale\" content=\"it_IT\" \/>\n<meta property=\"og:type\" content=\"article\" \/>\n<meta property=\"og:title\" content=\"Covid, in Toscana 277 nuovi casi. I positivi sono al momento 5.070\" \/>\n<meta property=\"og:description\" content=\"L&#039;et\u00e0 media dei nuovi casi in Toscana \u00e8 di 44 anni. Stabili i ricoveri, ma calano complessivamente i positivi (-1,1%). Nelle ultime 24 ore si sono registrati 3 decessi\" \/>\n<meta property=\"og:url\" content=\"https:\/\/www.intoscana.it\/it\/covid-in-toscana-277-nuovi-casi-i-positivi-sono-al-momento-5-070\/\" \/>\n<meta property=\"og:site_name\" content=\"intoscana\" \/>\n<meta property=\"article:publisher\" content=\"https:\/\/www.facebook.com\/intoscana.it\" \/>\n<meta property=\"article:published_time\" content=\"2021-10-21T13:10:06+00:00\" \/>\n<meta property=\"article:modified_time\" content=\"2021-10-22T10:56:45+00:00\" \/>\n<meta property=\"og:image\" content=\"https:\/\/www.intoscana.it\/wp-content\/uploads\/Bambino-con-mascherina-Oxana-Melis-Unsplash.jpg\" \/>\n\t<meta property=\"og:image:width\" content=\"1920\" \/>\n\t<meta property=\"og:image:height\" content=\"1280\" \/>\n\t<meta property=\"og:image:type\" content=\"image\/jpeg\" \/>\n<meta name=\"author\" content=\"Redazione\" \/>\n<meta name=\"twitter:card\" content=\"summary_large_image\" \/>\n<meta name=\"twitter:creator\" content=\"@intoscana\" \/>\n<meta name=\"twitter:site\" content=\"@intoscana\" \/>\n<meta name=\"twitter:label1\" content=\"Written by\" \/>\n\t<meta name=\"twitter:data1\" content=\"Redazione\" \/>\n\t<meta name=\"twitter:label2\" content=\"Est. reading time\" \/>\n\t<meta name=\"twitter:data2\" content=\"3 minuti\" \/>\n<script type=\"application\/ld+json\" class=\"yoast-schema-graph\">{\"@context\":\"https:\/\/schema.org\",\"@graph\":[{\"@type\":\"WebPage\",\"@id\":\"https:\/\/www.intoscana.it\/it\/covid-in-toscana-277-nuovi-casi-i-positivi-sono-al-momento-5-070\/\",\"url\":\"https:\/\/www.intoscana.it\/it\/covid-in-toscana-277-nuovi-casi-i-positivi-sono-al-momento-5-070\/\",\"name\":\"Covid, in Toscana 277 nuovi casi. I positivi sono al momento 5.070 - intoscana\",\"isPartOf\":{\"@id\":\"https:\/\/www.intoscana.it\/it\/#website\"},\"primaryImageOfPage\":{\"@id\":\"https:\/\/www.intoscana.it\/it\/covid-in-toscana-277-nuovi-casi-i-positivi-sono-al-momento-5-070\/#primaryimage\"},\"image\":{\"@id\":\"https:\/\/www.intoscana.it\/it\/covid-in-toscana-277-nuovi-casi-i-positivi-sono-al-momento-5-070\/#primaryimage\"},\"thumbnailUrl\":\"https:\/\/www.intoscana.it\/wp-content\/uploads\/Bambino-con-mascherina-Oxana-Melis-Unsplash.jpg\",\"datePublished\":\"2021-10-21T13:10:06+00:00\",\"dateModified\":\"2021-10-22T10:56:45+00:00\",\"author\":{\"@id\":\"https:\/\/www.intoscana.it\/it\/#\/schema\/person\/9223810753230f20bd670fdd322661f8\"},\"description\":\"L'et\u00e0 media dei nuovi casi in Toscana \u00e8 di 44 anni. Stabili i ricoveri, ma calano complessivamente i positivi (-1,1%). Nelle ultime 24 ore si sono registrati 3 decessi\",\"breadcrumb\":{\"@id\":\"https:\/\/www.intoscana.it\/it\/covid-in-toscana-277-nuovi-casi-i-positivi-sono-al-momento-5-070\/#breadcrumb\"},\"inLanguage\":\"it-IT\",\"potentialAction\":[{\"@type\":\"ReadAction\",\"target\":[\"https:\/\/www.intoscana.it\/it\/covid-in-toscana-277-nuovi-casi-i-positivi-sono-al-momento-5-070\/\"]}]},{\"@type\":\"ImageObject\",\"inLanguage\":\"it-IT\",\"@id\":\"https:\/\/www.intoscana.it\/it\/covid-in-toscana-277-nuovi-casi-i-positivi-sono-al-momento-5-070\/#primaryimage\",\"url\":\"https:\/\/www.intoscana.it\/wp-content\/uploads\/Bambino-con-mascherina-Oxana-Melis-Unsplash.jpg\",\"contentUrl\":\"https:\/\/www.intoscana.it\/wp-content\/uploads\/Bambino-con-mascherina-Oxana-Melis-Unsplash.jpg\",\"width\":1920,\"height\":1280,\"caption\":\"Bambino con mascherina\"},{\"@type\":\"BreadcrumbList\",\"@id\":\"https:\/\/www.intoscana.it\/it\/covid-in-toscana-277-nuovi-casi-i-positivi-sono-al-momento-5-070\/#breadcrumb\",\"itemListElement\":[{\"@type\":\"ListItem\",\"position\":1,\"name\":\"Home\",\"item\":\"https:\/\/www.intoscana.it\/it\/\"},{\"@type\":\"ListItem\",\"position\":2,\"name\":\"Covid, in Toscana 277 nuovi casi. I positivi sono al momento 5.070\"}]},{\"@type\":\"WebSite\",\"@id\":\"https:\/\/www.intoscana.it\/it\/#website\",\"url\":\"https:\/\/www.intoscana.it\/it\/\",\"name\":\"intoscana\",\"description\":\"\",\"potentialAction\":[{\"@type\":\"SearchAction\",\"target\":{\"@type\":\"EntryPoint\",\"urlTemplate\":\"https:\/\/www.intoscana.it\/it\/?s={search_term_string}\"},\"query-input\":{\"@type\":\"PropertyValueSpecification\",\"valueRequired\":true,\"valueName\":\"search_term_string\"}}],\"inLanguage\":\"it-IT\"},{\"@type\":\"Person\",\"@id\":\"https:\/\/www.intoscana.it\/it\/#\/schema\/person\/9223810753230f20bd670fdd322661f8\",\"name\":\"Redazione\",\"url\":\"https:\/\/www.intoscana.it\/it\/author\/redazione\/\"}]}<\/script>\n<!-- \/ Yoast SEO Premium plugin. -->","yoast_head_json":{"title":"Covid, in Toscana 277 nuovi casi. I positivi sono al momento 5.070 - intoscana","description":"L'et\u00e0 media dei nuovi casi in Toscana \u00e8 di 44 anni. Stabili i ricoveri, ma calano complessivamente i positivi (-1,1%). Nelle ultime 24 ore si sono registrati 3 decessi","robots":{"index":"index","follow":"follow","max-snippet":"max-snippet:-1","max-image-preview":"max-image-preview:large","max-video-preview":"max-video-preview:-1"},"canonical":"https:\/\/www.intoscana.it\/it\/covid-in-toscana-277-nuovi-casi-i-positivi-sono-al-momento-5-070\/","og_locale":"it_IT","og_type":"article","og_title":"Covid, in Toscana 277 nuovi casi. I positivi sono al momento 5.070","og_description":"L'et\u00e0 media dei nuovi casi in Toscana \u00e8 di 44 anni. Stabili i ricoveri, ma calano complessivamente i positivi (-1,1%). Nelle ultime 24 ore si sono registrati 3 decessi","og_url":"https:\/\/www.intoscana.it\/it\/covid-in-toscana-277-nuovi-casi-i-positivi-sono-al-momento-5-070\/","og_site_name":"intoscana","article_publisher":"https:\/\/www.facebook.com\/intoscana.it","article_published_time":"2021-10-21T13:10:06+00:00","article_modified_time":"2021-10-22T10:56:45+00:00","og_image":[{"width":1920,"height":1280,"url":"https:\/\/www.intoscana.it\/wp-content\/uploads\/Bambino-con-mascherina-Oxana-Melis-Unsplash.jpg","type":"image\/jpeg"}],"author":"Redazione","twitter_card":"summary_large_image","twitter_creator":"@intoscana","twitter_site":"@intoscana","twitter_misc":{"Written by":"Redazione","Est. reading time":"3 minuti"},"schema":{"@context":"https:\/\/schema.org","@graph":[{"@type":"WebPage","@id":"https:\/\/www.intoscana.it\/it\/covid-in-toscana-277-nuovi-casi-i-positivi-sono-al-momento-5-070\/","url":"https:\/\/www.intoscana.it\/it\/covid-in-toscana-277-nuovi-casi-i-positivi-sono-al-momento-5-070\/","name":"Covid, in Toscana 277 nuovi casi. I positivi sono al momento 5.070 - intoscana","isPartOf":{"@id":"https:\/\/www.intoscana.it\/it\/#website"},"primaryImageOfPage":{"@id":"https:\/\/www.intoscana.it\/it\/covid-in-toscana-277-nuovi-casi-i-positivi-sono-al-momento-5-070\/#primaryimage"},"image":{"@id":"https:\/\/www.intoscana.it\/it\/covid-in-toscana-277-nuovi-casi-i-positivi-sono-al-momento-5-070\/#primaryimage"},"thumbnailUrl":"https:\/\/www.intoscana.it\/wp-content\/uploads\/Bambino-con-mascherina-Oxana-Melis-Unsplash.jpg","datePublished":"2021-10-21T13:10:06+00:00","dateModified":"2021-10-22T10:56:45+00:00","author":{"@id":"https:\/\/www.intoscana.it\/it\/#\/schema\/person\/9223810753230f20bd670fdd322661f8"},"description":"L'et\u00e0 media dei nuovi casi in Toscana \u00e8 di 44 anni. Stabili i ricoveri, ma calano complessivamente i positivi (-1,1%). Nelle ultime 24 ore si sono registrati 3 decessi","breadcrumb":{"@id":"https:\/\/www.intoscana.it\/it\/covid-in-toscana-277-nuovi-casi-i-positivi-sono-al-momento-5-070\/#breadcrumb"},"inLanguage":"it-IT","potentialAction":[{"@type":"ReadAction","target":["https:\/\/www.intoscana.it\/it\/covid-in-toscana-277-nuovi-casi-i-positivi-sono-al-momento-5-070\/"]}]},{"@type":"ImageObject","inLanguage":"it-IT","@id":"https:\/\/www.intoscana.it\/it\/covid-in-toscana-277-nuovi-casi-i-positivi-sono-al-momento-5-070\/#primaryimage","url":"https:\/\/www.intoscana.it\/wp-content\/uploads\/Bambino-con-mascherina-Oxana-Melis-Unsplash.jpg","contentUrl":"https:\/\/www.intoscana.it\/wp-content\/uploads\/Bambino-con-mascherina-Oxana-Melis-Unsplash.jpg","width":1920,"height":1280,"caption":"Bambino con mascherina"},{"@type":"BreadcrumbList","@id":"https:\/\/www.intoscana.it\/it\/covid-in-toscana-277-nuovi-casi-i-positivi-sono-al-momento-5-070\/#breadcrumb","itemListElement":[{"@type":"ListItem","position":1,"name":"Home","item":"https:\/\/www.intoscana.it\/it\/"},{"@type":"ListItem","position":2,"name":"Covid, in Toscana 277 nuovi casi. I positivi sono al momento 5.070"}]},{"@type":"WebSite","@id":"https:\/\/www.intoscana.it\/it\/#website","url":"https:\/\/www.intoscana.it\/it\/","name":"intoscana","description":"","potentialAction":[{"@type":"SearchAction","target":{"@type":"EntryPoint","urlTemplate":"https:\/\/www.intoscana.it\/it\/?s={search_term_string}"},"query-input":{"@type":"PropertyValueSpecification","valueRequired":true,"valueName":"search_term_string"}}],"inLanguage":"it-IT"},{"@type":"Person","@id":"https:\/\/www.intoscana.it\/it\/#\/schema\/person\/9223810753230f20bd670fdd322661f8","name":"Redazione","url":"https:\/\/www.intoscana.it\/it\/author\/redazione\/"}]}},"_links":{"self":[{"href":"https:\/\/www.intoscana.it\/it\/wp-json\/wp\/v2\/posts\/195156","targetHints":{"allow":["GET"]}}],"collection":[{"href":"https:\/\/www.intoscana.it\/it\/wp-json\/wp\/v2\/posts"}],"about":[{"href":"https:\/\/www.intoscana.it\/it\/wp-json\/wp\/v2\/types\/post"}],"author":[{"embeddable":true,"href":"https:\/\/www.intoscana.it\/it\/wp-json\/wp\/v2\/users\/525"}],"replies":[{"embeddable":true,"href":"https:\/\/www.intoscana.it\/it\/wp-json\/wp\/v2\/comments?post=195156"}],"version-history":[{"count":0,"href":"https:\/\/www.intoscana.it\/it\/wp-json\/wp\/v2\/posts\/195156\/revisions"}],"wp:featuredmedia":[{"embeddable":true,"href":"https:\/\/www.intoscana.it\/it\/wp-json\/wp\/v2\/media\/195159"}],"wp:attachment":[{"href":"https:\/\/www.intoscana.it\/it\/wp-json\/wp\/v2\/media?parent=195156"}],"wp:term":[{"taxonomy":"category","embeddable":true,"href":"https:\/\/www.intoscana.it\/it\/wp-json\/wp\/v2\/categories?post=195156"},{"taxonomy":"post_tag","embeddable":true,"href":"https:\/\/www.intoscana.it\/it\/wp-json\/wp\/v2\/tags?post=195156"}],"curies":[{"name":"wp","href":"https:\/\/api.w.org\/{rel}","templated":true}]}}