{"id":195526,"date":"2021-10-26T09:45:48","date_gmt":"2021-10-26T07:45:48","guid":{"rendered":"https:\/\/www.intoscana.it\/it\/?p=195526"},"modified":"2021-10-26T09:46:51","modified_gmt":"2021-10-26T07:46:51","slug":"festival-salute-2021","status":"publish","type":"post","link":"https:\/\/www.intoscana.it\/it\/festival-salute-2021\/","title":{"rendered":"Il Ministro Speranza aprir\u00e0 il XIV Festival della Salute in Toscana: 100 eventi tra Viareggio e Siena"},"content":{"rendered":"<p><strong>La corretta comunicazione quando si parla di salute<\/strong> \u00e8 sempre pi\u00f9 importante e necessaria, specie in questo periodo storico.\u00a0Torna in Toscana il<a href=\"https:\/\/festivaldellasalute.it\" target=\"_blank\" rel=\"noopener\"><strong> Festival della Salute<\/strong><\/a> che coinvolger\u00e0<strong>\u00a0enti di ricerca e di cura di livello internazionale<\/strong>\u00a0e la contemporanea adesione di tutte le categorie professionali della medicina e della sanit\u00e0 con <strong>un linguaggio in grado di arrivare a tutti<\/strong>.<\/p>\n<p><strong>Il ministro della Salute Roberto Speranza,<\/strong> sar\u00e0 all&#8217;inaugurazione della <strong>14esima edizione<\/strong> il 28 ottobre alle 17, a <strong>Torre del Lago<\/strong>, alla presenza anche del presidente della Toscana<strong> Eugenio Giani <\/strong>e dell&#8217;assessore al diritto alla salute<strong> Simone Bezzini<\/strong>.<\/p>\n<p>Il festival si terr\u00e0\u00a0<strong>a Viareggio dal 28 al 31 ottobre e a Siena dall&#8217;11 al 14 novembre\u00a0<\/strong>con <strong>esperti altamente qualificati e relatori di spessore nazionale e internazionale<\/strong>, in materia di <strong>divulgazione medico-scientifica, prevenzione e corretti stili di vita<\/strong>.<\/p>\n<p>Il Festival della Salute sar\u00e0 <strong>un festival &#8216;multicanale&#8217;,<\/strong> perch\u00e9 si svolger\u00e0 in diverse modalit\u00e0<strong> in presenza, in televisione<\/strong> e anche <strong>online.<\/strong>\u00a0In programma\u00a0<strong>18 trasmissioni web tv<\/strong> e circa<strong> un centinaio di incontri tra convegni, talk show, interviste, spettacoli tra Viareggio e Siena <\/strong>sui temi della salute a 360 gradi.<\/p>\n<p><em><strong>\u201cIl Festival della salute<\/strong> \u00e8 un evento, che, da quattordici anni a questa parte, consente di affrontare temi importanti della medicina e della sanit\u00e0 con modalit\u00e0 comunicative in grado di arrivare a tutti &#8211; <\/em><strong>ha affermato il presidente della Toscana Eugenio Giani <\/strong><em>-. Per noi \u00e8 <strong>uno strumento in pi\u00f9, per arricchire la nostra conoscenza,<\/strong> mettendo a confronto i migliori progetti, esperienze e attivit\u00e0 dei vari sistemi sanitari italiani e non solo, e per informare correttamente le famiglie e i nostri giovani, soprattutto in un periodo storico come quello attuale, chiamato a confrontarsi con un\u2019emergenza sanitaria senza precedenti. Inoltre, la presenza di enti di ricerca e di cura di livello internazionale ci consente di proiettarci verso il futuro, cogliendo le <strong>migliori opportunit\u00e0 di rilancio del nostro servizio sanitario pubblico attraverso il Pnrr\u201d.<\/strong><\/em><\/p>\n<p>Sia a Viareggio che a Siena, la <strong>Regione Toscana<\/strong> sar\u00e0 presente al Festival con un suo stand e con seminari e iniziative, finalizzati alla promozione dell\u2019app <em><strong>\u201cSST-Toscana Sicura\u201d<\/strong> <\/em>e della cultura della prevenzione in ambito socio-sanitario.<\/p>\n<p><em>\u201cIl Festival della Salute \u00e8 un appuntamento immancabile con il quale, anche quest\u2019anno, vogliamo offrire alla collettivit\u00e0, a partire dai giovani, l\u2019opportunit\u00e0 di partecipare a tanti eventi e incontri dedicati al bene pi\u00f9 prezioso per tutti noi: la salute <\/em><strong>&#8211; ha dichiarato l\u2019assessore al diritto alla salute Simone Bezzini <\/strong><em>-. Il Festival, grazie al contributo di tutti i soggetti coinvolti, rappresenta inoltre<strong> una straordinaria occasione aperta alla cittadinanza sia per effettuare screening e consulenze mediche gratuite,<\/strong> in un\u2019ottica di promozione della prevenzione, sia per conoscere, ascoltare e porre domande sulle tante tematiche trattate che riguardano <strong>il nostro benessere e le nostre scelte quotidiane di salute\u201d.<\/strong><\/em><\/p>\n<h3>I temi affrontati al Festival della Salute<\/h3>\n<p><strong>La prima parte<\/strong> del festival a Viareggio \u00e8 dedicata, in particolare, al <strong>rapporto tra ambiente e salute<\/strong> con approfondimenti sull&#8217;importanza della prevenzione, della promozione della salute e dei corretti stili di vita. Tra i temi trattati anche: la relazione tra ambiente e pandemie, prevenzione come difesa della salute, il valore della Donazione, vivere a lungo e patologie neurologiche, lo sport come medicina per tutti, il mare per la salute dell\u2019uomo, il terzo settore a difesa della natura e come integrazione ai servizi sociali, l\u2019ambiente che cura, vivere in modo diverso: istruzioni per l\u2019uomo, la medicina ambientale (SIMA), malattie rare: a che punto siamo?, sana alimentazione come terapia, psiche un equilibrio da ripristinare dopo la pandemia, interventi e terapie assistite con gli animali.<\/p>\n<p><strong>La seconda tranche<\/strong>, a Siena, sar\u00e0 dedicata alla<strong> scienza, alla ricerca e innovazione, alla salute futura<\/strong>. A Siena si parler\u00e0 anche di: la salute un diritto per tutti: come raggiungere questo obiettivo, vaccini e terapie monoclonali siamo all\u2019avanguardia, i virus come nascono e come dobbiamo difenderci, riabilitazione nel post Covid: il percorso terapeutico, immunoterapia oncologica: le nuove applicazioni, cardiologia, cardiochirurgia mininvasiva ed emodinamica, giornata mondiale del diabete, il valore della Donazione, ospedale futuro, psiche e pandemia un equilibrio da ripristinare in adolescenti e adulti, la medicina del territorio, la digitalizzazione in sanit\u00e0, un percorso obbligato e necessario per la nostra salute, le professioni in medicina e sanit\u00e0: professionalit\u00e0 in prima linea.<\/p>\n<h3>Come accedere al Festival<\/h3>\n<p>Per accedere alle Sale <strong>\u00e8 obbligatorio il green pass.<\/strong> Per chi ne \u00e8 sprovvisto, <strong>Farmacity effettuer\u00e0 i tamponi<\/strong> nella propria postazione situata nei pressi del centro congressi il Principino gratuito fino a 18 anni e a pagamento convenzionato per i maggiorenni.<strong> Tutti gli appuntamenti del festival sono ad ingresso gratuito<\/strong> e l\u2019accesso alle sale \u00e8 consentito fino ad esaurimento posti nel rispetto delle norme vigenti.<\/p>\n<p>&nbsp;<\/p>\n","protected":false},"excerpt":{"rendered":"<p>Il festival si terr\u00e0\u00a0a Viareggio dal 28 al 31 ottobre e a Siena dall&#8217;11 al 14 novembre\u00a0con esperti altamente qualificati e relatori di spessore nazionale e internazionale<\/p>\n","protected":false},"author":518,"featured_media":145445,"comment_status":"open","ping_status":"open","sticky":false,"template":"","format":"standard","meta":{"_acf_changed":false,"footnotes":""},"categories":[18],"tags":[4474,228,151,134],"class_list":["post-195526","post","type-post","status-publish","format-standard","has-post-thumbnail","hentry","category-salute","tag-eventi","tag-festival","tag-regione-toscana","tag-salute"],"acf":[],"yoast_head":"<!-- This site is optimized with the Yoast SEO Premium plugin v24.2 (Yoast SEO v25.6) - https:\/\/yoast.com\/wordpress\/plugins\/seo\/ -->\n<title>Il Ministro Speranza aprir\u00e0 il XIV Festival della Salute in Toscana: 100 eventi tra Viareggio e Siena - intoscana<\/title>\n<meta name=\"description\" content=\"Il festival si terr\u00e0\u00a0a Viareggio dal 28 al 31 ottobre e a Siena dall&#039;11 al 14 novembre\u00a0con esperti e relatori di spessore internazionale\" \/>\n<meta name=\"robots\" content=\"index, follow, max-snippet:-1, max-image-preview:large, max-video-preview:-1\" \/>\n<link rel=\"canonical\" href=\"https:\/\/www.intoscana.it\/it\/festival-salute-2021\/\" \/>\n<meta property=\"og:locale\" content=\"it_IT\" \/>\n<meta property=\"og:type\" content=\"article\" \/>\n<meta property=\"og:title\" content=\"Il Ministro Speranza aprir\u00e0 il XIV Festival della Salute in Toscana: 100 eventi tra Viareggio e Siena\" \/>\n<meta property=\"og:description\" content=\"Il festival si terr\u00e0\u00a0a Viareggio dal 28 al 31 ottobre e a Siena dall&#039;11 al 14 novembre\u00a0con esperti e relatori di spessore internazionale\" \/>\n<meta property=\"og:url\" content=\"https:\/\/www.intoscana.it\/it\/festival-salute-2021\/\" \/>\n<meta property=\"og:site_name\" content=\"intoscana\" \/>\n<meta property=\"article:publisher\" content=\"https:\/\/www.facebook.com\/intoscana.it\" \/>\n<meta property=\"article:published_time\" content=\"2021-10-26T07:45:48+00:00\" \/>\n<meta property=\"article:modified_time\" content=\"2021-10-26T07:46:51+00:00\" \/>\n<meta property=\"og:image\" content=\"https:\/\/www.intoscana.it\/wp-content\/uploads\/speranza-1.jpg\" \/>\n\t<meta property=\"og:image:width\" content=\"1920\" \/>\n\t<meta property=\"og:image:height\" content=\"1246\" \/>\n\t<meta property=\"og:image:type\" content=\"image\/jpeg\" \/>\n<meta name=\"author\" content=\"Costanza Baldini\" \/>\n<meta name=\"twitter:card\" content=\"summary_large_image\" \/>\n<meta name=\"twitter:creator\" content=\"@intoscana\" \/>\n<meta name=\"twitter:site\" content=\"@intoscana\" \/>\n<meta name=\"twitter:label1\" content=\"Written by\" \/>\n\t<meta name=\"twitter:data1\" content=\"Costanza Baldini\" \/>\n\t<meta name=\"twitter:label2\" content=\"Est. reading time\" \/>\n\t<meta name=\"twitter:data2\" content=\"4 minuti\" \/>\n<script type=\"application\/ld+json\" class=\"yoast-schema-graph\">{\"@context\":\"https:\/\/schema.org\",\"@graph\":[{\"@type\":\"WebPage\",\"@id\":\"https:\/\/www.intoscana.it\/it\/festival-salute-2021\/\",\"url\":\"https:\/\/www.intoscana.it\/it\/festival-salute-2021\/\",\"name\":\"Il Ministro Speranza aprir\u00e0 il XIV Festival della Salute in Toscana: 100 eventi tra Viareggio e Siena - intoscana\",\"isPartOf\":{\"@id\":\"https:\/\/www.intoscana.it\/it\/#website\"},\"primaryImageOfPage\":{\"@id\":\"https:\/\/www.intoscana.it\/it\/festival-salute-2021\/#primaryimage\"},\"image\":{\"@id\":\"https:\/\/www.intoscana.it\/it\/festival-salute-2021\/#primaryimage\"},\"thumbnailUrl\":\"https:\/\/www.intoscana.it\/wp-content\/uploads\/speranza-1.jpg\",\"datePublished\":\"2021-10-26T07:45:48+00:00\",\"dateModified\":\"2021-10-26T07:46:51+00:00\",\"author\":{\"@id\":\"https:\/\/www.intoscana.it\/it\/#\/schema\/person\/d469f35f09739bdf00bf5dd3f0647a82\"},\"description\":\"Il festival si terr\u00e0\u00a0a Viareggio dal 28 al 31 ottobre e a Siena dall'11 al 14 novembre\u00a0con esperti e relatori di spessore internazionale\",\"breadcrumb\":{\"@id\":\"https:\/\/www.intoscana.it\/it\/festival-salute-2021\/#breadcrumb\"},\"inLanguage\":\"it-IT\",\"potentialAction\":[{\"@type\":\"ReadAction\",\"target\":[\"https:\/\/www.intoscana.it\/it\/festival-salute-2021\/\"]}]},{\"@type\":\"ImageObject\",\"inLanguage\":\"it-IT\",\"@id\":\"https:\/\/www.intoscana.it\/it\/festival-salute-2021\/#primaryimage\",\"url\":\"https:\/\/www.intoscana.it\/wp-content\/uploads\/speranza-1.jpg\",\"contentUrl\":\"https:\/\/www.intoscana.it\/wp-content\/uploads\/speranza-1.jpg\",\"width\":1920,\"height\":1246,\"caption\":\"Il ministro Speranza\"},{\"@type\":\"BreadcrumbList\",\"@id\":\"https:\/\/www.intoscana.it\/it\/festival-salute-2021\/#breadcrumb\",\"itemListElement\":[{\"@type\":\"ListItem\",\"position\":1,\"name\":\"Home\",\"item\":\"https:\/\/www.intoscana.it\/it\/\"},{\"@type\":\"ListItem\",\"position\":2,\"name\":\"Il Ministro Speranza aprir\u00e0 il XIV Festival della Salute in Toscana: 100 eventi tra Viareggio e Siena\"}]},{\"@type\":\"WebSite\",\"@id\":\"https:\/\/www.intoscana.it\/it\/#website\",\"url\":\"https:\/\/www.intoscana.it\/it\/\",\"name\":\"intoscana\",\"description\":\"\",\"potentialAction\":[{\"@type\":\"SearchAction\",\"target\":{\"@type\":\"EntryPoint\",\"urlTemplate\":\"https:\/\/www.intoscana.it\/it\/?s={search_term_string}\"},\"query-input\":{\"@type\":\"PropertyValueSpecification\",\"valueRequired\":true,\"valueName\":\"search_term_string\"}}],\"inLanguage\":\"it-IT\"},{\"@type\":\"Person\",\"@id\":\"https:\/\/www.intoscana.it\/it\/#\/schema\/person\/d469f35f09739bdf00bf5dd3f0647a82\",\"name\":\"Costanza Baldini\",\"url\":\"https:\/\/www.intoscana.it\/it\/author\/costanza-baldini\/\"}]}<\/script>\n<!-- \/ Yoast SEO Premium plugin. -->","yoast_head_json":{"title":"Il Ministro Speranza aprir\u00e0 il XIV Festival della Salute in Toscana: 100 eventi tra Viareggio e Siena - intoscana","description":"Il festival si terr\u00e0\u00a0a Viareggio dal 28 al 31 ottobre e a Siena dall'11 al 14 novembre\u00a0con esperti e relatori di spessore internazionale","robots":{"index":"index","follow":"follow","max-snippet":"max-snippet:-1","max-image-preview":"max-image-preview:large","max-video-preview":"max-video-preview:-1"},"canonical":"https:\/\/www.intoscana.it\/it\/festival-salute-2021\/","og_locale":"it_IT","og_type":"article","og_title":"Il Ministro Speranza aprir\u00e0 il XIV Festival della Salute in Toscana: 100 eventi tra Viareggio e Siena","og_description":"Il festival si terr\u00e0\u00a0a Viareggio dal 28 al 31 ottobre e a Siena dall'11 al 14 novembre\u00a0con esperti e relatori di spessore internazionale","og_url":"https:\/\/www.intoscana.it\/it\/festival-salute-2021\/","og_site_name":"intoscana","article_publisher":"https:\/\/www.facebook.com\/intoscana.it","article_published_time":"2021-10-26T07:45:48+00:00","article_modified_time":"2021-10-26T07:46:51+00:00","og_image":[{"width":1920,"height":1246,"url":"https:\/\/www.intoscana.it\/wp-content\/uploads\/speranza-1.jpg","type":"image\/jpeg"}],"author":"Costanza Baldini","twitter_card":"summary_large_image","twitter_creator":"@intoscana","twitter_site":"@intoscana","twitter_misc":{"Written by":"Costanza Baldini","Est. reading time":"4 minuti"},"schema":{"@context":"https:\/\/schema.org","@graph":[{"@type":"WebPage","@id":"https:\/\/www.intoscana.it\/it\/festival-salute-2021\/","url":"https:\/\/www.intoscana.it\/it\/festival-salute-2021\/","name":"Il Ministro Speranza aprir\u00e0 il XIV Festival della Salute in Toscana: 100 eventi tra Viareggio e Siena - intoscana","isPartOf":{"@id":"https:\/\/www.intoscana.it\/it\/#website"},"primaryImageOfPage":{"@id":"https:\/\/www.intoscana.it\/it\/festival-salute-2021\/#primaryimage"},"image":{"@id":"https:\/\/www.intoscana.it\/it\/festival-salute-2021\/#primaryimage"},"thumbnailUrl":"https:\/\/www.intoscana.it\/wp-content\/uploads\/speranza-1.jpg","datePublished":"2021-10-26T07:45:48+00:00","dateModified":"2021-10-26T07:46:51+00:00","author":{"@id":"https:\/\/www.intoscana.it\/it\/#\/schema\/person\/d469f35f09739bdf00bf5dd3f0647a82"},"description":"Il festival si terr\u00e0\u00a0a Viareggio dal 28 al 31 ottobre e a Siena dall'11 al 14 novembre\u00a0con esperti e relatori di spessore internazionale","breadcrumb":{"@id":"https:\/\/www.intoscana.it\/it\/festival-salute-2021\/#breadcrumb"},"inLanguage":"it-IT","potentialAction":[{"@type":"ReadAction","target":["https:\/\/www.intoscana.it\/it\/festival-salute-2021\/"]}]},{"@type":"ImageObject","inLanguage":"it-IT","@id":"https:\/\/www.intoscana.it\/it\/festival-salute-2021\/#primaryimage","url":"https:\/\/www.intoscana.it\/wp-content\/uploads\/speranza-1.jpg","contentUrl":"https:\/\/www.intoscana.it\/wp-content\/uploads\/speranza-1.jpg","width":1920,"height":1246,"caption":"Il ministro Speranza"},{"@type":"BreadcrumbList","@id":"https:\/\/www.intoscana.it\/it\/festival-salute-2021\/#breadcrumb","itemListElement":[{"@type":"ListItem","position":1,"name":"Home","item":"https:\/\/www.intoscana.it\/it\/"},{"@type":"ListItem","position":2,"name":"Il Ministro Speranza aprir\u00e0 il XIV Festival della Salute in Toscana: 100 eventi tra Viareggio e Siena"}]},{"@type":"WebSite","@id":"https:\/\/www.intoscana.it\/it\/#website","url":"https:\/\/www.intoscana.it\/it\/","name":"intoscana","description":"","potentialAction":[{"@type":"SearchAction","target":{"@type":"EntryPoint","urlTemplate":"https:\/\/www.intoscana.it\/it\/?s={search_term_string}"},"query-input":{"@type":"PropertyValueSpecification","valueRequired":true,"valueName":"search_term_string"}}],"inLanguage":"it-IT"},{"@type":"Person","@id":"https:\/\/www.intoscana.it\/it\/#\/schema\/person\/d469f35f09739bdf00bf5dd3f0647a82","name":"Costanza Baldini","url":"https:\/\/www.intoscana.it\/it\/author\/costanza-baldini\/"}]}},"_links":{"self":[{"href":"https:\/\/www.intoscana.it\/it\/wp-json\/wp\/v2\/posts\/195526","targetHints":{"allow":["GET"]}}],"collection":[{"href":"https:\/\/www.intoscana.it\/it\/wp-json\/wp\/v2\/posts"}],"about":[{"href":"https:\/\/www.intoscana.it\/it\/wp-json\/wp\/v2\/types\/post"}],"author":[{"embeddable":true,"href":"https:\/\/www.intoscana.it\/it\/wp-json\/wp\/v2\/users\/518"}],"replies":[{"embeddable":true,"href":"https:\/\/www.intoscana.it\/it\/wp-json\/wp\/v2\/comments?post=195526"}],"version-history":[{"count":0,"href":"https:\/\/www.intoscana.it\/it\/wp-json\/wp\/v2\/posts\/195526\/revisions"}],"wp:featuredmedia":[{"embeddable":true,"href":"https:\/\/www.intoscana.it\/it\/wp-json\/wp\/v2\/media\/145445"}],"wp:attachment":[{"href":"https:\/\/www.intoscana.it\/it\/wp-json\/wp\/v2\/media?parent=195526"}],"wp:term":[{"taxonomy":"category","embeddable":true,"href":"https:\/\/www.intoscana.it\/it\/wp-json\/wp\/v2\/categories?post=195526"},{"taxonomy":"post_tag","embeddable":true,"href":"https:\/\/www.intoscana.it\/it\/wp-json\/wp\/v2\/tags?post=195526"}],"curies":[{"name":"wp","href":"https:\/\/api.w.org\/{rel}","templated":true}]}}