{"id":195568,"date":"2022-10-03T10:04:41","date_gmt":"2022-10-03T08:04:41","guid":{"rendered":"https:\/\/www.intoscana.it\/it\/?p=195568"},"modified":"2022-10-03T10:43:40","modified_gmt":"2022-10-03T08:43:40","slug":"counting-crows-firenze","status":"publish","type":"post","link":"https:\/\/www.intoscana.it\/it\/counting-crows-firenze\/","title":{"rendered":"I Counting Crows in concerto a Firenze, Adam Duritz: &#8220;Puccini era il Paul McCartney del suo tempo&#8221;"},"content":{"rendered":"<p>Sei anni dopo la loro ultima volta in Italia conclusa con la trionfale apertura del concerto di <strong>Bruce Springsteen al Circo Massimo di Roma<\/strong> il 16 luglio 2016 i <strong>Counting Crows<\/strong> tornano <strong>gioved\u00ec 6 ottobre\u00a0al Tuscany Hall di Firenze<\/strong>.<\/p>\n<p>I<strong> Couting Crows<\/strong> fondati dal cantante <strong>Adam Duritz\u00a0con i suoi inconfondibili dreadlocks<\/strong> e dal chitarrista <strong>David Bryson<\/strong>\u00a0(gi\u00e0 insieme nei <strong>The Himalayans<\/strong>)\u00a0hanno avuto un debutto fulminante nel <strong>1993,<\/strong> anno in cui hanno pubblicato la hit <em><strong>&#8220;Mr Jones&#8221; <\/strong><\/em>presente nell&#8217;album d&#8217;esordio <strong><em>&#8220;August and Everithing After&#8221;<\/em>.\u00a0<\/strong><\/p>\n<p>Da allora i <strong>Counting Crows non si sono mai fermati<\/strong> pubblicando<strong> sette\u00a0album in studio,<\/strong>\u00a0incantando gli ascoltatori di tutto il mondo con la loro interpretazione intensa e appassionata di un<strong> rock\u2019n\u2019roll senza tempo <\/strong>e\u00a0vendendo complessivamente pi\u00f9 di <strong>20 milioni di dischi in tutto il mondo.<\/strong><\/p>\n<p>Il tour segue\u00a0l\u2019uscita\u00a0di <em><strong>Butter Miracle: Suite One<\/strong><\/em>, una suite di quattro pezzi per una durata complessiva di 19 minuti uscita la scorsa estate su etichetta BMG.<\/p>\n<p>L\u2019ultimo full-length dei Counting Crows \u00e8 <em><strong>Somewhere Under Wonderland,<\/strong><\/em> uscito nel 2014, che <strong>The Daily Telegraph<\/strong> ha definito la miglior raccolta di canzoni dal loro debutto.<\/p>\n<h3>Ecco la nostra intervista a Adam Duritz<\/h3>\n<p><strong>Adam stai per partire per un grande tour in Europa. Immagino che tornare a suonare dopo il Covid-19 sia una grande emozione<\/strong><\/p>\n<p>Siamo appena tornati dal tour in America, siamo stati fuori per circa un paio di mesi, <strong>\u00e8 stato grandioso!<\/strong> Molto stressante perch\u00e9 abbiamo dovuto prestare davvero <strong>molta attenzione alle varie misure di sicurezza<\/strong>, abbiamo dovuto mantenere molto rigida la nostra bolla di contatti, non potevamo avere ospiti, ma \u00e8 stato anche molto molto esaltante tornare a suonare. <strong>Non ero mai stato cos\u00ec a lungo senza!<\/strong> Da quando ho iniziato con la mia prima band ho sempre suonato almeno una volta al mese, ma adesso <strong>siamo stati fuori dai giochi per due anni,<\/strong> \u00e8 stato molto strano per me.<\/p>\n<p><strong>Negli anni \u201890 i Counting Crows hanno riscosso un enorme successo, tutti nel mondo cantavano &#8220;Mr Jones&#8221;. Come hai affrontato l&#8217;esperienza del successo a livello planetario?<\/strong><\/p>\n<p>Semplicemente continuando a fare musica. Non penso che ci siamo soffermati a pensarci cos\u00ec tanto. Sicuramente <strong>\u00e8 stato un po\u2019 strano passare dall\u2019essere completamente sconosciuti all\u2019avere tutti che ti fissano per strada.<\/strong> Mi fece sentire molto a disagio al tempo, ma insomma, si pu\u00f2 sopravvivere, si va oltre certe cose. Per me la cosa pi\u00f9 importante era semplicemente continuare a fare altra musica, e mi sono concentrato su quello.<\/p>\n<p><strong>Pensi che il mondo dei social network e delle piattaforme come YouTube e Spotify abbia cambiato la musica? Quali sono seconde te le differenze pi\u00f9 significative con gli anni \u201890, quando era puro rock\u2019n roll, e c\u2019erano solo i negozi di dischi e le riviste specializzate?<\/strong><\/p>\n<p>Penso che sia molto meglio ora sotto tanti punti di vista, certo ci sono anche degli svantaggi. <strong>Probabilmente era molto pi\u00f9 semplice essere una rock star negli anni \u201890 ma era molto pi\u00f9 difficile essere un musicista<\/strong>. Intendo, le sale di registrazione costavano una fortuna, era davvero difficile per una band indipendente stampare un disco, la distribuzione era impossibile, incidere le tracce sui cd e spedirli attraverso i camion in tutto il mondo era un&#8217;impresa, soprattutto da musicista indipendente, avevi bisogno di avere una casa discografica e la maggior parte fanno schifo.<\/p>\n<p>Oggi puoi creare i tuoi pezzi sul tuo computer a casa, farlo \u00e8 molto pi\u00f9 semplice per chiunque, e puoi anche distribuirli mettendoli su Bandcamp: fa un\u2019enorme differenza per la maggior parte dei musicisti. Ci sono molti pi\u00f9 vantaggi per tutti adesso, <strong>l\u2019unica cosa che \u00e8 una vergogna, \u00e8 davvero una vergogna, \u00e8 che adesso nessuno paga pi\u00f9 per la musica<\/strong>. Quello \u00e8 un problema, perch\u00e9, per dire, le gomme nuove hanno il loro prezzo, la televisione ha il suo prezzo, qualunque cosa ha il suo prezzo ma<strong> l\u2019arte non vale nulla.\u00a0<\/strong>Non \u00e8 colpa di internet, ma la gente se ne \u00e8 approfittata e quindi nessuno vuole pi\u00f9 fare musica, o meglio, pagare pi\u00f9 per la musica. In quel senso \u00e8 dura, ma da tutti gli altri punti di vista \u00e8 molto meglio.<\/p>\n<p><iframe loading=\"lazy\" title=\"YouTube video player\" src=\"https:\/\/www.youtube.com\/embed\/-oqAU5VxFWs\" width=\"800\" height=\"500\" frameborder=\"0\" allowfullscreen=\"allowfullscreen\"><span data-mce-type=\"bookmark\" style=\"display: inline-block; width: 0px; overflow: hidden; line-height: 0;\" class=\"mce_SELRES_start\">\ufeff<\/span><\/iframe><\/p>\n<p><strong>Qualche giorno fa ho letto un articolo nella stampa italiana che parlava molto del tuo nuovo taglio di capelli e mi sembra piuttosto ridicolo che ci sia sempre bisogno, nella nostra societ\u00e0, di concentrarsi sull\u2019aspetto estetico. Cosa ne pensi?\u00a0<\/strong><\/p>\n<p>S\u00ec e no, <strong>da un lato sono sbalordito dall\u2019interesse che c\u2019\u00e8 nei confronti del mio taglio di capelli,<\/strong> dall\u2019altro lato capisco che sono stato una persona molto famosa che portava i<strong> dreadlocks<\/strong> e che li ha portati a lungo, quindi posso capire. Penso che le persone che sono davvero interessate alla nostra band si concentrino di pi\u00f9 sulla musica, ma posso anche capire il motivo per il quale il pubblico in generale si interessi del mio taglio di capelli, ha senso per me, sarebbe ingenuo, sarebbe falso dire che non capisco. Mi sembra stupido parlare di un taglio di capelli ma <strong>capisco perch\u00e9 vogliano parlarne<\/strong> (ride).<\/p>\n<p><strong>La scorsa estate \u00e8 stato lanciato &#8220;Butter Miracle: Suite One&#8221;, come \u00e8 nato questo album? Stai gi\u00e0 scrivendo Suite Two?<\/strong><\/p>\n<p>Negli ultimi cinque anni ho speso molto tempo nella fattoria di un amico che vive nella parte occidentale dell\u2019Inghilterra. Ero l\u00ec, pi\u00f9 o meno ad agosto del 2019, e passavo spesso molto tempo da solo. Ho iniziato ad avere la voglia di suonare il piano, ed ho affittato una pianola, e dopo un paio di giorno scrissi <em><strong>The Tall Grass<\/strong><\/em>, e il giorno dopo cercavo di suonarla di nuovo, pensando a quale dovesse durare la canzone, magari dovevo allungarne la fine. Ho provato diversi accordi, mi sembravano molto buoni e mi sono ritrovato a cantare questo verso <em><strong>\u201cBobby was a kid from round the town\u201d,<\/strong><\/em> suonava davvero bene e per un minuto ho pensato \u201cOh, mi sa che questa \u00e8 una canzone molto pi\u00f9 lunga\u201d, capito, \u201cmi sa che questa \u00e8 come <em><strong>Palisades Park<\/strong><\/em>, c\u2019\u00e8 tanto altro movimento qui\u201d, e ho iniziato a lavorarci ma dopo un qualche altro minuto ho capito \u201cQuesta non \u00e8 una canzone pi\u00f9 lunga, ma una canzone diversa\u201d.<\/p>\n<p>Mi intrigava, wow! Sembrava fosse parte della stessa canzone, era semplicemente fluita fuori da The Tall Grass, e poi mi sono chiesto: \u201c<strong>che succede se scrivo una serie di canzoni che scorrono insieme come se fosse un\u2019unica lunga canzone?\u201d.<\/strong> E questo mi ha dato l\u2019idea di scrivere una Suite di musica come questa, mi sono gasato un sacco a riguardo, ed <strong>\u00e8 stata la prima volta dopo tanto tempo che mi sono sentito eccitato all\u2019idea di scrivere musica.<\/strong> Questa \u00e8 la storia della nascita della Suite One. Per quanto riguarda la nuova Suite&#8230; Ero di nuovo alla fattoria a giugno di quest\u2019anno, non ci tornavo da un anno o due, e ho scritto gran parte della quarta canzone, <strong>ci stavo lavorando anche la notte scorsa.<\/strong><\/p>\n<p><strong>Posso chiederti qualcosa sulla line up del tour? Cosa suonerete quando arriverete in Italia?<\/strong><\/p>\n<p>Oh, non lo so! Cambiamo la set list ogni sera, perci\u00f2 non so con cosa inizieremo, ma apriamo molti concerti con <em><strong>Round Here,<\/strong> <\/em>\u00e8 una buona apertura!<\/p>\n<figure id=\"post-195514 media-195514\" class=\"align-center\"><img decoding=\"async\" src=\"https:\/\/www.intoscana.it\/wp-content\/uploads\/Adam-Duritz-scaled.jpg\" alt=\"\" \/><\/figure>\n<div class=\"titleimg\"><em>Adam Duritz, Melbourne, 27 marzo 2009 &#8211; \u00a9 arvzdix<\/em><\/div>\n<p><strong>L\u2019ultimo viaggio in Italia \u00e8 stato cinque anni fa, quando avete trionfalmente aperto il concerto di Bruce Springesteen a Roma, cosa ricordi di quella esperienza?<\/strong><\/p>\n<p>Avevo viaggiato un paio di anni prima di quell\u2019evento con il mio manager e il mio tour manager perch\u00e9 volevo parlare con i promoters per capire come espandere le nostre tappe in Europa. Ci siamo seduti con<strong> Claudio Trotta<\/strong>, in Italia, e Claudio che aveva una serie di suggerimenti mi disse: <em><strong>\u201cSai, penso che sarebbe bellissimo se voi poteste aprire il concerto di Springsteen in Italia\u201d<\/strong><\/em>\u00a0e io gli dissi <em><strong>\u201cClaudio, nessuno apre i concerti di Springsteen, non succeder\u00e0 mai\u201d,<\/strong><\/em> e lui mi disse: <em>\u201cPenso che sarebbe ottimo per voi, e penso di poter organizzare qualcosa, prover\u00f2 a farvi aprire un concerto di Springsteen, credetemi\u201d. <\/em>A\u00a0me lui piaceva davvero, ma <strong>pensai che era solo una cosa molto carina da dire, ma non sarebbe mai successo<\/strong>.<\/p>\n<p>Poi, un anno dopo, mi chiama e dice <em>\u201cHo la possibilit\u00e0 di farvi aprire il concerto di Springsteen a Roma, al Circo Massimo\u201d<\/em>, e io ero basito, perch\u00e9 ho seguito Bruce tutta la mia vita e <strong>non avevo mai visto nessuno aprire i suoi concerti, e poi eccoci l\u00ec.<\/strong>\u00a0C\u2019era molta pi\u00f9 gente a quel concerto che in tutti gli altri che abbiamo fatto in Italia messi insieme.<strong> E&#8217; stata un\u2019opportunit\u00e0 straordinaria per noi.<\/strong><\/p>\n<p>Per me \u00e8 stato bello vedere un concerto di Springsteen, ma \u00e8 stato incredibile avere\u00a0<strong>la possibilit\u00e0 di essere l\u00ec, in una venue con 2000 anni di storia,<\/strong> <strong>uno dei posti pi\u00f9 famosi sulla faccia della terra<\/strong>, l\u2019abbiamo visto ricreato in <strong>Ben Hur,<\/strong> \u00e8 il posto dove ha luogo la corsa dei carri e noi siamo andati a suonare proprio l\u00ec. <strong>Penso che sia stata una delle esperienze pi\u00f9 emozionanti della mia vita<\/strong>.<\/p>\n<p><strong>Ho avuto pi\u00f9 uscite sulla stampa per questo tour di quanto ne abbia mai avute prima in Italia<\/strong>, non ho mai fatto cos\u00ec tante interviste, al massimo una o due per ognuno dei dischi precedenti, ma ne ho avute pi\u00f9 di venti per questo, ovviamente ci ha portato molta fortuna.<strong> L\u2019Italia \u00e8 un posto che amo e dove ho molti amici cari. <\/strong>E&#8217; stato\u00a0magico aprire il concerto di Springsteen, ha significato tantissimo per noi come band, dobbiamo molto a <strong>Claudio Trotta.<\/strong><\/p>\n<p><strong>Se ami Roma amerai anche Firenze, non so se sei mai stato in Toscana, \u00e8 un posto magico<\/strong><\/p>\n<p>Firenze \u00e8 uno di quei posti dove sono andato quando ero un ragazzo con lo<strong>\u00a0zaino in spalla, quando ero pi\u00f9 giovane,<\/strong> \u00e8 una citt\u00e0 bellissima, penso che abbiamo suonato l\u00ec solo un paio di volte con la band. E&#8217; una di quelle citt\u00e0 in cui penso sia grandioso andare a suonare.<\/p>\n<p><strong>C\u2019\u00e8 qualcosa che conosci e ami della musica italiana? Morricone forse?<\/strong><\/p>\n<p>Beh, <strong>Puccini, \u00e8 un ottimo compositore.<\/strong>\u00a0Lui era un tipo che sapeva davvero scrivere un ritornello, <strong>era il Paul McCartney del suo tempo<\/strong>, scriveva della musica che <strong>continuiamo a canticchiare ancora oggi<\/strong>, beh, mi sembra davvero brillante! Lui \u00e8 probabilmente il pi\u00f9 grande.<\/p>\n<p><strong>Traduzione dell&#8217;intervista di Emanuela D&#8217;Antonio<\/strong><\/p>\n","protected":false},"excerpt":{"rendered":"<p>Gioved\u00ec 6 ottobre la band americana celebre in tutto il mondo per la hit &#8220;Mr Jones&#8221; sar\u00e0 in concerto al Tuscany Hall, ecco la nostra intervista al cantante Adam Duritz<\/p>\n","protected":false},"author":518,"featured_media":195513,"comment_status":"open","ping_status":"open","sticky":false,"template":"","format":"standard","meta":{"_acf_changed":false,"footnotes":""},"categories":[14],"tags":[216,3138],"class_list":["post-195568","post","type-post","status-publish","format-standard","has-post-thumbnail","hentry","category-musica","tag-concerti","tag-interviste-agli-artisti"],"acf":[],"yoast_head":"<!-- This site is optimized with the Yoast SEO Premium plugin v24.2 (Yoast SEO v25.6) - https:\/\/yoast.com\/wordpress\/plugins\/seo\/ -->\n<title>I Counting Crows in concerto a Firenze, Adam Duritz: &quot;Puccini era il Paul McCartney del suo tempo&quot; - intoscana<\/title>\n<meta name=\"description\" content=\"Mercoled\u00ec 6 aprile 2022 la band americana sar\u00e0 in concerto al Tuscany Hall, ecco la nostra intervista al cantante Adam Duritz\" \/>\n<meta name=\"robots\" content=\"index, follow, max-snippet:-1, max-image-preview:large, max-video-preview:-1\" \/>\n<link rel=\"canonical\" href=\"https:\/\/www.intoscana.it\/it\/counting-crows-firenze\/\" \/>\n<meta property=\"og:locale\" content=\"it_IT\" \/>\n<meta property=\"og:type\" content=\"article\" \/>\n<meta property=\"og:title\" content=\"I Counting Crows in concerto a Firenze, Adam Duritz: &quot;Puccini era il Paul McCartney del suo tempo&quot;\" \/>\n<meta property=\"og:description\" content=\"Mercoled\u00ec 6 aprile 2022 la band americana sar\u00e0 in concerto al Tuscany Hall, ecco la nostra intervista al cantante Adam Duritz\" \/>\n<meta property=\"og:url\" content=\"https:\/\/www.intoscana.it\/it\/counting-crows-firenze\/\" \/>\n<meta property=\"og:site_name\" content=\"intoscana\" \/>\n<meta property=\"article:publisher\" content=\"https:\/\/www.facebook.com\/intoscana.it\" \/>\n<meta property=\"article:published_time\" content=\"2022-10-03T08:04:41+00:00\" \/>\n<meta property=\"article:modified_time\" content=\"2022-10-03T08:43:40+00:00\" \/>\n<meta property=\"og:image\" content=\"https:\/\/www.intoscana.it\/wp-content\/uploads\/Counting-Crows-ph.-Mark-Seliger.jpg\" \/>\n\t<meta property=\"og:image:width\" content=\"1500\" \/>\n\t<meta property=\"og:image:height\" content=\"1125\" \/>\n\t<meta property=\"og:image:type\" content=\"image\/jpeg\" \/>\n<meta name=\"author\" content=\"Costanza Baldini\" \/>\n<meta name=\"twitter:card\" content=\"summary_large_image\" \/>\n<meta name=\"twitter:creator\" content=\"@intoscana\" \/>\n<meta name=\"twitter:site\" content=\"@intoscana\" \/>\n<meta name=\"twitter:label1\" content=\"Written by\" \/>\n\t<meta name=\"twitter:data1\" content=\"Costanza Baldini\" \/>\n\t<meta name=\"twitter:label2\" content=\"Est. reading time\" \/>\n\t<meta name=\"twitter:data2\" content=\"8 minuti\" \/>\n<script type=\"application\/ld+json\" class=\"yoast-schema-graph\">{\"@context\":\"https:\/\/schema.org\",\"@graph\":[{\"@type\":\"WebPage\",\"@id\":\"https:\/\/www.intoscana.it\/it\/counting-crows-firenze\/\",\"url\":\"https:\/\/www.intoscana.it\/it\/counting-crows-firenze\/\",\"name\":\"I Counting Crows in concerto a Firenze, Adam Duritz: \\\"Puccini era il Paul McCartney del suo tempo\\\" - intoscana\",\"isPartOf\":{\"@id\":\"https:\/\/www.intoscana.it\/it\/#website\"},\"primaryImageOfPage\":{\"@id\":\"https:\/\/www.intoscana.it\/it\/counting-crows-firenze\/#primaryimage\"},\"image\":{\"@id\":\"https:\/\/www.intoscana.it\/it\/counting-crows-firenze\/#primaryimage\"},\"thumbnailUrl\":\"https:\/\/www.intoscana.it\/wp-content\/uploads\/Counting-Crows-ph.-Mark-Seliger.jpg\",\"datePublished\":\"2022-10-03T08:04:41+00:00\",\"dateModified\":\"2022-10-03T08:43:40+00:00\",\"author\":{\"@id\":\"https:\/\/www.intoscana.it\/it\/#\/schema\/person\/d469f35f09739bdf00bf5dd3f0647a82\"},\"description\":\"Mercoled\u00ec 6 aprile 2022 la band americana sar\u00e0 in concerto al Tuscany Hall, ecco la nostra intervista al cantante Adam Duritz\",\"breadcrumb\":{\"@id\":\"https:\/\/www.intoscana.it\/it\/counting-crows-firenze\/#breadcrumb\"},\"inLanguage\":\"it-IT\",\"potentialAction\":[{\"@type\":\"ReadAction\",\"target\":[\"https:\/\/www.intoscana.it\/it\/counting-crows-firenze\/\"]}]},{\"@type\":\"ImageObject\",\"inLanguage\":\"it-IT\",\"@id\":\"https:\/\/www.intoscana.it\/it\/counting-crows-firenze\/#primaryimage\",\"url\":\"https:\/\/www.intoscana.it\/wp-content\/uploads\/Counting-Crows-ph.-Mark-Seliger.jpg\",\"contentUrl\":\"https:\/\/www.intoscana.it\/wp-content\/uploads\/Counting-Crows-ph.-Mark-Seliger.jpg\",\"width\":1500,\"height\":1125,\"caption\":\"Adam Duritz, Counting Crows\"},{\"@type\":\"BreadcrumbList\",\"@id\":\"https:\/\/www.intoscana.it\/it\/counting-crows-firenze\/#breadcrumb\",\"itemListElement\":[{\"@type\":\"ListItem\",\"position\":1,\"name\":\"Home\",\"item\":\"https:\/\/www.intoscana.it\/it\/\"},{\"@type\":\"ListItem\",\"position\":2,\"name\":\"I Counting Crows in concerto a Firenze, Adam Duritz: &#8220;Puccini era il Paul McCartney del suo tempo&#8221;\"}]},{\"@type\":\"WebSite\",\"@id\":\"https:\/\/www.intoscana.it\/it\/#website\",\"url\":\"https:\/\/www.intoscana.it\/it\/\",\"name\":\"intoscana\",\"description\":\"\",\"potentialAction\":[{\"@type\":\"SearchAction\",\"target\":{\"@type\":\"EntryPoint\",\"urlTemplate\":\"https:\/\/www.intoscana.it\/it\/?s={search_term_string}\"},\"query-input\":{\"@type\":\"PropertyValueSpecification\",\"valueRequired\":true,\"valueName\":\"search_term_string\"}}],\"inLanguage\":\"it-IT\"},{\"@type\":\"Person\",\"@id\":\"https:\/\/www.intoscana.it\/it\/#\/schema\/person\/d469f35f09739bdf00bf5dd3f0647a82\",\"name\":\"Costanza Baldini\",\"url\":\"https:\/\/www.intoscana.it\/it\/author\/costanza-baldini\/\"}]}<\/script>\n<!-- \/ Yoast SEO Premium plugin. -->","yoast_head_json":{"title":"I Counting Crows in concerto a Firenze, Adam Duritz: \"Puccini era il Paul McCartney del suo tempo\" - intoscana","description":"Mercoled\u00ec 6 aprile 2022 la band americana sar\u00e0 in concerto al Tuscany Hall, ecco la nostra intervista al cantante Adam Duritz","robots":{"index":"index","follow":"follow","max-snippet":"max-snippet:-1","max-image-preview":"max-image-preview:large","max-video-preview":"max-video-preview:-1"},"canonical":"https:\/\/www.intoscana.it\/it\/counting-crows-firenze\/","og_locale":"it_IT","og_type":"article","og_title":"I Counting Crows in concerto a Firenze, Adam Duritz: \"Puccini era il Paul McCartney del suo tempo\"","og_description":"Mercoled\u00ec 6 aprile 2022 la band americana sar\u00e0 in concerto al Tuscany Hall, ecco la nostra intervista al cantante Adam Duritz","og_url":"https:\/\/www.intoscana.it\/it\/counting-crows-firenze\/","og_site_name":"intoscana","article_publisher":"https:\/\/www.facebook.com\/intoscana.it","article_published_time":"2022-10-03T08:04:41+00:00","article_modified_time":"2022-10-03T08:43:40+00:00","og_image":[{"width":1500,"height":1125,"url":"https:\/\/www.intoscana.it\/wp-content\/uploads\/Counting-Crows-ph.-Mark-Seliger.jpg","type":"image\/jpeg"}],"author":"Costanza Baldini","twitter_card":"summary_large_image","twitter_creator":"@intoscana","twitter_site":"@intoscana","twitter_misc":{"Written by":"Costanza Baldini","Est. reading time":"8 minuti"},"schema":{"@context":"https:\/\/schema.org","@graph":[{"@type":"WebPage","@id":"https:\/\/www.intoscana.it\/it\/counting-crows-firenze\/","url":"https:\/\/www.intoscana.it\/it\/counting-crows-firenze\/","name":"I Counting Crows in concerto a Firenze, Adam Duritz: \"Puccini era il Paul McCartney del suo tempo\" - intoscana","isPartOf":{"@id":"https:\/\/www.intoscana.it\/it\/#website"},"primaryImageOfPage":{"@id":"https:\/\/www.intoscana.it\/it\/counting-crows-firenze\/#primaryimage"},"image":{"@id":"https:\/\/www.intoscana.it\/it\/counting-crows-firenze\/#primaryimage"},"thumbnailUrl":"https:\/\/www.intoscana.it\/wp-content\/uploads\/Counting-Crows-ph.-Mark-Seliger.jpg","datePublished":"2022-10-03T08:04:41+00:00","dateModified":"2022-10-03T08:43:40+00:00","author":{"@id":"https:\/\/www.intoscana.it\/it\/#\/schema\/person\/d469f35f09739bdf00bf5dd3f0647a82"},"description":"Mercoled\u00ec 6 aprile 2022 la band americana sar\u00e0 in concerto al Tuscany Hall, ecco la nostra intervista al cantante Adam Duritz","breadcrumb":{"@id":"https:\/\/www.intoscana.it\/it\/counting-crows-firenze\/#breadcrumb"},"inLanguage":"it-IT","potentialAction":[{"@type":"ReadAction","target":["https:\/\/www.intoscana.it\/it\/counting-crows-firenze\/"]}]},{"@type":"ImageObject","inLanguage":"it-IT","@id":"https:\/\/www.intoscana.it\/it\/counting-crows-firenze\/#primaryimage","url":"https:\/\/www.intoscana.it\/wp-content\/uploads\/Counting-Crows-ph.-Mark-Seliger.jpg","contentUrl":"https:\/\/www.intoscana.it\/wp-content\/uploads\/Counting-Crows-ph.-Mark-Seliger.jpg","width":1500,"height":1125,"caption":"Adam Duritz, Counting Crows"},{"@type":"BreadcrumbList","@id":"https:\/\/www.intoscana.it\/it\/counting-crows-firenze\/#breadcrumb","itemListElement":[{"@type":"ListItem","position":1,"name":"Home","item":"https:\/\/www.intoscana.it\/it\/"},{"@type":"ListItem","position":2,"name":"I Counting Crows in concerto a Firenze, Adam Duritz: &#8220;Puccini era il Paul McCartney del suo tempo&#8221;"}]},{"@type":"WebSite","@id":"https:\/\/www.intoscana.it\/it\/#website","url":"https:\/\/www.intoscana.it\/it\/","name":"intoscana","description":"","potentialAction":[{"@type":"SearchAction","target":{"@type":"EntryPoint","urlTemplate":"https:\/\/www.intoscana.it\/it\/?s={search_term_string}"},"query-input":{"@type":"PropertyValueSpecification","valueRequired":true,"valueName":"search_term_string"}}],"inLanguage":"it-IT"},{"@type":"Person","@id":"https:\/\/www.intoscana.it\/it\/#\/schema\/person\/d469f35f09739bdf00bf5dd3f0647a82","name":"Costanza Baldini","url":"https:\/\/www.intoscana.it\/it\/author\/costanza-baldini\/"}]}},"_links":{"self":[{"href":"https:\/\/www.intoscana.it\/it\/wp-json\/wp\/v2\/posts\/195568","targetHints":{"allow":["GET"]}}],"collection":[{"href":"https:\/\/www.intoscana.it\/it\/wp-json\/wp\/v2\/posts"}],"about":[{"href":"https:\/\/www.intoscana.it\/it\/wp-json\/wp\/v2\/types\/post"}],"author":[{"embeddable":true,"href":"https:\/\/www.intoscana.it\/it\/wp-json\/wp\/v2\/users\/518"}],"replies":[{"embeddable":true,"href":"https:\/\/www.intoscana.it\/it\/wp-json\/wp\/v2\/comments?post=195568"}],"version-history":[{"count":0,"href":"https:\/\/www.intoscana.it\/it\/wp-json\/wp\/v2\/posts\/195568\/revisions"}],"wp:featuredmedia":[{"embeddable":true,"href":"https:\/\/www.intoscana.it\/it\/wp-json\/wp\/v2\/media\/195513"}],"wp:attachment":[{"href":"https:\/\/www.intoscana.it\/it\/wp-json\/wp\/v2\/media?parent=195568"}],"wp:term":[{"taxonomy":"category","embeddable":true,"href":"https:\/\/www.intoscana.it\/it\/wp-json\/wp\/v2\/categories?post=195568"},{"taxonomy":"post_tag","embeddable":true,"href":"https:\/\/www.intoscana.it\/it\/wp-json\/wp\/v2\/tags?post=195568"}],"curies":[{"name":"wp","href":"https:\/\/api.w.org\/{rel}","templated":true}]}}