{"id":195803,"date":"2021-10-27T14:55:41","date_gmt":"2021-10-27T12:55:41","guid":{"rendered":"https:\/\/www.intoscana.it\/it\/?p=195803"},"modified":"2021-10-28T15:53:39","modified_gmt":"2021-10-28T13:53:39","slug":"covid-i-nuovi-casi-tornano-sopra-quota-300","status":"publish","type":"post","link":"https:\/\/www.intoscana.it\/it\/covid-i-nuovi-casi-tornano-sopra-quota-300\/","title":{"rendered":"Covid, i nuovi casi tornano sopra quota 300"},"content":{"rendered":"<p>In Toscana sono 288.216 i casi di positivit\u00e0 al Coronavirus, 302 in pi\u00f9 rispetto a ieri: <strong>289 confermati con tampone molecolare e 13 da test rapido antigenico<\/strong>. I nuovi casi sono <strong>lo 0,1% in pi\u00f9 rispetto al totale del giorno precedente.<\/strong><\/p>\n<h3>I nuovi casi<\/h3>\n<p>Oggi sono stati eseguiti 8.581 tamponi molecolari e 18.620 tamponi antigenici rapidi, <strong>di questi l&#8217;1,1% \u00e8 risultato positivo<\/strong>. Sono invece 7.741 i soggetti testati oggi (con tampone antigenico e\/o molecolare, escludendo i tamponi di controllo), di cui il 3,9% \u00e8 risultato positivo. Gli attualmente positivi sono oggi 5.124, +1% rispetto a ieri.<\/p>\n<p><strong>L&#8217;et\u00e0 media dei 302 nuovi positivi odierni \u00e8 di 39 anni circa<\/strong> (32% ha meno di 20 anni, 17% tra 20 e 39 anni, 28% tra 40 e 59 anni, 16% tra 60 e 79 anni, 7% ha 80 anni o pi\u00f9).<\/p>\n<p>Di seguito i casi di positivit\u00e0 sul territorio con la variazione rispetto a ieri. Sono 80.072 i casi complessivi ad oggi a Firenze (67 in pi\u00f9 rispetto a ieri), 26.609 a Prato (17 in pi\u00f9), 27.399 a Pistoia (24 in pi\u00f9), 15.054 a Massa Carrara (24 in pi\u00f9), 29.302 a Lucca (38 in pi\u00f9), 33.803 a Pisa (44 in pi\u00f9), 21.373 a Livorno (22 in pi\u00f9), 25.970 ad Arezzo (20 in pi\u00f9), 16.737 a Siena (26 in pi\u00f9), 11.342 a Grosseto (20 in pi\u00f9). Sono 555 i casi positivi notificati in Toscana, ma residenti in altre regioni.<\/p>\n<p>Sono 120 i casi riscontrati oggi nell&#8217;Asl Centro, 116 nella Nord Ovest, 66 nella Sud est.<\/p>\n<p>La Toscana si trova al 10\u00b0 posto in Italia come numerosit\u00e0 di casi (comprensivi di residenti e non residenti), con circa 7.857 casi per 100.000 abitanti (media italiana circa 8.012 x100.000, dato di ieri). Le province di notifica con il tasso pi\u00f9 alto sono Prato con 10.392 casi x100.000 abitanti, Pistoia con 9.421, Firenze con 8.121, la pi\u00f9 bassa Grosseto con 5.190.<br \/>\nComplessivamente, 4.864 persone sono in isolamento a casa, poich\u00e9 presentano sintomi lievi che non richiedono cure ospedaliere, o risultano prive di sintomi (47 in pi\u00f9 rispetto a ieri, pi\u00f9 1%).<br \/>\nSono 14.507 (126 in pi\u00f9 rispetto a ieri, pi\u00f9 0,9%) le persone, anch&#8217;esse isolate, in sorveglianza attiva perch\u00e9 hanno avuto contatti con persone contagiate (ASL Centro 4.864, Nord Ovest 6.933, Sud Est 2.710).<\/p>\n<h3>Ricoveri, guarigioni e decessi<\/h3>\n<p>Le persone <strong>ricoverate nei posti letto dedicati ai pazienti COVID oggi sono complessivamente 260<\/strong> (2 in pi\u00f9 rispetto a ieri, pi\u00f9 0,8%), 27 in terapia intensiva (4 in pi\u00f9 rispetto a ieri, pi\u00f9 17,4%).<br \/>\nLe persone complessivamente guarite sono 275.826 (245 in pi\u00f9 rispetto a ieri, pi\u00f9 0,1%): 0 persone clinicamente guarite (stabili rispetto a ieri), divenute cio\u00e8 asintomatiche dopo aver presentato manifestazioni cliniche associate all&#8217;infezione e 275.826 (245 in pi\u00f9 rispetto a ieri, pi\u00f9 0,1%) dichiarate guarite a tutti gli effetti, le cosiddette guarigioni virali, con tampone negativo.<\/p>\n<p><strong>Oggi si registrano 8 nuovi decessi:<\/strong> 3 uomini e 5 donne con un&#8217;et\u00e0 media di 86,5 anni (3 a Firenze, 2 a Pistoia, 1 a Massa Carrara, 2 a Siena).<\/p>\n<p>Sono 7.266 i deceduti dall&#8217;inizio dell&#8217;epidemia cosi ripartiti: 2.344 a Firenze, 643 a Prato, 671 a Pistoia, 536 a Massa Carrara, 692 a Lucca, 727 a Pisa, 427 a Livorno, 563 ad Arezzo, 358 a Siena, 211 a Grosseto, 94 persone sono decedute sul suolo toscano ma erano residenti fuori regione.<\/p>\n<p>Il tasso grezzo di mortalit\u00e0 toscano (numero di deceduti\/popolazione residente) per Covid-19 \u00e8 di 198,1 x100.000 residenti contro il 222,6 x100.000 della media italiana (12\u00b0 regione). Per quanto riguarda le province, il tasso di mortalit\u00e0 pi\u00f9 alto si riscontra a Massa Carrara (282,3 x100.000), Prato (251,1 x100.000) e Firenze (237,7 x100.000), il pi\u00f9 basso a Grosseto (96,6 x100.000).<\/p>\n<p>&nbsp;<\/p>\n<p>&nbsp;<\/p>\n","protected":false},"excerpt":{"rendered":"<p>L&#8217;et\u00e0 media dei 302 nuovi positivi odierni \u00e8 di 39 anni circa. Oggi si registrano anche 8 nuovi decessi<\/p>\n","protected":false},"author":525,"featured_media":156481,"comment_status":"open","ping_status":"open","sticky":false,"template":"","format":"standard","meta":{"_acf_changed":false,"footnotes":""},"categories":[494],"tags":[4868,4809],"class_list":["post-195803","post","type-post","status-publish","format-standard","has-post-thumbnail","hentry","category-attualita","tag-bollettino-covid-toscana","tag-covid"],"acf":[],"yoast_head":"<!-- This site is optimized with the Yoast SEO Premium plugin v24.2 (Yoast SEO v25.6) - https:\/\/yoast.com\/wordpress\/plugins\/seo\/ -->\n<title>Covid, i nuovi casi tornano sopra quota 300 - intoscana<\/title>\n<meta name=\"description\" content=\"L&#039;et\u00e0 media dei 302 nuovi positivi odierni \u00e8 di 39 anni. Oggi si registrano anche 8 nuovi decessi\" \/>\n<meta name=\"robots\" content=\"index, follow, max-snippet:-1, max-image-preview:large, max-video-preview:-1\" \/>\n<link rel=\"canonical\" href=\"https:\/\/www.intoscana.it\/it\/covid-i-nuovi-casi-tornano-sopra-quota-300\/\" \/>\n<meta property=\"og:locale\" content=\"it_IT\" \/>\n<meta property=\"og:type\" content=\"article\" \/>\n<meta property=\"og:title\" content=\"Covid, i nuovi casi tornano sopra quota 300\" \/>\n<meta property=\"og:description\" content=\"L&#039;et\u00e0 media dei 302 nuovi positivi odierni \u00e8 di 39 anni. Oggi si registrano anche 8 nuovi decessi\" \/>\n<meta property=\"og:url\" content=\"https:\/\/www.intoscana.it\/it\/covid-i-nuovi-casi-tornano-sopra-quota-300\/\" \/>\n<meta property=\"og:site_name\" content=\"intoscana\" \/>\n<meta property=\"article:publisher\" content=\"https:\/\/www.facebook.com\/intoscana.it\" \/>\n<meta property=\"article:published_time\" content=\"2021-10-27T12:55:41+00:00\" \/>\n<meta property=\"article:modified_time\" content=\"2021-10-28T13:53:39+00:00\" \/>\n<meta property=\"og:image\" content=\"https:\/\/www.intoscana.it\/wp-content\/uploads\/shutterstock_1841794108-scaled.jpg\" \/>\n\t<meta property=\"og:image:width\" content=\"2048\" \/>\n\t<meta property=\"og:image:height\" content=\"1366\" \/>\n\t<meta property=\"og:image:type\" content=\"image\/jpeg\" \/>\n<meta name=\"author\" content=\"Redazione\" \/>\n<meta name=\"twitter:card\" content=\"summary_large_image\" \/>\n<meta name=\"twitter:creator\" content=\"@intoscana\" \/>\n<meta name=\"twitter:site\" content=\"@intoscana\" \/>\n<meta name=\"twitter:label1\" content=\"Written by\" \/>\n\t<meta name=\"twitter:data1\" content=\"Redazione\" \/>\n\t<meta name=\"twitter:label2\" content=\"Est. reading time\" \/>\n\t<meta name=\"twitter:data2\" content=\"3 minuti\" \/>\n<script type=\"application\/ld+json\" class=\"yoast-schema-graph\">{\"@context\":\"https:\/\/schema.org\",\"@graph\":[{\"@type\":\"WebPage\",\"@id\":\"https:\/\/www.intoscana.it\/it\/covid-i-nuovi-casi-tornano-sopra-quota-300\/\",\"url\":\"https:\/\/www.intoscana.it\/it\/covid-i-nuovi-casi-tornano-sopra-quota-300\/\",\"name\":\"Covid, i nuovi casi tornano sopra quota 300 - intoscana\",\"isPartOf\":{\"@id\":\"https:\/\/www.intoscana.it\/it\/#website\"},\"primaryImageOfPage\":{\"@id\":\"https:\/\/www.intoscana.it\/it\/covid-i-nuovi-casi-tornano-sopra-quota-300\/#primaryimage\"},\"image\":{\"@id\":\"https:\/\/www.intoscana.it\/it\/covid-i-nuovi-casi-tornano-sopra-quota-300\/#primaryimage\"},\"thumbnailUrl\":\"https:\/\/www.intoscana.it\/wp-content\/uploads\/shutterstock_1841794108-scaled.jpg\",\"datePublished\":\"2021-10-27T12:55:41+00:00\",\"dateModified\":\"2021-10-28T13:53:39+00:00\",\"author\":{\"@id\":\"https:\/\/www.intoscana.it\/it\/#\/schema\/person\/9223810753230f20bd670fdd322661f8\"},\"description\":\"L'et\u00e0 media dei 302 nuovi positivi odierni \u00e8 di 39 anni. Oggi si registrano anche 8 nuovi decessi\",\"breadcrumb\":{\"@id\":\"https:\/\/www.intoscana.it\/it\/covid-i-nuovi-casi-tornano-sopra-quota-300\/#breadcrumb\"},\"inLanguage\":\"it-IT\",\"potentialAction\":[{\"@type\":\"ReadAction\",\"target\":[\"https:\/\/www.intoscana.it\/it\/covid-i-nuovi-casi-tornano-sopra-quota-300\/\"]}]},{\"@type\":\"ImageObject\",\"inLanguage\":\"it-IT\",\"@id\":\"https:\/\/www.intoscana.it\/it\/covid-i-nuovi-casi-tornano-sopra-quota-300\/#primaryimage\",\"url\":\"https:\/\/www.intoscana.it\/wp-content\/uploads\/shutterstock_1841794108-scaled.jpg\",\"contentUrl\":\"https:\/\/www.intoscana.it\/wp-content\/uploads\/shutterstock_1841794108-scaled.jpg\",\"width\":2048,\"height\":1366,\"caption\":\"Screening con tamponi e tracciamento fondamentali per arginare la diffusione del Covid-19\"},{\"@type\":\"BreadcrumbList\",\"@id\":\"https:\/\/www.intoscana.it\/it\/covid-i-nuovi-casi-tornano-sopra-quota-300\/#breadcrumb\",\"itemListElement\":[{\"@type\":\"ListItem\",\"position\":1,\"name\":\"Home\",\"item\":\"https:\/\/www.intoscana.it\/it\/\"},{\"@type\":\"ListItem\",\"position\":2,\"name\":\"Covid, i nuovi casi tornano sopra quota 300\"}]},{\"@type\":\"WebSite\",\"@id\":\"https:\/\/www.intoscana.it\/it\/#website\",\"url\":\"https:\/\/www.intoscana.it\/it\/\",\"name\":\"intoscana\",\"description\":\"\",\"potentialAction\":[{\"@type\":\"SearchAction\",\"target\":{\"@type\":\"EntryPoint\",\"urlTemplate\":\"https:\/\/www.intoscana.it\/it\/?s={search_term_string}\"},\"query-input\":{\"@type\":\"PropertyValueSpecification\",\"valueRequired\":true,\"valueName\":\"search_term_string\"}}],\"inLanguage\":\"it-IT\"},{\"@type\":\"Person\",\"@id\":\"https:\/\/www.intoscana.it\/it\/#\/schema\/person\/9223810753230f20bd670fdd322661f8\",\"name\":\"Redazione\",\"url\":\"https:\/\/www.intoscana.it\/it\/author\/redazione\/\"}]}<\/script>\n<!-- \/ Yoast SEO Premium plugin. -->","yoast_head_json":{"title":"Covid, i nuovi casi tornano sopra quota 300 - intoscana","description":"L'et\u00e0 media dei 302 nuovi positivi odierni \u00e8 di 39 anni. Oggi si registrano anche 8 nuovi decessi","robots":{"index":"index","follow":"follow","max-snippet":"max-snippet:-1","max-image-preview":"max-image-preview:large","max-video-preview":"max-video-preview:-1"},"canonical":"https:\/\/www.intoscana.it\/it\/covid-i-nuovi-casi-tornano-sopra-quota-300\/","og_locale":"it_IT","og_type":"article","og_title":"Covid, i nuovi casi tornano sopra quota 300","og_description":"L'et\u00e0 media dei 302 nuovi positivi odierni \u00e8 di 39 anni. Oggi si registrano anche 8 nuovi decessi","og_url":"https:\/\/www.intoscana.it\/it\/covid-i-nuovi-casi-tornano-sopra-quota-300\/","og_site_name":"intoscana","article_publisher":"https:\/\/www.facebook.com\/intoscana.it","article_published_time":"2021-10-27T12:55:41+00:00","article_modified_time":"2021-10-28T13:53:39+00:00","og_image":[{"width":2048,"height":1366,"url":"https:\/\/www.intoscana.it\/wp-content\/uploads\/shutterstock_1841794108-scaled.jpg","type":"image\/jpeg"}],"author":"Redazione","twitter_card":"summary_large_image","twitter_creator":"@intoscana","twitter_site":"@intoscana","twitter_misc":{"Written by":"Redazione","Est. reading time":"3 minuti"},"schema":{"@context":"https:\/\/schema.org","@graph":[{"@type":"WebPage","@id":"https:\/\/www.intoscana.it\/it\/covid-i-nuovi-casi-tornano-sopra-quota-300\/","url":"https:\/\/www.intoscana.it\/it\/covid-i-nuovi-casi-tornano-sopra-quota-300\/","name":"Covid, i nuovi casi tornano sopra quota 300 - intoscana","isPartOf":{"@id":"https:\/\/www.intoscana.it\/it\/#website"},"primaryImageOfPage":{"@id":"https:\/\/www.intoscana.it\/it\/covid-i-nuovi-casi-tornano-sopra-quota-300\/#primaryimage"},"image":{"@id":"https:\/\/www.intoscana.it\/it\/covid-i-nuovi-casi-tornano-sopra-quota-300\/#primaryimage"},"thumbnailUrl":"https:\/\/www.intoscana.it\/wp-content\/uploads\/shutterstock_1841794108-scaled.jpg","datePublished":"2021-10-27T12:55:41+00:00","dateModified":"2021-10-28T13:53:39+00:00","author":{"@id":"https:\/\/www.intoscana.it\/it\/#\/schema\/person\/9223810753230f20bd670fdd322661f8"},"description":"L'et\u00e0 media dei 302 nuovi positivi odierni \u00e8 di 39 anni. Oggi si registrano anche 8 nuovi decessi","breadcrumb":{"@id":"https:\/\/www.intoscana.it\/it\/covid-i-nuovi-casi-tornano-sopra-quota-300\/#breadcrumb"},"inLanguage":"it-IT","potentialAction":[{"@type":"ReadAction","target":["https:\/\/www.intoscana.it\/it\/covid-i-nuovi-casi-tornano-sopra-quota-300\/"]}]},{"@type":"ImageObject","inLanguage":"it-IT","@id":"https:\/\/www.intoscana.it\/it\/covid-i-nuovi-casi-tornano-sopra-quota-300\/#primaryimage","url":"https:\/\/www.intoscana.it\/wp-content\/uploads\/shutterstock_1841794108-scaled.jpg","contentUrl":"https:\/\/www.intoscana.it\/wp-content\/uploads\/shutterstock_1841794108-scaled.jpg","width":2048,"height":1366,"caption":"Screening con tamponi e tracciamento fondamentali per arginare la diffusione del Covid-19"},{"@type":"BreadcrumbList","@id":"https:\/\/www.intoscana.it\/it\/covid-i-nuovi-casi-tornano-sopra-quota-300\/#breadcrumb","itemListElement":[{"@type":"ListItem","position":1,"name":"Home","item":"https:\/\/www.intoscana.it\/it\/"},{"@type":"ListItem","position":2,"name":"Covid, i nuovi casi tornano sopra quota 300"}]},{"@type":"WebSite","@id":"https:\/\/www.intoscana.it\/it\/#website","url":"https:\/\/www.intoscana.it\/it\/","name":"intoscana","description":"","potentialAction":[{"@type":"SearchAction","target":{"@type":"EntryPoint","urlTemplate":"https:\/\/www.intoscana.it\/it\/?s={search_term_string}"},"query-input":{"@type":"PropertyValueSpecification","valueRequired":true,"valueName":"search_term_string"}}],"inLanguage":"it-IT"},{"@type":"Person","@id":"https:\/\/www.intoscana.it\/it\/#\/schema\/person\/9223810753230f20bd670fdd322661f8","name":"Redazione","url":"https:\/\/www.intoscana.it\/it\/author\/redazione\/"}]}},"_links":{"self":[{"href":"https:\/\/www.intoscana.it\/it\/wp-json\/wp\/v2\/posts\/195803","targetHints":{"allow":["GET"]}}],"collection":[{"href":"https:\/\/www.intoscana.it\/it\/wp-json\/wp\/v2\/posts"}],"about":[{"href":"https:\/\/www.intoscana.it\/it\/wp-json\/wp\/v2\/types\/post"}],"author":[{"embeddable":true,"href":"https:\/\/www.intoscana.it\/it\/wp-json\/wp\/v2\/users\/525"}],"replies":[{"embeddable":true,"href":"https:\/\/www.intoscana.it\/it\/wp-json\/wp\/v2\/comments?post=195803"}],"version-history":[{"count":0,"href":"https:\/\/www.intoscana.it\/it\/wp-json\/wp\/v2\/posts\/195803\/revisions"}],"wp:featuredmedia":[{"embeddable":true,"href":"https:\/\/www.intoscana.it\/it\/wp-json\/wp\/v2\/media\/156481"}],"wp:attachment":[{"href":"https:\/\/www.intoscana.it\/it\/wp-json\/wp\/v2\/media?parent=195803"}],"wp:term":[{"taxonomy":"category","embeddable":true,"href":"https:\/\/www.intoscana.it\/it\/wp-json\/wp\/v2\/categories?post=195803"},{"taxonomy":"post_tag","embeddable":true,"href":"https:\/\/www.intoscana.it\/it\/wp-json\/wp\/v2\/tags?post=195803"}],"curies":[{"name":"wp","href":"https:\/\/api.w.org\/{rel}","templated":true}]}}