{"id":196119,"date":"2021-10-28T18:35:00","date_gmt":"2021-10-28T16:35:00","guid":{"rendered":"https:\/\/www.intoscana.it\/it\/?p=196119"},"modified":"2021-10-28T18:37:25","modified_gmt":"2021-10-28T16:37:25","slug":"lucca-comics-al-via-con-responsabilita-lappello-venga-solo-chi-ha-il-biglietto","status":"publish","type":"post","link":"https:\/\/www.intoscana.it\/it\/lucca-comics-al-via-con-responsabilita-lappello-venga-solo-chi-ha-il-biglietto\/","title":{"rendered":"Lucca Comics al via con &#8220;responsabilit\u00e0&#8221;. L&#8217;appello? &#8220;Venga solo chi ha il biglietto&#8221;"},"content":{"rendered":"<p>Per la citt\u00e0 sar\u00e0 come <em>&#8220;una grande festa di rinascita della cultura e della creativit\u00e0&#8221;<\/em>. \u00c8 quello che si augura <strong>Francesca Fazzi<\/strong>, che poco pi\u00f9 di un anno fa, alla vigilia di &#8220;Lucca Changes&#8221;, \u00e8 stata nominata dal sindaco <strong>Alessandro Tambellini<\/strong> presidente di <a href=\"https:\/\/www.luccacrea.it\/\" target=\"_blank\" rel=\"noopener\">Lucca Crea srl<\/a>, la societ\u00e0 partecipata che organizza, tra le altre cose, Lucca Comics &amp; Games. Laureata in lettere, \u00e8 editrice nell\u2019azienda fondata dalla madre Maria Pacini Fazzi.<\/p>\n<p><strong>Presidente, il festival sta per iniziare. Cosa \u00e8 stato fatto in queste ultime ore?<\/strong><br \/>\n&#8220;Mentre gli allestimenti seguono le direttive previste e i palinsesti sono strutturati, ora \u00e8 il momento di serrare le fila, entrare nel vivo e pensare alle singole necessit\u00e0 di editori, autori, artisti e dei tanti ospiti, istituzionali e non, che insieme a noi faranno vivere il festival. Un&#8217;atmosfera carica della gioia di rivedersi, di fare relazione e vogliamo che ognuna di queste occasioni preziose senta la vicinanza della nostra attenzione&#8221;.<\/p>\n<p><span class=\"citazione\">&#8220;Anche in quest&#8217;anno di emergenza sanitaria manterremo l&#8217;equilibrio, dando alla citt\u00e0 la possibilit\u00e0 di un indotto positivo in quantit\u00e0 e qualit\u00e0&#8221;<\/span><\/p>\n<p><strong>Insieme al Salone nautico di Genova e al Salone internazionale del mobile, <a href=\"https:\/\/www.luccacomicsandgames.com\/it\/\" target=\"_blank\" rel=\"noopener\">Lucca Comics<\/a> sar\u00e0 l&#8217;evento nazionale pi\u00f9 partecipato nell&#8217;epoca della pandemia. Cosa significa per Lucca Crea e per la citt\u00e0?<\/strong><br \/>\n&#8220;Intanto va sottolineata la profonda diversit\u00e0 del nostro festival. Nei due casi citati si tratta di fiere organizzate all&#8217;interno di padiglioni o distretti fieristici specificatamente dedicati, mentre nel nostro caso si tratta di un evento diffuso sul territorio che coinvolge la citt\u00e0 intera con la quale il festival colloquia&#8221;.<\/p>\n<p><strong>Quindi cosa ci dobbiamo aspettare?<\/strong><br \/>\n&#8220;Da un lato c&#8217;\u00e8 l&#8217;evento che finalmente, di nuovo, torna a vivere. L&#8217;entusiasmo con il quale il pubblico ha accolto la vendita dei biglietti parla da solo e comunica quanto l&#8217;appuntamento a Lucca Comics and Games rappresenti, per tutti coloro che a Lucca &#8216;vivono&#8217; fisicamente la propria passione, un insostituibile momento di relazione con la propria community&#8221;. <div class=\"focuson\"><a href=\"https:\/\/www.intoscana.it\/it\/articolo\/lucca-comics-e-iniziato-il-countdown-aspettando-frank-miller-e-tutti-gli-altri\/\"><img decoding=\"async\" class=\"lazy\" src=\"https:\/\/www.intoscana.it\/wp-content\/uploads\/Lucca-Comics.jpg\" style=\"\">\n                <div class=\"cat\">Lucca Comics, ci siamo<\/div>\n                <h4>Aspettando Frank Miller e tutti gli altri<\/h4><\/a>\n              <\/div><\/p>\n<p><strong>Dall&#8217;altro lato?<\/strong><br \/>\n&#8220;C&#8217;\u00e8 la citt\u00e0, ci sono le sue esigenze e i suoi ritmi che nei giorni del festival si confrontano con una realt\u00e0 che potrebbe essere impattante se non riuscisse a tessere una relazione biunivocamente interessante. In questo sta l&#8217;equilibrio e alla fine, a fronte delle proposte di contenuti &#8211; sul cui livello il festival si misura &#8211; la sfida e la riuscita della manifestazione sta tutta qui&#8221;.<\/p>\n<p><strong>E per Lucca Crea?<\/strong><br \/>\n&#8220;Non dimentichiamo \u00e8 una partecipata al 100 per centro del Comune di Lucca. Anche in quest&#8217;anno di emergenza sanitaria si tratta di mantenere questo equilibrio, dando alla citt\u00e0 la possibilit\u00e0 di un indotto positivo in quantit\u00e0 e, soprattutto, in qualit\u00e0&#8221;.<\/p>\n<figure id=\"post-196120 media-196120\" class=\"align-center\"><img decoding=\"async\" src=\"https:\/\/www.intoscana.it\/wp-content\/uploads\/Francesca-Fazzi.jpg\" alt=\"\" \/><\/figure>\n<div class=\"titleimg\" style=\"text-align: center;\">Francesca Fazzi<\/div>\n<p><strong>A proposito di pandemia: in questo periodo, tra misure di sicurezza e green pass obbligatori ovunque, cosa significa organizzare un evento che richiamer\u00e0 a Lucca un pubblico che, di fatto, corrisponde alla popolazione della citt\u00e0?<\/strong><br \/>\n&#8220;C&#8217;\u00e8 una sola parola d&#8217;ordine&#8221;.<\/p>\n<p><strong>Quale?<\/strong><br \/>\n&#8220;Responsabilit\u00e0. Abbiamo affrontato l&#8217;organizzazione di quello che sappiamo essere un evento-simbolo con grande impegno, seguendo con attenzione le nuove disposizioni via via emerse con l&#8217;evolversi della situazione sanitaria. Lo abbiamo fatto coordinandoci sempre con tutti gli enti preposti, attenti a contemperare con l&#8217;emergenza sanitaria ogni singola esigenza. Abbiamo sin da subito pensato che il fine primario doveva essere quello di garantire la sicurezza in tal senso, offrendo ai visitatori e alla citt\u00e0 la possibilit\u00e0 di vivere le proposte del festival in serenit\u00e0. E proprio da una precisa metrica \u00e8 scaturito il numero dei biglietti rispetto al quale ci siamo sempre tenuti prudenzialmente al di sotto da quanto ci \u00e8 permesso dalla legge&#8221;.<\/p>\n<p><strong>80 mila biglietti sold-out in pochi giorni, pi\u00f9 i 10 mila messi in vendita negli ultimi giorni. Ma le presenze in citt\u00e0, in occasione di Lucca Comics, sono sempre state pi\u00f9 numerose dei tagliandi venduti. Cosa possiamo dire a tutti coloro che non hanno acquistato il biglietto?<\/strong><br \/>\n&#8220;Che siamo in pandemia e che proprio al fine di contenere i numeri dei visitatori senza biglietto non sono stati programmati eventi fuori dagli spazi del festival. \u00c8 un messaggio che abbiamo voluto, sin dall&#8217;inizio, fosse chiaro e forte, ed \u00e8 il dato intorno al quale abbiamo potuto costruire i numeri necessari a far s\u00ec che Lucca Comics&amp;Games 2021 potesse svolgersi, in presenza e in sicurezza, prima di tutto sanitaria&#8221;.<\/p>\n<p><span class=\"citazione\">&#8220;\u00c8 quasi sempre necessario osare, e spesso nell&#8217;osare l&#8217;innovazione e la carica creativa danno risultati che possono apparire non canonicamente misurabili&#8221;<\/span><\/p>\n<p><strong>E cosa possiamo dire ai lucchesi curiosi di ammirare cosplay e visitatori?<\/strong><br \/>\n&#8220;Quest&#8217;anno anche i cosplay avranno un loro palcoscenico all&#8217;interno della Fiera e quindi in un&#8217;area soggetta a biglietto. Il luogo preposto, la rinascimentale Villa Bottini, \u00e8 bellissimo. E senz&#8217;altro la suggestione del giardino e le sale affrescate faranno da cornice ideale alle loro creazioni. Sar\u00e0 un modo diverso, ma a mio parere interessante, di guardare a questi gruppi, ma anche ai singoli cosplay, spesso quasi dei professionisti, che portando in scena la propria passione ci offrono la possibilit\u00e0 di condividerla&#8221;.<\/p>\n<p><strong>Quindi c&#8217;\u00e8 anche un risvolto positivo&#8230;<\/strong><br \/>\n&#8220;Il distanziamento e la necessaria mobilit\u00e0 ristretta ci permetteranno di godere dei particolari dei costumi e del trucco, delle movenze, di apprezzarne i dettagli di stile ricercati con cura e lavoro certosino. E non mancheranno spazi per set fotografici dedicati a immortalare creazioni che spesso sono vere e proprie opere d&#8217;arte&#8221;.<\/p>\n<p><strong>Lucca Comics &amp; Games \u00e8 abituata a ben altri numeri. Questo festival \u00e8 &#8220;sostenibile&#8221;? Mi spiego meglio: gli 80mila garantiranno la copertura dei costi o sar\u00e0 necessario qualche sostegno in pi\u00f9?<\/strong><br \/>\n&#8220;\u00c8 quasi sempre necessario osare, e spesso nell&#8217;osare l&#8217;innovazione e la carica creativa danno risultati che possono apparire non canonicamente misurabili. Lo scorso anno avremmo potuto non fare &#8216;Lucca Changes&#8217;, ma abbiamo voluto che anche nel 2020 la manifestazione avesse una sua edizione nelle date canoniche, innovandone le modalit\u00e0, scoprendo nuove forme e relazioni e mantenendo alto il valore del marchio LC&amp;G che portiamo in positiva eredit\u00e0 nella nuova edizione. Credo che anche quest&#8217;anno ci sia stato, ancora una volta, un grosso salto di qualit\u00e0, che passa anche da collaborazioni e relazioni strutturate, dagli Uffizi al Ministero delle politiche giovanili, che ci stanno permettendo di alzare lo sguardo e l&#8217;asticella della nostra competitivit\u00e0. \u00c8 qui che dobbiamo tirare la riga dei conti mettendo tutto a capitale&#8221;.<\/p>\n<p><strong>Lei \u00e8 presidente di Lucca Crea da poco pi\u00f9 di un anno. Qual \u00e8 il suo primo bilancio? Si tratta di un incarico pi\u00f9 &#8220;faticoso&#8221; di quanto s&#8217;immaginava?<\/strong><br \/>\n&#8220;Faticoso \u00e8 un termine che mal si concilia con l&#8217;energia positiva che trasmette una realt\u00e0 molto stimolante e dalle grandi potenzialit\u00e0 quale \u00e8 Lucca Crea. Realt\u00e0 che ho sempre seguito dall&#8217;esterno anche con uno sguardo professionale, dato che di mestiere faccio l&#8217;editore, ma che mi si \u00e8 rivelata, per molti aspetti, una vera scoperta. Grandi professionalit\u00e0, competenze e passione che da una piccola struttura riescono a far decollare idee e proposte culturalmente impattanti a livello non solo nazionale. Il prototipo di quello che credo rappresenti la vera anima dell&#8217;industria culturale: dinamicit\u00e0, creativit\u00e0, professionalit\u00e0 e coraggio a servizio di una struttura che ha ancora molto da esprimere&#8221;.<\/p>\n<p><strong>Come s&#8217;immagina Lucca dal 29 ottobre al primo novembre?<\/strong><br \/>\n&#8220;La culla di una grande festa di rinascita della cultura e della creativit\u00e0&#8221;.<\/p>\n","protected":false},"excerpt":{"rendered":"<p>Quattro giorni di festival, 90 mila biglietti venduti e nessun evento a ingresso gratuito. &#8220;La parola d&#8217;ordine \u00e8 responsabilit\u00e0&#8221;. Francesca Fazzi, presidente di Lucca Crea, ci racconta la genesi di questa inedita edizione di Lucca Comics &amp; Games<\/p>\n","protected":false},"author":521,"featured_media":190767,"comment_status":"open","ping_status":"open","sticky":false,"template":"","format":"standard","meta":{"_acf_changed":false,"footnotes":""},"categories":[493],"tags":[228,285,287,4539],"class_list":["post-196119","post","type-post","status-publish","format-standard","has-post-thumbnail","hentry","category-cultura","tag-festival","tag-fumetti","tag-intervista","tag-lucca-comics"],"acf":[],"yoast_head":"<!-- This site is optimized with the Yoast SEO Premium plugin v24.2 (Yoast SEO v25.6) - https:\/\/yoast.com\/wordpress\/plugins\/seo\/ -->\n<title>Lucca Comics al via con &quot;responsabilit\u00e0&quot;. L&#039;appello? &quot;Venga solo chi ha il biglietto&quot; - intoscana<\/title>\n<meta name=\"description\" content=\"Quattro giorni di festival, 90 mila biglietti venduti e nessun evento a ingresso gratuito. &quot;La parola d&#039;ordine \u00e8 responsabilit\u00e0&quot;. Francesca Fazzi, presidente di Lucca Crea, ci raccontala genesi di questa inedita edizione di Lucca Comics &amp; Games\" \/>\n<meta name=\"robots\" content=\"index, follow, max-snippet:-1, max-image-preview:large, max-video-preview:-1\" \/>\n<link rel=\"canonical\" href=\"https:\/\/www.intoscana.it\/it\/lucca-comics-al-via-con-responsabilita-lappello-venga-solo-chi-ha-il-biglietto\/\" \/>\n<meta property=\"og:locale\" content=\"it_IT\" \/>\n<meta property=\"og:type\" content=\"article\" \/>\n<meta property=\"og:title\" content=\"Lucca Comics al via con &quot;responsabilit\u00e0&quot;. L&#039;appello? &quot;Venga solo chi ha il biglietto&quot;\" \/>\n<meta property=\"og:description\" content=\"Quattro giorni di festival, 90 mila biglietti venduti e nessun evento a ingresso gratuito. &quot;La parola d&#039;ordine \u00e8 responsabilit\u00e0&quot;. Francesca Fazzi, presidente di Lucca Crea, ci raccontala genesi di questa inedita edizione di Lucca Comics &amp; Games\" \/>\n<meta property=\"og:url\" content=\"https:\/\/www.intoscana.it\/it\/lucca-comics-al-via-con-responsabilita-lappello-venga-solo-chi-ha-il-biglietto\/\" \/>\n<meta property=\"og:site_name\" content=\"intoscana\" \/>\n<meta property=\"article:publisher\" content=\"https:\/\/www.facebook.com\/intoscana.it\" \/>\n<meta property=\"article:published_time\" content=\"2021-10-28T16:35:00+00:00\" \/>\n<meta property=\"article:modified_time\" content=\"2021-10-28T16:37:25+00:00\" \/>\n<meta property=\"og:image\" content=\"https:\/\/www.intoscana.it\/wp-content\/uploads\/Poster-LCG-2021-autore-Paolo-Barbieri-2-copia.jpg\" \/>\n\t<meta property=\"og:image:width\" content=\"1600\" \/>\n\t<meta property=\"og:image:height\" content=\"1060\" \/>\n\t<meta property=\"og:image:type\" content=\"image\/jpeg\" \/>\n<meta name=\"author\" content=\"Gianluca Testa\" \/>\n<meta name=\"twitter:card\" content=\"summary_large_image\" \/>\n<meta name=\"twitter:creator\" content=\"@intoscana\" \/>\n<meta name=\"twitter:site\" content=\"@intoscana\" \/>\n<meta name=\"twitter:label1\" content=\"Written by\" \/>\n\t<meta name=\"twitter:data1\" content=\"Gianluca Testa\" \/>\n\t<meta name=\"twitter:label2\" content=\"Est. reading time\" \/>\n\t<meta name=\"twitter:data2\" content=\"6 minuti\" \/>\n<script type=\"application\/ld+json\" class=\"yoast-schema-graph\">{\"@context\":\"https:\/\/schema.org\",\"@graph\":[{\"@type\":\"WebPage\",\"@id\":\"https:\/\/www.intoscana.it\/it\/lucca-comics-al-via-con-responsabilita-lappello-venga-solo-chi-ha-il-biglietto\/\",\"url\":\"https:\/\/www.intoscana.it\/it\/lucca-comics-al-via-con-responsabilita-lappello-venga-solo-chi-ha-il-biglietto\/\",\"name\":\"Lucca Comics al via con \\\"responsabilit\u00e0\\\". L'appello? \\\"Venga solo chi ha il biglietto\\\" - intoscana\",\"isPartOf\":{\"@id\":\"https:\/\/www.intoscana.it\/it\/#website\"},\"primaryImageOfPage\":{\"@id\":\"https:\/\/www.intoscana.it\/it\/lucca-comics-al-via-con-responsabilita-lappello-venga-solo-chi-ha-il-biglietto\/#primaryimage\"},\"image\":{\"@id\":\"https:\/\/www.intoscana.it\/it\/lucca-comics-al-via-con-responsabilita-lappello-venga-solo-chi-ha-il-biglietto\/#primaryimage\"},\"thumbnailUrl\":\"https:\/\/www.intoscana.it\/wp-content\/uploads\/Poster-LCG-2021-autore-Paolo-Barbieri-2-copia.jpg\",\"datePublished\":\"2021-10-28T16:35:00+00:00\",\"dateModified\":\"2021-10-28T16:37:25+00:00\",\"author\":{\"@id\":\"https:\/\/www.intoscana.it\/it\/#\/schema\/person\/f437e015c68b2824ef01d2ed8cdb2923\"},\"description\":\"Quattro giorni di festival, 90 mila biglietti venduti e nessun evento a ingresso gratuito. \\\"La parola d'ordine \u00e8 responsabilit\u00e0\\\". Francesca Fazzi, presidente di Lucca Crea, ci raccontala genesi di questa inedita edizione di Lucca Comics & Games\",\"breadcrumb\":{\"@id\":\"https:\/\/www.intoscana.it\/it\/lucca-comics-al-via-con-responsabilita-lappello-venga-solo-chi-ha-il-biglietto\/#breadcrumb\"},\"inLanguage\":\"it-IT\",\"potentialAction\":[{\"@type\":\"ReadAction\",\"target\":[\"https:\/\/www.intoscana.it\/it\/lucca-comics-al-via-con-responsabilita-lappello-venga-solo-chi-ha-il-biglietto\/\"]}]},{\"@type\":\"ImageObject\",\"inLanguage\":\"it-IT\",\"@id\":\"https:\/\/www.intoscana.it\/it\/lucca-comics-al-via-con-responsabilita-lappello-venga-solo-chi-ha-il-biglietto\/#primaryimage\",\"url\":\"https:\/\/www.intoscana.it\/wp-content\/uploads\/Poster-LCG-2021-autore-Paolo-Barbieri-2-copia.jpg\",\"contentUrl\":\"https:\/\/www.intoscana.it\/wp-content\/uploads\/Poster-LCG-2021-autore-Paolo-Barbieri-2-copia.jpg\",\"width\":1600,\"height\":1060,\"caption\":\"Manifesto Lucca Comics & Games 2021, particolare\"},{\"@type\":\"BreadcrumbList\",\"@id\":\"https:\/\/www.intoscana.it\/it\/lucca-comics-al-via-con-responsabilita-lappello-venga-solo-chi-ha-il-biglietto\/#breadcrumb\",\"itemListElement\":[{\"@type\":\"ListItem\",\"position\":1,\"name\":\"Home\",\"item\":\"https:\/\/www.intoscana.it\/it\/\"},{\"@type\":\"ListItem\",\"position\":2,\"name\":\"Lucca Comics al via con &#8220;responsabilit\u00e0&#8221;. L&#8217;appello? &#8220;Venga solo chi ha il biglietto&#8221;\"}]},{\"@type\":\"WebSite\",\"@id\":\"https:\/\/www.intoscana.it\/it\/#website\",\"url\":\"https:\/\/www.intoscana.it\/it\/\",\"name\":\"intoscana\",\"description\":\"\",\"potentialAction\":[{\"@type\":\"SearchAction\",\"target\":{\"@type\":\"EntryPoint\",\"urlTemplate\":\"https:\/\/www.intoscana.it\/it\/?s={search_term_string}\"},\"query-input\":{\"@type\":\"PropertyValueSpecification\",\"valueRequired\":true,\"valueName\":\"search_term_string\"}}],\"inLanguage\":\"it-IT\"},{\"@type\":\"Person\",\"@id\":\"https:\/\/www.intoscana.it\/it\/#\/schema\/person\/f437e015c68b2824ef01d2ed8cdb2923\",\"name\":\"Gianluca Testa\",\"url\":\"https:\/\/www.intoscana.it\/it\/author\/gianluca-testa\/\"}]}<\/script>\n<!-- \/ Yoast SEO Premium plugin. -->","yoast_head_json":{"title":"Lucca Comics al via con \"responsabilit\u00e0\". L'appello? \"Venga solo chi ha il biglietto\" - intoscana","description":"Quattro giorni di festival, 90 mila biglietti venduti e nessun evento a ingresso gratuito. \"La parola d'ordine \u00e8 responsabilit\u00e0\". Francesca Fazzi, presidente di Lucca Crea, ci raccontala genesi di questa inedita edizione di Lucca Comics & Games","robots":{"index":"index","follow":"follow","max-snippet":"max-snippet:-1","max-image-preview":"max-image-preview:large","max-video-preview":"max-video-preview:-1"},"canonical":"https:\/\/www.intoscana.it\/it\/lucca-comics-al-via-con-responsabilita-lappello-venga-solo-chi-ha-il-biglietto\/","og_locale":"it_IT","og_type":"article","og_title":"Lucca Comics al via con \"responsabilit\u00e0\". L'appello? \"Venga solo chi ha il biglietto\"","og_description":"Quattro giorni di festival, 90 mila biglietti venduti e nessun evento a ingresso gratuito. \"La parola d'ordine \u00e8 responsabilit\u00e0\". Francesca Fazzi, presidente di Lucca Crea, ci raccontala genesi di questa inedita edizione di Lucca Comics & Games","og_url":"https:\/\/www.intoscana.it\/it\/lucca-comics-al-via-con-responsabilita-lappello-venga-solo-chi-ha-il-biglietto\/","og_site_name":"intoscana","article_publisher":"https:\/\/www.facebook.com\/intoscana.it","article_published_time":"2021-10-28T16:35:00+00:00","article_modified_time":"2021-10-28T16:37:25+00:00","og_image":[{"width":1600,"height":1060,"url":"https:\/\/www.intoscana.it\/wp-content\/uploads\/Poster-LCG-2021-autore-Paolo-Barbieri-2-copia.jpg","type":"image\/jpeg"}],"author":"Gianluca Testa","twitter_card":"summary_large_image","twitter_creator":"@intoscana","twitter_site":"@intoscana","twitter_misc":{"Written by":"Gianluca Testa","Est. reading time":"6 minuti"},"schema":{"@context":"https:\/\/schema.org","@graph":[{"@type":"WebPage","@id":"https:\/\/www.intoscana.it\/it\/lucca-comics-al-via-con-responsabilita-lappello-venga-solo-chi-ha-il-biglietto\/","url":"https:\/\/www.intoscana.it\/it\/lucca-comics-al-via-con-responsabilita-lappello-venga-solo-chi-ha-il-biglietto\/","name":"Lucca Comics al via con \"responsabilit\u00e0\". L'appello? \"Venga solo chi ha il biglietto\" - intoscana","isPartOf":{"@id":"https:\/\/www.intoscana.it\/it\/#website"},"primaryImageOfPage":{"@id":"https:\/\/www.intoscana.it\/it\/lucca-comics-al-via-con-responsabilita-lappello-venga-solo-chi-ha-il-biglietto\/#primaryimage"},"image":{"@id":"https:\/\/www.intoscana.it\/it\/lucca-comics-al-via-con-responsabilita-lappello-venga-solo-chi-ha-il-biglietto\/#primaryimage"},"thumbnailUrl":"https:\/\/www.intoscana.it\/wp-content\/uploads\/Poster-LCG-2021-autore-Paolo-Barbieri-2-copia.jpg","datePublished":"2021-10-28T16:35:00+00:00","dateModified":"2021-10-28T16:37:25+00:00","author":{"@id":"https:\/\/www.intoscana.it\/it\/#\/schema\/person\/f437e015c68b2824ef01d2ed8cdb2923"},"description":"Quattro giorni di festival, 90 mila biglietti venduti e nessun evento a ingresso gratuito. \"La parola d'ordine \u00e8 responsabilit\u00e0\". Francesca Fazzi, presidente di Lucca Crea, ci raccontala genesi di questa inedita edizione di Lucca Comics & Games","breadcrumb":{"@id":"https:\/\/www.intoscana.it\/it\/lucca-comics-al-via-con-responsabilita-lappello-venga-solo-chi-ha-il-biglietto\/#breadcrumb"},"inLanguage":"it-IT","potentialAction":[{"@type":"ReadAction","target":["https:\/\/www.intoscana.it\/it\/lucca-comics-al-via-con-responsabilita-lappello-venga-solo-chi-ha-il-biglietto\/"]}]},{"@type":"ImageObject","inLanguage":"it-IT","@id":"https:\/\/www.intoscana.it\/it\/lucca-comics-al-via-con-responsabilita-lappello-venga-solo-chi-ha-il-biglietto\/#primaryimage","url":"https:\/\/www.intoscana.it\/wp-content\/uploads\/Poster-LCG-2021-autore-Paolo-Barbieri-2-copia.jpg","contentUrl":"https:\/\/www.intoscana.it\/wp-content\/uploads\/Poster-LCG-2021-autore-Paolo-Barbieri-2-copia.jpg","width":1600,"height":1060,"caption":"Manifesto Lucca Comics & Games 2021, particolare"},{"@type":"BreadcrumbList","@id":"https:\/\/www.intoscana.it\/it\/lucca-comics-al-via-con-responsabilita-lappello-venga-solo-chi-ha-il-biglietto\/#breadcrumb","itemListElement":[{"@type":"ListItem","position":1,"name":"Home","item":"https:\/\/www.intoscana.it\/it\/"},{"@type":"ListItem","position":2,"name":"Lucca Comics al via con &#8220;responsabilit\u00e0&#8221;. L&#8217;appello? &#8220;Venga solo chi ha il biglietto&#8221;"}]},{"@type":"WebSite","@id":"https:\/\/www.intoscana.it\/it\/#website","url":"https:\/\/www.intoscana.it\/it\/","name":"intoscana","description":"","potentialAction":[{"@type":"SearchAction","target":{"@type":"EntryPoint","urlTemplate":"https:\/\/www.intoscana.it\/it\/?s={search_term_string}"},"query-input":{"@type":"PropertyValueSpecification","valueRequired":true,"valueName":"search_term_string"}}],"inLanguage":"it-IT"},{"@type":"Person","@id":"https:\/\/www.intoscana.it\/it\/#\/schema\/person\/f437e015c68b2824ef01d2ed8cdb2923","name":"Gianluca Testa","url":"https:\/\/www.intoscana.it\/it\/author\/gianluca-testa\/"}]}},"_links":{"self":[{"href":"https:\/\/www.intoscana.it\/it\/wp-json\/wp\/v2\/posts\/196119","targetHints":{"allow":["GET"]}}],"collection":[{"href":"https:\/\/www.intoscana.it\/it\/wp-json\/wp\/v2\/posts"}],"about":[{"href":"https:\/\/www.intoscana.it\/it\/wp-json\/wp\/v2\/types\/post"}],"author":[{"embeddable":true,"href":"https:\/\/www.intoscana.it\/it\/wp-json\/wp\/v2\/users\/521"}],"replies":[{"embeddable":true,"href":"https:\/\/www.intoscana.it\/it\/wp-json\/wp\/v2\/comments?post=196119"}],"version-history":[{"count":0,"href":"https:\/\/www.intoscana.it\/it\/wp-json\/wp\/v2\/posts\/196119\/revisions"}],"wp:featuredmedia":[{"embeddable":true,"href":"https:\/\/www.intoscana.it\/it\/wp-json\/wp\/v2\/media\/190767"}],"wp:attachment":[{"href":"https:\/\/www.intoscana.it\/it\/wp-json\/wp\/v2\/media?parent=196119"}],"wp:term":[{"taxonomy":"category","embeddable":true,"href":"https:\/\/www.intoscana.it\/it\/wp-json\/wp\/v2\/categories?post=196119"},{"taxonomy":"post_tag","embeddable":true,"href":"https:\/\/www.intoscana.it\/it\/wp-json\/wp\/v2\/tags?post=196119"}],"curies":[{"name":"wp","href":"https:\/\/api.w.org\/{rel}","templated":true}]}}