{"id":196241,"date":"2021-10-29T12:12:22","date_gmt":"2021-10-29T10:12:22","guid":{"rendered":"https:\/\/www.intoscana.it\/it\/?p=196241"},"modified":"2021-11-01T12:56:21","modified_gmt":"2021-11-01T11:56:21","slug":"il-maestro-del-fumetto-americano-frank-miller-in-visita-nel-tempio-del-rinascimento","status":"publish","type":"post","link":"https:\/\/www.intoscana.it\/it\/il-maestro-del-fumetto-americano-frank-miller-in-visita-nel-tempio-del-rinascimento\/","title":{"rendered":"Il maestro del fumetto americano Frank Miller in visita nel &#8220;tempio&#8221; del Rinascimento"},"content":{"rendered":"<p><strong>Frank Miller<\/strong>, il leggendario creatore di alcune delle pi\u00f9 grandi graphic novel americane quali<em><strong> Batman \u2013 Il ritorno del Cavaliere oscuro, Sin City, 300<\/strong><\/em>, \u00e8 stato avvistato in visita agli <strong>Uffizi<\/strong> tra i capolavori del <strong>Rinascimento fiorentino.<\/strong><\/p>\n<p>A condurre Miller tra le meraviglie del museo vasariano, \u00e8 stato <strong>il direttore Eike Schmidt,<\/strong> accompagnato dal <strong>direttore di<a href=\"https:\/\/www.intoscana.it\/it\/articolo\/lucca-comics-al-via-con-responsabilita-lappello-venga-solo-chi-ha-il-biglietto\/\" target=\"_blank\" rel=\"noopener\"> Lucca Comics &amp; Games<\/a> Emanuele Vietina<\/strong>.<\/p>\n<p>A farsi vivo in museo, anche <strong>un trittico di importanti autori americani<\/strong> dei comics a stelle e strisce. Sono<strong> Paul Azaceta<\/strong>\u00a0disegnatore e co-creatore della famosa serie horror <em><strong>Outcast,<\/strong> <\/em>realizzata insieme al creatore di The walking dead Robert Kirkman, <strong>Ryan Ottley<\/strong>\u00a0disegnatore e coautore del fumetto supereroistico, <em><strong>Invincible<\/strong><\/em>, quest\u2019anno diventato anche serie tv di grande successo, <strong>Lisandro Estherren<\/strong> disegnatore e co-creatore di <em><strong>Redneck<\/strong><\/em>, fortunata rivisitazione in chiave texana del mito del vampiro.<\/p>\n<figure id=\"post-196243 media-196243\" class=\"align-center\"><img decoding=\"async\" src=\"https:\/\/www.intoscana.it\/wp-content\/uploads\/Eike-Schmidt-with-Lisandro-Estherren-Redneck-a-destra-Ryan-Ottley-e-Paul-Azaceta-Invincible-Outcast-da-sinistra-scaled.jpg\" alt=\"\" \/><\/figure>\n<div class=\"titleimg\"><em>Eike Schmidt con Lisandro Estherren, Ryan Ottley e Paul Azaceta<\/em><\/div>\n<p><strong>Sabato 30 ottobre<\/strong>\u00a0saranno invece <strong>gli Uffizi a lanciarsi in una full immersion nell\u2019universo di <a href=\"https:\/\/www.intoscana.it\/it\/articolo\/lucca-comics-pau-e-walter-leoni-in-mostra-al-palazzo-delle-esposizioni\/\" target=\"_blank\" rel=\"noopener\">Lucca Comics<\/a>.<\/strong> Il direttore <strong>Eike Schmidt<\/strong> andr\u00e0 in tour alla kermesse, ospite di <strong>un dibattito a tema dantesco.<\/strong><\/p>\n<p>L\u2019incontro, che si terr\u00e0 a partire <strong>dalle 17 nella sala del Suffragio<\/strong> vedr\u00e0 la partecipazione, oltre che di Schmidt, di <strong>Lina Bolzoni<\/strong>, professoressa emerita della Scuola Normale Superiore e curatrice del volume e del disegnatore <strong>Paolo Barbieri<\/strong> che proprio nei mesi scorsi ha pubblicato nei mesi scorsi un libro di illustrazioni sull\u2019Inferno.\u00a0Ad aprire i lavori sar\u00e0 un intervento del<strong> presidente della Regione Toscana Eugenio Giani.<\/strong><\/p>\n<p>Il direttore degli Uffizi far\u00e0 poi un giro tra mostre, eventi e stand della rassegna, per poi prendere parte, dalle 21,30, alla cerimonia di <strong>Premiazione del Gran Maestro del Fumetto,<\/strong> conferito da <a href=\"https:\/\/www.intoscana.it\/it\/articolo\/lucca-comics-e-iniziato-il-countdown-aspettando-frank-miller-e-tutti-gli-altri\/\" target=\"_blank\" rel=\"noopener\"><strong>Lucca Comics &amp; Games<\/strong><\/a> nell&#8217;ambito dei <strong>Lucca Comics Awards.<\/strong><\/p>\n<p>Il premio al Maestro costituisce una sorta di <strong>&#8216;Oscar alla carriera&#8217; in chiave fumettistica<\/strong> e e viene conferito ogni anno ad un autore di comprovata statura artistica per l&#8217;elevato e riconosciuto valore della sua opera complessiva.<\/p>\n<p>A partire da questa edizione <strong>l&#8217;artista vincitore vedr\u00e0 il suo autoritratto entrare nella collezione del museo,<\/strong> che possiede la pi\u00f9 vasta raccolta al mondo di questo tipo di lavori. Il nome del vincitore sar\u00e0 svelato direttamente durante la cerimonia di sabato: a consegnare il premio sar\u00e0 lo stesso direttore degli Uffizi Schmidt.<\/p>\n","protected":false},"excerpt":{"rendered":"<p>Eike Schmidt sar\u00e0 a Lucca sabato 30 ottobre in occasione di Lucca Comics and Games con un dibattito sulla Divina Commedia e per la premiazione del Gran Maestro del Fumetto che esporr\u00e0 il suo autoritratto nel museo fiorentino<\/p>\n","protected":false},"author":525,"featured_media":196244,"comment_status":"open","ping_status":"open","sticky":false,"template":"","format":"standard","meta":{"_acf_changed":false,"footnotes":""},"categories":[494],"tags":[285,4539,207],"class_list":["post-196241","post","type-post","status-publish","format-standard","has-post-thumbnail","hentry","category-attualita","tag-fumetti","tag-lucca-comics","tag-uffizi"],"acf":[],"yoast_head":"<!-- This site is optimized with the Yoast SEO Premium plugin v24.2 (Yoast SEO v25.6) - https:\/\/yoast.com\/wordpress\/plugins\/seo\/ -->\n<title>Il maestro del fumetto americano Frank Miller in visita nel &quot;tempio&quot; del Rinascimento - intoscana<\/title>\n<meta name=\"description\" content=\"Eike Schmidt sar\u00e0 a Lucca in occasione di Lucca Comics and Games con un dibattito sulla Divina Commedia e un giro tra le mostre\" \/>\n<meta name=\"robots\" content=\"index, follow, max-snippet:-1, max-image-preview:large, max-video-preview:-1\" \/>\n<link rel=\"canonical\" href=\"https:\/\/www.intoscana.it\/it\/il-maestro-del-fumetto-americano-frank-miller-in-visita-nel-tempio-del-rinascimento\/\" \/>\n<meta property=\"og:locale\" content=\"it_IT\" \/>\n<meta property=\"og:type\" content=\"article\" \/>\n<meta property=\"og:title\" content=\"Il maestro del fumetto americano Frank Miller in visita nel &quot;tempio&quot; del Rinascimento\" \/>\n<meta property=\"og:description\" content=\"Eike Schmidt sar\u00e0 a Lucca in occasione di Lucca Comics and Games con un dibattito sulla Divina Commedia e un giro tra le mostre\" \/>\n<meta property=\"og:url\" content=\"https:\/\/www.intoscana.it\/it\/il-maestro-del-fumetto-americano-frank-miller-in-visita-nel-tempio-del-rinascimento\/\" \/>\n<meta property=\"og:site_name\" content=\"intoscana\" \/>\n<meta property=\"article:publisher\" content=\"https:\/\/www.facebook.com\/intoscana.it\" \/>\n<meta property=\"article:published_time\" content=\"2021-10-29T10:12:22+00:00\" \/>\n<meta property=\"article:modified_time\" content=\"2021-11-01T11:56:21+00:00\" \/>\n<meta property=\"og:image\" content=\"https:\/\/www.intoscana.it\/wp-content\/uploads\/Frank-Miller-HEADSHOT-credit-AFP-Joel-Saget.jpg\" \/>\n\t<meta property=\"og:image:width\" content=\"656\" \/>\n\t<meta property=\"og:image:height\" content=\"436\" \/>\n\t<meta property=\"og:image:type\" content=\"image\/jpeg\" \/>\n<meta name=\"author\" content=\"Redazione\" \/>\n<meta name=\"twitter:card\" content=\"summary_large_image\" \/>\n<meta name=\"twitter:creator\" content=\"@intoscana\" \/>\n<meta name=\"twitter:site\" content=\"@intoscana\" \/>\n<meta name=\"twitter:label1\" content=\"Written by\" \/>\n\t<meta name=\"twitter:data1\" content=\"Redazione\" \/>\n\t<meta name=\"twitter:label2\" content=\"Est. reading time\" \/>\n\t<meta name=\"twitter:data2\" content=\"2 minuti\" \/>\n<script type=\"application\/ld+json\" class=\"yoast-schema-graph\">{\"@context\":\"https:\/\/schema.org\",\"@graph\":[{\"@type\":\"WebPage\",\"@id\":\"https:\/\/www.intoscana.it\/it\/il-maestro-del-fumetto-americano-frank-miller-in-visita-nel-tempio-del-rinascimento\/\",\"url\":\"https:\/\/www.intoscana.it\/it\/il-maestro-del-fumetto-americano-frank-miller-in-visita-nel-tempio-del-rinascimento\/\",\"name\":\"Il maestro del fumetto americano Frank Miller in visita nel \\\"tempio\\\" del Rinascimento - intoscana\",\"isPartOf\":{\"@id\":\"https:\/\/www.intoscana.it\/it\/#website\"},\"primaryImageOfPage\":{\"@id\":\"https:\/\/www.intoscana.it\/it\/il-maestro-del-fumetto-americano-frank-miller-in-visita-nel-tempio-del-rinascimento\/#primaryimage\"},\"image\":{\"@id\":\"https:\/\/www.intoscana.it\/it\/il-maestro-del-fumetto-americano-frank-miller-in-visita-nel-tempio-del-rinascimento\/#primaryimage\"},\"thumbnailUrl\":\"https:\/\/www.intoscana.it\/wp-content\/uploads\/Frank-Miller-HEADSHOT-credit-AFP-Joel-Saget.jpg\",\"datePublished\":\"2021-10-29T10:12:22+00:00\",\"dateModified\":\"2021-11-01T11:56:21+00:00\",\"author\":{\"@id\":\"https:\/\/www.intoscana.it\/it\/#\/schema\/person\/9223810753230f20bd670fdd322661f8\"},\"description\":\"Eike Schmidt sar\u00e0 a Lucca in occasione di Lucca Comics and Games con un dibattito sulla Divina Commedia e un giro tra le mostre\",\"breadcrumb\":{\"@id\":\"https:\/\/www.intoscana.it\/it\/il-maestro-del-fumetto-americano-frank-miller-in-visita-nel-tempio-del-rinascimento\/#breadcrumb\"},\"inLanguage\":\"it-IT\",\"potentialAction\":[{\"@type\":\"ReadAction\",\"target\":[\"https:\/\/www.intoscana.it\/it\/il-maestro-del-fumetto-americano-frank-miller-in-visita-nel-tempio-del-rinascimento\/\"]}]},{\"@type\":\"ImageObject\",\"inLanguage\":\"it-IT\",\"@id\":\"https:\/\/www.intoscana.it\/it\/il-maestro-del-fumetto-americano-frank-miller-in-visita-nel-tempio-del-rinascimento\/#primaryimage\",\"url\":\"https:\/\/www.intoscana.it\/wp-content\/uploads\/Frank-Miller-HEADSHOT-credit-AFP-Joel-Saget.jpg\",\"contentUrl\":\"https:\/\/www.intoscana.it\/wp-content\/uploads\/Frank-Miller-HEADSHOT-credit-AFP-Joel-Saget.jpg\",\"width\":656,\"height\":436},{\"@type\":\"BreadcrumbList\",\"@id\":\"https:\/\/www.intoscana.it\/it\/il-maestro-del-fumetto-americano-frank-miller-in-visita-nel-tempio-del-rinascimento\/#breadcrumb\",\"itemListElement\":[{\"@type\":\"ListItem\",\"position\":1,\"name\":\"Home\",\"item\":\"https:\/\/www.intoscana.it\/it\/\"},{\"@type\":\"ListItem\",\"position\":2,\"name\":\"Il maestro del fumetto americano Frank Miller in visita nel &#8220;tempio&#8221; del Rinascimento\"}]},{\"@type\":\"WebSite\",\"@id\":\"https:\/\/www.intoscana.it\/it\/#website\",\"url\":\"https:\/\/www.intoscana.it\/it\/\",\"name\":\"intoscana\",\"description\":\"\",\"potentialAction\":[{\"@type\":\"SearchAction\",\"target\":{\"@type\":\"EntryPoint\",\"urlTemplate\":\"https:\/\/www.intoscana.it\/it\/?s={search_term_string}\"},\"query-input\":{\"@type\":\"PropertyValueSpecification\",\"valueRequired\":true,\"valueName\":\"search_term_string\"}}],\"inLanguage\":\"it-IT\"},{\"@type\":\"Person\",\"@id\":\"https:\/\/www.intoscana.it\/it\/#\/schema\/person\/9223810753230f20bd670fdd322661f8\",\"name\":\"Redazione\",\"url\":\"https:\/\/www.intoscana.it\/it\/author\/redazione\/\"}]}<\/script>\n<!-- \/ Yoast SEO Premium plugin. -->","yoast_head_json":{"title":"Il maestro del fumetto americano Frank Miller in visita nel \"tempio\" del Rinascimento - intoscana","description":"Eike Schmidt sar\u00e0 a Lucca in occasione di Lucca Comics and Games con un dibattito sulla Divina Commedia e un giro tra le mostre","robots":{"index":"index","follow":"follow","max-snippet":"max-snippet:-1","max-image-preview":"max-image-preview:large","max-video-preview":"max-video-preview:-1"},"canonical":"https:\/\/www.intoscana.it\/it\/il-maestro-del-fumetto-americano-frank-miller-in-visita-nel-tempio-del-rinascimento\/","og_locale":"it_IT","og_type":"article","og_title":"Il maestro del fumetto americano Frank Miller in visita nel \"tempio\" del Rinascimento","og_description":"Eike Schmidt sar\u00e0 a Lucca in occasione di Lucca Comics and Games con un dibattito sulla Divina Commedia e un giro tra le mostre","og_url":"https:\/\/www.intoscana.it\/it\/il-maestro-del-fumetto-americano-frank-miller-in-visita-nel-tempio-del-rinascimento\/","og_site_name":"intoscana","article_publisher":"https:\/\/www.facebook.com\/intoscana.it","article_published_time":"2021-10-29T10:12:22+00:00","article_modified_time":"2021-11-01T11:56:21+00:00","og_image":[{"width":656,"height":436,"url":"https:\/\/www.intoscana.it\/wp-content\/uploads\/Frank-Miller-HEADSHOT-credit-AFP-Joel-Saget.jpg","type":"image\/jpeg"}],"author":"Redazione","twitter_card":"summary_large_image","twitter_creator":"@intoscana","twitter_site":"@intoscana","twitter_misc":{"Written by":"Redazione","Est. reading time":"2 minuti"},"schema":{"@context":"https:\/\/schema.org","@graph":[{"@type":"WebPage","@id":"https:\/\/www.intoscana.it\/it\/il-maestro-del-fumetto-americano-frank-miller-in-visita-nel-tempio-del-rinascimento\/","url":"https:\/\/www.intoscana.it\/it\/il-maestro-del-fumetto-americano-frank-miller-in-visita-nel-tempio-del-rinascimento\/","name":"Il maestro del fumetto americano Frank Miller in visita nel \"tempio\" del Rinascimento - intoscana","isPartOf":{"@id":"https:\/\/www.intoscana.it\/it\/#website"},"primaryImageOfPage":{"@id":"https:\/\/www.intoscana.it\/it\/il-maestro-del-fumetto-americano-frank-miller-in-visita-nel-tempio-del-rinascimento\/#primaryimage"},"image":{"@id":"https:\/\/www.intoscana.it\/it\/il-maestro-del-fumetto-americano-frank-miller-in-visita-nel-tempio-del-rinascimento\/#primaryimage"},"thumbnailUrl":"https:\/\/www.intoscana.it\/wp-content\/uploads\/Frank-Miller-HEADSHOT-credit-AFP-Joel-Saget.jpg","datePublished":"2021-10-29T10:12:22+00:00","dateModified":"2021-11-01T11:56:21+00:00","author":{"@id":"https:\/\/www.intoscana.it\/it\/#\/schema\/person\/9223810753230f20bd670fdd322661f8"},"description":"Eike Schmidt sar\u00e0 a Lucca in occasione di Lucca Comics and Games con un dibattito sulla Divina Commedia e un giro tra le mostre","breadcrumb":{"@id":"https:\/\/www.intoscana.it\/it\/il-maestro-del-fumetto-americano-frank-miller-in-visita-nel-tempio-del-rinascimento\/#breadcrumb"},"inLanguage":"it-IT","potentialAction":[{"@type":"ReadAction","target":["https:\/\/www.intoscana.it\/it\/il-maestro-del-fumetto-americano-frank-miller-in-visita-nel-tempio-del-rinascimento\/"]}]},{"@type":"ImageObject","inLanguage":"it-IT","@id":"https:\/\/www.intoscana.it\/it\/il-maestro-del-fumetto-americano-frank-miller-in-visita-nel-tempio-del-rinascimento\/#primaryimage","url":"https:\/\/www.intoscana.it\/wp-content\/uploads\/Frank-Miller-HEADSHOT-credit-AFP-Joel-Saget.jpg","contentUrl":"https:\/\/www.intoscana.it\/wp-content\/uploads\/Frank-Miller-HEADSHOT-credit-AFP-Joel-Saget.jpg","width":656,"height":436},{"@type":"BreadcrumbList","@id":"https:\/\/www.intoscana.it\/it\/il-maestro-del-fumetto-americano-frank-miller-in-visita-nel-tempio-del-rinascimento\/#breadcrumb","itemListElement":[{"@type":"ListItem","position":1,"name":"Home","item":"https:\/\/www.intoscana.it\/it\/"},{"@type":"ListItem","position":2,"name":"Il maestro del fumetto americano Frank Miller in visita nel &#8220;tempio&#8221; del Rinascimento"}]},{"@type":"WebSite","@id":"https:\/\/www.intoscana.it\/it\/#website","url":"https:\/\/www.intoscana.it\/it\/","name":"intoscana","description":"","potentialAction":[{"@type":"SearchAction","target":{"@type":"EntryPoint","urlTemplate":"https:\/\/www.intoscana.it\/it\/?s={search_term_string}"},"query-input":{"@type":"PropertyValueSpecification","valueRequired":true,"valueName":"search_term_string"}}],"inLanguage":"it-IT"},{"@type":"Person","@id":"https:\/\/www.intoscana.it\/it\/#\/schema\/person\/9223810753230f20bd670fdd322661f8","name":"Redazione","url":"https:\/\/www.intoscana.it\/it\/author\/redazione\/"}]}},"_links":{"self":[{"href":"https:\/\/www.intoscana.it\/it\/wp-json\/wp\/v2\/posts\/196241","targetHints":{"allow":["GET"]}}],"collection":[{"href":"https:\/\/www.intoscana.it\/it\/wp-json\/wp\/v2\/posts"}],"about":[{"href":"https:\/\/www.intoscana.it\/it\/wp-json\/wp\/v2\/types\/post"}],"author":[{"embeddable":true,"href":"https:\/\/www.intoscana.it\/it\/wp-json\/wp\/v2\/users\/525"}],"replies":[{"embeddable":true,"href":"https:\/\/www.intoscana.it\/it\/wp-json\/wp\/v2\/comments?post=196241"}],"version-history":[{"count":0,"href":"https:\/\/www.intoscana.it\/it\/wp-json\/wp\/v2\/posts\/196241\/revisions"}],"wp:featuredmedia":[{"embeddable":true,"href":"https:\/\/www.intoscana.it\/it\/wp-json\/wp\/v2\/media\/196244"}],"wp:attachment":[{"href":"https:\/\/www.intoscana.it\/it\/wp-json\/wp\/v2\/media?parent=196241"}],"wp:term":[{"taxonomy":"category","embeddable":true,"href":"https:\/\/www.intoscana.it\/it\/wp-json\/wp\/v2\/categories?post=196241"},{"taxonomy":"post_tag","embeddable":true,"href":"https:\/\/www.intoscana.it\/it\/wp-json\/wp\/v2\/tags?post=196241"}],"curies":[{"name":"wp","href":"https:\/\/api.w.org\/{rel}","templated":true}]}}