{"id":196265,"date":"2021-10-29T12:20:26","date_gmt":"2021-10-29T10:20:26","guid":{"rendered":"https:\/\/www.intoscana.it\/it\/?p=196265"},"modified":"2021-11-01T12:55:48","modified_gmt":"2021-11-01T11:55:48","slug":"covid-376-nuovi-casi","status":"publish","type":"post","link":"https:\/\/www.intoscana.it\/it\/covid-376-nuovi-casi\/","title":{"rendered":"Covid, continua la risalita dei nuovi casi: oggi +376"},"content":{"rendered":"<p>In Toscana sono 288.965 i casi di positivit\u00e0 al Coronavirus, <strong>376 in pi\u00f9 rispetto a ieri: <\/strong>365 confermati con tampone molecolare e 11 da test rapido antigenico.<\/p>\n<p>I nuovi casi<\/p>\n<p><strong>I nuovi casi sono lo 0,1% in pi\u00f9 rispetto al totale del giorno precedente<\/strong>. Oggi sono stati eseguiti 8.223 tamponi molecolari e 17.064 tamponi antigenici rapidi, di questi l&#8217;1,5% \u00e8 risultato positivo. Sono invece 8.187 i soggetti testati oggi (con tampone antigenico e\/o molecolare, escludendo i tamponi di controllo), di cui il 4,6% \u00e8 risultato positivo. Gli attualmente positivi quindi sono 5.490, +4% rispetto a ieri.<\/p>\n<p><strong>L&#8217;et\u00e0 media dei 376 nuovi positivi odierni \u00e8 di 42 anni circa<\/strong> (26% ha meno di 20 anni, 17% tra 20 e 39 anni, 31% tra 40 e 59 anni, 19% tra 60 e 79 anni, 7% ha 80 anni o pi\u00f9).<\/p>\n<p>Di seguito i casi di positivit\u00e0 sul territorio con la variazione rispetto a ieri (365 confermati con tampone molecolare e 11 da test rapido antigenico). Sono 80.261 i casi complessivi ad oggi a Firenze (67 in pi\u00f9 rispetto a ieri), 26.650 a Prato (17 in pi\u00f9), 27.465 a Pistoia (30 in pi\u00f9), 15.086 a Massa (17 in pi\u00f9), 29.381 a Lucca (42 in pi\u00f9), 33.889 a Pisa (49 in pi\u00f9), 21.442 a Livorno (39 in pi\u00f9), 26.023 ad Arezzo (45 in pi\u00f9), 16.845 a Siena (55 in pi\u00f9), 11.368 a Grosseto (15 in pi\u00f9). Sono 555 i casi positivi notificati in Toscana, ma residenti in altre regioni.<\/p>\n<p>Sono 129 i casi riscontrati oggi nell&#8217;Asl Centro, 132 nella Nord Ovest, 115 nella Sud est.<\/p>\n<p>La Toscana si trova al 10\u00b0 posto in Italia come numerosit\u00e0 di casi (comprensivi di residenti e non residenti), con circa 7.877 casi per 100.000 abitanti (media italiana circa 8.028 x100.000, dato di ieri). Le province di notifica con il tasso pi\u00f9 alto sono Prato con 10.408 casi x100.000 abitanti, Pistoia con 9.444, Firenze con 8.140, la pi\u00f9 bassa Grosseto con 5.202.<\/p>\n<h3>Isolamento e ricoveri<\/h3>\n<p>Complessivamente, 5.232 persone sono in isolamento a casa, poich\u00e9 presentano sintomi lievi che non richiedono cure ospedaliere, o risultano prive di sintomi (206 in pi\u00f9 rispetto a ieri, pi\u00f9 4,1%).<br \/>\nSono 15.701 (668 in pi\u00f9 rispetto a ieri, pi\u00f9 4,4%) le persone, anch&#8217;esse isolate, in sorveglianza attiva perch\u00e9 hanno avuto contatti con persone contagiate (ASL Centro 4.879, Nord Ovest 7.289, Sud Est 3.533).<br \/>\nLe persone ricoverate nei posti letto dedicati ai pazienti COVID <strong>oggi sono complessivamente 258<\/strong> (7 in pi\u00f9 rispetto a ieri, pi\u00f9 2,8%), 27 in terapia intensiva (1 in pi\u00f9 rispetto a ieri, pi\u00f9 3,8%).<\/p>\n<h3>Guarigioni e decessi<\/h3>\n<p>Le persone complessivamente guarite sono 276.200 (<strong>160 in pi\u00f9 rispetto a ieri, pi\u00f9 0,1%<\/strong>): 0 persone clinicamente guarite (stabili rispetto a ieri), divenute cio\u00e8 asintomatiche dopo aver presentato manifestazioni cliniche associate all&#8217;infezione e 276.200 (160 in pi\u00f9 rispetto a ieri, pi\u00f9 0,1%) dichiarate guarite a tutti gli effetti, le cosiddette guarigioni virali, con tampone negativo.<\/p>\n<p><strong>Oggi si registrano 3 nuovi decessi: 3 donne, con un&#8217;et\u00e0 media di 90 anni.<\/strong><\/p>\n<p>Relativamente alla provincia di residenza, le persone decedute sono: 1 a Lucca, 1 a Pisa, 1 a Grosseto.<\/p>\n<p>Sono 7.275 i deceduti dall&#8217;inizio dell&#8217;epidemia cosi ripartiti: 2.347 a Firenze, 644 a Prato, 671 a Pistoia, 536 a Massa Carrara, 693 a Lucca, 729 a Pisa, 427 a Livorno, 563 ad Arezzo, 359 a Siena, 212 a Grosseto, 94 persone sono decedute sul suolo toscano ma erano residenti fuori regione.<\/p>\n<p>Il tasso grezzo di mortalit\u00e0 toscano (numero di deceduti\/popolazione residente) per Covid-19 \u00e8 di 198,3 x100.000 residenti contro il 222,8 x100.000 della media italiana (12\u00b0 regione). Per quanto riguarda le province, il tasso di mortalit\u00e0 pi\u00f9 alto si riscontra a Massa Carrara (282,3 x100.000), Prato (251,5 x100.000) e Firenze (238,0 x100.000), il pi\u00f9 basso a Grosseto (97,0 x100.000<\/p>\n","protected":false},"excerpt":{"rendered":"<p>In aumento anche i ricoveri. Oggi si registrano 3 nuovi decessi: 3 donne, con un&#8217;et\u00e0 media di 90 anni.<\/p>\n","protected":false},"author":525,"featured_media":143722,"comment_status":"open","ping_status":"open","sticky":false,"template":"","format":"standard","meta":{"_acf_changed":false,"footnotes":""},"categories":[494],"tags":[4809,5149,349],"class_list":["post-196265","post","type-post","status-publish","format-standard","has-post-thumbnail","hentry","category-attualita","tag-covid","tag-pandemia","tag-sanita"],"acf":[],"yoast_head":"<!-- This site is optimized with the Yoast SEO Premium plugin v24.2 (Yoast SEO v25.6) - https:\/\/yoast.com\/wordpress\/plugins\/seo\/ -->\n<title>Covid, continua la risalita dei nuovi casi: oggi +376 - intoscana<\/title>\n<meta name=\"description\" content=\"In aumento anche i ricoveri. Oggi si registrano 3 nuovi decessi: 3 donne, con un&#039;et\u00e0 media di 90 anni.\" \/>\n<meta name=\"robots\" content=\"index, follow, max-snippet:-1, max-image-preview:large, max-video-preview:-1\" \/>\n<link rel=\"canonical\" href=\"https:\/\/www.intoscana.it\/it\/covid-376-nuovi-casi\/\" \/>\n<meta property=\"og:locale\" content=\"it_IT\" \/>\n<meta property=\"og:type\" content=\"article\" \/>\n<meta property=\"og:title\" content=\"Covid, continua la risalita dei nuovi casi: oggi +376\" \/>\n<meta property=\"og:description\" content=\"In aumento anche i ricoveri. Oggi si registrano 3 nuovi decessi: 3 donne, con un&#039;et\u00e0 media di 90 anni.\" \/>\n<meta property=\"og:url\" content=\"https:\/\/www.intoscana.it\/it\/covid-376-nuovi-casi\/\" \/>\n<meta property=\"og:site_name\" content=\"intoscana\" \/>\n<meta property=\"article:publisher\" content=\"https:\/\/www.facebook.com\/intoscana.it\" \/>\n<meta property=\"article:published_time\" content=\"2021-10-29T10:20:26+00:00\" \/>\n<meta property=\"article:modified_time\" content=\"2021-11-01T11:55:48+00:00\" \/>\n<meta property=\"og:image\" content=\"https:\/\/www.intoscana.it\/wp-content\/uploads\/infermiere-mascherina-toscana-1.jpg\" \/>\n\t<meta property=\"og:image:width\" content=\"1000\" \/>\n\t<meta property=\"og:image:height\" content=\"667\" \/>\n\t<meta property=\"og:image:type\" content=\"image\/jpeg\" \/>\n<meta name=\"author\" content=\"Redazione\" \/>\n<meta name=\"twitter:card\" content=\"summary_large_image\" \/>\n<meta name=\"twitter:creator\" content=\"@intoscana\" \/>\n<meta name=\"twitter:site\" content=\"@intoscana\" \/>\n<meta name=\"twitter:label1\" content=\"Written by\" \/>\n\t<meta name=\"twitter:data1\" content=\"Redazione\" \/>\n\t<meta name=\"twitter:label2\" content=\"Est. reading time\" \/>\n\t<meta name=\"twitter:data2\" content=\"3 minuti\" \/>\n<script type=\"application\/ld+json\" class=\"yoast-schema-graph\">{\"@context\":\"https:\/\/schema.org\",\"@graph\":[{\"@type\":\"WebPage\",\"@id\":\"https:\/\/www.intoscana.it\/it\/covid-376-nuovi-casi\/\",\"url\":\"https:\/\/www.intoscana.it\/it\/covid-376-nuovi-casi\/\",\"name\":\"Covid, continua la risalita dei nuovi casi: oggi +376 - intoscana\",\"isPartOf\":{\"@id\":\"https:\/\/www.intoscana.it\/it\/#website\"},\"primaryImageOfPage\":{\"@id\":\"https:\/\/www.intoscana.it\/it\/covid-376-nuovi-casi\/#primaryimage\"},\"image\":{\"@id\":\"https:\/\/www.intoscana.it\/it\/covid-376-nuovi-casi\/#primaryimage\"},\"thumbnailUrl\":\"https:\/\/www.intoscana.it\/wp-content\/uploads\/infermiere-mascherina-toscana-1.jpg\",\"datePublished\":\"2021-10-29T10:20:26+00:00\",\"dateModified\":\"2021-11-01T11:55:48+00:00\",\"author\":{\"@id\":\"https:\/\/www.intoscana.it\/it\/#\/schema\/person\/9223810753230f20bd670fdd322661f8\"},\"description\":\"In aumento anche i ricoveri. Oggi si registrano 3 nuovi decessi: 3 donne, con un'et\u00e0 media di 90 anni.\",\"breadcrumb\":{\"@id\":\"https:\/\/www.intoscana.it\/it\/covid-376-nuovi-casi\/#breadcrumb\"},\"inLanguage\":\"it-IT\",\"potentialAction\":[{\"@type\":\"ReadAction\",\"target\":[\"https:\/\/www.intoscana.it\/it\/covid-376-nuovi-casi\/\"]}]},{\"@type\":\"ImageObject\",\"inLanguage\":\"it-IT\",\"@id\":\"https:\/\/www.intoscana.it\/it\/covid-376-nuovi-casi\/#primaryimage\",\"url\":\"https:\/\/www.intoscana.it\/wp-content\/uploads\/infermiere-mascherina-toscana-1.jpg\",\"contentUrl\":\"https:\/\/www.intoscana.it\/wp-content\/uploads\/infermiere-mascherina-toscana-1.jpg\",\"width\":1000,\"height\":667,\"caption\":\"Infermiera in prima fila nella lotta al Covid-19\"},{\"@type\":\"BreadcrumbList\",\"@id\":\"https:\/\/www.intoscana.it\/it\/covid-376-nuovi-casi\/#breadcrumb\",\"itemListElement\":[{\"@type\":\"ListItem\",\"position\":1,\"name\":\"Home\",\"item\":\"https:\/\/www.intoscana.it\/it\/\"},{\"@type\":\"ListItem\",\"position\":2,\"name\":\"Covid, continua la risalita dei nuovi casi: oggi +376\"}]},{\"@type\":\"WebSite\",\"@id\":\"https:\/\/www.intoscana.it\/it\/#website\",\"url\":\"https:\/\/www.intoscana.it\/it\/\",\"name\":\"intoscana\",\"description\":\"\",\"potentialAction\":[{\"@type\":\"SearchAction\",\"target\":{\"@type\":\"EntryPoint\",\"urlTemplate\":\"https:\/\/www.intoscana.it\/it\/?s={search_term_string}\"},\"query-input\":{\"@type\":\"PropertyValueSpecification\",\"valueRequired\":true,\"valueName\":\"search_term_string\"}}],\"inLanguage\":\"it-IT\"},{\"@type\":\"Person\",\"@id\":\"https:\/\/www.intoscana.it\/it\/#\/schema\/person\/9223810753230f20bd670fdd322661f8\",\"name\":\"Redazione\",\"url\":\"https:\/\/www.intoscana.it\/it\/author\/redazione\/\"}]}<\/script>\n<!-- \/ Yoast SEO Premium plugin. -->","yoast_head_json":{"title":"Covid, continua la risalita dei nuovi casi: oggi +376 - intoscana","description":"In aumento anche i ricoveri. Oggi si registrano 3 nuovi decessi: 3 donne, con un'et\u00e0 media di 90 anni.","robots":{"index":"index","follow":"follow","max-snippet":"max-snippet:-1","max-image-preview":"max-image-preview:large","max-video-preview":"max-video-preview:-1"},"canonical":"https:\/\/www.intoscana.it\/it\/covid-376-nuovi-casi\/","og_locale":"it_IT","og_type":"article","og_title":"Covid, continua la risalita dei nuovi casi: oggi +376","og_description":"In aumento anche i ricoveri. Oggi si registrano 3 nuovi decessi: 3 donne, con un'et\u00e0 media di 90 anni.","og_url":"https:\/\/www.intoscana.it\/it\/covid-376-nuovi-casi\/","og_site_name":"intoscana","article_publisher":"https:\/\/www.facebook.com\/intoscana.it","article_published_time":"2021-10-29T10:20:26+00:00","article_modified_time":"2021-11-01T11:55:48+00:00","og_image":[{"width":1000,"height":667,"url":"https:\/\/www.intoscana.it\/wp-content\/uploads\/infermiere-mascherina-toscana-1.jpg","type":"image\/jpeg"}],"author":"Redazione","twitter_card":"summary_large_image","twitter_creator":"@intoscana","twitter_site":"@intoscana","twitter_misc":{"Written by":"Redazione","Est. reading time":"3 minuti"},"schema":{"@context":"https:\/\/schema.org","@graph":[{"@type":"WebPage","@id":"https:\/\/www.intoscana.it\/it\/covid-376-nuovi-casi\/","url":"https:\/\/www.intoscana.it\/it\/covid-376-nuovi-casi\/","name":"Covid, continua la risalita dei nuovi casi: oggi +376 - intoscana","isPartOf":{"@id":"https:\/\/www.intoscana.it\/it\/#website"},"primaryImageOfPage":{"@id":"https:\/\/www.intoscana.it\/it\/covid-376-nuovi-casi\/#primaryimage"},"image":{"@id":"https:\/\/www.intoscana.it\/it\/covid-376-nuovi-casi\/#primaryimage"},"thumbnailUrl":"https:\/\/www.intoscana.it\/wp-content\/uploads\/infermiere-mascherina-toscana-1.jpg","datePublished":"2021-10-29T10:20:26+00:00","dateModified":"2021-11-01T11:55:48+00:00","author":{"@id":"https:\/\/www.intoscana.it\/it\/#\/schema\/person\/9223810753230f20bd670fdd322661f8"},"description":"In aumento anche i ricoveri. Oggi si registrano 3 nuovi decessi: 3 donne, con un'et\u00e0 media di 90 anni.","breadcrumb":{"@id":"https:\/\/www.intoscana.it\/it\/covid-376-nuovi-casi\/#breadcrumb"},"inLanguage":"it-IT","potentialAction":[{"@type":"ReadAction","target":["https:\/\/www.intoscana.it\/it\/covid-376-nuovi-casi\/"]}]},{"@type":"ImageObject","inLanguage":"it-IT","@id":"https:\/\/www.intoscana.it\/it\/covid-376-nuovi-casi\/#primaryimage","url":"https:\/\/www.intoscana.it\/wp-content\/uploads\/infermiere-mascherina-toscana-1.jpg","contentUrl":"https:\/\/www.intoscana.it\/wp-content\/uploads\/infermiere-mascherina-toscana-1.jpg","width":1000,"height":667,"caption":"Infermiera in prima fila nella lotta al Covid-19"},{"@type":"BreadcrumbList","@id":"https:\/\/www.intoscana.it\/it\/covid-376-nuovi-casi\/#breadcrumb","itemListElement":[{"@type":"ListItem","position":1,"name":"Home","item":"https:\/\/www.intoscana.it\/it\/"},{"@type":"ListItem","position":2,"name":"Covid, continua la risalita dei nuovi casi: oggi +376"}]},{"@type":"WebSite","@id":"https:\/\/www.intoscana.it\/it\/#website","url":"https:\/\/www.intoscana.it\/it\/","name":"intoscana","description":"","potentialAction":[{"@type":"SearchAction","target":{"@type":"EntryPoint","urlTemplate":"https:\/\/www.intoscana.it\/it\/?s={search_term_string}"},"query-input":{"@type":"PropertyValueSpecification","valueRequired":true,"valueName":"search_term_string"}}],"inLanguage":"it-IT"},{"@type":"Person","@id":"https:\/\/www.intoscana.it\/it\/#\/schema\/person\/9223810753230f20bd670fdd322661f8","name":"Redazione","url":"https:\/\/www.intoscana.it\/it\/author\/redazione\/"}]}},"_links":{"self":[{"href":"https:\/\/www.intoscana.it\/it\/wp-json\/wp\/v2\/posts\/196265","targetHints":{"allow":["GET"]}}],"collection":[{"href":"https:\/\/www.intoscana.it\/it\/wp-json\/wp\/v2\/posts"}],"about":[{"href":"https:\/\/www.intoscana.it\/it\/wp-json\/wp\/v2\/types\/post"}],"author":[{"embeddable":true,"href":"https:\/\/www.intoscana.it\/it\/wp-json\/wp\/v2\/users\/525"}],"replies":[{"embeddable":true,"href":"https:\/\/www.intoscana.it\/it\/wp-json\/wp\/v2\/comments?post=196265"}],"version-history":[{"count":0,"href":"https:\/\/www.intoscana.it\/it\/wp-json\/wp\/v2\/posts\/196265\/revisions"}],"wp:featuredmedia":[{"embeddable":true,"href":"https:\/\/www.intoscana.it\/it\/wp-json\/wp\/v2\/media\/143722"}],"wp:attachment":[{"href":"https:\/\/www.intoscana.it\/it\/wp-json\/wp\/v2\/media?parent=196265"}],"wp:term":[{"taxonomy":"category","embeddable":true,"href":"https:\/\/www.intoscana.it\/it\/wp-json\/wp\/v2\/categories?post=196265"},{"taxonomy":"post_tag","embeddable":true,"href":"https:\/\/www.intoscana.it\/it\/wp-json\/wp\/v2\/tags?post=196265"}],"curies":[{"name":"wp","href":"https:\/\/api.w.org\/{rel}","templated":true}]}}