{"id":196309,"date":"2021-10-29T16:30:57","date_gmt":"2021-10-29T14:30:57","guid":{"rendered":"https:\/\/www.intoscana.it\/it\/?p=196309"},"modified":"2021-11-03T12:46:46","modified_gmt":"2021-11-03T11:46:46","slug":"mostra-del-tartufo-a-san-miniato-la-50esima-edizione-declinata-al-femminile","status":"publish","type":"post","link":"https:\/\/www.intoscana.it\/it\/mostra-del-tartufo-a-san-miniato-la-50esima-edizione-declinata-al-femminile\/","title":{"rendered":"Mostra del tartufo, a San Miniato la 50esima edizione declinata al femminile"},"content":{"rendered":"<p>Dopo un anno di stop forzato, dovuto alla pandemia, il 13 novembre si alza ufficialmente il sipario sulla <strong>50esima edizione della Mostra Mercato Nazionale del Tartufo Bianco delle Colline Sanminiatesi<\/strong>. Per tre weekend, fino al 28 novembre, il borgo di San Miniato diventa capitale del gusto seguendo il tema della \u201cdonna\u201d, che gi\u00e0 era stato scelto per l\u2019annata 2020.<\/p>\n<p>\u201c<em>Abbiamo scelto di declinare questa Mostra Mercato al femminile<\/em> \u2013 spiega il presidente della Fondazione San Miniato Promozione <strong>Marzio Gabbanini<\/strong> &#8211; <em>per evidenziare, semmai ce ne fosse bisogno, che nonostante tante difficolt\u00e0, la donna ha raggiunto in tutti i campi numerosi e prestigiosi traguardi. Per questo <\/em><mark><em>avremo solo chef donne, le onorificenze e i premi saranno assegnati a donne e negli incontri la figura femminile la far\u00e0 da padrone<\/em><\/mark>\u201d.<\/p>\n<h3>Le location della mostra<\/h3>\n<figure id=\"post-104396 media-104396\" class=\"align-none\"><img decoding=\"async\" src=\"https:\/\/www.intoscana.it\/wp-content\/uploads\/313-1.jpg\" alt=\"\" \/><\/figure>\n<div class=\"titleimg\">Il borgo di San Miniato<\/div>\n<p>Tra le novit\u00e0 del 2021 ci sono sicuramente i <strong>sette spazi<\/strong> dove poter gustare il tartufo ma non solo, con eccellenze da tutt\u2019Italia: <strong>Piazza Dante, Corso Garibaldi, Piazza del Popolo, Loggiati di San Domenico, Loggetta del Fondo, Piazza della Repubblica e Piazza Duomo<\/strong>.<\/p>\n<p>In Piazza Dante ci saranno gli stand del Mercatale, di Slow Food e delle Associazioni del Gusto, in Corso Garibaldi lo <a href=\"https:\/\/www.intoscana.it\/it\/articolo\/street-food-della-toscana-guida-del-gambero-rosso\/\" target=\"_blank\" rel=\"noopener\">street food<\/a>, in Piazza del Popolo i prodotti enogastronomici provenienti da tutt\u2019Italia, ai Loggiati di San Domenico ecco \u201cLa Via dei Sapori\u201d, alla Loggetta del Fondo l\u2019Infopoint della Mostra con i ragazzi dell\u2019I.T. Cattaneo e l\u2019associazione \u201cLa Sciabola sul collo\u201d, in Piazza della Repubblica prodotti toscani e non solo, oltre alla presenza di Unicoop e in Piazza Duomo Tartufi e Sapori e \u201c<strong>Il tartufo bianco, il vino e l\u2019olio di San Miniato<\/strong>\u201d. Gli spazi espositivi apriranno alle 10 in tutti i tre weekend.<\/p>\n<p>Ci sar\u00e0 spazio anche per <strong>mostre, convegni e visite<\/strong> nell\u2019ecosistema nel quale il tartufo nasce, oltre al tour alla scoperta della storia del tartufo, sia a piedi che in mountain bike. Presenti anche numerosi punti di ristoro: in piazza Dante, grazie a Le Fornaci, La Ruga e Us Balconevisi, in via Conti 40 col Gruppo Fratres, all\u2019antico refettorio Ss. Annunziata (via Carducci 44), lo Chalet del Movimento Shalom ai giardini Bucalossi, al Ristorante del Tartufo al Circolo Cheli (via Guicciardini) e poi al Conservatorio di Santa Chiara.<\/p>\n<h3>Il programma<\/h3>\n<p>L\u2019inaugurazione \u00e8 prevista per <strong>sabato 13 novembre<\/strong> con una serie di iniziative che prenderanno il via alle 10.00 quando verranno presentati gli<strong> ambasciatori del tartufo<\/strong> nel mondo, quattro donne simbolo dell\u2019eccellenza: la professoressa <strong>Alessandra Petrucci<\/strong>, rettrice dell\u2019Universit\u00e0 di Firenze, <strong>Barbara Nappini<\/strong>, presidente di Slow Food Italia, <strong>Antonella Brancadoro<\/strong> ,direttrice dell\u2019Associazione nazionale Citt\u00e0 del Tartufo, <strong>Cristiana Cella,<\/strong> responsabile Cisda per i diritti delle donne afghane.<\/p>\n<p>Alle 11.00 un corteo storico sfiler\u00e0 per le vie della citt\u00e0, mentre alle 11.30 verr\u00e0 tagliato il nastro, come di consueto, in piazza Duomo, cuore pulsante della Mostra.<\/p>\n<p>Dalle 15.00 alle 19.30 primo appuntamento con l\u2019<strong>Officina del Tartufo<\/strong> con interventi della presidente Brancadoro e l\u2019esibizione delle due chef Raffaella Cecchelli e Shamira Gatta.<\/p>\n<p><strong>Domenica 14 novembre<\/strong>, alle 10.00, si comincia con un importante incontro dal titolo \u201c<strong>Le donne e le nuove frontiere della scienza<\/strong>\u201d al quale interverranno <a href=\"https:\/\/www.intoscana.it\/it\/articolo\/sabina-nuti-personaggio-2019\/\" target=\"_blank\" rel=\"noopener\">Sabina Nuti<\/a>, rettrice della Scuola Superiore Sant\u2019Anna di Pisa e <strong>Manuela Roncella<\/strong>, direttrice del centro senologico dell\u2019Aoup e membro del Consiglio Superiore di Sanit\u00e0. Entrambe saranno insignite dell\u2019onorificenza di \u201cAmbasciatrici del tartufo nel mondo\u201d.<\/p>\n<p>Spazio anche per la cultura: alle 17.30 nella Sala del consiglio comunale verr\u00e0 assegnato il primo premio \u201c<strong>San Miniato Citt\u00e0 della Cultura e del Buon Vivere<\/strong>\u201d al vescovo di San Miniato monsignor Andrea Migliavacca, al presidente della Fondazione CRSM Antonio Guicciardini Salini e al direttore generale di Cr\u00e9dit Agricole Massimo Cerbai. Un premio speciale alla memoria sar\u00e0 destinato anche a Dino Arzilli, chef del Ristorante Genovini.<\/p>\n<figure id=\"post-82524 media-82524\" class=\"align-none\"><img decoding=\"async\" src=\"https:\/\/www.intoscana.it\/wp-content\/uploads\/san-miniato-tartufo-bianco-mostra-mercato-1-1.jpg\" alt=\"\" \/><\/figure>\n<div class=\"titleimg\">Tartufo Bianco di San Miniato, il 13 novembre via alla mostra mercato<\/div>\n<p><strong>Sabato 20 novembre<\/strong>, alle 10.00, a Palazzo Grifoni, verr\u00e0 discusso il ruolo della \u201c<strong>Farmacia quale presidio sanitario di prossimit\u00e0<\/strong>\u201d. Alle 15.00 la Filarmonica Del Bravo sfiler\u00e0 per le vie cittadine, mentre dalle 15.00, all\u2019Officina del tartufo di scena il talk show con Vieri Boncinelli sul tema \u201c<strong>Cibo ed Eros<\/strong>\u201d, mentre dalle 16.00 cooking show a quattro mani a cura dell\u2019associazione <strong>Cuochi pisani<\/strong>.<\/p>\n<p>A seguire due presentazioni di libri alla Biblioteca comunale \u201c<strong>Luzi<\/strong>\u201d: alle 17.00 Walter Mangini presenta \u201cLa terapia celata\u201d e alle 18.00 Chiara Gozzini presenta \u201cI supereroi sono ta noi\u201d.<\/p>\n<p>Alle 9.30 di <strong>domenica 21 novembre<\/strong>, ancora a Palazzo Grifoni, le associazioni Frida, Fidapa e Soropthimist insieme all\u2019assessore alle pari opportunit\u00e0 Elisa Montanelli discuteranno dell\u2019essere donna oggi, tra difficolt\u00e0 e conquiste. Alle 12.00, ancora a Palazzo Grifoni, la dottoressa Cristiana Cella verr\u00e0 intervistata dalla giornalista Francesca Pinochi sul tema della \u201c<strong>Resistenza delle donne in Afghanistan<\/strong>\u201d. All\u2019Officina del tartufo alle ore 15.00 talk show con Ilario Luperini sul tema \u201c<strong>Il cibo nell\u2019arte<\/strong>\u201d e, a seguire, cooking show con la chef Maria Luisa Rovari che, alle 17.30, ricever\u00e0 il Premio Renato Tozzi, al quale interverranno il sindaco Simone Giglioli, il presidente della Fondazione San Miniato Promozione Marzio Gabbanini e un familiare di Renato Tozzi.<\/p>\n<div class=\"focuson\"><a href=\"https:\/\/www.intoscana.it\/it\/articolo\/san-miniato-inaugura-la-stagione-del-tartufo-con-la-mostra-e-le-sagre-autunnali\/\"><img decoding=\"async\" class=\"lazy\" src=\"https:\/\/www.intoscana.it\/wp-content\/uploads\/tartufo-bianco-san-miniato.jpg\" style=\"\">\n                <div class=\"cat\">La stagione del tartufo di San Miniato<\/div>\n                <h4>Gli eventi dedicati all\u2019oro bianco<\/h4><\/a>\n              <\/div>\n<p><strong>Sabato 27 novembre<\/strong>, all\u2019interno dell\u2019Officina del tartufo, alle 11.30 verr\u00e0 presentato il libro di Roberto Ippolito, dal titolo \u201c<strong>Delitto Neruda<\/strong>\u201d e nel pomeriggio <strong>cooking show a cura dell\u2019associazione Cuochi pisani<\/strong>.<\/p>\n<p>Alle 17.30 a Palazzo Grifoni incontro sul tema \u201c<strong>Le donne e la cybersecurity, l\u2019innovazione tecnologica pensata dalle donne<\/strong>\u201d dove interverranno Antonio Mazzeo, presidente del Consiglio regionale della Toscana, Rita Forsi, gi\u00e0 direttrice dell\u2019Istituto Superiore delle Comunicazioni e delle Tecnologie dell\u2019Informazione.<\/p>\n<p><strong>Domenica 28 novembre<\/strong>, alle 10.00, all\u2019Officina del tartufo l\u2019ingegnere Virginia Mamone parler\u00e0 dei \u201c<strong>Dispositivi di realt\u00e0 aumentata in supporto alla chirurgia<\/strong>\u201d e, dalle 15.00, cooking show con il tartufo bianco e il vino di San Miniato. A conclusione della kermesse, alle 18.00, ci saranno le consuete premiazioni per i tartufi pi\u00f9 grandi (e non solo).<\/p>\n<p>In ognuno dei sei giorni <strong>chef stellati<\/strong> ospiteranno cooking show e per l\u2019ingresso sar\u00e0 obbligatorio esibire il <a href=\"https:\/\/www.intoscana.it\/it\/articolo\/green-pass-esteso-dal-15-ottobre-ecco-cosa-cambia-giani-sono-soddisfatto\/\" target=\"_blank\" rel=\"noopener\">green pass<\/a>, cos\u00ec come per le conferenze e l\u2019accesso ai ristoranti. Tutte le ricette preparate interpreteranno il tartufo bianco di San Miniato e saranno servite accompagnate da un calice di vino dell\u2019associazione Vignaioli Sanminiatesi.<\/p>\n","protected":false},"excerpt":{"rendered":"<p>Il 13 novembre prende il via la manifestazione dedicata all\u2019oro bianco delle colline Sanminiatesi. In programma cooking show con chef stellati, incontri e presentazioni in sette location del borgo<\/p>\n","protected":false},"author":525,"featured_media":196310,"comment_status":"open","ping_status":"open","sticky":false,"template":"","format":"standard","meta":{"_acf_changed":false,"footnotes":""},"categories":[8],"tags":[4474,395,4492,410],"class_list":["post-196309","post","type-post","status-publish","format-standard","has-post-thumbnail","hentry","category-enogastronomia","tag-eventi","tag-eventi-in-toscana","tag-san-miniato","tag-tartufo"],"acf":[],"yoast_head":"<!-- This site is optimized with the Yoast SEO Premium plugin v24.2 (Yoast SEO v25.6) - https:\/\/yoast.com\/wordpress\/plugins\/seo\/ -->\n<title>Mostra del tartufo, a San Miniato la 50esima edizione declinata al femminile - intoscana<\/title>\n<meta name=\"description\" content=\"Sabato 13 novembre 2021, per tre weekend, si apre la 50esima edizione della Mostra Mercato del Tartufo Bianco di San Miniato.\" \/>\n<meta name=\"robots\" content=\"index, follow, max-snippet:-1, max-image-preview:large, max-video-preview:-1\" \/>\n<link rel=\"canonical\" href=\"https:\/\/www.intoscana.it\/it\/mostra-del-tartufo-a-san-miniato-la-50esima-edizione-declinata-al-femminile\/\" \/>\n<meta property=\"og:locale\" content=\"it_IT\" \/>\n<meta property=\"og:type\" content=\"article\" \/>\n<meta property=\"og:title\" content=\"Mostra del tartufo, a San Miniato la 50esima edizione declinata al femminile\" \/>\n<meta property=\"og:description\" content=\"Sabato 13 novembre 2021, per tre weekend, si apre la 50esima edizione della Mostra Mercato del Tartufo Bianco di San Miniato.\" \/>\n<meta property=\"og:url\" content=\"https:\/\/www.intoscana.it\/it\/mostra-del-tartufo-a-san-miniato-la-50esima-edizione-declinata-al-femminile\/\" \/>\n<meta property=\"og:site_name\" content=\"intoscana\" \/>\n<meta property=\"article:publisher\" content=\"https:\/\/www.facebook.com\/intoscana.it\" \/>\n<meta property=\"article:published_time\" content=\"2021-10-29T14:30:57+00:00\" \/>\n<meta property=\"article:modified_time\" content=\"2021-11-03T11:46:46+00:00\" \/>\n<meta property=\"og:image\" content=\"https:\/\/www.intoscana.it\/wp-content\/uploads\/Presentazione-Mostra-tartufo.jpeg\" \/>\n\t<meta property=\"og:image:width\" content=\"909\" \/>\n\t<meta property=\"og:image:height\" content=\"689\" \/>\n\t<meta property=\"og:image:type\" content=\"image\/jpeg\" \/>\n<meta name=\"author\" content=\"Redazione\" \/>\n<meta name=\"twitter:card\" content=\"summary_large_image\" \/>\n<meta name=\"twitter:creator\" content=\"@intoscana\" \/>\n<meta name=\"twitter:site\" content=\"@intoscana\" \/>\n<meta name=\"twitter:label1\" content=\"Written by\" \/>\n\t<meta name=\"twitter:data1\" content=\"Redazione\" \/>\n\t<meta name=\"twitter:label2\" content=\"Est. reading time\" \/>\n\t<meta name=\"twitter:data2\" content=\"5 minuti\" \/>\n<script type=\"application\/ld+json\" class=\"yoast-schema-graph\">{\"@context\":\"https:\/\/schema.org\",\"@graph\":[{\"@type\":\"WebPage\",\"@id\":\"https:\/\/www.intoscana.it\/it\/mostra-del-tartufo-a-san-miniato-la-50esima-edizione-declinata-al-femminile\/\",\"url\":\"https:\/\/www.intoscana.it\/it\/mostra-del-tartufo-a-san-miniato-la-50esima-edizione-declinata-al-femminile\/\",\"name\":\"Mostra del tartufo, a San Miniato la 50esima edizione declinata al femminile - intoscana\",\"isPartOf\":{\"@id\":\"https:\/\/www.intoscana.it\/it\/#website\"},\"primaryImageOfPage\":{\"@id\":\"https:\/\/www.intoscana.it\/it\/mostra-del-tartufo-a-san-miniato-la-50esima-edizione-declinata-al-femminile\/#primaryimage\"},\"image\":{\"@id\":\"https:\/\/www.intoscana.it\/it\/mostra-del-tartufo-a-san-miniato-la-50esima-edizione-declinata-al-femminile\/#primaryimage\"},\"thumbnailUrl\":\"https:\/\/www.intoscana.it\/wp-content\/uploads\/Presentazione-Mostra-tartufo.jpeg\",\"datePublished\":\"2021-10-29T14:30:57+00:00\",\"dateModified\":\"2021-11-03T11:46:46+00:00\",\"author\":{\"@id\":\"https:\/\/www.intoscana.it\/it\/#\/schema\/person\/9223810753230f20bd670fdd322661f8\"},\"description\":\"Sabato 13 novembre 2021, per tre weekend, si apre la 50esima edizione della Mostra Mercato del Tartufo Bianco di San Miniato.\",\"breadcrumb\":{\"@id\":\"https:\/\/www.intoscana.it\/it\/mostra-del-tartufo-a-san-miniato-la-50esima-edizione-declinata-al-femminile\/#breadcrumb\"},\"inLanguage\":\"it-IT\",\"potentialAction\":[{\"@type\":\"ReadAction\",\"target\":[\"https:\/\/www.intoscana.it\/it\/mostra-del-tartufo-a-san-miniato-la-50esima-edizione-declinata-al-femminile\/\"]}]},{\"@type\":\"ImageObject\",\"inLanguage\":\"it-IT\",\"@id\":\"https:\/\/www.intoscana.it\/it\/mostra-del-tartufo-a-san-miniato-la-50esima-edizione-declinata-al-femminile\/#primaryimage\",\"url\":\"https:\/\/www.intoscana.it\/wp-content\/uploads\/Presentazione-Mostra-tartufo.jpeg\",\"contentUrl\":\"https:\/\/www.intoscana.it\/wp-content\/uploads\/Presentazione-Mostra-tartufo.jpeg\",\"width\":909,\"height\":689,\"caption\":\"Mostra del tartufo di San Miniato (PI), una 50esima edizione declinata al femminile\"},{\"@type\":\"BreadcrumbList\",\"@id\":\"https:\/\/www.intoscana.it\/it\/mostra-del-tartufo-a-san-miniato-la-50esima-edizione-declinata-al-femminile\/#breadcrumb\",\"itemListElement\":[{\"@type\":\"ListItem\",\"position\":1,\"name\":\"Home\",\"item\":\"https:\/\/www.intoscana.it\/it\/\"},{\"@type\":\"ListItem\",\"position\":2,\"name\":\"Mostra del tartufo, a San Miniato la 50esima edizione declinata al femminile\"}]},{\"@type\":\"WebSite\",\"@id\":\"https:\/\/www.intoscana.it\/it\/#website\",\"url\":\"https:\/\/www.intoscana.it\/it\/\",\"name\":\"intoscana\",\"description\":\"\",\"potentialAction\":[{\"@type\":\"SearchAction\",\"target\":{\"@type\":\"EntryPoint\",\"urlTemplate\":\"https:\/\/www.intoscana.it\/it\/?s={search_term_string}\"},\"query-input\":{\"@type\":\"PropertyValueSpecification\",\"valueRequired\":true,\"valueName\":\"search_term_string\"}}],\"inLanguage\":\"it-IT\"},{\"@type\":\"Person\",\"@id\":\"https:\/\/www.intoscana.it\/it\/#\/schema\/person\/9223810753230f20bd670fdd322661f8\",\"name\":\"Redazione\",\"url\":\"https:\/\/www.intoscana.it\/it\/author\/redazione\/\"}]}<\/script>\n<!-- \/ Yoast SEO Premium plugin. -->","yoast_head_json":{"title":"Mostra del tartufo, a San Miniato la 50esima edizione declinata al femminile - intoscana","description":"Sabato 13 novembre 2021, per tre weekend, si apre la 50esima edizione della Mostra Mercato del Tartufo Bianco di San Miniato.","robots":{"index":"index","follow":"follow","max-snippet":"max-snippet:-1","max-image-preview":"max-image-preview:large","max-video-preview":"max-video-preview:-1"},"canonical":"https:\/\/www.intoscana.it\/it\/mostra-del-tartufo-a-san-miniato-la-50esima-edizione-declinata-al-femminile\/","og_locale":"it_IT","og_type":"article","og_title":"Mostra del tartufo, a San Miniato la 50esima edizione declinata al femminile","og_description":"Sabato 13 novembre 2021, per tre weekend, si apre la 50esima edizione della Mostra Mercato del Tartufo Bianco di San Miniato.","og_url":"https:\/\/www.intoscana.it\/it\/mostra-del-tartufo-a-san-miniato-la-50esima-edizione-declinata-al-femminile\/","og_site_name":"intoscana","article_publisher":"https:\/\/www.facebook.com\/intoscana.it","article_published_time":"2021-10-29T14:30:57+00:00","article_modified_time":"2021-11-03T11:46:46+00:00","og_image":[{"width":909,"height":689,"url":"https:\/\/www.intoscana.it\/wp-content\/uploads\/Presentazione-Mostra-tartufo.jpeg","type":"image\/jpeg"}],"author":"Redazione","twitter_card":"summary_large_image","twitter_creator":"@intoscana","twitter_site":"@intoscana","twitter_misc":{"Written by":"Redazione","Est. reading time":"5 minuti"},"schema":{"@context":"https:\/\/schema.org","@graph":[{"@type":"WebPage","@id":"https:\/\/www.intoscana.it\/it\/mostra-del-tartufo-a-san-miniato-la-50esima-edizione-declinata-al-femminile\/","url":"https:\/\/www.intoscana.it\/it\/mostra-del-tartufo-a-san-miniato-la-50esima-edizione-declinata-al-femminile\/","name":"Mostra del tartufo, a San Miniato la 50esima edizione declinata al femminile - intoscana","isPartOf":{"@id":"https:\/\/www.intoscana.it\/it\/#website"},"primaryImageOfPage":{"@id":"https:\/\/www.intoscana.it\/it\/mostra-del-tartufo-a-san-miniato-la-50esima-edizione-declinata-al-femminile\/#primaryimage"},"image":{"@id":"https:\/\/www.intoscana.it\/it\/mostra-del-tartufo-a-san-miniato-la-50esima-edizione-declinata-al-femminile\/#primaryimage"},"thumbnailUrl":"https:\/\/www.intoscana.it\/wp-content\/uploads\/Presentazione-Mostra-tartufo.jpeg","datePublished":"2021-10-29T14:30:57+00:00","dateModified":"2021-11-03T11:46:46+00:00","author":{"@id":"https:\/\/www.intoscana.it\/it\/#\/schema\/person\/9223810753230f20bd670fdd322661f8"},"description":"Sabato 13 novembre 2021, per tre weekend, si apre la 50esima edizione della Mostra Mercato del Tartufo Bianco di San Miniato.","breadcrumb":{"@id":"https:\/\/www.intoscana.it\/it\/mostra-del-tartufo-a-san-miniato-la-50esima-edizione-declinata-al-femminile\/#breadcrumb"},"inLanguage":"it-IT","potentialAction":[{"@type":"ReadAction","target":["https:\/\/www.intoscana.it\/it\/mostra-del-tartufo-a-san-miniato-la-50esima-edizione-declinata-al-femminile\/"]}]},{"@type":"ImageObject","inLanguage":"it-IT","@id":"https:\/\/www.intoscana.it\/it\/mostra-del-tartufo-a-san-miniato-la-50esima-edizione-declinata-al-femminile\/#primaryimage","url":"https:\/\/www.intoscana.it\/wp-content\/uploads\/Presentazione-Mostra-tartufo.jpeg","contentUrl":"https:\/\/www.intoscana.it\/wp-content\/uploads\/Presentazione-Mostra-tartufo.jpeg","width":909,"height":689,"caption":"Mostra del tartufo di San Miniato (PI), una 50esima edizione declinata al femminile"},{"@type":"BreadcrumbList","@id":"https:\/\/www.intoscana.it\/it\/mostra-del-tartufo-a-san-miniato-la-50esima-edizione-declinata-al-femminile\/#breadcrumb","itemListElement":[{"@type":"ListItem","position":1,"name":"Home","item":"https:\/\/www.intoscana.it\/it\/"},{"@type":"ListItem","position":2,"name":"Mostra del tartufo, a San Miniato la 50esima edizione declinata al femminile"}]},{"@type":"WebSite","@id":"https:\/\/www.intoscana.it\/it\/#website","url":"https:\/\/www.intoscana.it\/it\/","name":"intoscana","description":"","potentialAction":[{"@type":"SearchAction","target":{"@type":"EntryPoint","urlTemplate":"https:\/\/www.intoscana.it\/it\/?s={search_term_string}"},"query-input":{"@type":"PropertyValueSpecification","valueRequired":true,"valueName":"search_term_string"}}],"inLanguage":"it-IT"},{"@type":"Person","@id":"https:\/\/www.intoscana.it\/it\/#\/schema\/person\/9223810753230f20bd670fdd322661f8","name":"Redazione","url":"https:\/\/www.intoscana.it\/it\/author\/redazione\/"}]}},"_links":{"self":[{"href":"https:\/\/www.intoscana.it\/it\/wp-json\/wp\/v2\/posts\/196309","targetHints":{"allow":["GET"]}}],"collection":[{"href":"https:\/\/www.intoscana.it\/it\/wp-json\/wp\/v2\/posts"}],"about":[{"href":"https:\/\/www.intoscana.it\/it\/wp-json\/wp\/v2\/types\/post"}],"author":[{"embeddable":true,"href":"https:\/\/www.intoscana.it\/it\/wp-json\/wp\/v2\/users\/525"}],"replies":[{"embeddable":true,"href":"https:\/\/www.intoscana.it\/it\/wp-json\/wp\/v2\/comments?post=196309"}],"version-history":[{"count":0,"href":"https:\/\/www.intoscana.it\/it\/wp-json\/wp\/v2\/posts\/196309\/revisions"}],"wp:featuredmedia":[{"embeddable":true,"href":"https:\/\/www.intoscana.it\/it\/wp-json\/wp\/v2\/media\/196310"}],"wp:attachment":[{"href":"https:\/\/www.intoscana.it\/it\/wp-json\/wp\/v2\/media?parent=196309"}],"wp:term":[{"taxonomy":"category","embeddable":true,"href":"https:\/\/www.intoscana.it\/it\/wp-json\/wp\/v2\/categories?post=196309"},{"taxonomy":"post_tag","embeddable":true,"href":"https:\/\/www.intoscana.it\/it\/wp-json\/wp\/v2\/tags?post=196309"}],"curies":[{"name":"wp","href":"https:\/\/api.w.org\/{rel}","templated":true}]}}