{"id":196449,"date":"2021-10-30T13:10:43","date_gmt":"2021-10-30T11:10:43","guid":{"rendered":"https:\/\/www.intoscana.it\/it\/?p=196449"},"modified":"2021-11-02T09:06:50","modified_gmt":"2021-11-02T08:06:50","slug":"il-maggio-musicale-fiorentino-parte-in-tour-per-cinque-citta-europee","status":"publish","type":"post","link":"https:\/\/www.intoscana.it\/it\/il-maggio-musicale-fiorentino-parte-in-tour-per-cinque-citta-europee\/","title":{"rendered":"Il Maggio Musicale Fiorentino parte in tour per cinque citt\u00e0 europee"},"content":{"rendered":"<p>Tourn\u00e9e europea per il <strong>Maggio Musicale Fiorentino<\/strong> che con il maestro <strong>Zubin Mehta<\/strong>, alla guida dell\u2019Orchestra e il sovrintendente <strong>Alexander Pereira<\/strong> che seguir\u00e0 tutta la trasferta, toccher\u00e0 <strong>cinque citt\u00e0 europee <\/strong>per <strong>sei serate<\/strong>. Si parte il 30 ottobre <strong>ad Amburgo con due concerti<\/strong>, poi a <strong>Linz, Vienna, Lussemburgo<\/strong> e per la serata conclusiva a <strong>Dortmund<\/strong>. Il sindaco di Firenze e presidente della Fondazione del Maggio, <strong>Dario Nardella<\/strong>, sar\u00e0 <strong>a Vienna<\/strong> il 3 novembre.<\/p>\n<figure id=\"post-181665 media-181665\" class=\"align-none\"><img decoding=\"async\" src=\"https:\/\/www.intoscana.it\/wp-content\/uploads\/Coro-e-Orchestra-del-Maggio-Musicale-Fiorentino-\u00a9-Camilla-Ricco-TerraProject-Contrasto-scaled.jpg\" alt=\"\" \/><\/figure>\n<p>Dopo l\u2019importante tour a <strong>Salisburgo<\/strong>, poi con i concerti ad <strong>Atene, Grafenegg, Budapest<\/strong> (questi ultimi due con il maestro Lorenzo Viotti) e infine a <strong>Dubai<\/strong> l\u2019Orchestra, guidata dal maestro Zubin Mehta &#8211; di recente insignito del premio <strong>Florence Ambassador Award <\/strong>&#8211; sar\u00e0 dunque di nuovo in viaggio per altri sei concerti che gi\u00e0 registrano il \u201c<strong>tutto esaurito<\/strong>\u201d in quasi tutte le date a testimonianza dell\u2019interesse e del <strong>grande richiamo<\/strong> esercitato dal Maggio e del suo <strong>prestigio internazionale.<\/strong><\/p>\n<p>La Sinfonia n. 9 in re minore di <strong>Anton Bruckner<\/strong> sar\u00e0 il cuore della tourn\u00e9e europea: \u00e8 una composizione di grandissima importanza per il <strong>maestro Zubin Mehta<\/strong>. I due concerti <strong>ad Amburgo<\/strong> si terranno nella sala da concerti <strong>Elbphilharmonie<\/strong>. Marted\u00ec 2 novembre l\u2019Orchestra del Maggio si trasferir\u00e0 <strong>in Austria, alla Brucknerhaus<\/strong> di Linz\u00a0 e il 3 novembre sar\u00e0 accompagnata dal sindaco di Firenze <strong>Dario Nardella<\/strong>: l\u2019Orchestra del Maggio sar\u00e0 alla <strong>Wiener Konzerthaus<\/strong> di Vienna, esattamente dieci anni dopo l\u2019ultima volta.\u00a0Dopo l\u2019Austria, l\u2019Orchestra si sposter\u00e0 alla volta di <strong>Lussemburgo<\/strong>, dove si esibir\u00e0 nella sala della <strong>Philharmonie Luxembourg<\/strong> sabato 6 novembre e il giorno dopo alla <strong>Konzerthaus di Dortmund<\/strong> per l\u2019ultimo concerto.<\/p>\n<h3>Le prossime mosse del Maggio<\/h3>\n<p>Il Maggio parte in tour con una buona notizia: l\u2019inserimento da parte del <strong>Consiglio dei Ministri<\/strong> di un fondo specifico a beneficio delle <strong>fondazioni lirico sinfoniche<\/strong> che avr\u00e0 un impatto positivo anche sulla realt\u00e0 fiorentina.<\/p>\n<p>Soddisfatto il sindaco di Firenze <strong>Dario Nardella<\/strong> ha dichiarato: \u201c<em>Inauguriamo questa importante tourn\u00e9e internazionale con il cuore pieno di ottimismo: nelle ultime ore abbiamo saputo che il Consiglio dei ministri ha inserito in manovra l\u2019azzeramento dello stock di debito delle fondazioni lirico sinfoniche italiane e questo per il Maggio significa liberarsi di un pesante fardello che ha condizionato tutte le sue attivit\u00e0 da molti anni&#8221;.<\/em><\/p>\n<p>Il <strong>21 dicembre<\/strong> \u00e8 attesa la cerimonia per il <strong>completamento del Teatro<\/strong> con l\u2019inaugurazione della <strong>nuova sala sinfonica<\/strong> alla presenza del presidente della Repubblica <strong>Sergio Mattarella<\/strong> e del ministro alla Cultura <strong>Dario Franceschini<\/strong>. &#8220;<em>Dopo mesi difficili<\/em> \u2013 ha continuato il sindaco &#8211; <em>finalmente possiamo guardare al futuro con fiducia e nuovo slancio<\/em>\u201d.<\/p>\n","protected":false},"excerpt":{"rendered":"<p>Sei le serate tra Germania, Austria e Lussemburgo per l&#8217;orchestra sotto la direzione del maestro Mehta, buone notizie per l&#8217;azzeramento del debito della Fondazione<\/p>\n","protected":false},"author":554,"featured_media":145554,"comment_status":"open","ping_status":"open","sticky":false,"template":"","format":"standard","meta":{"_acf_changed":false,"footnotes":""},"categories":[14],"tags":[369,5289],"class_list":["post-196449","post","type-post","status-publish","format-standard","has-post-thumbnail","hentry","category-musica","tag-maggio-musicale-fiorentino","tag-tour"],"acf":[],"yoast_head":"<!-- This site is optimized with the Yoast SEO Premium plugin v24.2 (Yoast SEO v25.6) - https:\/\/yoast.com\/wordpress\/plugins\/seo\/ -->\n<title>Il Maggio Musicale Fiorentino parte in tour per cinque citt\u00e0 europee - intoscana<\/title>\n<meta name=\"description\" content=\"Sei le serate tra Germania, Austria e Lussemburgo per l&#039;orchestra sotto la direzione del maestro Mehta, buone notizie per l&#039;azzeramento del debito della Fondazione\" \/>\n<meta name=\"robots\" content=\"index, follow, max-snippet:-1, max-image-preview:large, max-video-preview:-1\" \/>\n<link rel=\"canonical\" href=\"https:\/\/www.intoscana.it\/it\/il-maggio-musicale-fiorentino-parte-in-tour-per-cinque-citta-europee\/\" \/>\n<meta property=\"og:locale\" content=\"it_IT\" \/>\n<meta property=\"og:type\" content=\"article\" \/>\n<meta property=\"og:title\" content=\"Il Maggio Musicale Fiorentino parte in tour per cinque citt\u00e0 europee\" \/>\n<meta property=\"og:description\" content=\"Sei le serate tra Germania, Austria e Lussemburgo per l&#039;orchestra sotto la direzione del maestro Mehta, buone notizie per l&#039;azzeramento del debito della Fondazione\" \/>\n<meta property=\"og:url\" content=\"https:\/\/www.intoscana.it\/it\/il-maggio-musicale-fiorentino-parte-in-tour-per-cinque-citta-europee\/\" \/>\n<meta property=\"og:site_name\" content=\"intoscana\" \/>\n<meta property=\"article:publisher\" content=\"https:\/\/www.facebook.com\/intoscana.it\" \/>\n<meta property=\"article:published_time\" content=\"2021-10-30T11:10:43+00:00\" \/>\n<meta property=\"article:modified_time\" content=\"2021-11-02T08:06:50+00:00\" \/>\n<meta property=\"og:image\" content=\"https:\/\/www.intoscana.it\/wp-content\/uploads\/zubin-mehta-2.jpg\" \/>\n\t<meta property=\"og:image:width\" content=\"2000\" \/>\n\t<meta property=\"og:image:height\" content=\"1643\" \/>\n\t<meta property=\"og:image:type\" content=\"image\/jpeg\" \/>\n<meta name=\"author\" content=\"Raffaella Galamini\" \/>\n<meta name=\"twitter:card\" content=\"summary_large_image\" \/>\n<meta name=\"twitter:creator\" content=\"@orio\" \/>\n<meta name=\"twitter:site\" content=\"@intoscana\" \/>\n<meta name=\"twitter:label1\" content=\"Written by\" \/>\n\t<meta name=\"twitter:data1\" content=\"Raffaella Galamini\" \/>\n\t<meta name=\"twitter:label2\" content=\"Est. reading time\" \/>\n\t<meta name=\"twitter:data2\" content=\"2 minuti\" \/>\n<script type=\"application\/ld+json\" class=\"yoast-schema-graph\">{\"@context\":\"https:\/\/schema.org\",\"@graph\":[{\"@type\":\"WebPage\",\"@id\":\"https:\/\/www.intoscana.it\/it\/il-maggio-musicale-fiorentino-parte-in-tour-per-cinque-citta-europee\/\",\"url\":\"https:\/\/www.intoscana.it\/it\/il-maggio-musicale-fiorentino-parte-in-tour-per-cinque-citta-europee\/\",\"name\":\"Il Maggio Musicale Fiorentino parte in tour per cinque citt\u00e0 europee - intoscana\",\"isPartOf\":{\"@id\":\"https:\/\/www.intoscana.it\/it\/#website\"},\"primaryImageOfPage\":{\"@id\":\"https:\/\/www.intoscana.it\/it\/il-maggio-musicale-fiorentino-parte-in-tour-per-cinque-citta-europee\/#primaryimage\"},\"image\":{\"@id\":\"https:\/\/www.intoscana.it\/it\/il-maggio-musicale-fiorentino-parte-in-tour-per-cinque-citta-europee\/#primaryimage\"},\"thumbnailUrl\":\"https:\/\/www.intoscana.it\/wp-content\/uploads\/zubin-mehta-2.jpg\",\"datePublished\":\"2021-10-30T11:10:43+00:00\",\"dateModified\":\"2021-11-02T08:06:50+00:00\",\"author\":{\"@id\":\"https:\/\/www.intoscana.it\/it\/#\/schema\/person\/9eb9daa846a49fe51af39a73d9d1986b\"},\"description\":\"Sei le serate tra Germania, Austria e Lussemburgo per l'orchestra sotto la direzione del maestro Mehta, buone notizie per l'azzeramento del debito della Fondazione\",\"breadcrumb\":{\"@id\":\"https:\/\/www.intoscana.it\/it\/il-maggio-musicale-fiorentino-parte-in-tour-per-cinque-citta-europee\/#breadcrumb\"},\"inLanguage\":\"it-IT\",\"potentialAction\":[{\"@type\":\"ReadAction\",\"target\":[\"https:\/\/www.intoscana.it\/it\/il-maggio-musicale-fiorentino-parte-in-tour-per-cinque-citta-europee\/\"]}]},{\"@type\":\"ImageObject\",\"inLanguage\":\"it-IT\",\"@id\":\"https:\/\/www.intoscana.it\/it\/il-maggio-musicale-fiorentino-parte-in-tour-per-cinque-citta-europee\/#primaryimage\",\"url\":\"https:\/\/www.intoscana.it\/wp-content\/uploads\/zubin-mehta-2.jpg\",\"contentUrl\":\"https:\/\/www.intoscana.it\/wp-content\/uploads\/zubin-mehta-2.jpg\",\"width\":2000,\"height\":1643,\"caption\":\"Zubin Mehta\"},{\"@type\":\"BreadcrumbList\",\"@id\":\"https:\/\/www.intoscana.it\/it\/il-maggio-musicale-fiorentino-parte-in-tour-per-cinque-citta-europee\/#breadcrumb\",\"itemListElement\":[{\"@type\":\"ListItem\",\"position\":1,\"name\":\"Home\",\"item\":\"https:\/\/www.intoscana.it\/it\/\"},{\"@type\":\"ListItem\",\"position\":2,\"name\":\"Il Maggio Musicale Fiorentino parte in tour per cinque citt\u00e0 europee\"}]},{\"@type\":\"WebSite\",\"@id\":\"https:\/\/www.intoscana.it\/it\/#website\",\"url\":\"https:\/\/www.intoscana.it\/it\/\",\"name\":\"intoscana\",\"description\":\"\",\"potentialAction\":[{\"@type\":\"SearchAction\",\"target\":{\"@type\":\"EntryPoint\",\"urlTemplate\":\"https:\/\/www.intoscana.it\/it\/?s={search_term_string}\"},\"query-input\":{\"@type\":\"PropertyValueSpecification\",\"valueRequired\":true,\"valueName\":\"search_term_string\"}}],\"inLanguage\":\"it-IT\"},{\"@type\":\"Person\",\"@id\":\"https:\/\/www.intoscana.it\/it\/#\/schema\/person\/9eb9daa846a49fe51af39a73d9d1986b\",\"name\":\"Raffaella Galamini\",\"sameAs\":[\"https:\/\/x.com\/orio\"],\"url\":\"https:\/\/www.intoscana.it\/it\/author\/r-galamini\/\"}]}<\/script>\n<!-- \/ Yoast SEO Premium plugin. -->","yoast_head_json":{"title":"Il Maggio Musicale Fiorentino parte in tour per cinque citt\u00e0 europee - intoscana","description":"Sei le serate tra Germania, Austria e Lussemburgo per l'orchestra sotto la direzione del maestro Mehta, buone notizie per l'azzeramento del debito della Fondazione","robots":{"index":"index","follow":"follow","max-snippet":"max-snippet:-1","max-image-preview":"max-image-preview:large","max-video-preview":"max-video-preview:-1"},"canonical":"https:\/\/www.intoscana.it\/it\/il-maggio-musicale-fiorentino-parte-in-tour-per-cinque-citta-europee\/","og_locale":"it_IT","og_type":"article","og_title":"Il Maggio Musicale Fiorentino parte in tour per cinque citt\u00e0 europee","og_description":"Sei le serate tra Germania, Austria e Lussemburgo per l'orchestra sotto la direzione del maestro Mehta, buone notizie per l'azzeramento del debito della Fondazione","og_url":"https:\/\/www.intoscana.it\/it\/il-maggio-musicale-fiorentino-parte-in-tour-per-cinque-citta-europee\/","og_site_name":"intoscana","article_publisher":"https:\/\/www.facebook.com\/intoscana.it","article_published_time":"2021-10-30T11:10:43+00:00","article_modified_time":"2021-11-02T08:06:50+00:00","og_image":[{"width":2000,"height":1643,"url":"https:\/\/www.intoscana.it\/wp-content\/uploads\/zubin-mehta-2.jpg","type":"image\/jpeg"}],"author":"Raffaella Galamini","twitter_card":"summary_large_image","twitter_creator":"@orio","twitter_site":"@intoscana","twitter_misc":{"Written by":"Raffaella Galamini","Est. reading time":"2 minuti"},"schema":{"@context":"https:\/\/schema.org","@graph":[{"@type":"WebPage","@id":"https:\/\/www.intoscana.it\/it\/il-maggio-musicale-fiorentino-parte-in-tour-per-cinque-citta-europee\/","url":"https:\/\/www.intoscana.it\/it\/il-maggio-musicale-fiorentino-parte-in-tour-per-cinque-citta-europee\/","name":"Il Maggio Musicale Fiorentino parte in tour per cinque citt\u00e0 europee - intoscana","isPartOf":{"@id":"https:\/\/www.intoscana.it\/it\/#website"},"primaryImageOfPage":{"@id":"https:\/\/www.intoscana.it\/it\/il-maggio-musicale-fiorentino-parte-in-tour-per-cinque-citta-europee\/#primaryimage"},"image":{"@id":"https:\/\/www.intoscana.it\/it\/il-maggio-musicale-fiorentino-parte-in-tour-per-cinque-citta-europee\/#primaryimage"},"thumbnailUrl":"https:\/\/www.intoscana.it\/wp-content\/uploads\/zubin-mehta-2.jpg","datePublished":"2021-10-30T11:10:43+00:00","dateModified":"2021-11-02T08:06:50+00:00","author":{"@id":"https:\/\/www.intoscana.it\/it\/#\/schema\/person\/9eb9daa846a49fe51af39a73d9d1986b"},"description":"Sei le serate tra Germania, Austria e Lussemburgo per l'orchestra sotto la direzione del maestro Mehta, buone notizie per l'azzeramento del debito della Fondazione","breadcrumb":{"@id":"https:\/\/www.intoscana.it\/it\/il-maggio-musicale-fiorentino-parte-in-tour-per-cinque-citta-europee\/#breadcrumb"},"inLanguage":"it-IT","potentialAction":[{"@type":"ReadAction","target":["https:\/\/www.intoscana.it\/it\/il-maggio-musicale-fiorentino-parte-in-tour-per-cinque-citta-europee\/"]}]},{"@type":"ImageObject","inLanguage":"it-IT","@id":"https:\/\/www.intoscana.it\/it\/il-maggio-musicale-fiorentino-parte-in-tour-per-cinque-citta-europee\/#primaryimage","url":"https:\/\/www.intoscana.it\/wp-content\/uploads\/zubin-mehta-2.jpg","contentUrl":"https:\/\/www.intoscana.it\/wp-content\/uploads\/zubin-mehta-2.jpg","width":2000,"height":1643,"caption":"Zubin Mehta"},{"@type":"BreadcrumbList","@id":"https:\/\/www.intoscana.it\/it\/il-maggio-musicale-fiorentino-parte-in-tour-per-cinque-citta-europee\/#breadcrumb","itemListElement":[{"@type":"ListItem","position":1,"name":"Home","item":"https:\/\/www.intoscana.it\/it\/"},{"@type":"ListItem","position":2,"name":"Il Maggio Musicale Fiorentino parte in tour per cinque citt\u00e0 europee"}]},{"@type":"WebSite","@id":"https:\/\/www.intoscana.it\/it\/#website","url":"https:\/\/www.intoscana.it\/it\/","name":"intoscana","description":"","potentialAction":[{"@type":"SearchAction","target":{"@type":"EntryPoint","urlTemplate":"https:\/\/www.intoscana.it\/it\/?s={search_term_string}"},"query-input":{"@type":"PropertyValueSpecification","valueRequired":true,"valueName":"search_term_string"}}],"inLanguage":"it-IT"},{"@type":"Person","@id":"https:\/\/www.intoscana.it\/it\/#\/schema\/person\/9eb9daa846a49fe51af39a73d9d1986b","name":"Raffaella Galamini","sameAs":["https:\/\/x.com\/orio"],"url":"https:\/\/www.intoscana.it\/it\/author\/r-galamini\/"}]}},"_links":{"self":[{"href":"https:\/\/www.intoscana.it\/it\/wp-json\/wp\/v2\/posts\/196449","targetHints":{"allow":["GET"]}}],"collection":[{"href":"https:\/\/www.intoscana.it\/it\/wp-json\/wp\/v2\/posts"}],"about":[{"href":"https:\/\/www.intoscana.it\/it\/wp-json\/wp\/v2\/types\/post"}],"author":[{"embeddable":true,"href":"https:\/\/www.intoscana.it\/it\/wp-json\/wp\/v2\/users\/554"}],"replies":[{"embeddable":true,"href":"https:\/\/www.intoscana.it\/it\/wp-json\/wp\/v2\/comments?post=196449"}],"version-history":[{"count":0,"href":"https:\/\/www.intoscana.it\/it\/wp-json\/wp\/v2\/posts\/196449\/revisions"}],"wp:featuredmedia":[{"embeddable":true,"href":"https:\/\/www.intoscana.it\/it\/wp-json\/wp\/v2\/media\/145554"}],"wp:attachment":[{"href":"https:\/\/www.intoscana.it\/it\/wp-json\/wp\/v2\/media?parent=196449"}],"wp:term":[{"taxonomy":"category","embeddable":true,"href":"https:\/\/www.intoscana.it\/it\/wp-json\/wp\/v2\/categories?post=196449"},{"taxonomy":"post_tag","embeddable":true,"href":"https:\/\/www.intoscana.it\/it\/wp-json\/wp\/v2\/tags?post=196449"}],"curies":[{"name":"wp","href":"https:\/\/api.w.org\/{rel}","templated":true}]}}