{"id":196862,"date":"2021-11-03T12:47:23","date_gmt":"2021-11-03T11:47:23","guid":{"rendered":"https:\/\/www.intoscana.it\/it\/?p=196862"},"modified":"2021-11-03T12:58:00","modified_gmt":"2021-11-03T11:58:00","slug":"progetti-educativi-6-milioni-alle-scuole-toscane-anche-per-promuovere-le-pari-opportunita","status":"publish","type":"post","link":"https:\/\/www.intoscana.it\/it\/progetti-educativi-6-milioni-alle-scuole-toscane-anche-per-promuovere-le-pari-opportunita\/","title":{"rendered":"Progetti educativi, 6 milioni alle scuole toscane (anche per promuovere pari opportunit\u00e0)"},"content":{"rendered":"<p><mark>Pi\u00f9 incisivit\u00e0 contro la dispersione scolastica. Centralit\u00e0 delle azioni per inclusione, orientamento e contrasto degli stereotipi di genere. E cos\u00ec la Regione Toscana conferma un investimento da <strong>6 milioni<\/strong> di euro<\/mark>. Sono queste le novit\u00e0 principali per i <a href=\"https:\/\/www.regione.toscana.it\/web\/guest\/-\/i-progetti-educativi-zonali\" target=\"_blank\" rel=\"noopener\">&#8220;progetti educativi zonali&#8221;<\/a> (Pez) per l\u2019et\u00e0 scolare che emergono da una delibera approvata nell\u2019ultima seduta con cui la giunta ha dato il via libera definitivo anche per l\u2019<strong>anno scolastico 2021\/2022<\/strong> al finanziamento di uno dei perni del complesso di misure che la Regione promuove e sostiene per favorire il successo scolastico di studentesse e studenti.<\/p>\n<h3>Le risorse<\/h3>\n<p><span class=\"citazione\">&#8220;I Pez rappresentano uno strumento fondamentale di intervento. Vogliamo continuare ad investire con convinzione&#8221;<\/span><\/p>\n<p>Per l\u2019anno scolastico in corso, la progettazione educativa zonale potr\u00e0 contare ancora una volta su un finanziamento complessivo di 6 milioni di euro. <mark>Con l\u2019atto deliberato nei giorni scorsi, la Giunta ha infatti stanziato quasi 4,7 milioni di euro per i Pez &#8220;et\u00e0 scolare&#8221;, che si aggiungono agli 1,3 milioni gi\u00e0 destinati nel luglio scorso ai Pez &#8220;infanzia&#8221;<\/mark>.<\/p>\n<p><em>&#8220;Un impegno importante e tutt\u2019altro che scontato in un momento come quello attuale&#8221;<\/em> sottolinea l\u2019assessora all\u2019istruzione <strong>Alessandra Nardini<\/strong>. <em>&#8220;Sono stati mesi davvero difficili per le bambine e i bambini, le ragazze e i ragazzi, perch\u00e9 le conseguenze della pandemia hanno pesato moltissimo su di loro, con maggiori rischi di povert\u00e0 educativa e di aumento delle disuguaglianze. I Pez, da anni, rappresentano uno strumento fondamentale di intervento sul quale, ora pi\u00f9 che mai, la Regione Toscana vuole continuare ad investire con convinzione&#8221;.<\/em><\/p>\n<p>I Pez sono progetti che nascono dai territori per rispondere pi\u00f9 da vicino ai <strong>bisogni dei territori<\/strong> stessi, grazie alla programmazione delle 35 conferenze zonali per l\u2019educazione e l\u2019istruzione che riescono ad attivare partenariati con tutti i soggetti locali, a partire dagli istituti scolastici.<\/p>\n<h3>Contrastare gli stereotipi di genere<\/h3>\n<p>Con la delibera di luglio erano state approvate le linee guida per i Pez &#8220;infanzia&#8221;, che hanno l\u2019obiettivo qualificare il sistema educativo 0-6 anni attraverso la formazione di operatrici e operatori ed il coordinamento delle strutture educative. La delibera della scorsa settimana dedicata ai Pez &#8220;et\u00e0 scolare&#8221; completa la programmazione, disponendo linee guida che puntano a rendere i progetti educativi zonali pi\u00f9 incisivi e interamente focalizzati sull\u2019obiettivo primario del successo scolastico e formativo. <mark>Inoltre la giunta ha confermato come priorit\u00e0 di intervento l\u2019inclusione di studentesse e studenti disabili e stranieri, il contrasto al disagio e l\u2019orientamento scolastico<\/mark>.<\/p>\n<p>Tra le novit\u00e0, attenzione particolare viene riservata al contrasto degli <strong>stereotipi di genere<\/strong>, che dovr\u00e0 permeare tutti i progetti, nella prospettiva della promozione delle pari opportunit\u00e0 tra i generi tramite l\u2019azione educativa. <em>&#8220;Quest\u2019ultimo indirizzo<\/em> \u2013 conclude Nardini &#8211; <em>dovr\u00e0 attraversare le attivit\u00e0 in maniera trasversale, per promuovere pari opportunit\u00e0 e prevenire le discriminazioni. Il cambiamento culturale passa dalla scuola&#8221;.<\/em><\/p>\n","protected":false},"excerpt":{"rendered":"<p>Non solo lotta alla dispersione scolastica, ma anche orientamento e contrasto degli stereotipi di genere. Ecco come saranno investite le risorse destinate ai &#8220;progetti educativi zonali&#8221;<\/p>\n","protected":false},"author":525,"featured_media":189721,"comment_status":"open","ping_status":"open","sticky":false,"template":"","format":"standard","meta":{"_acf_changed":false,"footnotes":""},"categories":[494],"tags":[5999,4635,5269,151,212],"class_list":["post-196862","post","type-post","status-publish","format-standard","has-post-thumbnail","hentry","category-attualita","tag-abbandono-scolastico","tag-didattica","tag-orientamento-scolastico","tag-regione-toscana","tag-scuola"],"acf":[],"yoast_head":"<!-- This site is optimized with the Yoast SEO Premium plugin v24.2 (Yoast SEO v25.6) - https:\/\/yoast.com\/wordpress\/plugins\/seo\/ -->\n<title>Progetti educativi, 6 milioni alle scuole toscane (anche per promuovere pari opportunit\u00e0) - intoscana<\/title>\n<meta name=\"description\" content=\"Non solo lotta alla dispersione scolastica, ma anche orientamento e contrasto degli stereotipi di genere. Ecco come saranno investite le risorse destinate ai &quot;progetti educativi zonali&quot;\" \/>\n<meta name=\"robots\" content=\"index, follow, max-snippet:-1, max-image-preview:large, max-video-preview:-1\" \/>\n<link rel=\"canonical\" href=\"https:\/\/www.intoscana.it\/it\/progetti-educativi-6-milioni-alle-scuole-toscane-anche-per-promuovere-le-pari-opportunita\/\" \/>\n<meta property=\"og:locale\" content=\"it_IT\" \/>\n<meta property=\"og:type\" content=\"article\" \/>\n<meta property=\"og:title\" content=\"Progetti educativi, 6 milioni alle scuole toscane (anche per promuovere pari opportunit\u00e0)\" \/>\n<meta property=\"og:description\" content=\"Non solo lotta alla dispersione scolastica, ma anche orientamento e contrasto degli stereotipi di genere. Ecco come saranno investite le risorse destinate ai &quot;progetti educativi zonali&quot;\" \/>\n<meta property=\"og:url\" content=\"https:\/\/www.intoscana.it\/it\/progetti-educativi-6-milioni-alle-scuole-toscane-anche-per-promuovere-le-pari-opportunita\/\" \/>\n<meta property=\"og:site_name\" content=\"intoscana\" \/>\n<meta property=\"article:publisher\" content=\"https:\/\/www.facebook.com\/intoscana.it\" \/>\n<meta property=\"article:published_time\" content=\"2021-11-03T11:47:23+00:00\" \/>\n<meta property=\"article:modified_time\" content=\"2021-11-03T11:58:00+00:00\" \/>\n<meta property=\"og:image\" content=\"https:\/\/www.intoscana.it\/wp-content\/uploads\/scuola-bambina-con-mascherina-scaled.jpg\" \/>\n\t<meta property=\"og:image:width\" content=\"2048\" \/>\n\t<meta property=\"og:image:height\" content=\"1365\" \/>\n\t<meta property=\"og:image:type\" content=\"image\/jpeg\" \/>\n<meta name=\"author\" content=\"Redazione\" \/>\n<meta name=\"twitter:card\" content=\"summary_large_image\" \/>\n<meta name=\"twitter:creator\" content=\"@intoscana\" \/>\n<meta name=\"twitter:site\" content=\"@intoscana\" \/>\n<meta name=\"twitter:label1\" content=\"Written by\" \/>\n\t<meta name=\"twitter:data1\" content=\"Redazione\" \/>\n\t<meta name=\"twitter:label2\" content=\"Est. reading time\" \/>\n\t<meta name=\"twitter:data2\" content=\"2 minuti\" \/>\n<script type=\"application\/ld+json\" class=\"yoast-schema-graph\">{\"@context\":\"https:\/\/schema.org\",\"@graph\":[{\"@type\":\"WebPage\",\"@id\":\"https:\/\/www.intoscana.it\/it\/progetti-educativi-6-milioni-alle-scuole-toscane-anche-per-promuovere-le-pari-opportunita\/\",\"url\":\"https:\/\/www.intoscana.it\/it\/progetti-educativi-6-milioni-alle-scuole-toscane-anche-per-promuovere-le-pari-opportunita\/\",\"name\":\"Progetti educativi, 6 milioni alle scuole toscane (anche per promuovere pari opportunit\u00e0) - intoscana\",\"isPartOf\":{\"@id\":\"https:\/\/www.intoscana.it\/it\/#website\"},\"primaryImageOfPage\":{\"@id\":\"https:\/\/www.intoscana.it\/it\/progetti-educativi-6-milioni-alle-scuole-toscane-anche-per-promuovere-le-pari-opportunita\/#primaryimage\"},\"image\":{\"@id\":\"https:\/\/www.intoscana.it\/it\/progetti-educativi-6-milioni-alle-scuole-toscane-anche-per-promuovere-le-pari-opportunita\/#primaryimage\"},\"thumbnailUrl\":\"https:\/\/www.intoscana.it\/wp-content\/uploads\/scuola-bambina-con-mascherina-scaled.jpg\",\"datePublished\":\"2021-11-03T11:47:23+00:00\",\"dateModified\":\"2021-11-03T11:58:00+00:00\",\"author\":{\"@id\":\"https:\/\/www.intoscana.it\/it\/#\/schema\/person\/9223810753230f20bd670fdd322661f8\"},\"description\":\"Non solo lotta alla dispersione scolastica, ma anche orientamento e contrasto degli stereotipi di genere. Ecco come saranno investite le risorse destinate ai \\\"progetti educativi zonali\\\"\",\"breadcrumb\":{\"@id\":\"https:\/\/www.intoscana.it\/it\/progetti-educativi-6-milioni-alle-scuole-toscane-anche-per-promuovere-le-pari-opportunita\/#breadcrumb\"},\"inLanguage\":\"it-IT\",\"potentialAction\":[{\"@type\":\"ReadAction\",\"target\":[\"https:\/\/www.intoscana.it\/it\/progetti-educativi-6-milioni-alle-scuole-toscane-anche-per-promuovere-le-pari-opportunita\/\"]}]},{\"@type\":\"ImageObject\",\"inLanguage\":\"it-IT\",\"@id\":\"https:\/\/www.intoscana.it\/it\/progetti-educativi-6-milioni-alle-scuole-toscane-anche-per-promuovere-le-pari-opportunita\/#primaryimage\",\"url\":\"https:\/\/www.intoscana.it\/wp-content\/uploads\/scuola-bambina-con-mascherina-scaled.jpg\",\"contentUrl\":\"https:\/\/www.intoscana.it\/wp-content\/uploads\/scuola-bambina-con-mascherina-scaled.jpg\",\"width\":2048,\"height\":1365},{\"@type\":\"BreadcrumbList\",\"@id\":\"https:\/\/www.intoscana.it\/it\/progetti-educativi-6-milioni-alle-scuole-toscane-anche-per-promuovere-le-pari-opportunita\/#breadcrumb\",\"itemListElement\":[{\"@type\":\"ListItem\",\"position\":1,\"name\":\"Home\",\"item\":\"https:\/\/www.intoscana.it\/it\/\"},{\"@type\":\"ListItem\",\"position\":2,\"name\":\"Progetti educativi, 6 milioni alle scuole toscane (anche per promuovere pari opportunit\u00e0)\"}]},{\"@type\":\"WebSite\",\"@id\":\"https:\/\/www.intoscana.it\/it\/#website\",\"url\":\"https:\/\/www.intoscana.it\/it\/\",\"name\":\"intoscana\",\"description\":\"\",\"potentialAction\":[{\"@type\":\"SearchAction\",\"target\":{\"@type\":\"EntryPoint\",\"urlTemplate\":\"https:\/\/www.intoscana.it\/it\/?s={search_term_string}\"},\"query-input\":{\"@type\":\"PropertyValueSpecification\",\"valueRequired\":true,\"valueName\":\"search_term_string\"}}],\"inLanguage\":\"it-IT\"},{\"@type\":\"Person\",\"@id\":\"https:\/\/www.intoscana.it\/it\/#\/schema\/person\/9223810753230f20bd670fdd322661f8\",\"name\":\"Redazione\",\"url\":\"https:\/\/www.intoscana.it\/it\/author\/redazione\/\"}]}<\/script>\n<!-- \/ Yoast SEO Premium plugin. -->","yoast_head_json":{"title":"Progetti educativi, 6 milioni alle scuole toscane (anche per promuovere pari opportunit\u00e0) - intoscana","description":"Non solo lotta alla dispersione scolastica, ma anche orientamento e contrasto degli stereotipi di genere. Ecco come saranno investite le risorse destinate ai \"progetti educativi zonali\"","robots":{"index":"index","follow":"follow","max-snippet":"max-snippet:-1","max-image-preview":"max-image-preview:large","max-video-preview":"max-video-preview:-1"},"canonical":"https:\/\/www.intoscana.it\/it\/progetti-educativi-6-milioni-alle-scuole-toscane-anche-per-promuovere-le-pari-opportunita\/","og_locale":"it_IT","og_type":"article","og_title":"Progetti educativi, 6 milioni alle scuole toscane (anche per promuovere pari opportunit\u00e0)","og_description":"Non solo lotta alla dispersione scolastica, ma anche orientamento e contrasto degli stereotipi di genere. Ecco come saranno investite le risorse destinate ai \"progetti educativi zonali\"","og_url":"https:\/\/www.intoscana.it\/it\/progetti-educativi-6-milioni-alle-scuole-toscane-anche-per-promuovere-le-pari-opportunita\/","og_site_name":"intoscana","article_publisher":"https:\/\/www.facebook.com\/intoscana.it","article_published_time":"2021-11-03T11:47:23+00:00","article_modified_time":"2021-11-03T11:58:00+00:00","og_image":[{"width":2048,"height":1365,"url":"https:\/\/www.intoscana.it\/wp-content\/uploads\/scuola-bambina-con-mascherina-scaled.jpg","type":"image\/jpeg"}],"author":"Redazione","twitter_card":"summary_large_image","twitter_creator":"@intoscana","twitter_site":"@intoscana","twitter_misc":{"Written by":"Redazione","Est. reading time":"2 minuti"},"schema":{"@context":"https:\/\/schema.org","@graph":[{"@type":"WebPage","@id":"https:\/\/www.intoscana.it\/it\/progetti-educativi-6-milioni-alle-scuole-toscane-anche-per-promuovere-le-pari-opportunita\/","url":"https:\/\/www.intoscana.it\/it\/progetti-educativi-6-milioni-alle-scuole-toscane-anche-per-promuovere-le-pari-opportunita\/","name":"Progetti educativi, 6 milioni alle scuole toscane (anche per promuovere pari opportunit\u00e0) - intoscana","isPartOf":{"@id":"https:\/\/www.intoscana.it\/it\/#website"},"primaryImageOfPage":{"@id":"https:\/\/www.intoscana.it\/it\/progetti-educativi-6-milioni-alle-scuole-toscane-anche-per-promuovere-le-pari-opportunita\/#primaryimage"},"image":{"@id":"https:\/\/www.intoscana.it\/it\/progetti-educativi-6-milioni-alle-scuole-toscane-anche-per-promuovere-le-pari-opportunita\/#primaryimage"},"thumbnailUrl":"https:\/\/www.intoscana.it\/wp-content\/uploads\/scuola-bambina-con-mascherina-scaled.jpg","datePublished":"2021-11-03T11:47:23+00:00","dateModified":"2021-11-03T11:58:00+00:00","author":{"@id":"https:\/\/www.intoscana.it\/it\/#\/schema\/person\/9223810753230f20bd670fdd322661f8"},"description":"Non solo lotta alla dispersione scolastica, ma anche orientamento e contrasto degli stereotipi di genere. Ecco come saranno investite le risorse destinate ai \"progetti educativi zonali\"","breadcrumb":{"@id":"https:\/\/www.intoscana.it\/it\/progetti-educativi-6-milioni-alle-scuole-toscane-anche-per-promuovere-le-pari-opportunita\/#breadcrumb"},"inLanguage":"it-IT","potentialAction":[{"@type":"ReadAction","target":["https:\/\/www.intoscana.it\/it\/progetti-educativi-6-milioni-alle-scuole-toscane-anche-per-promuovere-le-pari-opportunita\/"]}]},{"@type":"ImageObject","inLanguage":"it-IT","@id":"https:\/\/www.intoscana.it\/it\/progetti-educativi-6-milioni-alle-scuole-toscane-anche-per-promuovere-le-pari-opportunita\/#primaryimage","url":"https:\/\/www.intoscana.it\/wp-content\/uploads\/scuola-bambina-con-mascherina-scaled.jpg","contentUrl":"https:\/\/www.intoscana.it\/wp-content\/uploads\/scuola-bambina-con-mascherina-scaled.jpg","width":2048,"height":1365},{"@type":"BreadcrumbList","@id":"https:\/\/www.intoscana.it\/it\/progetti-educativi-6-milioni-alle-scuole-toscane-anche-per-promuovere-le-pari-opportunita\/#breadcrumb","itemListElement":[{"@type":"ListItem","position":1,"name":"Home","item":"https:\/\/www.intoscana.it\/it\/"},{"@type":"ListItem","position":2,"name":"Progetti educativi, 6 milioni alle scuole toscane (anche per promuovere pari opportunit\u00e0)"}]},{"@type":"WebSite","@id":"https:\/\/www.intoscana.it\/it\/#website","url":"https:\/\/www.intoscana.it\/it\/","name":"intoscana","description":"","potentialAction":[{"@type":"SearchAction","target":{"@type":"EntryPoint","urlTemplate":"https:\/\/www.intoscana.it\/it\/?s={search_term_string}"},"query-input":{"@type":"PropertyValueSpecification","valueRequired":true,"valueName":"search_term_string"}}],"inLanguage":"it-IT"},{"@type":"Person","@id":"https:\/\/www.intoscana.it\/it\/#\/schema\/person\/9223810753230f20bd670fdd322661f8","name":"Redazione","url":"https:\/\/www.intoscana.it\/it\/author\/redazione\/"}]}},"_links":{"self":[{"href":"https:\/\/www.intoscana.it\/it\/wp-json\/wp\/v2\/posts\/196862","targetHints":{"allow":["GET"]}}],"collection":[{"href":"https:\/\/www.intoscana.it\/it\/wp-json\/wp\/v2\/posts"}],"about":[{"href":"https:\/\/www.intoscana.it\/it\/wp-json\/wp\/v2\/types\/post"}],"author":[{"embeddable":true,"href":"https:\/\/www.intoscana.it\/it\/wp-json\/wp\/v2\/users\/525"}],"replies":[{"embeddable":true,"href":"https:\/\/www.intoscana.it\/it\/wp-json\/wp\/v2\/comments?post=196862"}],"version-history":[{"count":0,"href":"https:\/\/www.intoscana.it\/it\/wp-json\/wp\/v2\/posts\/196862\/revisions"}],"wp:featuredmedia":[{"embeddable":true,"href":"https:\/\/www.intoscana.it\/it\/wp-json\/wp\/v2\/media\/189721"}],"wp:attachment":[{"href":"https:\/\/www.intoscana.it\/it\/wp-json\/wp\/v2\/media?parent=196862"}],"wp:term":[{"taxonomy":"category","embeddable":true,"href":"https:\/\/www.intoscana.it\/it\/wp-json\/wp\/v2\/categories?post=196862"},{"taxonomy":"post_tag","embeddable":true,"href":"https:\/\/www.intoscana.it\/it\/wp-json\/wp\/v2\/tags?post=196862"}],"curies":[{"name":"wp","href":"https:\/\/api.w.org\/{rel}","templated":true}]}}