{"id":196869,"date":"2021-11-03T13:02:33","date_gmt":"2021-11-03T12:02:33","guid":{"rendered":"https:\/\/www.intoscana.it\/it\/?p=196869"},"modified":"2021-11-04T13:00:59","modified_gmt":"2021-11-04T12:00:59","slug":"citta-darte-piu-fragili-a-causa-del-covid-firenze-e-venezia-chiedono-nuova-governance","status":"publish","type":"post","link":"https:\/\/www.intoscana.it\/it\/citta-darte-piu-fragili-a-causa-del-covid-firenze-e-venezia-chiedono-nuova-governance\/","title":{"rendered":"Citt\u00e0 d&#8217;arte pi\u00f9 &#8220;fragili&#8221; a causa del Covid. Firenze e Venezia chiedono nuova governance"},"content":{"rendered":"<p><em>&#8220;Il Parlamento riconosca la fragilit\u00e0 e la specificit\u00e0 delle nostre citt\u00e0 d&#8217;arte&#8221;.<\/em> Queste le parole dell&#8217;assessore comunale al turismo di Venezia, <strong>Simone Venturini<\/strong>, in occasione del convegno &#8220;Firenze e Venezia nel day after Covid&#8221; che si \u00e8 tenuto nel capoluogo toscano. <mark>Un&#8217;occasione di dialogo e confronto tra le due citt\u00e0 d&#8217;arte<\/mark>.<\/p>\n<h3>Il decalogo<\/h3>\n<p><em>&#8220;Quasi un anno fa abbiamo consegnato al Governo un decalogo congiunto con suggerimenti di buon senso per mettere nelle condizioni sindaci e Comuni di intervenire per governare e regolamentare alcuni settori nevralgici, una necessit\u00e0 che ribadiamo anche oggi&#8221;<\/em> ha detto. <em>&#8220;<mark>Riconoscere la specificit\u00e0 delle nostre citt\u00e0 d&#8217;arte significa capire che servono norme ad hoc per incidere concretamente sulla gestione dei flussi turistici, sul commercio e sulle affittanze turistiche brevi<\/mark>, innalzandone il livello e bilanciando cos\u00ec le esigenze dei visitatori con quelle dei residenti. Temi su cui oggi vige una totale &#8216;deregulation&#8217; che penalizza i centri storici&#8221;.<\/em><\/p>\n<p><em>&#8220;Solo attraverso l&#8217;introduzione di <strong>nuovi strumenti normativi nazionali<\/strong><\/em> &#8211; ha concluso &#8211; <em>Venezia, Firenze e tutte le altre citt\u00e0 d&#8217;arte italiane rimarranno vive, e soprattutto vitali, sotto il profilo lavorativo e sociale, difendendo allo stesso tempo le eccellenze artigiane, economiche ed enogastronomiche che il mondo ci invidia&#8221;.<\/em><\/p>\n<h3>Il piano di gestione Unesco<\/h3>\n<p>Sul tema delle citt\u00e0 d&#8217;arte <em>&#8220;dobbiamo agire su pi\u00f9 fronti: dal decentramento degli attrattori culturali, alla rigenerazione urbana, alle infrastrutture di mobilit\u00e0 con tutti gli stakeholders coinvolti&#8221;<\/em> ha detto nell&#8217;ambito del convegno l&#8217;assessore al turismo di Firenze, <strong>Cecilia Del Re<\/strong>. <mark><em>&#8220;Chiediamo di rivedere la governance delle citt\u00e0 d&#8217;arte, oggi di competenza regionale, perch\u00e9 si trovano ad affrontare temi particolari rispetto agli altri comuni e devono poter agire subito per regolamentare determinati fenomeni&#8221;<\/mark>.<\/em><\/p>\n<p>Inoltre, aggiunge Del Re, <em>&#8220;nel piano di gestione Unesco, inseriremo il tema del tempo della citt\u00e0 per quanto riguarda gli orari di apertura dei grandi musei e il mantenimento dell&#8217;obbligo di prenotazione, per una gestione pi\u00f9 organizzata degli afflussi&#8221;<\/em>. Per l&#8217;assessore toscano \u00e8 necessario mettere in campo <em>&#8220;un percorso congiunto tra Firenze e Venezia per portare all&#8217;attenzione del governo una serie di questioni che riguardano le citt\u00e0 d&#8217;arte a vocazione turistica. <mark>Agire insieme ci rende pi\u00f9 forti per ottenere provvedimenti che ci consentano di gestire al meglio l&#8217;impatto del turismo sulle nostre citt\u00e0<\/mark>. Il turismo, se non gestito e accompagnato con le giuste azioni, pu\u00f2 generare conseguenze patologiche per la vivibilit\u00e0, specie dei nostri centri storici&#8221;.<\/em><\/p>\n<h3>Una legge per i centri storici<\/h3>\n<p><em>&#8220;\u00c8 per questo<\/em> &#8211; ha ricordato Cecilia Del Re &#8211; <em>che il sindaco Nardella e il sindaco Brugnaro gi\u00e0 prima dell&#8217;estate hanno inviato al governo un decalogo di azioni, fatte proprie anche dalle altre citt\u00e0 d&#8217;arte, e che nei giorni scorsi Nardella ha lanciato anche la <mark>proposta di una legge di iniziativa popolare per la tutela dei centri storici<\/mark>&#8220;.<\/em><\/p>\n","protected":false},"excerpt":{"rendered":"<p>Non solo chiedono al Parlamento di riconoscere la fragilit\u00e0 delle citt\u00e0 d&#8217;arte, ma anche di rivedere la governance. Nuovi strumenti normativi per gestire flussi turistici, commercio e affitti turistici<\/p>\n","protected":false},"author":525,"featured_media":145832,"comment_status":"open","ping_status":"open","sticky":false,"template":"","format":"standard","meta":{"_acf_changed":false,"footnotes":""},"categories":[494],"tags":[3829,418,202,143],"class_list":["post-196869","post","type-post","status-publish","format-standard","has-post-thumbnail","hentry","category-attualita","tag-citta-darte","tag-covid-19","tag-firenze","tag-turismo"],"acf":[],"yoast_head":"<!-- This site is optimized with the Yoast SEO Premium plugin v24.2 (Yoast SEO v25.6) - https:\/\/yoast.com\/wordpress\/plugins\/seo\/ -->\n<title>Citt\u00e0 d&#039;arte pi\u00f9 &quot;fragili&quot; a causa del Covid. Firenze e Venezia chiedono nuova governance - intoscana<\/title>\n<meta name=\"description\" content=\"Non solo chiedono al Parlamento di riconoscere la fragilit\u00e0 delle citt\u00e0 d&#039;arte, ma anche di rivedere la governance. Nuovi strumenti normativi per gestire flussi turistici, commercio e affitti turistici\" \/>\n<meta name=\"robots\" content=\"index, follow, max-snippet:-1, max-image-preview:large, max-video-preview:-1\" \/>\n<link rel=\"canonical\" href=\"https:\/\/www.intoscana.it\/it\/citta-darte-piu-fragili-a-causa-del-covid-firenze-e-venezia-chiedono-nuova-governance\/\" \/>\n<meta property=\"og:locale\" content=\"it_IT\" \/>\n<meta property=\"og:type\" content=\"article\" \/>\n<meta property=\"og:title\" content=\"Citt\u00e0 d&#039;arte pi\u00f9 &quot;fragili&quot; a causa del Covid. Firenze e Venezia chiedono nuova governance\" \/>\n<meta property=\"og:description\" content=\"Non solo chiedono al Parlamento di riconoscere la fragilit\u00e0 delle citt\u00e0 d&#039;arte, ma anche di rivedere la governance. Nuovi strumenti normativi per gestire flussi turistici, commercio e affitti turistici\" \/>\n<meta property=\"og:url\" content=\"https:\/\/www.intoscana.it\/it\/citta-darte-piu-fragili-a-causa-del-covid-firenze-e-venezia-chiedono-nuova-governance\/\" \/>\n<meta property=\"og:site_name\" content=\"intoscana\" \/>\n<meta property=\"article:publisher\" content=\"https:\/\/www.facebook.com\/intoscana.it\" \/>\n<meta property=\"article:published_time\" content=\"2021-11-03T12:02:33+00:00\" \/>\n<meta property=\"article:modified_time\" content=\"2021-11-04T12:00:59+00:00\" \/>\n<meta property=\"og:image\" content=\"https:\/\/www.intoscana.it\/wp-content\/uploads\/vista-finestra-duomo-firenze-1.jpg\" \/>\n\t<meta property=\"og:image:width\" content=\"1000\" \/>\n\t<meta property=\"og:image:height\" content=\"731\" \/>\n\t<meta property=\"og:image:type\" content=\"image\/jpeg\" \/>\n<meta name=\"author\" content=\"Redazione\" \/>\n<meta name=\"twitter:card\" content=\"summary_large_image\" \/>\n<meta name=\"twitter:creator\" content=\"@intoscana\" \/>\n<meta name=\"twitter:site\" content=\"@intoscana\" \/>\n<meta name=\"twitter:label1\" content=\"Written by\" \/>\n\t<meta name=\"twitter:data1\" content=\"Redazione\" \/>\n\t<meta name=\"twitter:label2\" content=\"Est. reading time\" \/>\n\t<meta name=\"twitter:data2\" content=\"2 minuti\" \/>\n<script type=\"application\/ld+json\" class=\"yoast-schema-graph\">{\"@context\":\"https:\/\/schema.org\",\"@graph\":[{\"@type\":\"WebPage\",\"@id\":\"https:\/\/www.intoscana.it\/it\/citta-darte-piu-fragili-a-causa-del-covid-firenze-e-venezia-chiedono-nuova-governance\/\",\"url\":\"https:\/\/www.intoscana.it\/it\/citta-darte-piu-fragili-a-causa-del-covid-firenze-e-venezia-chiedono-nuova-governance\/\",\"name\":\"Citt\u00e0 d'arte pi\u00f9 \\\"fragili\\\" a causa del Covid. Firenze e Venezia chiedono nuova governance - intoscana\",\"isPartOf\":{\"@id\":\"https:\/\/www.intoscana.it\/it\/#website\"},\"primaryImageOfPage\":{\"@id\":\"https:\/\/www.intoscana.it\/it\/citta-darte-piu-fragili-a-causa-del-covid-firenze-e-venezia-chiedono-nuova-governance\/#primaryimage\"},\"image\":{\"@id\":\"https:\/\/www.intoscana.it\/it\/citta-darte-piu-fragili-a-causa-del-covid-firenze-e-venezia-chiedono-nuova-governance\/#primaryimage\"},\"thumbnailUrl\":\"https:\/\/www.intoscana.it\/wp-content\/uploads\/vista-finestra-duomo-firenze-1.jpg\",\"datePublished\":\"2021-11-03T12:02:33+00:00\",\"dateModified\":\"2021-11-04T12:00:59+00:00\",\"author\":{\"@id\":\"https:\/\/www.intoscana.it\/it\/#\/schema\/person\/9223810753230f20bd670fdd322661f8\"},\"description\":\"Non solo chiedono al Parlamento di riconoscere la fragilit\u00e0 delle citt\u00e0 d'arte, ma anche di rivedere la governance. Nuovi strumenti normativi per gestire flussi turistici, commercio e affitti turistici\",\"breadcrumb\":{\"@id\":\"https:\/\/www.intoscana.it\/it\/citta-darte-piu-fragili-a-causa-del-covid-firenze-e-venezia-chiedono-nuova-governance\/#breadcrumb\"},\"inLanguage\":\"it-IT\",\"potentialAction\":[{\"@type\":\"ReadAction\",\"target\":[\"https:\/\/www.intoscana.it\/it\/citta-darte-piu-fragili-a-causa-del-covid-firenze-e-venezia-chiedono-nuova-governance\/\"]}]},{\"@type\":\"ImageObject\",\"inLanguage\":\"it-IT\",\"@id\":\"https:\/\/www.intoscana.it\/it\/citta-darte-piu-fragili-a-causa-del-covid-firenze-e-venezia-chiedono-nuova-governance\/#primaryimage\",\"url\":\"https:\/\/www.intoscana.it\/wp-content\/uploads\/vista-finestra-duomo-firenze-1.jpg\",\"contentUrl\":\"https:\/\/www.intoscana.it\/wp-content\/uploads\/vista-finestra-duomo-firenze-1.jpg\",\"width\":1000,\"height\":731,\"caption\":\"turismo firenze\"},{\"@type\":\"BreadcrumbList\",\"@id\":\"https:\/\/www.intoscana.it\/it\/citta-darte-piu-fragili-a-causa-del-covid-firenze-e-venezia-chiedono-nuova-governance\/#breadcrumb\",\"itemListElement\":[{\"@type\":\"ListItem\",\"position\":1,\"name\":\"Home\",\"item\":\"https:\/\/www.intoscana.it\/it\/\"},{\"@type\":\"ListItem\",\"position\":2,\"name\":\"Citt\u00e0 d&#8217;arte pi\u00f9 &#8220;fragili&#8221; a causa del Covid. Firenze e Venezia chiedono nuova governance\"}]},{\"@type\":\"WebSite\",\"@id\":\"https:\/\/www.intoscana.it\/it\/#website\",\"url\":\"https:\/\/www.intoscana.it\/it\/\",\"name\":\"intoscana\",\"description\":\"\",\"potentialAction\":[{\"@type\":\"SearchAction\",\"target\":{\"@type\":\"EntryPoint\",\"urlTemplate\":\"https:\/\/www.intoscana.it\/it\/?s={search_term_string}\"},\"query-input\":{\"@type\":\"PropertyValueSpecification\",\"valueRequired\":true,\"valueName\":\"search_term_string\"}}],\"inLanguage\":\"it-IT\"},{\"@type\":\"Person\",\"@id\":\"https:\/\/www.intoscana.it\/it\/#\/schema\/person\/9223810753230f20bd670fdd322661f8\",\"name\":\"Redazione\",\"url\":\"https:\/\/www.intoscana.it\/it\/author\/redazione\/\"}]}<\/script>\n<!-- \/ Yoast SEO Premium plugin. -->","yoast_head_json":{"title":"Citt\u00e0 d'arte pi\u00f9 \"fragili\" a causa del Covid. Firenze e Venezia chiedono nuova governance - intoscana","description":"Non solo chiedono al Parlamento di riconoscere la fragilit\u00e0 delle citt\u00e0 d'arte, ma anche di rivedere la governance. Nuovi strumenti normativi per gestire flussi turistici, commercio e affitti turistici","robots":{"index":"index","follow":"follow","max-snippet":"max-snippet:-1","max-image-preview":"max-image-preview:large","max-video-preview":"max-video-preview:-1"},"canonical":"https:\/\/www.intoscana.it\/it\/citta-darte-piu-fragili-a-causa-del-covid-firenze-e-venezia-chiedono-nuova-governance\/","og_locale":"it_IT","og_type":"article","og_title":"Citt\u00e0 d'arte pi\u00f9 \"fragili\" a causa del Covid. Firenze e Venezia chiedono nuova governance","og_description":"Non solo chiedono al Parlamento di riconoscere la fragilit\u00e0 delle citt\u00e0 d'arte, ma anche di rivedere la governance. Nuovi strumenti normativi per gestire flussi turistici, commercio e affitti turistici","og_url":"https:\/\/www.intoscana.it\/it\/citta-darte-piu-fragili-a-causa-del-covid-firenze-e-venezia-chiedono-nuova-governance\/","og_site_name":"intoscana","article_publisher":"https:\/\/www.facebook.com\/intoscana.it","article_published_time":"2021-11-03T12:02:33+00:00","article_modified_time":"2021-11-04T12:00:59+00:00","og_image":[{"width":1000,"height":731,"url":"https:\/\/www.intoscana.it\/wp-content\/uploads\/vista-finestra-duomo-firenze-1.jpg","type":"image\/jpeg"}],"author":"Redazione","twitter_card":"summary_large_image","twitter_creator":"@intoscana","twitter_site":"@intoscana","twitter_misc":{"Written by":"Redazione","Est. reading time":"2 minuti"},"schema":{"@context":"https:\/\/schema.org","@graph":[{"@type":"WebPage","@id":"https:\/\/www.intoscana.it\/it\/citta-darte-piu-fragili-a-causa-del-covid-firenze-e-venezia-chiedono-nuova-governance\/","url":"https:\/\/www.intoscana.it\/it\/citta-darte-piu-fragili-a-causa-del-covid-firenze-e-venezia-chiedono-nuova-governance\/","name":"Citt\u00e0 d'arte pi\u00f9 \"fragili\" a causa del Covid. Firenze e Venezia chiedono nuova governance - intoscana","isPartOf":{"@id":"https:\/\/www.intoscana.it\/it\/#website"},"primaryImageOfPage":{"@id":"https:\/\/www.intoscana.it\/it\/citta-darte-piu-fragili-a-causa-del-covid-firenze-e-venezia-chiedono-nuova-governance\/#primaryimage"},"image":{"@id":"https:\/\/www.intoscana.it\/it\/citta-darte-piu-fragili-a-causa-del-covid-firenze-e-venezia-chiedono-nuova-governance\/#primaryimage"},"thumbnailUrl":"https:\/\/www.intoscana.it\/wp-content\/uploads\/vista-finestra-duomo-firenze-1.jpg","datePublished":"2021-11-03T12:02:33+00:00","dateModified":"2021-11-04T12:00:59+00:00","author":{"@id":"https:\/\/www.intoscana.it\/it\/#\/schema\/person\/9223810753230f20bd670fdd322661f8"},"description":"Non solo chiedono al Parlamento di riconoscere la fragilit\u00e0 delle citt\u00e0 d'arte, ma anche di rivedere la governance. Nuovi strumenti normativi per gestire flussi turistici, commercio e affitti turistici","breadcrumb":{"@id":"https:\/\/www.intoscana.it\/it\/citta-darte-piu-fragili-a-causa-del-covid-firenze-e-venezia-chiedono-nuova-governance\/#breadcrumb"},"inLanguage":"it-IT","potentialAction":[{"@type":"ReadAction","target":["https:\/\/www.intoscana.it\/it\/citta-darte-piu-fragili-a-causa-del-covid-firenze-e-venezia-chiedono-nuova-governance\/"]}]},{"@type":"ImageObject","inLanguage":"it-IT","@id":"https:\/\/www.intoscana.it\/it\/citta-darte-piu-fragili-a-causa-del-covid-firenze-e-venezia-chiedono-nuova-governance\/#primaryimage","url":"https:\/\/www.intoscana.it\/wp-content\/uploads\/vista-finestra-duomo-firenze-1.jpg","contentUrl":"https:\/\/www.intoscana.it\/wp-content\/uploads\/vista-finestra-duomo-firenze-1.jpg","width":1000,"height":731,"caption":"turismo firenze"},{"@type":"BreadcrumbList","@id":"https:\/\/www.intoscana.it\/it\/citta-darte-piu-fragili-a-causa-del-covid-firenze-e-venezia-chiedono-nuova-governance\/#breadcrumb","itemListElement":[{"@type":"ListItem","position":1,"name":"Home","item":"https:\/\/www.intoscana.it\/it\/"},{"@type":"ListItem","position":2,"name":"Citt\u00e0 d&#8217;arte pi\u00f9 &#8220;fragili&#8221; a causa del Covid. Firenze e Venezia chiedono nuova governance"}]},{"@type":"WebSite","@id":"https:\/\/www.intoscana.it\/it\/#website","url":"https:\/\/www.intoscana.it\/it\/","name":"intoscana","description":"","potentialAction":[{"@type":"SearchAction","target":{"@type":"EntryPoint","urlTemplate":"https:\/\/www.intoscana.it\/it\/?s={search_term_string}"},"query-input":{"@type":"PropertyValueSpecification","valueRequired":true,"valueName":"search_term_string"}}],"inLanguage":"it-IT"},{"@type":"Person","@id":"https:\/\/www.intoscana.it\/it\/#\/schema\/person\/9223810753230f20bd670fdd322661f8","name":"Redazione","url":"https:\/\/www.intoscana.it\/it\/author\/redazione\/"}]}},"_links":{"self":[{"href":"https:\/\/www.intoscana.it\/it\/wp-json\/wp\/v2\/posts\/196869","targetHints":{"allow":["GET"]}}],"collection":[{"href":"https:\/\/www.intoscana.it\/it\/wp-json\/wp\/v2\/posts"}],"about":[{"href":"https:\/\/www.intoscana.it\/it\/wp-json\/wp\/v2\/types\/post"}],"author":[{"embeddable":true,"href":"https:\/\/www.intoscana.it\/it\/wp-json\/wp\/v2\/users\/525"}],"replies":[{"embeddable":true,"href":"https:\/\/www.intoscana.it\/it\/wp-json\/wp\/v2\/comments?post=196869"}],"version-history":[{"count":0,"href":"https:\/\/www.intoscana.it\/it\/wp-json\/wp\/v2\/posts\/196869\/revisions"}],"wp:featuredmedia":[{"embeddable":true,"href":"https:\/\/www.intoscana.it\/it\/wp-json\/wp\/v2\/media\/145832"}],"wp:attachment":[{"href":"https:\/\/www.intoscana.it\/it\/wp-json\/wp\/v2\/media?parent=196869"}],"wp:term":[{"taxonomy":"category","embeddable":true,"href":"https:\/\/www.intoscana.it\/it\/wp-json\/wp\/v2\/categories?post=196869"},{"taxonomy":"post_tag","embeddable":true,"href":"https:\/\/www.intoscana.it\/it\/wp-json\/wp\/v2\/tags?post=196869"}],"curies":[{"name":"wp","href":"https:\/\/api.w.org\/{rel}","templated":true}]}}