{"id":197098,"date":"2021-11-04T14:43:00","date_gmt":"2021-11-04T13:43:00","guid":{"rendered":"https:\/\/www.intoscana.it\/it\/?p=197098"},"modified":"2021-11-04T15:09:23","modified_gmt":"2021-11-04T14:09:23","slug":"villaggio-delle-api-siena","status":"publish","type":"post","link":"https:\/\/www.intoscana.it\/it\/villaggio-delle-api-siena\/","title":{"rendered":"Biodiversit\u00e0, nel cuore di Siena nascer\u00e0 il villaggio delle api"},"content":{"rendered":"<p>Avvicinare i cittadini alla natura, far loro conoscere i profumi dell\u2019alveare e i segreti del miele. Sono questi alcuni obiettivi del <strong>Villaggio delle api<\/strong>, uno spazio dedicato all&#8217;apicoltura e all\u2019apiterapia che presto sorger\u00e0 <strong>nel cuore di Siena<\/strong>.<\/p>\n<p>Nel <strong>Parco delle Mura<\/strong>, fra porta Ovile e porta Pispini, grazie all\u2019idea di <a href=\"http:\/\/www.legambientesiena.it\/\" target=\"_blank\" rel=\"noopener\">Legambiente Siena<\/a>, verr\u00e0 infatti realizzato uno chalet delle api dove sar\u00e0 possibile scoprire in tutta sicurezza il fantastico mondo degli impollinatori, tra <strong>cera, propoli, oli essenziali e resine balsamiche<\/strong>. Oltre ad apprezzare i loro frutti, si potr\u00e0 ascoltare anche il<strong> ronzio<\/strong> di questi insetti che favorisce il rilassamento e dona una sensazione di serenit\u00e0.<\/p>\n<h3>Apiterapia<\/h3>\n<p>Il Villaggio delle api sar\u00e0 la cornice ideale per praticare la cosiddetta apiterapia che consiste in un insieme di <strong>trattamenti benefici<\/strong> mediante prodotti raccolti, trasformati e secreti dalle api, ad integrazione della medicina convenzionale.<\/p>\n<p>L\u2019apiterapia si basa su una <strong>tradizione molto antica<\/strong> con evidenze terapeutiche plurisecolari e testimonianze che risalgono ad almeno due millenni. Alcuni scritti provengono addirittura dalla civilt\u00e0 egiziana.<\/p>\n<figure id=\"post-197145 media-197145\" class=\"align-none\"><img decoding=\"async\" src=\"https:\/\/www.intoscana.it\/wp-content\/uploads\/pecorso-benessere-villaggio-delle-api-parco-delle-mura.jpg\" alt=\"\" \/><\/figure>\n<div class=\"titleimg\">Percorsi benessere e riqualificazione del Parco delle Mura di Siena &#8211; \u00a9 Legambiente Siena<\/div>\n<h3>La riqualificazione del Parco delle Mura di Siena<\/h3>\n<p>Il Villaggio delle api si inserisce all\u2019interno di un pi\u00f9 ampio progetto di riqualificazione del Parco delle Mura che Legambiente Siena porta avanti dal 2016. La zona, infatti, \u00e8 stata bonificata e arricchita da <a href=\"https:\/\/www.intoscana.it\/it\/articolo\/centomila-orti-urbani-in-toscana-assegnati-i-contributi-a-62-comuni\/\" target=\"_blank\" rel=\"noopener\">orti urbani<\/a>, giochi ecosostenibili e un\u2019area umida per il mantenimento della biodiversit\u00e0.<br \/>\nAttraverso questa iniziativa, il parco a ridosso della cerchia muraria storica potr\u00e0 diventare un centro di educazione ambientale e di inclusione mediante l\u2019agricoltura sociale.<\/p>\n<p>Nell\u2019ottica di tutelare le specie vegetali e l\u2019apicoltura urbana, saranno anche organizzati <strong>percorsi benessere e laboratori green<\/strong> per cittadini, scuole e associazioni.<\/p>\n<h3>La campagna di crowdfunding<\/h3>\n<p><iframe loading=\"lazy\" title=\"YouTube video player\" src=\"https:\/\/www.youtube.com\/embed\/MIEcp_MrVxo\" width=\"800\" height=\"450\" frameborder=\"0\" allowfullscreen=\"allowfullscreen\"><span data-mce-type=\"bookmark\" style=\"display: inline-block; width: 0px; overflow: hidden; line-height: 0;\" class=\"mce_SELRES_start\">\ufeff<\/span><\/iframe><\/p>\n<p>Per portare a termine il progetto \u00e8 stata lanciata una <strong>campagna di crowdfunding<\/strong> sulla piattaforma Eppela, sostenuta anche dalla Fondazione Monte Paschi di Siena che raddoppier\u00e0 la cifra raccolta. Per versare un contributo, c&#8217;\u00e8 tempo fino al 13 dicembre.<\/p>\n<p>I fondi serviranno ad acquistare le <strong>casette in legno per l\u2019apiterapia, arnie tradizionali e altre \u201cspeciali\u201d<\/strong> a scopo didattico, che consentono di osservare la vita dell\u2019alveare.<\/p>\n","protected":false},"excerpt":{"rendered":"<p>Nel parco delle Mura, fra porta Ovile e porta Pispini, sorger\u00e0 uno spazio dedicato all&#8217;apicoltura e all\u2019apiterapia. Per rendere possibile il progetto, ideato da Legambiente, \u00e8 stata lanciata una campagna di crowdfunding sulla piattaforma Eppela<\/p>\n","protected":false},"author":483,"featured_media":197109,"comment_status":"open","ping_status":"open","sticky":false,"template":"","format":"standard","meta":{"_acf_changed":false,"footnotes":""},"categories":[19],"tags":[2305,5041,164],"class_list":["post-197098","post","type-post","status-publish","format-standard","has-post-thumbnail","hentry","category-ambiente","tag-api","tag-biodiversita","tag-siena"],"acf":[],"yoast_head":"<!-- This site is optimized with the Yoast SEO Premium plugin v24.2 (Yoast SEO v25.6) - https:\/\/yoast.com\/wordpress\/plugins\/seo\/ -->\n<title>Biodiversit\u00e0, nel cuore di Siena nascer\u00e0 il villaggio delle api - intoscana<\/title>\n<meta name=\"description\" content=\"Nel cuore di Siena, nel parco delle Mura, nascer\u00e0 il Villaggio delle Api. Per realizzare il progetto \u00e8 attiva una campagna di crowdfunding.\" \/>\n<meta name=\"robots\" content=\"index, follow, max-snippet:-1, max-image-preview:large, max-video-preview:-1\" \/>\n<link rel=\"canonical\" href=\"https:\/\/www.intoscana.it\/it\/villaggio-delle-api-siena\/\" \/>\n<meta property=\"og:locale\" content=\"it_IT\" \/>\n<meta property=\"og:type\" content=\"article\" \/>\n<meta property=\"og:title\" content=\"Biodiversit\u00e0, nel cuore di Siena nascer\u00e0 il villaggio delle api\" \/>\n<meta property=\"og:description\" content=\"Nel cuore di Siena, nel parco delle Mura, nascer\u00e0 il Villaggio delle Api. Per realizzare il progetto \u00e8 attiva una campagna di crowdfunding.\" \/>\n<meta property=\"og:url\" content=\"https:\/\/www.intoscana.it\/it\/villaggio-delle-api-siena\/\" \/>\n<meta property=\"og:site_name\" content=\"intoscana\" \/>\n<meta property=\"article:publisher\" content=\"https:\/\/www.facebook.com\/intoscana.it\" \/>\n<meta property=\"article:published_time\" content=\"2021-11-04T13:43:00+00:00\" \/>\n<meta property=\"article:modified_time\" content=\"2021-11-04T14:09:23+00:00\" \/>\n<meta property=\"og:image\" content=\"https:\/\/www.intoscana.it\/wp-content\/uploads\/Un-Villaggio-delle-Api-sorgera\u0300-a-due-passi-dal-centro-storico-di-Siena.jpeg\" \/>\n\t<meta property=\"og:image:width\" content=\"1920\" \/>\n\t<meta property=\"og:image:height\" content=\"1080\" \/>\n\t<meta property=\"og:image:type\" content=\"image\/jpeg\" \/>\n<meta name=\"author\" content=\"Marta Mancini\" \/>\n<meta name=\"twitter:card\" content=\"summary_large_image\" \/>\n<meta name=\"twitter:creator\" content=\"@intoscana\" \/>\n<meta name=\"twitter:site\" content=\"@intoscana\" \/>\n<meta name=\"twitter:label1\" content=\"Written by\" \/>\n\t<meta name=\"twitter:data1\" content=\"Marta Mancini\" \/>\n\t<meta name=\"twitter:label2\" content=\"Est. reading time\" \/>\n\t<meta name=\"twitter:data2\" content=\"2 minuti\" \/>\n<script type=\"application\/ld+json\" class=\"yoast-schema-graph\">{\"@context\":\"https:\/\/schema.org\",\"@graph\":[{\"@type\":\"WebPage\",\"@id\":\"https:\/\/www.intoscana.it\/it\/villaggio-delle-api-siena\/\",\"url\":\"https:\/\/www.intoscana.it\/it\/villaggio-delle-api-siena\/\",\"name\":\"Biodiversit\u00e0, nel cuore di Siena nascer\u00e0 il villaggio delle api - intoscana\",\"isPartOf\":{\"@id\":\"https:\/\/www.intoscana.it\/it\/#website\"},\"primaryImageOfPage\":{\"@id\":\"https:\/\/www.intoscana.it\/it\/villaggio-delle-api-siena\/#primaryimage\"},\"image\":{\"@id\":\"https:\/\/www.intoscana.it\/it\/villaggio-delle-api-siena\/#primaryimage\"},\"thumbnailUrl\":\"https:\/\/www.intoscana.it\/wp-content\/uploads\/Un-Villaggio-delle-Api-sorgera\u0300-a-due-passi-dal-centro-storico-di-Siena.jpeg\",\"datePublished\":\"2021-11-04T13:43:00+00:00\",\"dateModified\":\"2021-11-04T14:09:23+00:00\",\"author\":{\"@id\":\"https:\/\/www.intoscana.it\/it\/#\/schema\/person\/ba955c49c389f39a8208f182b0652479\"},\"description\":\"Nel cuore di Siena, nel parco delle Mura, nascer\u00e0 il Villaggio delle Api. Per realizzare il progetto \u00e8 attiva una campagna di crowdfunding.\",\"breadcrumb\":{\"@id\":\"https:\/\/www.intoscana.it\/it\/villaggio-delle-api-siena\/#breadcrumb\"},\"inLanguage\":\"it-IT\",\"potentialAction\":[{\"@type\":\"ReadAction\",\"target\":[\"https:\/\/www.intoscana.it\/it\/villaggio-delle-api-siena\/\"]}]},{\"@type\":\"ImageObject\",\"inLanguage\":\"it-IT\",\"@id\":\"https:\/\/www.intoscana.it\/it\/villaggio-delle-api-siena\/#primaryimage\",\"url\":\"https:\/\/www.intoscana.it\/wp-content\/uploads\/Un-Villaggio-delle-Api-sorgera\u0300-a-due-passi-dal-centro-storico-di-Siena.jpeg\",\"contentUrl\":\"https:\/\/www.intoscana.it\/wp-content\/uploads\/Un-Villaggio-delle-Api-sorgera\u0300-a-due-passi-dal-centro-storico-di-Siena.jpeg\",\"width\":1920,\"height\":1080,\"caption\":\"Un Villaggio delle Api sorger\u00e0 a due passi dal centro storico di Siena\"},{\"@type\":\"BreadcrumbList\",\"@id\":\"https:\/\/www.intoscana.it\/it\/villaggio-delle-api-siena\/#breadcrumb\",\"itemListElement\":[{\"@type\":\"ListItem\",\"position\":1,\"name\":\"Home\",\"item\":\"https:\/\/www.intoscana.it\/it\/\"},{\"@type\":\"ListItem\",\"position\":2,\"name\":\"Biodiversit\u00e0, nel cuore di Siena nascer\u00e0 il villaggio delle api\"}]},{\"@type\":\"WebSite\",\"@id\":\"https:\/\/www.intoscana.it\/it\/#website\",\"url\":\"https:\/\/www.intoscana.it\/it\/\",\"name\":\"intoscana\",\"description\":\"\",\"potentialAction\":[{\"@type\":\"SearchAction\",\"target\":{\"@type\":\"EntryPoint\",\"urlTemplate\":\"https:\/\/www.intoscana.it\/it\/?s={search_term_string}\"},\"query-input\":{\"@type\":\"PropertyValueSpecification\",\"valueRequired\":true,\"valueName\":\"search_term_string\"}}],\"inLanguage\":\"it-IT\"},{\"@type\":\"Person\",\"@id\":\"https:\/\/www.intoscana.it\/it\/#\/schema\/person\/ba955c49c389f39a8208f182b0652479\",\"name\":\"Marta Mancini\",\"url\":\"https:\/\/www.intoscana.it\/it\/author\/marta-mancini\/\"}]}<\/script>\n<!-- \/ Yoast SEO Premium plugin. -->","yoast_head_json":{"title":"Biodiversit\u00e0, nel cuore di Siena nascer\u00e0 il villaggio delle api - intoscana","description":"Nel cuore di Siena, nel parco delle Mura, nascer\u00e0 il Villaggio delle Api. Per realizzare il progetto \u00e8 attiva una campagna di crowdfunding.","robots":{"index":"index","follow":"follow","max-snippet":"max-snippet:-1","max-image-preview":"max-image-preview:large","max-video-preview":"max-video-preview:-1"},"canonical":"https:\/\/www.intoscana.it\/it\/villaggio-delle-api-siena\/","og_locale":"it_IT","og_type":"article","og_title":"Biodiversit\u00e0, nel cuore di Siena nascer\u00e0 il villaggio delle api","og_description":"Nel cuore di Siena, nel parco delle Mura, nascer\u00e0 il Villaggio delle Api. Per realizzare il progetto \u00e8 attiva una campagna di crowdfunding.","og_url":"https:\/\/www.intoscana.it\/it\/villaggio-delle-api-siena\/","og_site_name":"intoscana","article_publisher":"https:\/\/www.facebook.com\/intoscana.it","article_published_time":"2021-11-04T13:43:00+00:00","article_modified_time":"2021-11-04T14:09:23+00:00","og_image":[{"width":1920,"height":1080,"url":"https:\/\/www.intoscana.it\/wp-content\/uploads\/Un-Villaggio-delle-Api-sorgera\u0300-a-due-passi-dal-centro-storico-di-Siena.jpeg","type":"image\/jpeg"}],"author":"Marta Mancini","twitter_card":"summary_large_image","twitter_creator":"@intoscana","twitter_site":"@intoscana","twitter_misc":{"Written by":"Marta Mancini","Est. reading time":"2 minuti"},"schema":{"@context":"https:\/\/schema.org","@graph":[{"@type":"WebPage","@id":"https:\/\/www.intoscana.it\/it\/villaggio-delle-api-siena\/","url":"https:\/\/www.intoscana.it\/it\/villaggio-delle-api-siena\/","name":"Biodiversit\u00e0, nel cuore di Siena nascer\u00e0 il villaggio delle api - intoscana","isPartOf":{"@id":"https:\/\/www.intoscana.it\/it\/#website"},"primaryImageOfPage":{"@id":"https:\/\/www.intoscana.it\/it\/villaggio-delle-api-siena\/#primaryimage"},"image":{"@id":"https:\/\/www.intoscana.it\/it\/villaggio-delle-api-siena\/#primaryimage"},"thumbnailUrl":"https:\/\/www.intoscana.it\/wp-content\/uploads\/Un-Villaggio-delle-Api-sorgera\u0300-a-due-passi-dal-centro-storico-di-Siena.jpeg","datePublished":"2021-11-04T13:43:00+00:00","dateModified":"2021-11-04T14:09:23+00:00","author":{"@id":"https:\/\/www.intoscana.it\/it\/#\/schema\/person\/ba955c49c389f39a8208f182b0652479"},"description":"Nel cuore di Siena, nel parco delle Mura, nascer\u00e0 il Villaggio delle Api. Per realizzare il progetto \u00e8 attiva una campagna di crowdfunding.","breadcrumb":{"@id":"https:\/\/www.intoscana.it\/it\/villaggio-delle-api-siena\/#breadcrumb"},"inLanguage":"it-IT","potentialAction":[{"@type":"ReadAction","target":["https:\/\/www.intoscana.it\/it\/villaggio-delle-api-siena\/"]}]},{"@type":"ImageObject","inLanguage":"it-IT","@id":"https:\/\/www.intoscana.it\/it\/villaggio-delle-api-siena\/#primaryimage","url":"https:\/\/www.intoscana.it\/wp-content\/uploads\/Un-Villaggio-delle-Api-sorgera\u0300-a-due-passi-dal-centro-storico-di-Siena.jpeg","contentUrl":"https:\/\/www.intoscana.it\/wp-content\/uploads\/Un-Villaggio-delle-Api-sorgera\u0300-a-due-passi-dal-centro-storico-di-Siena.jpeg","width":1920,"height":1080,"caption":"Un Villaggio delle Api sorger\u00e0 a due passi dal centro storico di Siena"},{"@type":"BreadcrumbList","@id":"https:\/\/www.intoscana.it\/it\/villaggio-delle-api-siena\/#breadcrumb","itemListElement":[{"@type":"ListItem","position":1,"name":"Home","item":"https:\/\/www.intoscana.it\/it\/"},{"@type":"ListItem","position":2,"name":"Biodiversit\u00e0, nel cuore di Siena nascer\u00e0 il villaggio delle api"}]},{"@type":"WebSite","@id":"https:\/\/www.intoscana.it\/it\/#website","url":"https:\/\/www.intoscana.it\/it\/","name":"intoscana","description":"","potentialAction":[{"@type":"SearchAction","target":{"@type":"EntryPoint","urlTemplate":"https:\/\/www.intoscana.it\/it\/?s={search_term_string}"},"query-input":{"@type":"PropertyValueSpecification","valueRequired":true,"valueName":"search_term_string"}}],"inLanguage":"it-IT"},{"@type":"Person","@id":"https:\/\/www.intoscana.it\/it\/#\/schema\/person\/ba955c49c389f39a8208f182b0652479","name":"Marta Mancini","url":"https:\/\/www.intoscana.it\/it\/author\/marta-mancini\/"}]}},"_links":{"self":[{"href":"https:\/\/www.intoscana.it\/it\/wp-json\/wp\/v2\/posts\/197098","targetHints":{"allow":["GET"]}}],"collection":[{"href":"https:\/\/www.intoscana.it\/it\/wp-json\/wp\/v2\/posts"}],"about":[{"href":"https:\/\/www.intoscana.it\/it\/wp-json\/wp\/v2\/types\/post"}],"author":[{"embeddable":true,"href":"https:\/\/www.intoscana.it\/it\/wp-json\/wp\/v2\/users\/483"}],"replies":[{"embeddable":true,"href":"https:\/\/www.intoscana.it\/it\/wp-json\/wp\/v2\/comments?post=197098"}],"version-history":[{"count":0,"href":"https:\/\/www.intoscana.it\/it\/wp-json\/wp\/v2\/posts\/197098\/revisions"}],"wp:featuredmedia":[{"embeddable":true,"href":"https:\/\/www.intoscana.it\/it\/wp-json\/wp\/v2\/media\/197109"}],"wp:attachment":[{"href":"https:\/\/www.intoscana.it\/it\/wp-json\/wp\/v2\/media?parent=197098"}],"wp:term":[{"taxonomy":"category","embeddable":true,"href":"https:\/\/www.intoscana.it\/it\/wp-json\/wp\/v2\/categories?post=197098"},{"taxonomy":"post_tag","embeddable":true,"href":"https:\/\/www.intoscana.it\/it\/wp-json\/wp\/v2\/tags?post=197098"}],"curies":[{"name":"wp","href":"https:\/\/api.w.org\/{rel}","templated":true}]}}