{"id":197113,"date":"2021-11-04T12:48:29","date_gmt":"2021-11-04T11:48:29","guid":{"rendered":"https:\/\/www.intoscana.it\/it\/?p=197113"},"modified":"2021-11-04T12:48:29","modified_gmt":"2021-11-04T11:48:29","slug":"luniversita-di-firenze-celebra-i-primi-100-anni-di-fisica-moderna-a-arcetri","status":"publish","type":"post","link":"https:\/\/www.intoscana.it\/it\/luniversita-di-firenze-celebra-i-primi-100-anni-di-fisica-moderna-a-arcetri\/","title":{"rendered":"L&#8217;Universit\u00e0 di Firenze celebra i primi 100 anni di fisica moderna a Arcetri"},"content":{"rendered":"<p>L&#8217;<strong>Universit\u00e0 di Firenze<\/strong> celebra il <strong>centenario della sede storica dell&#8217;Istituto di Fisica,<\/strong> inaugurata ad <strong>Arcetri nel novembre del 1921<\/strong> nell&#8217;ambito del Regio Istituto di Studi Superiori Pratici e di Perfezionamento, l&#8217;antenato dell&#8217;Ateneo fiorentino.<\/p>\n<p>Gli studi fisici vennero trasferiti dal centro storico al colle dove gi\u00e0 si trovava l&#8217;Osservatorio astronomico &#8211; non lontano da <strong>Villa Il Gioiello, ultima dimora di Galileo<\/strong> &#8211; per volont\u00e0 di <strong>Antonio Garbasso<\/strong>, studioso di rilievo e <strong>in seguito sindaco di Firenze.<\/strong><\/p>\n<p>L&#8217;Istituto pot\u00e8 contare su un gruppo di ricercatori molto brillanti, tra i quali <strong>Enrico Fermi, Franco Rasetti, Bruno Rossi, Gilberto Bernardini, Giuseppe Occhialini, Giulio Racah e Daria Bocciarelli<\/strong> che, insieme al <strong>gruppo romano di via Panisperna,<\/strong> portarono la fisica italiana a competere a livello internazionale nel campo della fisica nucleare e dei raggi cosmici.<\/p>\n<p><strong>Nel 1924<\/strong>, tre anni dopo l&#8217;inaugurazione dell&#8217;edificio &#8211; chiamato ancora oggi Garbasso -, nasceva, in contemporanea con l&#8217;istituzione dell&#8217;Universit\u00e0 di Firenze,<strong> il Corso di laurea in Fisica.<\/strong><\/p>\n<p>Per ricordare questa storia illustre e presentare i suoi frutti attuali, <strong>venerd\u00ec 5 novembre<\/strong>\u00a0dalle ore 9 si tiene il convegno <em><strong>&#8220;I primi cento anni di Fisica al Garbasso&#8221;<\/strong> <\/em>che sar\u00e0 in diretta streaming su <a href=\"http:\/\/www.ilcolledigalileo.unifi.it\/100\/\" target=\"_blank\" rel=\"noopener\"><strong>www.ilcolledigalileo.unifi.it\/100\/<\/strong><\/a> con un ricco programma coordinato da Paolo Blasi.<\/p>\n<p>Porteranno il loro saluto<strong> la rettrice Alessandra Petrucci, l&#8217;assessoressa regionale Alessandra Nardini, Luisa Cifarell<\/strong>, presidente onorario della Societ\u00e0 Italiana di Fisica e gi\u00e0 presidente del Centro Fermi, e<strong> Massimo Inguscio, gi\u00e0 presidente del Cnr.<\/strong><\/p>\n<p><em>&#8220;L&#8217;Istituto (poi Dipartimento) di Fisica \u00e8 stato trasferito al Polo scientifico e tecnologico di Sesto Fiorentino nel 2001 &#8211; <\/em><strong>spiega il direttore Duccio Fanelli <\/strong><em>&#8211; ma la sede storica di Arcetri \u00e8 ancora utilizzata: oltre ad alcuni gruppi che svolgono ricerca in ambito astrofisico, ospita il Galileo Galilei Institute for Theoretical Physics, realt\u00e0 internazionale di studi avanzati in fisica teorica, realizzata dall&#8217;Istituto Nazionale di Fisica Nucleare con l&#8217;Ateneo fiorentino, e il Qstar, un centro dedicato alle tecnologie quantistiche&#8221;.<\/em><\/p>\n","protected":false},"excerpt":{"rendered":"<p>Per ricordare questa storia illustre e presentare i suoi frutti attuali venerd\u00ec 5 novembre\u00a0dalle ore 9 si tiene il convegno &#8220;I primi cento anni di Fisica al Garbasso&#8221;<\/p>\n","protected":false},"author":525,"featured_media":76477,"comment_status":"open","ping_status":"open","sticky":false,"template":"","format":"standard","meta":{"_acf_changed":false,"footnotes":""},"categories":[494],"tags":[4474,202],"class_list":["post-197113","post","type-post","status-publish","format-standard","has-post-thumbnail","hentry","category-attualita","tag-eventi","tag-firenze"],"acf":[],"yoast_head":"<!-- This site is optimized with the Yoast SEO Premium plugin v24.2 (Yoast SEO v25.6) - https:\/\/yoast.com\/wordpress\/plugins\/seo\/ -->\n<title>L&#039;Universit\u00e0 di Firenze celebra i primi 100 anni di fisica moderna a Arcetri - intoscana<\/title>\n<meta name=\"description\" content=\"Per ricordare questa storia illustre e presentare i suoi frutti attuali, venerd\u00ec 5 novembre\u00a0dalle ore 9 si tiene un convegno\" \/>\n<meta name=\"robots\" content=\"index, follow, max-snippet:-1, max-image-preview:large, max-video-preview:-1\" \/>\n<link rel=\"canonical\" href=\"https:\/\/www.intoscana.it\/it\/luniversita-di-firenze-celebra-i-primi-100-anni-di-fisica-moderna-a-arcetri\/\" \/>\n<meta property=\"og:locale\" content=\"it_IT\" \/>\n<meta property=\"og:type\" content=\"article\" \/>\n<meta property=\"og:title\" content=\"L&#039;Universit\u00e0 di Firenze celebra i primi 100 anni di fisica moderna a Arcetri\" \/>\n<meta property=\"og:description\" content=\"Per ricordare questa storia illustre e presentare i suoi frutti attuali, venerd\u00ec 5 novembre\u00a0dalle ore 9 si tiene un convegno\" \/>\n<meta property=\"og:url\" content=\"https:\/\/www.intoscana.it\/it\/luniversita-di-firenze-celebra-i-primi-100-anni-di-fisica-moderna-a-arcetri\/\" \/>\n<meta property=\"og:site_name\" content=\"intoscana\" \/>\n<meta property=\"article:publisher\" content=\"https:\/\/www.facebook.com\/intoscana.it\" \/>\n<meta property=\"article:published_time\" content=\"2021-11-04T11:48:29+00:00\" \/>\n<meta property=\"og:image\" content=\"https:\/\/www.intoscana.it\/wp-content\/uploads\/Arcetri-in-autunno-Arcetri-in-Autumn.jpg\" \/>\n\t<meta property=\"og:image:width\" content=\"768\" \/>\n\t<meta property=\"og:image:height\" content=\"511\" \/>\n\t<meta property=\"og:image:type\" content=\"image\/jpeg\" \/>\n<meta name=\"author\" content=\"Redazione\" \/>\n<meta name=\"twitter:card\" content=\"summary_large_image\" \/>\n<meta name=\"twitter:creator\" content=\"@intoscana\" \/>\n<meta name=\"twitter:site\" content=\"@intoscana\" \/>\n<meta name=\"twitter:label1\" content=\"Written by\" \/>\n\t<meta name=\"twitter:data1\" content=\"Redazione\" \/>\n\t<meta name=\"twitter:label2\" content=\"Est. reading time\" \/>\n\t<meta name=\"twitter:data2\" content=\"2 minuti\" \/>\n<script type=\"application\/ld+json\" class=\"yoast-schema-graph\">{\"@context\":\"https:\/\/schema.org\",\"@graph\":[{\"@type\":\"WebPage\",\"@id\":\"https:\/\/www.intoscana.it\/it\/luniversita-di-firenze-celebra-i-primi-100-anni-di-fisica-moderna-a-arcetri\/\",\"url\":\"https:\/\/www.intoscana.it\/it\/luniversita-di-firenze-celebra-i-primi-100-anni-di-fisica-moderna-a-arcetri\/\",\"name\":\"L'Universit\u00e0 di Firenze celebra i primi 100 anni di fisica moderna a Arcetri - intoscana\",\"isPartOf\":{\"@id\":\"https:\/\/www.intoscana.it\/it\/#website\"},\"primaryImageOfPage\":{\"@id\":\"https:\/\/www.intoscana.it\/it\/luniversita-di-firenze-celebra-i-primi-100-anni-di-fisica-moderna-a-arcetri\/#primaryimage\"},\"image\":{\"@id\":\"https:\/\/www.intoscana.it\/it\/luniversita-di-firenze-celebra-i-primi-100-anni-di-fisica-moderna-a-arcetri\/#primaryimage\"},\"thumbnailUrl\":\"https:\/\/www.intoscana.it\/wp-content\/uploads\/Arcetri-in-autunno-Arcetri-in-Autumn.jpg\",\"datePublished\":\"2021-11-04T11:48:29+00:00\",\"author\":{\"@id\":\"https:\/\/www.intoscana.it\/it\/#\/schema\/person\/9223810753230f20bd670fdd322661f8\"},\"description\":\"Per ricordare questa storia illustre e presentare i suoi frutti attuali, venerd\u00ec 5 novembre\u00a0dalle ore 9 si tiene un convegno\",\"breadcrumb\":{\"@id\":\"https:\/\/www.intoscana.it\/it\/luniversita-di-firenze-celebra-i-primi-100-anni-di-fisica-moderna-a-arcetri\/#breadcrumb\"},\"inLanguage\":\"it-IT\",\"potentialAction\":[{\"@type\":\"ReadAction\",\"target\":[\"https:\/\/www.intoscana.it\/it\/luniversita-di-firenze-celebra-i-primi-100-anni-di-fisica-moderna-a-arcetri\/\"]}]},{\"@type\":\"ImageObject\",\"inLanguage\":\"it-IT\",\"@id\":\"https:\/\/www.intoscana.it\/it\/luniversita-di-firenze-celebra-i-primi-100-anni-di-fisica-moderna-a-arcetri\/#primaryimage\",\"url\":\"https:\/\/www.intoscana.it\/wp-content\/uploads\/Arcetri-in-autunno-Arcetri-in-Autumn.jpg\",\"contentUrl\":\"https:\/\/www.intoscana.it\/wp-content\/uploads\/Arcetri-in-autunno-Arcetri-in-Autumn.jpg\",\"width\":768,\"height\":511},{\"@type\":\"BreadcrumbList\",\"@id\":\"https:\/\/www.intoscana.it\/it\/luniversita-di-firenze-celebra-i-primi-100-anni-di-fisica-moderna-a-arcetri\/#breadcrumb\",\"itemListElement\":[{\"@type\":\"ListItem\",\"position\":1,\"name\":\"Home\",\"item\":\"https:\/\/www.intoscana.it\/it\/\"},{\"@type\":\"ListItem\",\"position\":2,\"name\":\"L&#8217;Universit\u00e0 di Firenze celebra i primi 100 anni di fisica moderna a Arcetri\"}]},{\"@type\":\"WebSite\",\"@id\":\"https:\/\/www.intoscana.it\/it\/#website\",\"url\":\"https:\/\/www.intoscana.it\/it\/\",\"name\":\"intoscana\",\"description\":\"\",\"potentialAction\":[{\"@type\":\"SearchAction\",\"target\":{\"@type\":\"EntryPoint\",\"urlTemplate\":\"https:\/\/www.intoscana.it\/it\/?s={search_term_string}\"},\"query-input\":{\"@type\":\"PropertyValueSpecification\",\"valueRequired\":true,\"valueName\":\"search_term_string\"}}],\"inLanguage\":\"it-IT\"},{\"@type\":\"Person\",\"@id\":\"https:\/\/www.intoscana.it\/it\/#\/schema\/person\/9223810753230f20bd670fdd322661f8\",\"name\":\"Redazione\",\"url\":\"https:\/\/www.intoscana.it\/it\/author\/redazione\/\"}]}<\/script>\n<!-- \/ Yoast SEO Premium plugin. -->","yoast_head_json":{"title":"L'Universit\u00e0 di Firenze celebra i primi 100 anni di fisica moderna a Arcetri - intoscana","description":"Per ricordare questa storia illustre e presentare i suoi frutti attuali, venerd\u00ec 5 novembre\u00a0dalle ore 9 si tiene un convegno","robots":{"index":"index","follow":"follow","max-snippet":"max-snippet:-1","max-image-preview":"max-image-preview:large","max-video-preview":"max-video-preview:-1"},"canonical":"https:\/\/www.intoscana.it\/it\/luniversita-di-firenze-celebra-i-primi-100-anni-di-fisica-moderna-a-arcetri\/","og_locale":"it_IT","og_type":"article","og_title":"L'Universit\u00e0 di Firenze celebra i primi 100 anni di fisica moderna a Arcetri","og_description":"Per ricordare questa storia illustre e presentare i suoi frutti attuali, venerd\u00ec 5 novembre\u00a0dalle ore 9 si tiene un convegno","og_url":"https:\/\/www.intoscana.it\/it\/luniversita-di-firenze-celebra-i-primi-100-anni-di-fisica-moderna-a-arcetri\/","og_site_name":"intoscana","article_publisher":"https:\/\/www.facebook.com\/intoscana.it","article_published_time":"2021-11-04T11:48:29+00:00","og_image":[{"width":768,"height":511,"url":"https:\/\/www.intoscana.it\/wp-content\/uploads\/Arcetri-in-autunno-Arcetri-in-Autumn.jpg","type":"image\/jpeg"}],"author":"Redazione","twitter_card":"summary_large_image","twitter_creator":"@intoscana","twitter_site":"@intoscana","twitter_misc":{"Written by":"Redazione","Est. reading time":"2 minuti"},"schema":{"@context":"https:\/\/schema.org","@graph":[{"@type":"WebPage","@id":"https:\/\/www.intoscana.it\/it\/luniversita-di-firenze-celebra-i-primi-100-anni-di-fisica-moderna-a-arcetri\/","url":"https:\/\/www.intoscana.it\/it\/luniversita-di-firenze-celebra-i-primi-100-anni-di-fisica-moderna-a-arcetri\/","name":"L'Universit\u00e0 di Firenze celebra i primi 100 anni di fisica moderna a Arcetri - intoscana","isPartOf":{"@id":"https:\/\/www.intoscana.it\/it\/#website"},"primaryImageOfPage":{"@id":"https:\/\/www.intoscana.it\/it\/luniversita-di-firenze-celebra-i-primi-100-anni-di-fisica-moderna-a-arcetri\/#primaryimage"},"image":{"@id":"https:\/\/www.intoscana.it\/it\/luniversita-di-firenze-celebra-i-primi-100-anni-di-fisica-moderna-a-arcetri\/#primaryimage"},"thumbnailUrl":"https:\/\/www.intoscana.it\/wp-content\/uploads\/Arcetri-in-autunno-Arcetri-in-Autumn.jpg","datePublished":"2021-11-04T11:48:29+00:00","author":{"@id":"https:\/\/www.intoscana.it\/it\/#\/schema\/person\/9223810753230f20bd670fdd322661f8"},"description":"Per ricordare questa storia illustre e presentare i suoi frutti attuali, venerd\u00ec 5 novembre\u00a0dalle ore 9 si tiene un convegno","breadcrumb":{"@id":"https:\/\/www.intoscana.it\/it\/luniversita-di-firenze-celebra-i-primi-100-anni-di-fisica-moderna-a-arcetri\/#breadcrumb"},"inLanguage":"it-IT","potentialAction":[{"@type":"ReadAction","target":["https:\/\/www.intoscana.it\/it\/luniversita-di-firenze-celebra-i-primi-100-anni-di-fisica-moderna-a-arcetri\/"]}]},{"@type":"ImageObject","inLanguage":"it-IT","@id":"https:\/\/www.intoscana.it\/it\/luniversita-di-firenze-celebra-i-primi-100-anni-di-fisica-moderna-a-arcetri\/#primaryimage","url":"https:\/\/www.intoscana.it\/wp-content\/uploads\/Arcetri-in-autunno-Arcetri-in-Autumn.jpg","contentUrl":"https:\/\/www.intoscana.it\/wp-content\/uploads\/Arcetri-in-autunno-Arcetri-in-Autumn.jpg","width":768,"height":511},{"@type":"BreadcrumbList","@id":"https:\/\/www.intoscana.it\/it\/luniversita-di-firenze-celebra-i-primi-100-anni-di-fisica-moderna-a-arcetri\/#breadcrumb","itemListElement":[{"@type":"ListItem","position":1,"name":"Home","item":"https:\/\/www.intoscana.it\/it\/"},{"@type":"ListItem","position":2,"name":"L&#8217;Universit\u00e0 di Firenze celebra i primi 100 anni di fisica moderna a Arcetri"}]},{"@type":"WebSite","@id":"https:\/\/www.intoscana.it\/it\/#website","url":"https:\/\/www.intoscana.it\/it\/","name":"intoscana","description":"","potentialAction":[{"@type":"SearchAction","target":{"@type":"EntryPoint","urlTemplate":"https:\/\/www.intoscana.it\/it\/?s={search_term_string}"},"query-input":{"@type":"PropertyValueSpecification","valueRequired":true,"valueName":"search_term_string"}}],"inLanguage":"it-IT"},{"@type":"Person","@id":"https:\/\/www.intoscana.it\/it\/#\/schema\/person\/9223810753230f20bd670fdd322661f8","name":"Redazione","url":"https:\/\/www.intoscana.it\/it\/author\/redazione\/"}]}},"_links":{"self":[{"href":"https:\/\/www.intoscana.it\/it\/wp-json\/wp\/v2\/posts\/197113","targetHints":{"allow":["GET"]}}],"collection":[{"href":"https:\/\/www.intoscana.it\/it\/wp-json\/wp\/v2\/posts"}],"about":[{"href":"https:\/\/www.intoscana.it\/it\/wp-json\/wp\/v2\/types\/post"}],"author":[{"embeddable":true,"href":"https:\/\/www.intoscana.it\/it\/wp-json\/wp\/v2\/users\/525"}],"replies":[{"embeddable":true,"href":"https:\/\/www.intoscana.it\/it\/wp-json\/wp\/v2\/comments?post=197113"}],"version-history":[{"count":0,"href":"https:\/\/www.intoscana.it\/it\/wp-json\/wp\/v2\/posts\/197113\/revisions"}],"wp:featuredmedia":[{"embeddable":true,"href":"https:\/\/www.intoscana.it\/it\/wp-json\/wp\/v2\/media\/76477"}],"wp:attachment":[{"href":"https:\/\/www.intoscana.it\/it\/wp-json\/wp\/v2\/media?parent=197113"}],"wp:term":[{"taxonomy":"category","embeddable":true,"href":"https:\/\/www.intoscana.it\/it\/wp-json\/wp\/v2\/categories?post=197113"},{"taxonomy":"post_tag","embeddable":true,"href":"https:\/\/www.intoscana.it\/it\/wp-json\/wp\/v2\/tags?post=197113"}],"curies":[{"name":"wp","href":"https:\/\/api.w.org\/{rel}","templated":true}]}}