{"id":197132,"date":"2021-11-04T13:50:04","date_gmt":"2021-11-04T12:50:04","guid":{"rendered":"https:\/\/www.intoscana.it\/it\/?p=197132"},"modified":"2021-11-05T11:03:03","modified_gmt":"2021-11-05T10:03:03","slug":"covid-19-in-toscana-385-nuovi-casi-eta-media-41-anni-un-decesso","status":"publish","type":"post","link":"https:\/\/www.intoscana.it\/it\/covid-19-in-toscana-385-nuovi-casi-eta-media-41-anni-un-decesso\/","title":{"rendered":"Covid-19: in Toscana 385 nuovi casi, et\u00e0 media 41 anni. Un decesso"},"content":{"rendered":"<p>In Toscana sono<strong> 290.706 i casi di positivit\u00e0 al Coronavirus, 385 in pi\u00f9 rispetto a ieri<\/strong> (362 confermati con tampone molecolare e 23 da test rapido antigenico). I nuovi casi sono lo 0,1% in pi\u00f9 rispetto al totale del giorno precedente. I guariti crescono dello 0,1% e raggiungono quota 277.323 (95,4% dei casi totali). Oggi sono stati eseguiti 8.918 tamponi molecolari e 20.837 tamponi antigenici rapidi, di questi l&#8217;1,3% \u00e8 risultato positivo.<\/p>\n<p>Sono invece <strong>8.867 i soggetti testati oggi<\/strong> (con tampone antigenico e\/o molecolare, escludendo i tamponi di controllo), di cui il 4,3% \u00e8 risultato positivo. Gli attualmente positivi sono oggi 6.085, +2,7% rispetto a ieri. I ricoverati sono 300 (3 in pi\u00f9 rispetto a ieri), di cui 26 in terapia intensiva (2 in meno). Oggi si registra 1 nuovo decesso: un uomo di 91 anni.<\/p>\n<p>Alle 12.00 di oggi sono state effettuate complessivamente <strong>5.930.298 vaccinazioni, 15.722 in pi\u00f9 rispetto a ieri<\/strong> (+0,3%), tenendo presente che le Aziende del Sistema Sanitario Regionale proseguono per l&#8217;intera giornata. La Toscana \u00e8 la 1\u00b0 regione per % di dosi somministrate su quelle consegnate (il 96,3% delle 6.156.616 consegnate), per un tasso di vaccinazioni effettuate di 161.662 per 100mila abitanti (media italiana: 152.294 per 100mila).<\/p>\n<p><strong>L&#8217;et\u00e0 media dei 385 nuovi positivi odierni \u00e8 di 41 anni circa<\/strong> (28% ha meno di 20 anni, 16% tra 20 e 39 anni, 31% tra 40 e 59 anni, 18% tra 60 e 79 anni, 7% ha 80 anni o pi\u00f9).<\/p>\n<h3>I casi di positivit\u00e0 sul territorio<\/h3>\n<p>Di seguito i casi di positivit\u00e0 sul territorio con la variazione rispetto a ieri (362 confermati con tampone molecolare e 23 da test rapido antigenico). Sono <strong>80.661 i casi complessivi ad oggi a Firenze<\/strong> (75 in pi\u00f9 rispetto a ieri), 26.783 a Prato (36 in pi\u00f9), 27.607 a Pistoia (24 in pi\u00f9), 15.184 a Massa (28 in pi\u00f9), 29.521 a Lucca (33 in pi\u00f9), 34.079 a Pisa (41 in pi\u00f9), 21.571 a Livorno (24 in pi\u00f9), 26.186 ad Arezzo (41 in pi\u00f9), 17.046 a Siena (36 in pi\u00f9), 11.513 a Grosseto (47 in pi\u00f9). Sono 555 i casi positivi notificati in Toscana, ma residenti in altre regioni.<\/p>\n<p>Sono 142 i casi riscontrati oggi nell&#8217;Asl Centro, 119 nella Nord Ovest, 124 nella Sud est.<\/p>\n<p><strong>La Toscana si trova al 10\u00b0 posto in Italia come numerosit\u00e0 di casi<\/strong> (comprensivi di residenti e non residenti), con circa 7.925 casi per 100.000 abitanti (media italiana circa 8.071 x100.000, dato di ieri). Le province di notifica con il tasso pi\u00f9 alto sono Prato con 10.460 casi x100.000 abitanti, Pistoia con 9.493, Pisa con 8.184, la pi\u00f9 bassa Grosseto con 5.268.<\/p>\n<p>Complessivamente, <strong>5.785 persone sono in isolamento a casa, poich\u00e9 presentano sintomi lievi<\/strong> che non richiedono cure ospedaliere, o risultano prive di sintomi (155 in pi\u00f9 rispetto a ieri, pi\u00f9 2,8%).\u00a0Sono 17.532 (299 in pi\u00f9 rispetto a ieri, pi\u00f9 1,7%) le persone, anch&#8217;esse isolate, in sorveglianza attiva perch\u00e9 hanno avuto contatti con persone contagiate (ASL Centro 5.291, Nord Ovest 7.716, Sud Est 4.525).<\/p>\n<p>Le persone ricoverate <strong>nei posti letto dedicati ai pazienti COVID oggi sono complessivamente 300<\/strong> (3 in pi\u00f9 rispetto a ieri, pi\u00f9 1%), 26 in terapia intensiva (2 in meno rispetto a ieri, meno 7,1%).<\/p>\n<p><strong>Le persone complessivamente guarite sono 277.323<\/strong> (226 in pi\u00f9 rispetto a ieri, pi\u00f9 0,1%): 0 persone clinicamente guarite (stabili rispetto a ieri), divenute cio\u00e8 asintomatiche dopo aver presentato manifestazioni cliniche associate all&#8217;infezione e 277.323 (226 in pi\u00f9 rispetto a ieri, pi\u00f9 0,1%) dichiarate guarite a tutti gli effetti, le cosiddette guarigioni virali, con tampone negativo.<\/p>\n<h3>I decessi<\/h3>\n<p>Relativamente alla provincia di residenza, <strong>la persona deceduta \u00e8 a Firenze.<\/strong><\/p>\n<p><strong>Sono 7.298 i deceduti dall&#8217;inizio dell&#8217;epidemia<\/strong> cosi ripartiti: 2.356 a Firenze, 646 a Prato, 673 a Pistoia, 539 a Massa Carrara, 693 a Lucca, 732 a Pisa, 427 a Livorno, 563 ad Arezzo, 361 a Siena, 214 a Grosseto, 94 persone sono decedute sul suolo toscano ma erano residenti fuori regione.<\/p>\n<p>Il tasso grezzo di mortalit\u00e0 toscano (numero di deceduti\/popolazione residente) per Covid-19 \u00e8 di 198,9 x100.000 residenti contro il 223,1 x100.000 della media italiana (12\u00b0 regione). Per quanto riguarda le province, il tasso di mortalit\u00e0 pi\u00f9 alto si riscontra a Massa Carrara (283,9 x100.000), Prato (252,3 x100.000) e Firenze (238,9 x100.000), il pi\u00f9 basso a Grosseto (97,9 x100.000).<\/p>\n","protected":false},"excerpt":{"rendered":"<p>I ricoverati sono 300 (3 in pi\u00f9 rispetto a ieri), di cui 26 in terapia intensiva (2 in meno)<\/p>\n","protected":false},"author":525,"featured_media":177430,"comment_status":"open","ping_status":"open","sticky":false,"template":"","format":"standard","meta":{"_acf_changed":false,"footnotes":""},"categories":[494],"tags":[4868,418],"class_list":["post-197132","post","type-post","status-publish","format-standard","has-post-thumbnail","hentry","category-attualita","tag-bollettino-covid-toscana","tag-covid-19"],"acf":[],"yoast_head":"<!-- This site is optimized with the Yoast SEO Premium plugin v24.2 (Yoast SEO v25.6) - https:\/\/yoast.com\/wordpress\/plugins\/seo\/ -->\n<title>Covid-19: in Toscana 385 nuovi casi, et\u00e0 media 41 anni. Un decesso - intoscana<\/title>\n<meta name=\"description\" content=\"I ricoverati sono 300 (3 in pi\u00f9 rispetto a ieri), di cui 26 in terapia intensiva (2 in meno)\" \/>\n<meta name=\"robots\" content=\"index, follow, max-snippet:-1, max-image-preview:large, max-video-preview:-1\" \/>\n<link rel=\"canonical\" href=\"https:\/\/www.intoscana.it\/it\/covid-19-in-toscana-385-nuovi-casi-eta-media-41-anni-un-decesso\/\" \/>\n<meta property=\"og:locale\" content=\"it_IT\" \/>\n<meta property=\"og:type\" content=\"article\" \/>\n<meta property=\"og:title\" content=\"Covid-19: in Toscana 385 nuovi casi, et\u00e0 media 41 anni. Un decesso\" \/>\n<meta property=\"og:description\" content=\"I ricoverati sono 300 (3 in pi\u00f9 rispetto a ieri), di cui 26 in terapia intensiva (2 in meno)\" \/>\n<meta property=\"og:url\" content=\"https:\/\/www.intoscana.it\/it\/covid-19-in-toscana-385-nuovi-casi-eta-media-41-anni-un-decesso\/\" \/>\n<meta property=\"og:site_name\" content=\"intoscana\" \/>\n<meta property=\"article:publisher\" content=\"https:\/\/www.facebook.com\/intoscana.it\" \/>\n<meta property=\"article:published_time\" content=\"2021-11-04T12:50:04+00:00\" \/>\n<meta property=\"article:modified_time\" content=\"2021-11-05T10:03:03+00:00\" \/>\n<meta property=\"og:image\" content=\"https:\/\/www.intoscana.it\/wp-content\/uploads\/mascherina_estate-scaled.jpg\" \/>\n\t<meta property=\"og:image:width\" content=\"2048\" \/>\n\t<meta property=\"og:image:height\" content=\"1338\" \/>\n\t<meta property=\"og:image:type\" content=\"image\/jpeg\" \/>\n<meta name=\"author\" content=\"Redazione\" \/>\n<meta name=\"twitter:card\" content=\"summary_large_image\" \/>\n<meta name=\"twitter:creator\" content=\"@intoscana\" \/>\n<meta name=\"twitter:site\" content=\"@intoscana\" \/>\n<meta name=\"twitter:label1\" content=\"Written by\" \/>\n\t<meta name=\"twitter:data1\" content=\"Redazione\" \/>\n\t<meta name=\"twitter:label2\" content=\"Est. reading time\" \/>\n\t<meta name=\"twitter:data2\" content=\"3 minuti\" \/>\n<script type=\"application\/ld+json\" class=\"yoast-schema-graph\">{\"@context\":\"https:\/\/schema.org\",\"@graph\":[{\"@type\":\"WebPage\",\"@id\":\"https:\/\/www.intoscana.it\/it\/covid-19-in-toscana-385-nuovi-casi-eta-media-41-anni-un-decesso\/\",\"url\":\"https:\/\/www.intoscana.it\/it\/covid-19-in-toscana-385-nuovi-casi-eta-media-41-anni-un-decesso\/\",\"name\":\"Covid-19: in Toscana 385 nuovi casi, et\u00e0 media 41 anni. Un decesso - intoscana\",\"isPartOf\":{\"@id\":\"https:\/\/www.intoscana.it\/it\/#website\"},\"primaryImageOfPage\":{\"@id\":\"https:\/\/www.intoscana.it\/it\/covid-19-in-toscana-385-nuovi-casi-eta-media-41-anni-un-decesso\/#primaryimage\"},\"image\":{\"@id\":\"https:\/\/www.intoscana.it\/it\/covid-19-in-toscana-385-nuovi-casi-eta-media-41-anni-un-decesso\/#primaryimage\"},\"thumbnailUrl\":\"https:\/\/www.intoscana.it\/wp-content\/uploads\/mascherina_estate-scaled.jpg\",\"datePublished\":\"2021-11-04T12:50:04+00:00\",\"dateModified\":\"2021-11-05T10:03:03+00:00\",\"author\":{\"@id\":\"https:\/\/www.intoscana.it\/it\/#\/schema\/person\/9223810753230f20bd670fdd322661f8\"},\"description\":\"I ricoverati sono 300 (3 in pi\u00f9 rispetto a ieri), di cui 26 in terapia intensiva (2 in meno)\",\"breadcrumb\":{\"@id\":\"https:\/\/www.intoscana.it\/it\/covid-19-in-toscana-385-nuovi-casi-eta-media-41-anni-un-decesso\/#breadcrumb\"},\"inLanguage\":\"it-IT\",\"potentialAction\":[{\"@type\":\"ReadAction\",\"target\":[\"https:\/\/www.intoscana.it\/it\/covid-19-in-toscana-385-nuovi-casi-eta-media-41-anni-un-decesso\/\"]}]},{\"@type\":\"ImageObject\",\"inLanguage\":\"it-IT\",\"@id\":\"https:\/\/www.intoscana.it\/it\/covid-19-in-toscana-385-nuovi-casi-eta-media-41-anni-un-decesso\/#primaryimage\",\"url\":\"https:\/\/www.intoscana.it\/wp-content\/uploads\/mascherina_estate-scaled.jpg\",\"contentUrl\":\"https:\/\/www.intoscana.it\/wp-content\/uploads\/mascherina_estate-scaled.jpg\",\"width\":2048,\"height\":1338},{\"@type\":\"BreadcrumbList\",\"@id\":\"https:\/\/www.intoscana.it\/it\/covid-19-in-toscana-385-nuovi-casi-eta-media-41-anni-un-decesso\/#breadcrumb\",\"itemListElement\":[{\"@type\":\"ListItem\",\"position\":1,\"name\":\"Home\",\"item\":\"https:\/\/www.intoscana.it\/it\/\"},{\"@type\":\"ListItem\",\"position\":2,\"name\":\"Covid-19: in Toscana 385 nuovi casi, et\u00e0 media 41 anni. Un decesso\"}]},{\"@type\":\"WebSite\",\"@id\":\"https:\/\/www.intoscana.it\/it\/#website\",\"url\":\"https:\/\/www.intoscana.it\/it\/\",\"name\":\"intoscana\",\"description\":\"\",\"potentialAction\":[{\"@type\":\"SearchAction\",\"target\":{\"@type\":\"EntryPoint\",\"urlTemplate\":\"https:\/\/www.intoscana.it\/it\/?s={search_term_string}\"},\"query-input\":{\"@type\":\"PropertyValueSpecification\",\"valueRequired\":true,\"valueName\":\"search_term_string\"}}],\"inLanguage\":\"it-IT\"},{\"@type\":\"Person\",\"@id\":\"https:\/\/www.intoscana.it\/it\/#\/schema\/person\/9223810753230f20bd670fdd322661f8\",\"name\":\"Redazione\",\"url\":\"https:\/\/www.intoscana.it\/it\/author\/redazione\/\"}]}<\/script>\n<!-- \/ Yoast SEO Premium plugin. -->","yoast_head_json":{"title":"Covid-19: in Toscana 385 nuovi casi, et\u00e0 media 41 anni. Un decesso - intoscana","description":"I ricoverati sono 300 (3 in pi\u00f9 rispetto a ieri), di cui 26 in terapia intensiva (2 in meno)","robots":{"index":"index","follow":"follow","max-snippet":"max-snippet:-1","max-image-preview":"max-image-preview:large","max-video-preview":"max-video-preview:-1"},"canonical":"https:\/\/www.intoscana.it\/it\/covid-19-in-toscana-385-nuovi-casi-eta-media-41-anni-un-decesso\/","og_locale":"it_IT","og_type":"article","og_title":"Covid-19: in Toscana 385 nuovi casi, et\u00e0 media 41 anni. Un decesso","og_description":"I ricoverati sono 300 (3 in pi\u00f9 rispetto a ieri), di cui 26 in terapia intensiva (2 in meno)","og_url":"https:\/\/www.intoscana.it\/it\/covid-19-in-toscana-385-nuovi-casi-eta-media-41-anni-un-decesso\/","og_site_name":"intoscana","article_publisher":"https:\/\/www.facebook.com\/intoscana.it","article_published_time":"2021-11-04T12:50:04+00:00","article_modified_time":"2021-11-05T10:03:03+00:00","og_image":[{"width":2048,"height":1338,"url":"https:\/\/www.intoscana.it\/wp-content\/uploads\/mascherina_estate-scaled.jpg","type":"image\/jpeg"}],"author":"Redazione","twitter_card":"summary_large_image","twitter_creator":"@intoscana","twitter_site":"@intoscana","twitter_misc":{"Written by":"Redazione","Est. reading time":"3 minuti"},"schema":{"@context":"https:\/\/schema.org","@graph":[{"@type":"WebPage","@id":"https:\/\/www.intoscana.it\/it\/covid-19-in-toscana-385-nuovi-casi-eta-media-41-anni-un-decesso\/","url":"https:\/\/www.intoscana.it\/it\/covid-19-in-toscana-385-nuovi-casi-eta-media-41-anni-un-decesso\/","name":"Covid-19: in Toscana 385 nuovi casi, et\u00e0 media 41 anni. Un decesso - intoscana","isPartOf":{"@id":"https:\/\/www.intoscana.it\/it\/#website"},"primaryImageOfPage":{"@id":"https:\/\/www.intoscana.it\/it\/covid-19-in-toscana-385-nuovi-casi-eta-media-41-anni-un-decesso\/#primaryimage"},"image":{"@id":"https:\/\/www.intoscana.it\/it\/covid-19-in-toscana-385-nuovi-casi-eta-media-41-anni-un-decesso\/#primaryimage"},"thumbnailUrl":"https:\/\/www.intoscana.it\/wp-content\/uploads\/mascherina_estate-scaled.jpg","datePublished":"2021-11-04T12:50:04+00:00","dateModified":"2021-11-05T10:03:03+00:00","author":{"@id":"https:\/\/www.intoscana.it\/it\/#\/schema\/person\/9223810753230f20bd670fdd322661f8"},"description":"I ricoverati sono 300 (3 in pi\u00f9 rispetto a ieri), di cui 26 in terapia intensiva (2 in meno)","breadcrumb":{"@id":"https:\/\/www.intoscana.it\/it\/covid-19-in-toscana-385-nuovi-casi-eta-media-41-anni-un-decesso\/#breadcrumb"},"inLanguage":"it-IT","potentialAction":[{"@type":"ReadAction","target":["https:\/\/www.intoscana.it\/it\/covid-19-in-toscana-385-nuovi-casi-eta-media-41-anni-un-decesso\/"]}]},{"@type":"ImageObject","inLanguage":"it-IT","@id":"https:\/\/www.intoscana.it\/it\/covid-19-in-toscana-385-nuovi-casi-eta-media-41-anni-un-decesso\/#primaryimage","url":"https:\/\/www.intoscana.it\/wp-content\/uploads\/mascherina_estate-scaled.jpg","contentUrl":"https:\/\/www.intoscana.it\/wp-content\/uploads\/mascherina_estate-scaled.jpg","width":2048,"height":1338},{"@type":"BreadcrumbList","@id":"https:\/\/www.intoscana.it\/it\/covid-19-in-toscana-385-nuovi-casi-eta-media-41-anni-un-decesso\/#breadcrumb","itemListElement":[{"@type":"ListItem","position":1,"name":"Home","item":"https:\/\/www.intoscana.it\/it\/"},{"@type":"ListItem","position":2,"name":"Covid-19: in Toscana 385 nuovi casi, et\u00e0 media 41 anni. Un decesso"}]},{"@type":"WebSite","@id":"https:\/\/www.intoscana.it\/it\/#website","url":"https:\/\/www.intoscana.it\/it\/","name":"intoscana","description":"","potentialAction":[{"@type":"SearchAction","target":{"@type":"EntryPoint","urlTemplate":"https:\/\/www.intoscana.it\/it\/?s={search_term_string}"},"query-input":{"@type":"PropertyValueSpecification","valueRequired":true,"valueName":"search_term_string"}}],"inLanguage":"it-IT"},{"@type":"Person","@id":"https:\/\/www.intoscana.it\/it\/#\/schema\/person\/9223810753230f20bd670fdd322661f8","name":"Redazione","url":"https:\/\/www.intoscana.it\/it\/author\/redazione\/"}]}},"_links":{"self":[{"href":"https:\/\/www.intoscana.it\/it\/wp-json\/wp\/v2\/posts\/197132","targetHints":{"allow":["GET"]}}],"collection":[{"href":"https:\/\/www.intoscana.it\/it\/wp-json\/wp\/v2\/posts"}],"about":[{"href":"https:\/\/www.intoscana.it\/it\/wp-json\/wp\/v2\/types\/post"}],"author":[{"embeddable":true,"href":"https:\/\/www.intoscana.it\/it\/wp-json\/wp\/v2\/users\/525"}],"replies":[{"embeddable":true,"href":"https:\/\/www.intoscana.it\/it\/wp-json\/wp\/v2\/comments?post=197132"}],"version-history":[{"count":0,"href":"https:\/\/www.intoscana.it\/it\/wp-json\/wp\/v2\/posts\/197132\/revisions"}],"wp:featuredmedia":[{"embeddable":true,"href":"https:\/\/www.intoscana.it\/it\/wp-json\/wp\/v2\/media\/177430"}],"wp:attachment":[{"href":"https:\/\/www.intoscana.it\/it\/wp-json\/wp\/v2\/media?parent=197132"}],"wp:term":[{"taxonomy":"category","embeddable":true,"href":"https:\/\/www.intoscana.it\/it\/wp-json\/wp\/v2\/categories?post=197132"},{"taxonomy":"post_tag","embeddable":true,"href":"https:\/\/www.intoscana.it\/it\/wp-json\/wp\/v2\/tags?post=197132"}],"curies":[{"name":"wp","href":"https:\/\/api.w.org\/{rel}","templated":true}]}}