{"id":197766,"date":"2021-11-08T16:23:58","date_gmt":"2021-11-08T15:23:58","guid":{"rendered":"https:\/\/www.intoscana.it\/it\/?p=197766"},"modified":"2021-11-08T17:10:07","modified_gmt":"2021-11-08T16:10:07","slug":"la-toscana-punta-sulle-cooperative-di-comunita-e-sui-giovani-un-concorso-premia-la-creativita","status":"publish","type":"post","link":"https:\/\/www.intoscana.it\/it\/la-toscana-punta-sulle-cooperative-di-comunita-e-sui-giovani-un-concorso-premia-la-creativita\/","title":{"rendered":"La Toscana punta sulle cooperative di comunit\u00e0 (e sui giovani). Un concorso premia la creativit\u00e0"},"content":{"rendered":"<p><mark>Ormai stiamo imparando a conoscere le coopertaive di comunit\u00e0, che in Toscana sono tante<\/mark>. Una piccola grande rete in costante crescita. Cosa le distingue? L&#8217;<strong>amore per il proprio territorio<\/strong> e valori che nascono dall&#8217;<strong>identit\u00e0<\/strong> e dal concetto di <strong>prossimit\u00e0<\/strong>. Ebbene, l\u2019ultima idea \u00e8 quella di un totem per far ancor meglio conoscere le cooperative di comunit\u00e0 toscane e i loro prodotti e servizi. <mark>Un totem &#8220;ecosostenibile&#8221;, visto che di economia circolare e sostenibilit\u00e0 si parla: fatto di quello che i territori producono, in modo da identificarli<\/mark>. E dunque legno, ferro e lana ad esempio. Con i giovani chiamati a progettarlo.<\/p>\n<h3>Lo sviluppo sostenibile<\/h3>\n<p>A Palazzo Strozzi Sacrati a Firenze, sede della presidenza della Regione Toscana, si \u00e8 infatti tornati a parlare delle cooperative di comunit\u00e0, tra le esperienze pi\u00f9 originali e significative della passata legislatura, nate per creare nuove occasioni di sviluppo sostenibile in aree oggi marginali e periferiche e offrire anche nuovi servizi ai residenti, il tutto per combatterne lo spopolamento.<\/p>\n<p><em>&#8220;Quando ci riferiamo alle cooperativa di comunit\u00e0 dobbiamo pensare a vere e proprie imprese, sia pur piccole, che nascono s\u00ec dall\u2019impegno volontario e dal civismo ma che poi danno origine a occasioni di lavoro concrete&#8221;<\/em> sottolinea l\u2019assessore all\u2019economia della Toscana, <strong>Leonardo Marras<\/strong>. <mark><em>&#8220;<a href=\"https:\/\/coopdicomunita.toscana.it\/home\" target=\"_blank\" rel=\"noopener\">Ne sono state finanziate quarantaquattro<\/a>: costruire una rete \u00e8 stato il passo successivo e progetti come quello del totem hanno lo scopo di consolidare le esperienze avviate e creare ulteriori spazi, magari anche con nuove iniziative di mercato&#8221;<\/mark>.<\/em><\/p>\n<figure id=\"post-197768 media-197768\" class=\"align-center\"><img decoding=\"async\" class=\"aligncenter\" src=\"https:\/\/www.intoscana.it\/wp-content\/uploads\/La-presentazione-del-concorso-a-Palazzo-Strozzi-Sacrati.jpg\" alt=\"\" \/><\/figure>\n<div class=\"titleimg\" style=\"text-align: center;\">La presentazione del concorso a Palazzo Strozzi Sacrati<\/div>\n<p>Le cooperative di comunit\u00e0 toscane sono state finanziate dalla Regione, dal 2018, con poco meno di <strong>due milioni di euro<\/strong>, serviti appunto a far partire una quarantina di progetti di altrettante realt\u00e0: non associazioni, ma imprese che dovevano in futuro reggersi sulle proprie gambe. E a dicembre di un anno fa, nel 2020, sono arrivati altri <strong>800 mila euro<\/strong> di fondi europei Fesr-Fse per dieci progetti di rete. Per giocare ancora pi\u00f9 di squadra.<\/p>\n<h3>Il totem<\/h3>\n<p>Uno di questi \u00e8 il totem a cui ha pensato la cooperativa <a href=\"https:\/\/filoefibra.it\/\" target=\"_blank\" rel=\"noopener\">Filo&amp;Fibra<\/a> di San Casciano dei Bagni, in provincia di Siena, che <mark>servir\u00e0 a raccontare i prodotti, i territori e i servizi di tutte le altre cooperative di comunit\u00e0 che hanno aderito alla rete (quindici in tutto)<\/mark>. Far vivere i fili, riannodati, di piccole economie locali intessute sulla sostenibilit\u00e0 vuol dire infatti anche promuoverne le esperienze: creare insomma vetrine e investire sulla pubblicit\u00e0.<\/p>\n<p>Sar\u00e0 un <strong>totem fisico<\/strong>, alto quanto una persona o poco meno, &#8220;tradizionale&#8221; nella sua artigianalit\u00e0, moderno per la presenza di un <strong>touchscreeen multimediale<\/strong>. Ma in futuro \u00e8 prevista anche una versione tutta on-line.<\/p>\n<p><span class=\"citazione\">&#8220;Con la cooperativa di comunit\u00e0 le persone si sono messe insieme per creare qualcosa che potesse diventare produttivo&#8221;<\/span><\/p>\n<h3>Il concorso<\/h3>\n<p><mark>A progettarlo, ulteriore valore aggiunto, saranno inoltre i giovani. Il concorso che \u00e8 stato bandito (c\u2019\u00e8 tempo fino al <strong>10 gennaio 2022<\/strong> per farsi avanti) \u00e8 rivolto infatti agli studenti di quinta superiore di licei e istituti d\u2019arte e alla ragazze e ragazzi che frequentano l\u2019indirizzo design delle universit\u00e0 toscane<\/mark>, Isia ed Accademia di belle arti, pubbliche e private. Servir\u00e0 a sensibilizzarli su temi come il rispetto dell\u2019ambiente e l\u2019economia circolare.<\/p>\n<p><em>&#8220;Non si tratta di una scelta casuale&#8221;<\/em> spiega la presidente di Filo&amp;Fibra, <strong>Gloria Lucchesi<\/strong>. <em>&#8220;Abbiamo voluto far studiare il totem ai ragazzi perch\u00e9 entrino in connessione con queste cooperative e per dare loro un\u2019opportunit\u00e0 in pi\u00f9, come quella di conoscere artigiani di una volta. I cinque finalisti saranno anche ospiti per una settimana della cooperativa&#8221;.<\/em><\/p>\n<h3>Aiutare la comunit\u00e0<\/h3>\n<p><em>&#8220;Con la cooperativa di comunit\u00e0 per la prima volta le persone si sono messe insieme per creare qualcosa che potesse diventare produttivo&#8221;<\/em> evidenzia <strong>Agnese Carletti<\/strong>, giovane sindaca di San Casciano dei Bagni. Un risultato non di poco conto, con effetti gi\u00e0 misurabili.<em> &#8220;Da noi la cooperativa gestisce tra le altre cose tante piccole attivit\u00e0 prima affidate al volontariato e che oggi costituiscono invece un indotto lavorativo. Lavorare in rete, con altre cooperative, potr\u00e0 ulteriormente amplificare le ricadute&#8221;.<\/em><\/p>\n<figure id=\"post-197770 media-197770\" class=\"align-center\"><img decoding=\"async\" class=\"aligncenter\" src=\"https:\/\/www.intoscana.it\/wp-content\/uploads\/Cassetta-di-cottura-della-cooperativa-FiloFilo.jpeg\" alt=\"\" \/><\/figure>\n<div class=\"titleimg\" style=\"text-align: center;\">Cassetta di cottura della cooperativa Filo&amp;Fibra<\/div>\n<p><mark>Filo&amp;Fibra \u00e8 stata di aiuto anche durante l\u2019emergenza sanitaria, producendo mascherine quando non ce n\u2019erano ancora di disponibili a sufficienza<\/mark>. <em>&#8220;E se la pandemia un effetto positivo l\u2019ha avuto<\/em> \u2013 commenta ancora la sindaca \u2013 <em>\u00e8 stato quello di accendere i riflettori su territori, come i nostri, fatti di grandi spazi e distanziamento naturali. Una riscoperta di cui ha beneficiato l \u2018attivit\u00e0 turistica&#8221;.<\/em><\/p>\n<h3>La commissione<\/h3>\n<p><mark>Quella delle cooperative di comunit\u00e0 \u00e8 quini una scommessa che va avanti<\/mark>. La commissione che sceglier\u00e0 il miglior progetto (al vincitore andranno 2 mila euro) \u00e8 composta dal designer <strong>Angelo Minisci<\/strong>, dal caposegreteria dell\u2019assessorato all\u2019economia <strong>Vittorio Bugli<\/strong>, dal presidente della cooperativa di comunit\u00e0 AlterEco e presidente di Legambiente Lunigiana Sostenibile <strong>Matteo Tollini<\/strong>, dai designer <strong>Edoardo Malagigi<\/strong> e <strong>Sabrina Sguanci<\/strong>.<\/p>\n<p>Il progetto <strong>coinvolge le cooperative<\/strong> AlterEco di Casola in Lunigiana, di Castell\u2019Azzara in provincia di Grosseto, il Centro Compitese di Capannori a Lucca, CetonAccoglie, Levigliani a Stazzema nell\u2019alta Versilia, Montagna Cortonese Monte Ginezzo a Cortona in provincia di Arezzo, il Parco Vivo di Vivo D\u2019Orcia, Castiglione D\u2019orcia a Siena, San Giovanni delle Contee a Sorano nel grossetano, Sigeric Filattiera a Massa-Carrara, Vivi Petroio a Trequanda in provincia di Siena, Pro Contignano a Radicofani ancora a Siena, il Teatro Povero di Monticchiello a Pienza, Il borgo di Montelaterone ad Arcidosso in provincia di Grosseto, Valli di Ziri a Zeri a Massa Carrara.<\/p>\n<h3>Filo&amp;Fibra \u00e8 molto di pi\u00f9<\/h3>\n<p>Capofila \u00e8 la cooperativa Filo&amp;Fibra, che ha molte altre idee. <mark>Una di questa \u00e8 una linea comune di prodotti tessili con il logo delle cooperative ma personalizzabili, strumento anche questo di marketing e parimenti esempio di economia circolare<\/mark>. Un progetto che non poteva mancare in una <strong>cooperativa femminile<\/strong> come quella di San Casciano dei Bagni, costituita da persone di pi\u00f9 et\u00e0 accomunate tutte dalla passione per l\u2019arte del cucire e della lavorazione della lana (quella degli ovini della Val d\u2019Orcia): specializzata in servizi di sartoria artigianale, nel segno naturalmente della sostenibilit\u00e0 e dell\u2019economia circolare, in un borgo gi\u00e0 noto per le acqua calde ai tempi dei Romani, lungo la via Cassia e non distante dalla Francigena, tanto da essere un centro termale frequentato anche nel Medioevo.<\/p>\n","protected":false},"excerpt":{"rendered":"<p>Un totem &#8220;narrativo&#8221;, un concorso rivolto ai giovani delle scuole d&#8217;arte e tante idee di sviluppo per l\u2019economia locale, circolare e sostenibile. Un esempio? La cooperativa Filo&amp;Fibra di San Casciano dei Bagni<\/p>\n","protected":false},"author":525,"featured_media":197769,"comment_status":"open","ping_status":"open","sticky":false,"template":"","format":"standard","meta":{"_acf_changed":false,"footnotes":""},"categories":[475],"tags":[289,4877,5612],"class_list":["post-197766","post","type-post","status-publish","format-standard","has-post-thumbnail","hentry","category-innovazione","tag-cooperative-di-comunita","tag-economia-circolare","tag-ecosostenibilita"],"acf":[],"yoast_head":"<!-- This site is optimized with the Yoast SEO Premium plugin v24.2 (Yoast SEO v25.6) - https:\/\/yoast.com\/wordpress\/plugins\/seo\/ -->\n<title>La Toscana punta sulle cooperative di comunit\u00e0 (e sui giovani). Un concorso premia la creativit\u00e0 - intoscana<\/title>\n<meta name=\"description\" content=\"Un totem &quot;narrativo&quot;, un concorso rivolto ai giovani delle scuole d&#039;arte e tante idee di sviluppo per l\u2019economia locale, circolare e sostenibile. Un esempio? La cooperativa Filo&amp;Fibra di San Casciano dei Bagni\" \/>\n<meta name=\"robots\" content=\"index, follow, max-snippet:-1, max-image-preview:large, max-video-preview:-1\" \/>\n<link rel=\"canonical\" href=\"https:\/\/www.intoscana.it\/it\/la-toscana-punta-sulle-cooperative-di-comunita-e-sui-giovani-un-concorso-premia-la-creativita\/\" \/>\n<meta property=\"og:locale\" content=\"it_IT\" \/>\n<meta property=\"og:type\" content=\"article\" \/>\n<meta property=\"og:title\" content=\"La Toscana punta sulle cooperative di comunit\u00e0 (e sui giovani). Un concorso premia la creativit\u00e0\" \/>\n<meta property=\"og:description\" content=\"Un totem &quot;narrativo&quot;, un concorso rivolto ai giovani delle scuole d&#039;arte e tante idee di sviluppo per l\u2019economia locale, circolare e sostenibile. Un esempio? La cooperativa Filo&amp;Fibra di San Casciano dei Bagni\" \/>\n<meta property=\"og:url\" content=\"https:\/\/www.intoscana.it\/it\/la-toscana-punta-sulle-cooperative-di-comunita-e-sui-giovani-un-concorso-premia-la-creativita\/\" \/>\n<meta property=\"og:site_name\" content=\"intoscana\" \/>\n<meta property=\"article:publisher\" content=\"https:\/\/www.facebook.com\/intoscana.it\" \/>\n<meta property=\"article:published_time\" content=\"2021-11-08T15:23:58+00:00\" \/>\n<meta property=\"article:modified_time\" content=\"2021-11-08T16:10:07+00:00\" \/>\n<meta property=\"og:image\" content=\"https:\/\/www.intoscana.it\/wp-content\/uploads\/Un-locale-della-cooperativa-FiloFilo.jpg\" \/>\n\t<meta property=\"og:image:width\" content=\"1200\" \/>\n\t<meta property=\"og:image:height\" content=\"801\" \/>\n\t<meta property=\"og:image:type\" content=\"image\/jpeg\" \/>\n<meta name=\"author\" content=\"Redazione\" \/>\n<meta name=\"twitter:card\" content=\"summary_large_image\" \/>\n<meta name=\"twitter:creator\" content=\"@intoscana\" \/>\n<meta name=\"twitter:site\" content=\"@intoscana\" \/>\n<meta name=\"twitter:label1\" content=\"Written by\" \/>\n\t<meta name=\"twitter:data1\" content=\"Redazione\" \/>\n\t<meta name=\"twitter:label2\" content=\"Est. reading time\" \/>\n\t<meta name=\"twitter:data2\" content=\"5 minuti\" \/>\n<script type=\"application\/ld+json\" class=\"yoast-schema-graph\">{\"@context\":\"https:\/\/schema.org\",\"@graph\":[{\"@type\":\"WebPage\",\"@id\":\"https:\/\/www.intoscana.it\/it\/la-toscana-punta-sulle-cooperative-di-comunita-e-sui-giovani-un-concorso-premia-la-creativita\/\",\"url\":\"https:\/\/www.intoscana.it\/it\/la-toscana-punta-sulle-cooperative-di-comunita-e-sui-giovani-un-concorso-premia-la-creativita\/\",\"name\":\"La Toscana punta sulle cooperative di comunit\u00e0 (e sui giovani). Un concorso premia la creativit\u00e0 - intoscana\",\"isPartOf\":{\"@id\":\"https:\/\/www.intoscana.it\/it\/#website\"},\"primaryImageOfPage\":{\"@id\":\"https:\/\/www.intoscana.it\/it\/la-toscana-punta-sulle-cooperative-di-comunita-e-sui-giovani-un-concorso-premia-la-creativita\/#primaryimage\"},\"image\":{\"@id\":\"https:\/\/www.intoscana.it\/it\/la-toscana-punta-sulle-cooperative-di-comunita-e-sui-giovani-un-concorso-premia-la-creativita\/#primaryimage\"},\"thumbnailUrl\":\"https:\/\/www.intoscana.it\/wp-content\/uploads\/Un-locale-della-cooperativa-FiloFilo.jpg\",\"datePublished\":\"2021-11-08T15:23:58+00:00\",\"dateModified\":\"2021-11-08T16:10:07+00:00\",\"author\":{\"@id\":\"https:\/\/www.intoscana.it\/it\/#\/schema\/person\/9223810753230f20bd670fdd322661f8\"},\"description\":\"Un totem \\\"narrativo\\\", un concorso rivolto ai giovani delle scuole d'arte e tante idee di sviluppo per l\u2019economia locale, circolare e sostenibile. Un esempio? La cooperativa Filo&Fibra di San Casciano dei Bagni\",\"breadcrumb\":{\"@id\":\"https:\/\/www.intoscana.it\/it\/la-toscana-punta-sulle-cooperative-di-comunita-e-sui-giovani-un-concorso-premia-la-creativita\/#breadcrumb\"},\"inLanguage\":\"it-IT\",\"potentialAction\":[{\"@type\":\"ReadAction\",\"target\":[\"https:\/\/www.intoscana.it\/it\/la-toscana-punta-sulle-cooperative-di-comunita-e-sui-giovani-un-concorso-premia-la-creativita\/\"]}]},{\"@type\":\"ImageObject\",\"inLanguage\":\"it-IT\",\"@id\":\"https:\/\/www.intoscana.it\/it\/la-toscana-punta-sulle-cooperative-di-comunita-e-sui-giovani-un-concorso-premia-la-creativita\/#primaryimage\",\"url\":\"https:\/\/www.intoscana.it\/wp-content\/uploads\/Un-locale-della-cooperativa-FiloFilo.jpg\",\"contentUrl\":\"https:\/\/www.intoscana.it\/wp-content\/uploads\/Un-locale-della-cooperativa-FiloFilo.jpg\",\"width\":1200,\"height\":801,\"caption\":\"Un locale della cooperativa Filo&Fibra\"},{\"@type\":\"BreadcrumbList\",\"@id\":\"https:\/\/www.intoscana.it\/it\/la-toscana-punta-sulle-cooperative-di-comunita-e-sui-giovani-un-concorso-premia-la-creativita\/#breadcrumb\",\"itemListElement\":[{\"@type\":\"ListItem\",\"position\":1,\"name\":\"Home\",\"item\":\"https:\/\/www.intoscana.it\/it\/\"},{\"@type\":\"ListItem\",\"position\":2,\"name\":\"La Toscana punta sulle cooperative di comunit\u00e0 (e sui giovani). Un concorso premia la creativit\u00e0\"}]},{\"@type\":\"WebSite\",\"@id\":\"https:\/\/www.intoscana.it\/it\/#website\",\"url\":\"https:\/\/www.intoscana.it\/it\/\",\"name\":\"intoscana\",\"description\":\"\",\"potentialAction\":[{\"@type\":\"SearchAction\",\"target\":{\"@type\":\"EntryPoint\",\"urlTemplate\":\"https:\/\/www.intoscana.it\/it\/?s={search_term_string}\"},\"query-input\":{\"@type\":\"PropertyValueSpecification\",\"valueRequired\":true,\"valueName\":\"search_term_string\"}}],\"inLanguage\":\"it-IT\"},{\"@type\":\"Person\",\"@id\":\"https:\/\/www.intoscana.it\/it\/#\/schema\/person\/9223810753230f20bd670fdd322661f8\",\"name\":\"Redazione\",\"url\":\"https:\/\/www.intoscana.it\/it\/author\/redazione\/\"}]}<\/script>\n<!-- \/ Yoast SEO Premium plugin. -->","yoast_head_json":{"title":"La Toscana punta sulle cooperative di comunit\u00e0 (e sui giovani). Un concorso premia la creativit\u00e0 - intoscana","description":"Un totem \"narrativo\", un concorso rivolto ai giovani delle scuole d'arte e tante idee di sviluppo per l\u2019economia locale, circolare e sostenibile. Un esempio? La cooperativa Filo&Fibra di San Casciano dei Bagni","robots":{"index":"index","follow":"follow","max-snippet":"max-snippet:-1","max-image-preview":"max-image-preview:large","max-video-preview":"max-video-preview:-1"},"canonical":"https:\/\/www.intoscana.it\/it\/la-toscana-punta-sulle-cooperative-di-comunita-e-sui-giovani-un-concorso-premia-la-creativita\/","og_locale":"it_IT","og_type":"article","og_title":"La Toscana punta sulle cooperative di comunit\u00e0 (e sui giovani). Un concorso premia la creativit\u00e0","og_description":"Un totem \"narrativo\", un concorso rivolto ai giovani delle scuole d'arte e tante idee di sviluppo per l\u2019economia locale, circolare e sostenibile. Un esempio? La cooperativa Filo&Fibra di San Casciano dei Bagni","og_url":"https:\/\/www.intoscana.it\/it\/la-toscana-punta-sulle-cooperative-di-comunita-e-sui-giovani-un-concorso-premia-la-creativita\/","og_site_name":"intoscana","article_publisher":"https:\/\/www.facebook.com\/intoscana.it","article_published_time":"2021-11-08T15:23:58+00:00","article_modified_time":"2021-11-08T16:10:07+00:00","og_image":[{"width":1200,"height":801,"url":"https:\/\/www.intoscana.it\/wp-content\/uploads\/Un-locale-della-cooperativa-FiloFilo.jpg","type":"image\/jpeg"}],"author":"Redazione","twitter_card":"summary_large_image","twitter_creator":"@intoscana","twitter_site":"@intoscana","twitter_misc":{"Written by":"Redazione","Est. reading time":"5 minuti"},"schema":{"@context":"https:\/\/schema.org","@graph":[{"@type":"WebPage","@id":"https:\/\/www.intoscana.it\/it\/la-toscana-punta-sulle-cooperative-di-comunita-e-sui-giovani-un-concorso-premia-la-creativita\/","url":"https:\/\/www.intoscana.it\/it\/la-toscana-punta-sulle-cooperative-di-comunita-e-sui-giovani-un-concorso-premia-la-creativita\/","name":"La Toscana punta sulle cooperative di comunit\u00e0 (e sui giovani). Un concorso premia la creativit\u00e0 - intoscana","isPartOf":{"@id":"https:\/\/www.intoscana.it\/it\/#website"},"primaryImageOfPage":{"@id":"https:\/\/www.intoscana.it\/it\/la-toscana-punta-sulle-cooperative-di-comunita-e-sui-giovani-un-concorso-premia-la-creativita\/#primaryimage"},"image":{"@id":"https:\/\/www.intoscana.it\/it\/la-toscana-punta-sulle-cooperative-di-comunita-e-sui-giovani-un-concorso-premia-la-creativita\/#primaryimage"},"thumbnailUrl":"https:\/\/www.intoscana.it\/wp-content\/uploads\/Un-locale-della-cooperativa-FiloFilo.jpg","datePublished":"2021-11-08T15:23:58+00:00","dateModified":"2021-11-08T16:10:07+00:00","author":{"@id":"https:\/\/www.intoscana.it\/it\/#\/schema\/person\/9223810753230f20bd670fdd322661f8"},"description":"Un totem \"narrativo\", un concorso rivolto ai giovani delle scuole d'arte e tante idee di sviluppo per l\u2019economia locale, circolare e sostenibile. Un esempio? La cooperativa Filo&Fibra di San Casciano dei Bagni","breadcrumb":{"@id":"https:\/\/www.intoscana.it\/it\/la-toscana-punta-sulle-cooperative-di-comunita-e-sui-giovani-un-concorso-premia-la-creativita\/#breadcrumb"},"inLanguage":"it-IT","potentialAction":[{"@type":"ReadAction","target":["https:\/\/www.intoscana.it\/it\/la-toscana-punta-sulle-cooperative-di-comunita-e-sui-giovani-un-concorso-premia-la-creativita\/"]}]},{"@type":"ImageObject","inLanguage":"it-IT","@id":"https:\/\/www.intoscana.it\/it\/la-toscana-punta-sulle-cooperative-di-comunita-e-sui-giovani-un-concorso-premia-la-creativita\/#primaryimage","url":"https:\/\/www.intoscana.it\/wp-content\/uploads\/Un-locale-della-cooperativa-FiloFilo.jpg","contentUrl":"https:\/\/www.intoscana.it\/wp-content\/uploads\/Un-locale-della-cooperativa-FiloFilo.jpg","width":1200,"height":801,"caption":"Un locale della cooperativa Filo&Fibra"},{"@type":"BreadcrumbList","@id":"https:\/\/www.intoscana.it\/it\/la-toscana-punta-sulle-cooperative-di-comunita-e-sui-giovani-un-concorso-premia-la-creativita\/#breadcrumb","itemListElement":[{"@type":"ListItem","position":1,"name":"Home","item":"https:\/\/www.intoscana.it\/it\/"},{"@type":"ListItem","position":2,"name":"La Toscana punta sulle cooperative di comunit\u00e0 (e sui giovani). Un concorso premia la creativit\u00e0"}]},{"@type":"WebSite","@id":"https:\/\/www.intoscana.it\/it\/#website","url":"https:\/\/www.intoscana.it\/it\/","name":"intoscana","description":"","potentialAction":[{"@type":"SearchAction","target":{"@type":"EntryPoint","urlTemplate":"https:\/\/www.intoscana.it\/it\/?s={search_term_string}"},"query-input":{"@type":"PropertyValueSpecification","valueRequired":true,"valueName":"search_term_string"}}],"inLanguage":"it-IT"},{"@type":"Person","@id":"https:\/\/www.intoscana.it\/it\/#\/schema\/person\/9223810753230f20bd670fdd322661f8","name":"Redazione","url":"https:\/\/www.intoscana.it\/it\/author\/redazione\/"}]}},"_links":{"self":[{"href":"https:\/\/www.intoscana.it\/it\/wp-json\/wp\/v2\/posts\/197766","targetHints":{"allow":["GET"]}}],"collection":[{"href":"https:\/\/www.intoscana.it\/it\/wp-json\/wp\/v2\/posts"}],"about":[{"href":"https:\/\/www.intoscana.it\/it\/wp-json\/wp\/v2\/types\/post"}],"author":[{"embeddable":true,"href":"https:\/\/www.intoscana.it\/it\/wp-json\/wp\/v2\/users\/525"}],"replies":[{"embeddable":true,"href":"https:\/\/www.intoscana.it\/it\/wp-json\/wp\/v2\/comments?post=197766"}],"version-history":[{"count":0,"href":"https:\/\/www.intoscana.it\/it\/wp-json\/wp\/v2\/posts\/197766\/revisions"}],"wp:featuredmedia":[{"embeddable":true,"href":"https:\/\/www.intoscana.it\/it\/wp-json\/wp\/v2\/media\/197769"}],"wp:attachment":[{"href":"https:\/\/www.intoscana.it\/it\/wp-json\/wp\/v2\/media?parent=197766"}],"wp:term":[{"taxonomy":"category","embeddable":true,"href":"https:\/\/www.intoscana.it\/it\/wp-json\/wp\/v2\/categories?post=197766"},{"taxonomy":"post_tag","embeddable":true,"href":"https:\/\/www.intoscana.it\/it\/wp-json\/wp\/v2\/tags?post=197766"}],"curies":[{"name":"wp","href":"https:\/\/api.w.org\/{rel}","templated":true}]}}