{"id":197967,"date":"2021-11-09T12:22:33","date_gmt":"2021-11-09T11:22:33","guid":{"rendered":"https:\/\/www.intoscana.it\/it\/?p=197967"},"modified":"2021-11-10T15:17:48","modified_gmt":"2021-11-10T14:17:48","slug":"covid-234-nuovi-positivi-in-toscana-i-decessi-sono-tre","status":"publish","type":"post","link":"https:\/\/www.intoscana.it\/it\/covid-234-nuovi-positivi-in-toscana-i-decessi-sono-tre\/","title":{"rendered":"Covid, 234 nuovi positivi in Toscana. I decessi sono tre"},"content":{"rendered":"<p>In Toscana sono <strong>234 i nuovi positivi al Covid<\/strong> (225 confermati con tampone molecolare e 9 da test rapido antigenico); l&#8217;et\u00e0 media si aggira sui 42 anni. In totale sono 292.416 i casi di positivit\u00e0 al Coronavirus. I guariti raggiungono quota 278.462 (95,2% dei casi totali). Oggi sono stati eseguiti 6.521 tamponi molecolari e 28.898 tamponi antigenici rapidi, di questi lo 0,7% \u00e8 risultato positivo. Sono invece 7.513 i soggetti testati oggi (con tampone antigenico e\/o molecolare, escludendo i tamponi di controllo), di cui il 3,1% \u00e8 risultato positivo. Gli attualmente positivi sono oggi 6.643, +0,1% rispetto a ieri. I ricoverati sono 305 (stabili rispetto a ieri), di cui 28 in terapia intensiva (stabili). Registrati 3 nuovi decessi: un uomo e 2 donne con un&#8217;et\u00e0 media di 77,7 anni (2 a Firenze, 1 a Prato).<\/p>\n<p>Sono 81.075 i casi complessivi ad oggi a Firenze (67 in pi\u00f9 rispetto a ieri), 26.918 a Prato (23 in pi\u00f9), 27.756 a Pistoia (18 in pi\u00f9), 15.274 a Massa Carrara (9 in pi\u00f9), 29.708 a Lucca (11 in pi\u00f9), 34.289 a Pisa (35 in pi\u00f9), 21.691 a Livorno (10 in pi\u00f9), 26.293 ad Arezzo (23 in pi\u00f9), 17.217 a Siena (27 in pi\u00f9), 11.640 a Grosseto (11 in pi\u00f9). Sono 555 i casi positivi notificati in Toscana, ma residenti in altre regioni.<\/p>\n<p>Sono 115 i casi riscontrati oggi nell&#8217;Asl Centro, 58 nella Nord Ovest, 61 nella Sud est.<\/p>\n<h3>In isolamento e in sorveglianza attiva<\/h3>\n<p>Complessivamente, 6.338 persone sono in isolamento a casa, poich\u00e9 presentano sintomi lievi che non richiedono cure ospedaliere, o risultano prive di sintomi (4 in pi\u00f9 rispetto a ieri, pi\u00f9 0,1%).<br \/>\nSono 17.646 (118 in pi\u00f9 rispetto a ieri, pi\u00f9 0,7%) le persone, anch&#8217;esse isolate, in sorveglianza attiva perch\u00e9 hanno avuto contatti con persone contagiate (ASL Centro 5.257, Nord Ovest 7.546, Sud Est 4.843).<\/p>\n<h3>Guarigioni e decessi<\/h3>\n<p>Le persone complessivamente guarite sono 278.462 (227 in pi\u00f9 rispetto a ieri, pi\u00f9 0,1%): 0 persone clinicamente guarite (stabili rispetto a ieri), divenute cio\u00e8 asintomatiche dopo aver presentato manifestazioni cliniche associate all&#8217;infezione e 278.462 (227 in pi\u00f9 rispetto a ieri, pi\u00f9 0,1%) dichiarate guarite a tutti gli effetti, le cosiddette guarigioni virali, con tampone negativo.<\/p>\n<p>Sono 7.311 i deceduti dall&#8217;inizio dell&#8217;epidemia cosi ripartiti: 2.362 a Firenze, 648 a Prato, 673 a Pistoia, 540 a Massa Carrara, 695 a Lucca, 733 a Pisa, 427 a Livorno, 563 ad Arezzo, 361 a Siena, 214 a Grosseto, 95 persone sono decedute sul suolo toscano ma erano residenti fuori regione.<\/p>\n","protected":false},"excerpt":{"rendered":"<p>I pazienti ricoverati sono 305, di cui 28 in terapia intensiva: ad oggi i numeri si mantengono stabili negli ospedali<\/p>\n","protected":false},"author":525,"featured_media":176158,"comment_status":"open","ping_status":"open","sticky":false,"template":"","format":"standard","meta":{"_acf_changed":false,"footnotes":""},"categories":[494],"tags":[4868,5467],"class_list":["post-197967","post","type-post","status-publish","format-standard","has-post-thumbnail","hentry","category-attualita","tag-bollettino-covid-toscana","tag-vaccinazioni"],"acf":[],"yoast_head":"<!-- This site is optimized with the Yoast SEO Premium plugin v24.2 (Yoast SEO v25.6) - https:\/\/yoast.com\/wordpress\/plugins\/seo\/ -->\n<title>Covid, 234 nuovi positivi in Toscana. I decessi sono tre - intoscana<\/title>\n<meta name=\"description\" content=\"I pazienti ricoverati sono 305, di cui 28 in terapia intensiva: ad oggi i numeri si mantengono stabili negli ospedali\" \/>\n<meta name=\"robots\" content=\"index, follow, max-snippet:-1, max-image-preview:large, max-video-preview:-1\" \/>\n<link rel=\"canonical\" href=\"https:\/\/www.intoscana.it\/it\/covid-234-nuovi-positivi-in-toscana-i-decessi-sono-tre\/\" \/>\n<meta property=\"og:locale\" content=\"it_IT\" \/>\n<meta property=\"og:type\" content=\"article\" \/>\n<meta property=\"og:title\" content=\"Covid, 234 nuovi positivi in Toscana. I decessi sono tre\" \/>\n<meta property=\"og:description\" content=\"I pazienti ricoverati sono 305, di cui 28 in terapia intensiva: ad oggi i numeri si mantengono stabili negli ospedali\" \/>\n<meta property=\"og:url\" content=\"https:\/\/www.intoscana.it\/it\/covid-234-nuovi-positivi-in-toscana-i-decessi-sono-tre\/\" \/>\n<meta property=\"og:site_name\" content=\"intoscana\" \/>\n<meta property=\"article:publisher\" content=\"https:\/\/www.facebook.com\/intoscana.it\" \/>\n<meta property=\"article:published_time\" content=\"2021-11-09T11:22:33+00:00\" \/>\n<meta property=\"article:modified_time\" content=\"2021-11-10T14:17:48+00:00\" \/>\n<meta property=\"og:image\" content=\"https:\/\/www.intoscana.it\/wp-content\/uploads\/Dati-bollettino-covid-7-maggio-e1636455512109.jpeg\" \/>\n\t<meta property=\"og:image:width\" content=\"870\" \/>\n\t<meta property=\"og:image:height\" content=\"534\" \/>\n\t<meta property=\"og:image:type\" content=\"image\/jpeg\" \/>\n<meta name=\"author\" content=\"Redazione\" \/>\n<meta name=\"twitter:card\" content=\"summary_large_image\" \/>\n<meta name=\"twitter:creator\" content=\"@intoscana\" \/>\n<meta name=\"twitter:site\" content=\"@intoscana\" \/>\n<meta name=\"twitter:label1\" content=\"Written by\" \/>\n\t<meta name=\"twitter:data1\" content=\"Redazione\" \/>\n\t<meta name=\"twitter:label2\" content=\"Est. reading time\" \/>\n\t<meta name=\"twitter:data2\" content=\"2 minuti\" \/>\n<script type=\"application\/ld+json\" class=\"yoast-schema-graph\">{\"@context\":\"https:\/\/schema.org\",\"@graph\":[{\"@type\":\"WebPage\",\"@id\":\"https:\/\/www.intoscana.it\/it\/covid-234-nuovi-positivi-in-toscana-i-decessi-sono-tre\/\",\"url\":\"https:\/\/www.intoscana.it\/it\/covid-234-nuovi-positivi-in-toscana-i-decessi-sono-tre\/\",\"name\":\"Covid, 234 nuovi positivi in Toscana. I decessi sono tre - intoscana\",\"isPartOf\":{\"@id\":\"https:\/\/www.intoscana.it\/it\/#website\"},\"primaryImageOfPage\":{\"@id\":\"https:\/\/www.intoscana.it\/it\/covid-234-nuovi-positivi-in-toscana-i-decessi-sono-tre\/#primaryimage\"},\"image\":{\"@id\":\"https:\/\/www.intoscana.it\/it\/covid-234-nuovi-positivi-in-toscana-i-decessi-sono-tre\/#primaryimage\"},\"thumbnailUrl\":\"https:\/\/www.intoscana.it\/wp-content\/uploads\/Dati-bollettino-covid-7-maggio-e1636455512109.jpeg\",\"datePublished\":\"2021-11-09T11:22:33+00:00\",\"dateModified\":\"2021-11-10T14:17:48+00:00\",\"author\":{\"@id\":\"https:\/\/www.intoscana.it\/it\/#\/schema\/person\/9223810753230f20bd670fdd322661f8\"},\"description\":\"I pazienti ricoverati sono 305, di cui 28 in terapia intensiva: ad oggi i numeri si mantengono stabili negli ospedali\",\"breadcrumb\":{\"@id\":\"https:\/\/www.intoscana.it\/it\/covid-234-nuovi-positivi-in-toscana-i-decessi-sono-tre\/#breadcrumb\"},\"inLanguage\":\"it-IT\",\"potentialAction\":[{\"@type\":\"ReadAction\",\"target\":[\"https:\/\/www.intoscana.it\/it\/covid-234-nuovi-positivi-in-toscana-i-decessi-sono-tre\/\"]}]},{\"@type\":\"ImageObject\",\"inLanguage\":\"it-IT\",\"@id\":\"https:\/\/www.intoscana.it\/it\/covid-234-nuovi-positivi-in-toscana-i-decessi-sono-tre\/#primaryimage\",\"url\":\"https:\/\/www.intoscana.it\/wp-content\/uploads\/Dati-bollettino-covid-7-maggio-e1636455512109.jpeg\",\"contentUrl\":\"https:\/\/www.intoscana.it\/wp-content\/uploads\/Dati-bollettino-covid-7-maggio-e1636455512109.jpeg\",\"width\":870,\"height\":534,\"caption\":\"Covid-19\"},{\"@type\":\"BreadcrumbList\",\"@id\":\"https:\/\/www.intoscana.it\/it\/covid-234-nuovi-positivi-in-toscana-i-decessi-sono-tre\/#breadcrumb\",\"itemListElement\":[{\"@type\":\"ListItem\",\"position\":1,\"name\":\"Home\",\"item\":\"https:\/\/www.intoscana.it\/it\/\"},{\"@type\":\"ListItem\",\"position\":2,\"name\":\"Covid, 234 nuovi positivi in Toscana. I decessi sono tre\"}]},{\"@type\":\"WebSite\",\"@id\":\"https:\/\/www.intoscana.it\/it\/#website\",\"url\":\"https:\/\/www.intoscana.it\/it\/\",\"name\":\"intoscana\",\"description\":\"\",\"potentialAction\":[{\"@type\":\"SearchAction\",\"target\":{\"@type\":\"EntryPoint\",\"urlTemplate\":\"https:\/\/www.intoscana.it\/it\/?s={search_term_string}\"},\"query-input\":{\"@type\":\"PropertyValueSpecification\",\"valueRequired\":true,\"valueName\":\"search_term_string\"}}],\"inLanguage\":\"it-IT\"},{\"@type\":\"Person\",\"@id\":\"https:\/\/www.intoscana.it\/it\/#\/schema\/person\/9223810753230f20bd670fdd322661f8\",\"name\":\"Redazione\",\"url\":\"https:\/\/www.intoscana.it\/it\/author\/redazione\/\"}]}<\/script>\n<!-- \/ Yoast SEO Premium plugin. -->","yoast_head_json":{"title":"Covid, 234 nuovi positivi in Toscana. I decessi sono tre - intoscana","description":"I pazienti ricoverati sono 305, di cui 28 in terapia intensiva: ad oggi i numeri si mantengono stabili negli ospedali","robots":{"index":"index","follow":"follow","max-snippet":"max-snippet:-1","max-image-preview":"max-image-preview:large","max-video-preview":"max-video-preview:-1"},"canonical":"https:\/\/www.intoscana.it\/it\/covid-234-nuovi-positivi-in-toscana-i-decessi-sono-tre\/","og_locale":"it_IT","og_type":"article","og_title":"Covid, 234 nuovi positivi in Toscana. I decessi sono tre","og_description":"I pazienti ricoverati sono 305, di cui 28 in terapia intensiva: ad oggi i numeri si mantengono stabili negli ospedali","og_url":"https:\/\/www.intoscana.it\/it\/covid-234-nuovi-positivi-in-toscana-i-decessi-sono-tre\/","og_site_name":"intoscana","article_publisher":"https:\/\/www.facebook.com\/intoscana.it","article_published_time":"2021-11-09T11:22:33+00:00","article_modified_time":"2021-11-10T14:17:48+00:00","og_image":[{"width":870,"height":534,"url":"https:\/\/www.intoscana.it\/wp-content\/uploads\/Dati-bollettino-covid-7-maggio-e1636455512109.jpeg","type":"image\/jpeg"}],"author":"Redazione","twitter_card":"summary_large_image","twitter_creator":"@intoscana","twitter_site":"@intoscana","twitter_misc":{"Written by":"Redazione","Est. reading time":"2 minuti"},"schema":{"@context":"https:\/\/schema.org","@graph":[{"@type":"WebPage","@id":"https:\/\/www.intoscana.it\/it\/covid-234-nuovi-positivi-in-toscana-i-decessi-sono-tre\/","url":"https:\/\/www.intoscana.it\/it\/covid-234-nuovi-positivi-in-toscana-i-decessi-sono-tre\/","name":"Covid, 234 nuovi positivi in Toscana. I decessi sono tre - intoscana","isPartOf":{"@id":"https:\/\/www.intoscana.it\/it\/#website"},"primaryImageOfPage":{"@id":"https:\/\/www.intoscana.it\/it\/covid-234-nuovi-positivi-in-toscana-i-decessi-sono-tre\/#primaryimage"},"image":{"@id":"https:\/\/www.intoscana.it\/it\/covid-234-nuovi-positivi-in-toscana-i-decessi-sono-tre\/#primaryimage"},"thumbnailUrl":"https:\/\/www.intoscana.it\/wp-content\/uploads\/Dati-bollettino-covid-7-maggio-e1636455512109.jpeg","datePublished":"2021-11-09T11:22:33+00:00","dateModified":"2021-11-10T14:17:48+00:00","author":{"@id":"https:\/\/www.intoscana.it\/it\/#\/schema\/person\/9223810753230f20bd670fdd322661f8"},"description":"I pazienti ricoverati sono 305, di cui 28 in terapia intensiva: ad oggi i numeri si mantengono stabili negli ospedali","breadcrumb":{"@id":"https:\/\/www.intoscana.it\/it\/covid-234-nuovi-positivi-in-toscana-i-decessi-sono-tre\/#breadcrumb"},"inLanguage":"it-IT","potentialAction":[{"@type":"ReadAction","target":["https:\/\/www.intoscana.it\/it\/covid-234-nuovi-positivi-in-toscana-i-decessi-sono-tre\/"]}]},{"@type":"ImageObject","inLanguage":"it-IT","@id":"https:\/\/www.intoscana.it\/it\/covid-234-nuovi-positivi-in-toscana-i-decessi-sono-tre\/#primaryimage","url":"https:\/\/www.intoscana.it\/wp-content\/uploads\/Dati-bollettino-covid-7-maggio-e1636455512109.jpeg","contentUrl":"https:\/\/www.intoscana.it\/wp-content\/uploads\/Dati-bollettino-covid-7-maggio-e1636455512109.jpeg","width":870,"height":534,"caption":"Covid-19"},{"@type":"BreadcrumbList","@id":"https:\/\/www.intoscana.it\/it\/covid-234-nuovi-positivi-in-toscana-i-decessi-sono-tre\/#breadcrumb","itemListElement":[{"@type":"ListItem","position":1,"name":"Home","item":"https:\/\/www.intoscana.it\/it\/"},{"@type":"ListItem","position":2,"name":"Covid, 234 nuovi positivi in Toscana. I decessi sono tre"}]},{"@type":"WebSite","@id":"https:\/\/www.intoscana.it\/it\/#website","url":"https:\/\/www.intoscana.it\/it\/","name":"intoscana","description":"","potentialAction":[{"@type":"SearchAction","target":{"@type":"EntryPoint","urlTemplate":"https:\/\/www.intoscana.it\/it\/?s={search_term_string}"},"query-input":{"@type":"PropertyValueSpecification","valueRequired":true,"valueName":"search_term_string"}}],"inLanguage":"it-IT"},{"@type":"Person","@id":"https:\/\/www.intoscana.it\/it\/#\/schema\/person\/9223810753230f20bd670fdd322661f8","name":"Redazione","url":"https:\/\/www.intoscana.it\/it\/author\/redazione\/"}]}},"_links":{"self":[{"href":"https:\/\/www.intoscana.it\/it\/wp-json\/wp\/v2\/posts\/197967","targetHints":{"allow":["GET"]}}],"collection":[{"href":"https:\/\/www.intoscana.it\/it\/wp-json\/wp\/v2\/posts"}],"about":[{"href":"https:\/\/www.intoscana.it\/it\/wp-json\/wp\/v2\/types\/post"}],"author":[{"embeddable":true,"href":"https:\/\/www.intoscana.it\/it\/wp-json\/wp\/v2\/users\/525"}],"replies":[{"embeddable":true,"href":"https:\/\/www.intoscana.it\/it\/wp-json\/wp\/v2\/comments?post=197967"}],"version-history":[{"count":0,"href":"https:\/\/www.intoscana.it\/it\/wp-json\/wp\/v2\/posts\/197967\/revisions"}],"wp:featuredmedia":[{"embeddable":true,"href":"https:\/\/www.intoscana.it\/it\/wp-json\/wp\/v2\/media\/176158"}],"wp:attachment":[{"href":"https:\/\/www.intoscana.it\/it\/wp-json\/wp\/v2\/media?parent=197967"}],"wp:term":[{"taxonomy":"category","embeddable":true,"href":"https:\/\/www.intoscana.it\/it\/wp-json\/wp\/v2\/categories?post=197967"},{"taxonomy":"post_tag","embeddable":true,"href":"https:\/\/www.intoscana.it\/it\/wp-json\/wp\/v2\/tags?post=197967"}],"curies":[{"name":"wp","href":"https:\/\/api.w.org\/{rel}","templated":true}]}}