{"id":197981,"date":"2021-11-09T16:52:06","date_gmt":"2021-11-09T15:52:06","guid":{"rendered":"https:\/\/www.intoscana.it\/it\/?p=197981"},"modified":"2021-11-09T16:52:06","modified_gmt":"2021-11-09T15:52:06","slug":"in-arrivo-a-firenze-26-giovani-afghani-progetto-di-accoglienza-per-farli-studiare-alluniversita","status":"publish","type":"post","link":"https:\/\/www.intoscana.it\/it\/in-arrivo-a-firenze-26-giovani-afghani-progetto-di-accoglienza-per-farli-studiare-alluniversita\/","title":{"rendered":"In arrivo a Firenze 26 giovani afghani, progetto di accoglienza per farli studiare all&#8217;universit\u00e0"},"content":{"rendered":"<p>Le loro sorti avevano tenuto con il fiato sospeso docenti e compagni di corso. Oggi la notizia che <strong>26 giovani afghani<\/strong> potranno lasciare la loro patria e tornare a Firenze grazie ad altrettante <strong>borse di studio<\/strong> per proseguire il loro percorso universitario presso l\u2019Ateneo. <strong>Unifi<\/strong> ha realizzato, con il supporto del <strong>Ministero degli Affari esteri<\/strong>, un <strong>progetto di accoglienza speciale<\/strong> per assicurare il <strong>diritto allo studio<\/strong> ai suoi studenti afghani, iscritti a vari corsi (Geography, spatial management, heritage for international cooperation; Natural resources management for tropical rural development; Economics and development; Relazioni internazionali e studi europei; Informatica).<\/p>\n<p>L\u2019Ateneo ha finanziato le borse di studio con<strong> oltre 170mila euro<\/strong>, ma ha potuto contare su una grande <strong>rete di solidariet\u00e0 sul territorio<\/strong>, offrendo accoglienza, oltre agli studenti, anche a una quarantina di loro familiari. Partecipano a questa iniziativa <mark>la Fondazione Kennedy, la Fondazione La Pira, l\u2019Associazione Amici di San Martino, la Societ\u00e0 Campus X, oltre a sei privati<\/mark>.<\/p>\n<figure id=\"post-198049 media-198049\" class=\"align-none\"><img decoding=\"async\" src=\"https:\/\/www.intoscana.it\/wp-content\/uploads\/FONDTOSCANA1_2021110916335515_61709603e3e9d4ad49d75be2ffb3d613-scaled.jpg\" alt=\"\" \/><\/figure>\n<div class=\"titleimg\">Alcune studentesse universitarie afghane &#8211; \u00a9 EPA\/JALIL REZAYEE<\/div>\n<p>\u201c<em>Con la campagna <strong>UNIFI FAST (Unifi for Afghan Students)<\/strong> l\u2019Ateneo continua a mobilitarsi per quelle ragazze e quei ragazzi che avevano deciso di studiare nella nostra Universit\u00e0<\/em> &#8211; afferma <strong>Alessandra Petrucci<\/strong>, rettrice dell\u2019Universit\u00e0 di Firenze -. <em>In queste settimane l\u2019Ateneo ha lavorato per rendere possibile il loro \u00absogno\u00bb dando un contributo concreto alla drammatica situazione che sta vivendo un intero paese, al quale l\u2019Universit\u00e0 \u00e8 legata da oltre un decennio da molti progetti di cooperazione<\/em>\u201d.<\/p>\n<p>Per sostenere gli studenti l\u2019Universit\u00e0 di Firenze ha lanciato anche una <strong>raccolta fondi<\/strong> \u2013 tuttora in corso &#8211; finalizzata all&#8217;acquisto di <strong>strumenti utili allo studio<\/strong> e al <strong>potenziamento delle attivit\u00e0 di ricerca presso l&#8217;Ateneo<\/strong>. Alla raccolta <strong>Unifi Fast<\/strong> si partecipa attraverso la rete di PagoPa, indicando la causale &#8220;<em>Campagna UNIFI \u2013 FAST<\/em>&#8220;.<\/p>\n","protected":false},"excerpt":{"rendered":"<p>L&#8217;Ateneo ha finanziato il progetto con oltre 170mila euro,grande rete di solidariet\u00e0 sul territorio per l&#8217;accoglienza e il potenziamento delle attivit\u00e0 di ricerca<\/p>\n","protected":false},"author":525,"featured_media":198042,"comment_status":"open","ping_status":"open","sticky":false,"template":"","format":"standard","meta":{"_acf_changed":false,"footnotes":""},"categories":[494],"tags":[6142,356,353],"class_list":["post-197981","post","type-post","status-publish","format-standard","has-post-thumbnail","hentry","category-attualita","tag-afghanistan","tag-solidarieta","tag-universita-di-firenze"],"acf":[],"yoast_head":"<!-- This site is optimized with the Yoast SEO Premium plugin v24.2 (Yoast SEO v25.6) - https:\/\/yoast.com\/wordpress\/plugins\/seo\/ -->\n<title>In arrivo a Firenze 26 giovani afghani, progetto di accoglienza per farli studiare all&#039;universit\u00e0 - intoscana<\/title>\n<meta name=\"description\" content=\"L&#039;Ateneo ha finanziato il progetto con oltre 170mila euro,grande rete di solidariet\u00e0 sul territorio per l&#039;accoglienza e il potenziamento delle attivit\u00e0 di ricerca\" \/>\n<meta name=\"robots\" content=\"index, follow, max-snippet:-1, max-image-preview:large, max-video-preview:-1\" \/>\n<link rel=\"canonical\" href=\"https:\/\/www.intoscana.it\/it\/in-arrivo-a-firenze-26-giovani-afghani-progetto-di-accoglienza-per-farli-studiare-alluniversita\/\" \/>\n<meta property=\"og:locale\" content=\"it_IT\" \/>\n<meta property=\"og:type\" content=\"article\" \/>\n<meta property=\"og:title\" content=\"In arrivo a Firenze 26 giovani afghani, progetto di accoglienza per farli studiare all&#039;universit\u00e0\" \/>\n<meta property=\"og:description\" content=\"L&#039;Ateneo ha finanziato il progetto con oltre 170mila euro,grande rete di solidariet\u00e0 sul territorio per l&#039;accoglienza e il potenziamento delle attivit\u00e0 di ricerca\" \/>\n<meta property=\"og:url\" content=\"https:\/\/www.intoscana.it\/it\/in-arrivo-a-firenze-26-giovani-afghani-progetto-di-accoglienza-per-farli-studiare-alluniversita\/\" \/>\n<meta property=\"og:site_name\" content=\"intoscana\" \/>\n<meta property=\"article:publisher\" content=\"https:\/\/www.facebook.com\/intoscana.it\" \/>\n<meta property=\"article:published_time\" content=\"2021-11-09T15:52:06+00:00\" \/>\n<meta property=\"og:image\" content=\"https:\/\/www.intoscana.it\/wp-content\/uploads\/FONDTOSCANA1_20211109163207297_eaf3c80b2b6e988df4bee4923ef07743-scaled.jpg\" \/>\n\t<meta property=\"og:image:width\" content=\"2048\" \/>\n\t<meta property=\"og:image:height\" content=\"1365\" \/>\n\t<meta property=\"og:image:type\" content=\"image\/jpeg\" \/>\n<meta name=\"author\" content=\"Redazione\" \/>\n<meta name=\"twitter:card\" content=\"summary_large_image\" \/>\n<meta name=\"twitter:creator\" content=\"@intoscana\" \/>\n<meta name=\"twitter:site\" content=\"@intoscana\" \/>\n<meta name=\"twitter:label1\" content=\"Written by\" \/>\n\t<meta name=\"twitter:data1\" content=\"Redazione\" \/>\n\t<meta name=\"twitter:label2\" content=\"Est. reading time\" \/>\n\t<meta name=\"twitter:data2\" content=\"1 minuto\" \/>\n<script type=\"application\/ld+json\" class=\"yoast-schema-graph\">{\"@context\":\"https:\/\/schema.org\",\"@graph\":[{\"@type\":\"WebPage\",\"@id\":\"https:\/\/www.intoscana.it\/it\/in-arrivo-a-firenze-26-giovani-afghani-progetto-di-accoglienza-per-farli-studiare-alluniversita\/\",\"url\":\"https:\/\/www.intoscana.it\/it\/in-arrivo-a-firenze-26-giovani-afghani-progetto-di-accoglienza-per-farli-studiare-alluniversita\/\",\"name\":\"In arrivo a Firenze 26 giovani afghani, progetto di accoglienza per farli studiare all'universit\u00e0 - intoscana\",\"isPartOf\":{\"@id\":\"https:\/\/www.intoscana.it\/it\/#website\"},\"primaryImageOfPage\":{\"@id\":\"https:\/\/www.intoscana.it\/it\/in-arrivo-a-firenze-26-giovani-afghani-progetto-di-accoglienza-per-farli-studiare-alluniversita\/#primaryimage\"},\"image\":{\"@id\":\"https:\/\/www.intoscana.it\/it\/in-arrivo-a-firenze-26-giovani-afghani-progetto-di-accoglienza-per-farli-studiare-alluniversita\/#primaryimage\"},\"thumbnailUrl\":\"https:\/\/www.intoscana.it\/wp-content\/uploads\/FONDTOSCANA1_20211109163207297_eaf3c80b2b6e988df4bee4923ef07743-scaled.jpg\",\"datePublished\":\"2021-11-09T15:52:06+00:00\",\"author\":{\"@id\":\"https:\/\/www.intoscana.it\/it\/#\/schema\/person\/9223810753230f20bd670fdd322661f8\"},\"description\":\"L'Ateneo ha finanziato il progetto con oltre 170mila euro,grande rete di solidariet\u00e0 sul territorio per l'accoglienza e il potenziamento delle attivit\u00e0 di ricerca\",\"breadcrumb\":{\"@id\":\"https:\/\/www.intoscana.it\/it\/in-arrivo-a-firenze-26-giovani-afghani-progetto-di-accoglienza-per-farli-studiare-alluniversita\/#breadcrumb\"},\"inLanguage\":\"it-IT\",\"potentialAction\":[{\"@type\":\"ReadAction\",\"target\":[\"https:\/\/www.intoscana.it\/it\/in-arrivo-a-firenze-26-giovani-afghani-progetto-di-accoglienza-per-farli-studiare-alluniversita\/\"]}]},{\"@type\":\"ImageObject\",\"inLanguage\":\"it-IT\",\"@id\":\"https:\/\/www.intoscana.it\/it\/in-arrivo-a-firenze-26-giovani-afghani-progetto-di-accoglienza-per-farli-studiare-alluniversita\/#primaryimage\",\"url\":\"https:\/\/www.intoscana.it\/wp-content\/uploads\/FONDTOSCANA1_20211109163207297_eaf3c80b2b6e988df4bee4923ef07743-scaled.jpg\",\"contentUrl\":\"https:\/\/www.intoscana.it\/wp-content\/uploads\/FONDTOSCANA1_20211109163207297_eaf3c80b2b6e988df4bee4923ef07743-scaled.jpg\",\"width\":2048,\"height\":1365,\"caption\":\"Alcune studentesse universitarie afghane\"},{\"@type\":\"BreadcrumbList\",\"@id\":\"https:\/\/www.intoscana.it\/it\/in-arrivo-a-firenze-26-giovani-afghani-progetto-di-accoglienza-per-farli-studiare-alluniversita\/#breadcrumb\",\"itemListElement\":[{\"@type\":\"ListItem\",\"position\":1,\"name\":\"Home\",\"item\":\"https:\/\/www.intoscana.it\/it\/\"},{\"@type\":\"ListItem\",\"position\":2,\"name\":\"In arrivo a Firenze 26 giovani afghani, progetto di accoglienza per farli studiare all&#8217;universit\u00e0\"}]},{\"@type\":\"WebSite\",\"@id\":\"https:\/\/www.intoscana.it\/it\/#website\",\"url\":\"https:\/\/www.intoscana.it\/it\/\",\"name\":\"intoscana\",\"description\":\"\",\"potentialAction\":[{\"@type\":\"SearchAction\",\"target\":{\"@type\":\"EntryPoint\",\"urlTemplate\":\"https:\/\/www.intoscana.it\/it\/?s={search_term_string}\"},\"query-input\":{\"@type\":\"PropertyValueSpecification\",\"valueRequired\":true,\"valueName\":\"search_term_string\"}}],\"inLanguage\":\"it-IT\"},{\"@type\":\"Person\",\"@id\":\"https:\/\/www.intoscana.it\/it\/#\/schema\/person\/9223810753230f20bd670fdd322661f8\",\"name\":\"Redazione\",\"url\":\"https:\/\/www.intoscana.it\/it\/author\/redazione\/\"}]}<\/script>\n<!-- \/ Yoast SEO Premium plugin. -->","yoast_head_json":{"title":"In arrivo a Firenze 26 giovani afghani, progetto di accoglienza per farli studiare all'universit\u00e0 - intoscana","description":"L'Ateneo ha finanziato il progetto con oltre 170mila euro,grande rete di solidariet\u00e0 sul territorio per l'accoglienza e il potenziamento delle attivit\u00e0 di ricerca","robots":{"index":"index","follow":"follow","max-snippet":"max-snippet:-1","max-image-preview":"max-image-preview:large","max-video-preview":"max-video-preview:-1"},"canonical":"https:\/\/www.intoscana.it\/it\/in-arrivo-a-firenze-26-giovani-afghani-progetto-di-accoglienza-per-farli-studiare-alluniversita\/","og_locale":"it_IT","og_type":"article","og_title":"In arrivo a Firenze 26 giovani afghani, progetto di accoglienza per farli studiare all'universit\u00e0","og_description":"L'Ateneo ha finanziato il progetto con oltre 170mila euro,grande rete di solidariet\u00e0 sul territorio per l'accoglienza e il potenziamento delle attivit\u00e0 di ricerca","og_url":"https:\/\/www.intoscana.it\/it\/in-arrivo-a-firenze-26-giovani-afghani-progetto-di-accoglienza-per-farli-studiare-alluniversita\/","og_site_name":"intoscana","article_publisher":"https:\/\/www.facebook.com\/intoscana.it","article_published_time":"2021-11-09T15:52:06+00:00","og_image":[{"width":2048,"height":1365,"url":"https:\/\/www.intoscana.it\/wp-content\/uploads\/FONDTOSCANA1_20211109163207297_eaf3c80b2b6e988df4bee4923ef07743-scaled.jpg","type":"image\/jpeg"}],"author":"Redazione","twitter_card":"summary_large_image","twitter_creator":"@intoscana","twitter_site":"@intoscana","twitter_misc":{"Written by":"Redazione","Est. reading time":"1 minuto"},"schema":{"@context":"https:\/\/schema.org","@graph":[{"@type":"WebPage","@id":"https:\/\/www.intoscana.it\/it\/in-arrivo-a-firenze-26-giovani-afghani-progetto-di-accoglienza-per-farli-studiare-alluniversita\/","url":"https:\/\/www.intoscana.it\/it\/in-arrivo-a-firenze-26-giovani-afghani-progetto-di-accoglienza-per-farli-studiare-alluniversita\/","name":"In arrivo a Firenze 26 giovani afghani, progetto di accoglienza per farli studiare all'universit\u00e0 - intoscana","isPartOf":{"@id":"https:\/\/www.intoscana.it\/it\/#website"},"primaryImageOfPage":{"@id":"https:\/\/www.intoscana.it\/it\/in-arrivo-a-firenze-26-giovani-afghani-progetto-di-accoglienza-per-farli-studiare-alluniversita\/#primaryimage"},"image":{"@id":"https:\/\/www.intoscana.it\/it\/in-arrivo-a-firenze-26-giovani-afghani-progetto-di-accoglienza-per-farli-studiare-alluniversita\/#primaryimage"},"thumbnailUrl":"https:\/\/www.intoscana.it\/wp-content\/uploads\/FONDTOSCANA1_20211109163207297_eaf3c80b2b6e988df4bee4923ef07743-scaled.jpg","datePublished":"2021-11-09T15:52:06+00:00","author":{"@id":"https:\/\/www.intoscana.it\/it\/#\/schema\/person\/9223810753230f20bd670fdd322661f8"},"description":"L'Ateneo ha finanziato il progetto con oltre 170mila euro,grande rete di solidariet\u00e0 sul territorio per l'accoglienza e il potenziamento delle attivit\u00e0 di ricerca","breadcrumb":{"@id":"https:\/\/www.intoscana.it\/it\/in-arrivo-a-firenze-26-giovani-afghani-progetto-di-accoglienza-per-farli-studiare-alluniversita\/#breadcrumb"},"inLanguage":"it-IT","potentialAction":[{"@type":"ReadAction","target":["https:\/\/www.intoscana.it\/it\/in-arrivo-a-firenze-26-giovani-afghani-progetto-di-accoglienza-per-farli-studiare-alluniversita\/"]}]},{"@type":"ImageObject","inLanguage":"it-IT","@id":"https:\/\/www.intoscana.it\/it\/in-arrivo-a-firenze-26-giovani-afghani-progetto-di-accoglienza-per-farli-studiare-alluniversita\/#primaryimage","url":"https:\/\/www.intoscana.it\/wp-content\/uploads\/FONDTOSCANA1_20211109163207297_eaf3c80b2b6e988df4bee4923ef07743-scaled.jpg","contentUrl":"https:\/\/www.intoscana.it\/wp-content\/uploads\/FONDTOSCANA1_20211109163207297_eaf3c80b2b6e988df4bee4923ef07743-scaled.jpg","width":2048,"height":1365,"caption":"Alcune studentesse universitarie afghane"},{"@type":"BreadcrumbList","@id":"https:\/\/www.intoscana.it\/it\/in-arrivo-a-firenze-26-giovani-afghani-progetto-di-accoglienza-per-farli-studiare-alluniversita\/#breadcrumb","itemListElement":[{"@type":"ListItem","position":1,"name":"Home","item":"https:\/\/www.intoscana.it\/it\/"},{"@type":"ListItem","position":2,"name":"In arrivo a Firenze 26 giovani afghani, progetto di accoglienza per farli studiare all&#8217;universit\u00e0"}]},{"@type":"WebSite","@id":"https:\/\/www.intoscana.it\/it\/#website","url":"https:\/\/www.intoscana.it\/it\/","name":"intoscana","description":"","potentialAction":[{"@type":"SearchAction","target":{"@type":"EntryPoint","urlTemplate":"https:\/\/www.intoscana.it\/it\/?s={search_term_string}"},"query-input":{"@type":"PropertyValueSpecification","valueRequired":true,"valueName":"search_term_string"}}],"inLanguage":"it-IT"},{"@type":"Person","@id":"https:\/\/www.intoscana.it\/it\/#\/schema\/person\/9223810753230f20bd670fdd322661f8","name":"Redazione","url":"https:\/\/www.intoscana.it\/it\/author\/redazione\/"}]}},"_links":{"self":[{"href":"https:\/\/www.intoscana.it\/it\/wp-json\/wp\/v2\/posts\/197981","targetHints":{"allow":["GET"]}}],"collection":[{"href":"https:\/\/www.intoscana.it\/it\/wp-json\/wp\/v2\/posts"}],"about":[{"href":"https:\/\/www.intoscana.it\/it\/wp-json\/wp\/v2\/types\/post"}],"author":[{"embeddable":true,"href":"https:\/\/www.intoscana.it\/it\/wp-json\/wp\/v2\/users\/525"}],"replies":[{"embeddable":true,"href":"https:\/\/www.intoscana.it\/it\/wp-json\/wp\/v2\/comments?post=197981"}],"version-history":[{"count":0,"href":"https:\/\/www.intoscana.it\/it\/wp-json\/wp\/v2\/posts\/197981\/revisions"}],"wp:featuredmedia":[{"embeddable":true,"href":"https:\/\/www.intoscana.it\/it\/wp-json\/wp\/v2\/media\/198042"}],"wp:attachment":[{"href":"https:\/\/www.intoscana.it\/it\/wp-json\/wp\/v2\/media?parent=197981"}],"wp:term":[{"taxonomy":"category","embeddable":true,"href":"https:\/\/www.intoscana.it\/it\/wp-json\/wp\/v2\/categories?post=197981"},{"taxonomy":"post_tag","embeddable":true,"href":"https:\/\/www.intoscana.it\/it\/wp-json\/wp\/v2\/tags?post=197981"}],"curies":[{"name":"wp","href":"https:\/\/api.w.org\/{rel}","templated":true}]}}