{"id":198018,"date":"2021-11-09T16:38:19","date_gmt":"2021-11-09T15:38:19","guid":{"rendered":"https:\/\/www.intoscana.it\/it\/?p=198018"},"modified":"2021-11-09T16:39:46","modified_gmt":"2021-11-09T15:39:46","slug":"tartufo-bianco-a-san-giovanni-dasso-torna-la-mostra-mercato","status":"publish","type":"post","link":"https:\/\/www.intoscana.it\/it\/tartufo-bianco-a-san-giovanni-dasso-torna-la-mostra-mercato\/","title":{"rendered":"Tartufo bianco, a San Giovanni d&#8217;Asso torna la Mostra mercato"},"content":{"rendered":"<p>Era il lontano 1985 quando per la prima volta a <strong>San Giovanni d\u2019Asso<\/strong> prendeva vita quello che sarebbe diventato uno dei pi\u00f9 importanti appuntamenti dedicati al gusto: la <strong>Mostra mercato del tartufo bianco delle Crete Senesi<\/strong>.<\/p>\n<p>La rassegna, che quest\u2019anno festeggia <strong>trentacinque anni di attivit\u00e0<\/strong>, torna ad animare l\u2019autunno in Toscana per due weekend, <strong>il 13 e 14 e il 20 e 21 novembre<\/strong>.<\/p>\n<p>Alla conferenza stampa di presentazione, tenutasi nella sede del <a href=\"https:\/\/inconsiglio.it\/\" target=\"_blank\" rel=\"noopener\">Consiglio regionale della Toscana<\/a>, era presente<strong> Paolo Valdambrini<\/strong>, presidente dell&#8217;associazione dei tartufai senesi che riunisce oltre 300 iscritti. &#8220;<em>Quest&#8217;annata non sar\u00e0 sicuramente ricordata per la quantit\u00e0 di tartufo bianco<\/em> &#8211; ha spiegato &#8211; <em>perch\u00e9 l&#8217;assenza di pioggia penalizza la raccolta, ma ci possiamo consolare con la qualit\u00e0 che si preannuncia di ottimo livello anche se dobbiamo aspettare la met\u00e0 di novembre per sapere davvero com&#8217;\u00e8 andata. Anche per questi motivi i prezzi oscillano tra i 3.000 e i 4.500 euro al chilogrammo, in dipendenza della grandezza e dell&#8217;integrit\u00e0 del tartufo<\/em>&#8220;.<\/p>\n<figure id=\"post-198029 media-198029\" class=\"align-none\"><img decoding=\"async\" src=\"https:\/\/www.intoscana.it\/wp-content\/uploads\/mostra-tartufo-2020-7-1024x683-1.jpg\" alt=\"\" \/><\/figure>\n<div class=\"titleimg\">Tartufo bianco: a San Giovanni d\u2019Asso, la mostra mercato &#8211; \u00a9 www.tartufodisangiovannidasso.it<\/div>\n<h3>Le novit\u00e0 della XXXV edizione<\/h3>\n<p>L&#8217;iniziativa, che torna dopo la pausa dovuta all&#8217;emergenza Covid, propone lo &#8216;<strong>square food<\/strong>&#8216; con stand gastronomici delle eccellenze locali, la &#8216;<strong>Cerca del tartufo<\/strong>&#8216; insieme ai tartufai senesi e i loro cani e il &#8216;<a href=\"https:\/\/www.intoscana.it\/it\/articolo\/tartufo-bianco-siena-2019\/\" target=\"_blank\" rel=\"noopener\">treno natura<\/a>&#8216;, l&#8217;antico treno a vapore che, partendo da Grosseto e da Siena, porta al Castello di San Giovanni, alla scoperta di paesaggi inconsueti della campagna senese.<\/p>\n<p>Non mancheranno le visite alle aziende agricole, il tour al museo del tartufo, trekking tra boschi e campagne passando per il parco archeologico di Pava.<\/p>\n<h3>L&#8217;impegno dei tartufai<\/h3>\n<p style=\"font-weight: 400;\">\u201c<em>Sono davvero orgoglioso di poter ospitare qui in Consiglio regionale questo momento importante di ripartenza <span style=\"font-weight: 400;\">&#8211; <\/span><\/em><span style=\"font-weight: 400;\">ha commentato il presidente del Consiglio regionale, <strong>Antonio Mazzeo<\/strong> &#8211;<\/span><em>. Ringrazio il vicepresidente Stefano Scaramelli per aver voluto questo incontro, il Comune di Montalcino, l\u2019associazione dei tartufai per essere qui per far conoscere una delle eccellenze del nostro territorio. <\/em><mark><em>Il tartufo bianco delle Crete Senesi rappresenta quella qualit\u00e0, quell\u2019eccellenza, quella vocazione che ha la Toscana di essere terra di bellezza ed enogastronomia<\/em><\/mark><em>. Nell\u2019unire insieme la qualit\u00e0 del tartufo bianco, insieme ai nostri vini, insieme anche alla capacit\u00e0 di saper tutelare e valorizzare l\u2019ambiente. Perch\u00e9 va fatto un ringraziamento ai tanti tartufai che ogni giorno con impegno e dedizione mantengono vivo e in equilibrio il nostro ecosistema. Senza il loro impegno e la loro passione tutto questo non sarebbe possibile<\/em>\u201d.<\/p>\n<figure id=\"post-198031 media-198031\" class=\"align-none\"><img decoding=\"async\" src=\"https:\/\/www.intoscana.it\/wp-content\/uploads\/mostra-tartufo-2020-19-1024x683-1.jpg\" alt=\"\" \/><\/figure>\n<div class=\"titleimg\">Tartufo bianco: a San Giovanni d\u2019Asso, la mostra mercato &#8211; \u00a9 www.tartufodisangiovannidasso.it<\/div>\n<h3>Tartufo e prodotti tipici<\/h3>\n<p><a href=\"https:\/\/www.intoscana.it\/it\/articolo\/la-toscana-dei-tartufi-curiosita-luoghi-e-caratteristiche-delle-specie-piu-diffuse\/\" target=\"_blank\" rel=\"noopener\">Tartufo<\/a> e non solo. La mostra mercato sar\u00e0 anche l&#8217;occasione per conoscere il territorio e i suoi prodotti tipici come i pecorini a latte crudo, carni di Chianina e Cinta Senese, olio e vino.<\/p>\n<p>\u201c<em>Il tartufo bianco \u00e8 un prodotto di grande eccellenza<\/em> &#8211; ha dichiarato il vicepresidente dell\u2019Assemblea legislativa, <strong>Stefano Scaramelli<\/strong> -.<em> Noi abbiamo il dovere di promuovere una di quelle eccellenze del territorio, in una realt\u00e0 come Montalcino, che insieme a San Giovanni d\u2019Asso, oggi \u00e8 in grado di coniugare un\u2019offerta complessiva del proprio territorio e nello stesso tempo trova anche conferma il ruolo attivo dell\u2019Associazione dei tartufai. Con il bilancio regionale siamo stati in grado di aumentare le risorse a vantaggio delle associazioni che potranno goderne, sia loro che i loro Comuni, per incentivare quella che \u00e8 un\u2019attivit\u00e0 importante, la tartuficoltura che consente la produzione, l\u2019allevamento e la costruzione di un prodotto che se curato nel proprio territorio dimostra di continuare a esistere e a produrre eccellenze. Quindi <\/em><mark><em>il dovere del Consiglio regionale \u00e8 quello di promuovere un evento che rende San Giovanni d\u2019Asso il cuore della produzione, non soltanto a livello nazionale, ma anche internazionale<\/em><\/mark>\u201d.<\/p>\n","protected":false},"excerpt":{"rendered":"<p>La rassegna dedicata al &#8220;diamante bianco&#8221; delle Crete Senesi si tiene nei weekend del 13 e 14 e del 20 e 21 novembre. Il <span style=\"font-weight: 400;\">presidente del Consiglio regionale Antonio Mazzeo: &#8220;Felice di continuare a far conoscere questa eccellenza del nostro territorio&#8221;<\/span><\/p>\n","protected":false},"author":525,"featured_media":198032,"comment_status":"open","ping_status":"open","sticky":false,"template":"","format":"standard","meta":{"_acf_changed":false,"footnotes":""},"categories":[8],"tags":[4753,6267,395,410],"class_list":["post-198018","post","type-post","status-publish","format-standard","has-post-thumbnail","hentry","category-enogastronomia","tag-consiglio-regionale-della-toscana","tag-crete-senesi","tag-eventi-in-toscana","tag-tartufo"],"acf":[],"yoast_head":"<!-- This site is optimized with the Yoast SEO Premium plugin v24.2 (Yoast SEO v25.6) - https:\/\/yoast.com\/wordpress\/plugins\/seo\/ -->\n<title>Tartufo bianco, a San Giovanni d&#039;Asso torna la Mostra mercato - intoscana<\/title>\n<meta name=\"description\" content=\"Presentata la trentacinquesima edizione della Mostra mercato del tartufo bianco di San Giovanni d&#039;Asso: date e novit\u00e0 dell&#039;evento.\" \/>\n<meta name=\"robots\" content=\"index, follow, max-snippet:-1, max-image-preview:large, max-video-preview:-1\" \/>\n<link rel=\"canonical\" href=\"https:\/\/www.intoscana.it\/it\/tartufo-bianco-a-san-giovanni-dasso-torna-la-mostra-mercato\/\" \/>\n<meta property=\"og:locale\" content=\"it_IT\" \/>\n<meta property=\"og:type\" content=\"article\" \/>\n<meta property=\"og:title\" content=\"Tartufo bianco, a San Giovanni d&#039;Asso torna la Mostra mercato\" \/>\n<meta property=\"og:description\" content=\"Presentata la trentacinquesima edizione della Mostra mercato del tartufo bianco di San Giovanni d&#039;Asso: date e novit\u00e0 dell&#039;evento.\" \/>\n<meta property=\"og:url\" content=\"https:\/\/www.intoscana.it\/it\/tartufo-bianco-a-san-giovanni-dasso-torna-la-mostra-mercato\/\" \/>\n<meta property=\"og:site_name\" content=\"intoscana\" \/>\n<meta property=\"article:publisher\" content=\"https:\/\/www.facebook.com\/intoscana.it\" \/>\n<meta property=\"article:published_time\" content=\"2021-11-09T15:38:19+00:00\" \/>\n<meta property=\"article:modified_time\" content=\"2021-11-09T15:39:46+00:00\" \/>\n<meta property=\"og:image\" content=\"https:\/\/www.intoscana.it\/wp-content\/uploads\/mostra-tartufo-bianco-2019-seconda-settimana-3-1024x683-1.jpg\" \/>\n\t<meta property=\"og:image:width\" content=\"1024\" \/>\n\t<meta property=\"og:image:height\" content=\"683\" \/>\n\t<meta property=\"og:image:type\" content=\"image\/jpeg\" \/>\n<meta name=\"author\" content=\"Redazione\" \/>\n<meta name=\"twitter:card\" content=\"summary_large_image\" \/>\n<meta name=\"twitter:creator\" content=\"@intoscana\" \/>\n<meta name=\"twitter:site\" content=\"@intoscana\" \/>\n<meta name=\"twitter:label1\" content=\"Written by\" \/>\n\t<meta name=\"twitter:data1\" content=\"Redazione\" \/>\n\t<meta name=\"twitter:label2\" content=\"Est. reading time\" \/>\n\t<meta name=\"twitter:data2\" content=\"3 minuti\" \/>\n<script type=\"application\/ld+json\" class=\"yoast-schema-graph\">{\"@context\":\"https:\/\/schema.org\",\"@graph\":[{\"@type\":\"WebPage\",\"@id\":\"https:\/\/www.intoscana.it\/it\/tartufo-bianco-a-san-giovanni-dasso-torna-la-mostra-mercato\/\",\"url\":\"https:\/\/www.intoscana.it\/it\/tartufo-bianco-a-san-giovanni-dasso-torna-la-mostra-mercato\/\",\"name\":\"Tartufo bianco, a San Giovanni d'Asso torna la Mostra mercato - intoscana\",\"isPartOf\":{\"@id\":\"https:\/\/www.intoscana.it\/it\/#website\"},\"primaryImageOfPage\":{\"@id\":\"https:\/\/www.intoscana.it\/it\/tartufo-bianco-a-san-giovanni-dasso-torna-la-mostra-mercato\/#primaryimage\"},\"image\":{\"@id\":\"https:\/\/www.intoscana.it\/it\/tartufo-bianco-a-san-giovanni-dasso-torna-la-mostra-mercato\/#primaryimage\"},\"thumbnailUrl\":\"https:\/\/www.intoscana.it\/wp-content\/uploads\/mostra-tartufo-bianco-2019-seconda-settimana-3-1024x683-1.jpg\",\"datePublished\":\"2021-11-09T15:38:19+00:00\",\"dateModified\":\"2021-11-09T15:39:46+00:00\",\"author\":{\"@id\":\"https:\/\/www.intoscana.it\/it\/#\/schema\/person\/9223810753230f20bd670fdd322661f8\"},\"description\":\"Presentata la trentacinquesima edizione della Mostra mercato del tartufo bianco di San Giovanni d'Asso: date e novit\u00e0 dell'evento.\",\"breadcrumb\":{\"@id\":\"https:\/\/www.intoscana.it\/it\/tartufo-bianco-a-san-giovanni-dasso-torna-la-mostra-mercato\/#breadcrumb\"},\"inLanguage\":\"it-IT\",\"potentialAction\":[{\"@type\":\"ReadAction\",\"target\":[\"https:\/\/www.intoscana.it\/it\/tartufo-bianco-a-san-giovanni-dasso-torna-la-mostra-mercato\/\"]}]},{\"@type\":\"ImageObject\",\"inLanguage\":\"it-IT\",\"@id\":\"https:\/\/www.intoscana.it\/it\/tartufo-bianco-a-san-giovanni-dasso-torna-la-mostra-mercato\/#primaryimage\",\"url\":\"https:\/\/www.intoscana.it\/wp-content\/uploads\/mostra-tartufo-bianco-2019-seconda-settimana-3-1024x683-1.jpg\",\"contentUrl\":\"https:\/\/www.intoscana.it\/wp-content\/uploads\/mostra-tartufo-bianco-2019-seconda-settimana-3-1024x683-1.jpg\",\"width\":1024,\"height\":683,\"caption\":\"Tartufo bianco: a San Giovanni d\u2019Asso, la mostra mercato\"},{\"@type\":\"BreadcrumbList\",\"@id\":\"https:\/\/www.intoscana.it\/it\/tartufo-bianco-a-san-giovanni-dasso-torna-la-mostra-mercato\/#breadcrumb\",\"itemListElement\":[{\"@type\":\"ListItem\",\"position\":1,\"name\":\"Home\",\"item\":\"https:\/\/www.intoscana.it\/it\/\"},{\"@type\":\"ListItem\",\"position\":2,\"name\":\"Tartufo bianco, a San Giovanni d&#8217;Asso torna la Mostra mercato\"}]},{\"@type\":\"WebSite\",\"@id\":\"https:\/\/www.intoscana.it\/it\/#website\",\"url\":\"https:\/\/www.intoscana.it\/it\/\",\"name\":\"intoscana\",\"description\":\"\",\"potentialAction\":[{\"@type\":\"SearchAction\",\"target\":{\"@type\":\"EntryPoint\",\"urlTemplate\":\"https:\/\/www.intoscana.it\/it\/?s={search_term_string}\"},\"query-input\":{\"@type\":\"PropertyValueSpecification\",\"valueRequired\":true,\"valueName\":\"search_term_string\"}}],\"inLanguage\":\"it-IT\"},{\"@type\":\"Person\",\"@id\":\"https:\/\/www.intoscana.it\/it\/#\/schema\/person\/9223810753230f20bd670fdd322661f8\",\"name\":\"Redazione\",\"url\":\"https:\/\/www.intoscana.it\/it\/author\/redazione\/\"}]}<\/script>\n<!-- \/ Yoast SEO Premium plugin. -->","yoast_head_json":{"title":"Tartufo bianco, a San Giovanni d'Asso torna la Mostra mercato - intoscana","description":"Presentata la trentacinquesima edizione della Mostra mercato del tartufo bianco di San Giovanni d'Asso: date e novit\u00e0 dell'evento.","robots":{"index":"index","follow":"follow","max-snippet":"max-snippet:-1","max-image-preview":"max-image-preview:large","max-video-preview":"max-video-preview:-1"},"canonical":"https:\/\/www.intoscana.it\/it\/tartufo-bianco-a-san-giovanni-dasso-torna-la-mostra-mercato\/","og_locale":"it_IT","og_type":"article","og_title":"Tartufo bianco, a San Giovanni d'Asso torna la Mostra mercato","og_description":"Presentata la trentacinquesima edizione della Mostra mercato del tartufo bianco di San Giovanni d'Asso: date e novit\u00e0 dell'evento.","og_url":"https:\/\/www.intoscana.it\/it\/tartufo-bianco-a-san-giovanni-dasso-torna-la-mostra-mercato\/","og_site_name":"intoscana","article_publisher":"https:\/\/www.facebook.com\/intoscana.it","article_published_time":"2021-11-09T15:38:19+00:00","article_modified_time":"2021-11-09T15:39:46+00:00","og_image":[{"width":1024,"height":683,"url":"https:\/\/www.intoscana.it\/wp-content\/uploads\/mostra-tartufo-bianco-2019-seconda-settimana-3-1024x683-1.jpg","type":"image\/jpeg"}],"author":"Redazione","twitter_card":"summary_large_image","twitter_creator":"@intoscana","twitter_site":"@intoscana","twitter_misc":{"Written by":"Redazione","Est. reading time":"3 minuti"},"schema":{"@context":"https:\/\/schema.org","@graph":[{"@type":"WebPage","@id":"https:\/\/www.intoscana.it\/it\/tartufo-bianco-a-san-giovanni-dasso-torna-la-mostra-mercato\/","url":"https:\/\/www.intoscana.it\/it\/tartufo-bianco-a-san-giovanni-dasso-torna-la-mostra-mercato\/","name":"Tartufo bianco, a San Giovanni d'Asso torna la Mostra mercato - intoscana","isPartOf":{"@id":"https:\/\/www.intoscana.it\/it\/#website"},"primaryImageOfPage":{"@id":"https:\/\/www.intoscana.it\/it\/tartufo-bianco-a-san-giovanni-dasso-torna-la-mostra-mercato\/#primaryimage"},"image":{"@id":"https:\/\/www.intoscana.it\/it\/tartufo-bianco-a-san-giovanni-dasso-torna-la-mostra-mercato\/#primaryimage"},"thumbnailUrl":"https:\/\/www.intoscana.it\/wp-content\/uploads\/mostra-tartufo-bianco-2019-seconda-settimana-3-1024x683-1.jpg","datePublished":"2021-11-09T15:38:19+00:00","dateModified":"2021-11-09T15:39:46+00:00","author":{"@id":"https:\/\/www.intoscana.it\/it\/#\/schema\/person\/9223810753230f20bd670fdd322661f8"},"description":"Presentata la trentacinquesima edizione della Mostra mercato del tartufo bianco di San Giovanni d'Asso: date e novit\u00e0 dell'evento.","breadcrumb":{"@id":"https:\/\/www.intoscana.it\/it\/tartufo-bianco-a-san-giovanni-dasso-torna-la-mostra-mercato\/#breadcrumb"},"inLanguage":"it-IT","potentialAction":[{"@type":"ReadAction","target":["https:\/\/www.intoscana.it\/it\/tartufo-bianco-a-san-giovanni-dasso-torna-la-mostra-mercato\/"]}]},{"@type":"ImageObject","inLanguage":"it-IT","@id":"https:\/\/www.intoscana.it\/it\/tartufo-bianco-a-san-giovanni-dasso-torna-la-mostra-mercato\/#primaryimage","url":"https:\/\/www.intoscana.it\/wp-content\/uploads\/mostra-tartufo-bianco-2019-seconda-settimana-3-1024x683-1.jpg","contentUrl":"https:\/\/www.intoscana.it\/wp-content\/uploads\/mostra-tartufo-bianco-2019-seconda-settimana-3-1024x683-1.jpg","width":1024,"height":683,"caption":"Tartufo bianco: a San Giovanni d\u2019Asso, la mostra mercato"},{"@type":"BreadcrumbList","@id":"https:\/\/www.intoscana.it\/it\/tartufo-bianco-a-san-giovanni-dasso-torna-la-mostra-mercato\/#breadcrumb","itemListElement":[{"@type":"ListItem","position":1,"name":"Home","item":"https:\/\/www.intoscana.it\/it\/"},{"@type":"ListItem","position":2,"name":"Tartufo bianco, a San Giovanni d&#8217;Asso torna la Mostra mercato"}]},{"@type":"WebSite","@id":"https:\/\/www.intoscana.it\/it\/#website","url":"https:\/\/www.intoscana.it\/it\/","name":"intoscana","description":"","potentialAction":[{"@type":"SearchAction","target":{"@type":"EntryPoint","urlTemplate":"https:\/\/www.intoscana.it\/it\/?s={search_term_string}"},"query-input":{"@type":"PropertyValueSpecification","valueRequired":true,"valueName":"search_term_string"}}],"inLanguage":"it-IT"},{"@type":"Person","@id":"https:\/\/www.intoscana.it\/it\/#\/schema\/person\/9223810753230f20bd670fdd322661f8","name":"Redazione","url":"https:\/\/www.intoscana.it\/it\/author\/redazione\/"}]}},"_links":{"self":[{"href":"https:\/\/www.intoscana.it\/it\/wp-json\/wp\/v2\/posts\/198018","targetHints":{"allow":["GET"]}}],"collection":[{"href":"https:\/\/www.intoscana.it\/it\/wp-json\/wp\/v2\/posts"}],"about":[{"href":"https:\/\/www.intoscana.it\/it\/wp-json\/wp\/v2\/types\/post"}],"author":[{"embeddable":true,"href":"https:\/\/www.intoscana.it\/it\/wp-json\/wp\/v2\/users\/525"}],"replies":[{"embeddable":true,"href":"https:\/\/www.intoscana.it\/it\/wp-json\/wp\/v2\/comments?post=198018"}],"version-history":[{"count":0,"href":"https:\/\/www.intoscana.it\/it\/wp-json\/wp\/v2\/posts\/198018\/revisions"}],"wp:featuredmedia":[{"embeddable":true,"href":"https:\/\/www.intoscana.it\/it\/wp-json\/wp\/v2\/media\/198032"}],"wp:attachment":[{"href":"https:\/\/www.intoscana.it\/it\/wp-json\/wp\/v2\/media?parent=198018"}],"wp:term":[{"taxonomy":"category","embeddable":true,"href":"https:\/\/www.intoscana.it\/it\/wp-json\/wp\/v2\/categories?post=198018"},{"taxonomy":"post_tag","embeddable":true,"href":"https:\/\/www.intoscana.it\/it\/wp-json\/wp\/v2\/tags?post=198018"}],"curies":[{"name":"wp","href":"https:\/\/api.w.org\/{rel}","templated":true}]}}