{"id":198177,"date":"2021-11-10T15:09:21","date_gmt":"2021-11-10T14:09:21","guid":{"rendered":"https:\/\/www.intoscana.it\/it\/?p=198177"},"modified":"2021-11-11T12:09:16","modified_gmt":"2021-11-11T11:09:16","slug":"covid-418-nuovi-casi-calo-ricoveri","status":"publish","type":"post","link":"https:\/\/www.intoscana.it\/it\/covid-418-nuovi-casi-calo-ricoveri\/","title":{"rendered":"Covid, crescono i nuovi casi: +418, in calo invece i ricoveri"},"content":{"rendered":"<p><strong>Sono 418 in pi\u00f9 i casi di positivit\u00e0 al Coronavirus, rispetto a ieri: <\/strong>394 confermati con tampone molecolare e 24 da test rapido antigenico, c<strong>he portano a 292.834 i casi dall&#8217;inizio della pandemia in Toscana.<\/strong> <strong>I nuovi casi sono lo 0,1%<\/strong> in pi\u00f9 rispetto al totale del giorno precedente.<\/p>\n<h3>I nuovi casi<\/h3>\n<p><strong>Sono 8.952 i soggetti testati oggi<\/strong> (con tampone antigenico e\/o molecolare, escludendo i tamponi di controllo), <strong>di cui il 4,7% \u00e8 risultato positivo<\/strong>. Gli attualmente positivi sono oggi 6.811, +2,5% rispetto a ieri.<\/p>\n<p><strong>L&#8217;et\u00e0 media dei 418 nuovi positivi odierni \u00e8 di 42 anni circa (<\/strong>27% ha meno di 20 anni, 16% tra 20 e 39 anni, 27% tra 40 e 59 anni, 22% tra 60 e 79 anni, 8% ha 80 anni o pi\u00f9).<\/p>\n<p>Di seguito i casi di positivit\u00e0 sul territorio con la variazione rispetto a ieri (394 confermati con tampone molecolare e 24 da test rapido antigenico). Sono 81.178 i casi complessivi ad oggi a Firenze (103 in pi\u00f9 rispetto a ieri), 26.933 a Prato (15 in pi\u00f9), 27.782 a Pistoia (26 in pi\u00f9), 15.299 a Massa Carrara (25 in pi\u00f9), 29.775 a Lucca (67 in pi\u00f9), 34.355 a Pisa (66 in pi\u00f9), 21.709 a Livorno (18 in pi\u00f9), 26.339 ad Arezzo (46 in pi\u00f9), 17.243 a Siena (26 in pi\u00f9), 11.666 a Grosseto (26 in pi\u00f9). Sono 555 i casi positivi notificati in Toscana, ma residenti in altre regioni.<\/p>\n<p>Sono 147 i casi riscontrati oggi nell&#8217;Asl Centro, 173 nella Nord Ovest, 98 nella Sud est.<\/p>\n<p>La Toscana si trova al 10\u00b0 posto in Italia come numerosit\u00e0 di casi (comprensivi di residenti e non residenti), con circa 7.983 casi per 100.000 abitanti (media italiana circa 8.132 per 100.000, dato di ieri). Le province di notifica con il tasso pi\u00f9 alto sono Prato con 10.519 casi per 100.000 abitanti, Pistoia con 9.553, Pisa con 8.250, la pi\u00f9 bassa Grosseto con 5.338.<\/p>\n<h3>Isolamento, sorveglianza sanitaria, ricoveri<\/h3>\n<p><strong>Complessivamente, 6.518 persone sono in isolamento a casa<\/strong>, poich\u00e9 presentano sintomi lievi che non richiedono cure ospedaliere, o risultano prive di sintomi (180 in pi\u00f9 rispetto a ieri, pi\u00f9 2,8%).<\/p>\n<p>Sono 17.313 (333 in meno rispetto a ieri, meno 1,9%) le persone, anch&#8217;esse isolate, in sorveglianza attiva perch\u00e9 hanno avuto contatti con persone contagiate (Asl\u00a0Centro 5.442, Nord Ovest 7.208, Sud Est 4.663).<\/p>\n<p><strong>Le persone ricoverate sono complessivamente 293<\/strong> (<strong>12 in meno rispetto a ieri, meno 3,9%<\/strong>), 26 in terapia intensiva (<strong>2 in meno rispetto a ieri, meno 7,1%<\/strong>).<br \/>\nDecessi e guarigioni<\/p>\n<p><strong>Oggi si registrano 5 nuovi decessi:<\/strong> 4 uomini e una donna <strong>con un&#8217;et\u00e0 media di 76,6 anni<\/strong> (2 a Firenze, 1 a Pistoia, 1 a Pisa, 1 a Grosseto).Sono 7.316 i deceduti dall&#8217;inizio dell&#8217;epidemia cosi ripartiti: 2.364 a Firenze, 648 a Prato, 674 a Pistoia, 540 a Massa Carrara, 695 a Lucca, 734 a Pisa, 427 a Livorno, 563 ad Arezzo, 361 a Siena, 215 a Grosseto, 95 persone sono decedute sul suolo toscano ma erano residenti fuori regione.<\/p>\n<p>Il tasso grezzo di mortalit\u00e0 toscano (numero di deceduti\/popolazione residente) per Covid-19 \u00e8 di 199,4 per 100.000 residenti contro il 223,6 per\u00a0100.000 della media italiana (12\u00b0 regione). Per quanto riguarda le province, il tasso di mortalit\u00e0 pi\u00f9 alto si riscontra a Massa Carrara (284,4 per 100.000), Prato (253,1) e Firenze (239,8), il pi\u00f9 basso a Grosseto (98,4).<\/p>\n<p><strong>Le persone complessivamente guarite sono 278.707<\/strong> (245 in pi\u00f9 rispetto a ieri, pi\u00f9 0,1%): 0 persone clinicamente guarite (stabili rispetto a ieri), divenute cio\u00e8 asintomatiche dopo aver presentato manifestazioni cliniche associate all&#8217;infezione e 278.707 (245 in pi\u00f9 rispetto a ieri, pi\u00f9 0,1%) dichiarate guarite a tutti gli effetti, le cosiddette guarigioni virali, con tampone negativo.<\/p>\n","protected":false},"excerpt":{"rendered":"<p>L&#8217;et\u00e0 media dei 418 nuovi positivi odierni \u00e8 di 42 anni circa. Oggi si registrano 5 nuovi decessi<\/p>\n","protected":false},"author":525,"featured_media":99565,"comment_status":"open","ping_status":"open","sticky":false,"template":"","format":"standard","meta":{"_acf_changed":false,"footnotes":""},"categories":[494],"tags":[4809,349],"class_list":["post-198177","post","type-post","status-publish","format-standard","has-post-thumbnail","hentry","category-attualita","tag-covid","tag-sanita"],"acf":[],"yoast_head":"<!-- This site is optimized with the Yoast SEO Premium plugin v24.2 (Yoast SEO v25.6) - https:\/\/yoast.com\/wordpress\/plugins\/seo\/ -->\n<title>Covid, crescono i nuovi casi: +418, in calo invece i ricoveri - intoscana<\/title>\n<meta name=\"description\" content=\"L&#039;et\u00e0 media dei 418 nuovi positivi odierni \u00e8 di 42 anni circa. Oggi si registrano 5 nuovi decessi con un&#039;et\u00e0 media di 76,6 anni\" \/>\n<meta name=\"robots\" content=\"index, follow, max-snippet:-1, max-image-preview:large, max-video-preview:-1\" \/>\n<link rel=\"canonical\" href=\"https:\/\/www.intoscana.it\/it\/covid-418-nuovi-casi-calo-ricoveri\/\" \/>\n<meta property=\"og:locale\" content=\"it_IT\" \/>\n<meta property=\"og:type\" content=\"article\" \/>\n<meta property=\"og:title\" content=\"Covid, crescono i nuovi casi: +418, in calo invece i ricoveri\" \/>\n<meta property=\"og:description\" content=\"L&#039;et\u00e0 media dei 418 nuovi positivi odierni \u00e8 di 42 anni circa. Oggi si registrano 5 nuovi decessi con un&#039;et\u00e0 media di 76,6 anni\" \/>\n<meta property=\"og:url\" content=\"https:\/\/www.intoscana.it\/it\/covid-418-nuovi-casi-calo-ricoveri\/\" \/>\n<meta property=\"og:site_name\" content=\"intoscana\" \/>\n<meta property=\"article:publisher\" content=\"https:\/\/www.facebook.com\/intoscana.it\" \/>\n<meta property=\"article:published_time\" content=\"2021-11-10T14:09:21+00:00\" \/>\n<meta property=\"article:modified_time\" content=\"2021-11-11T11:09:16+00:00\" \/>\n<meta property=\"og:image\" content=\"https:\/\/www.intoscana.it\/wp-content\/uploads\/924f3cf023af734a947b9328433195f9-7.jpg\" \/>\n\t<meta property=\"og:image:width\" content=\"680\" \/>\n\t<meta property=\"og:image:height\" content=\"380\" \/>\n\t<meta property=\"og:image:type\" content=\"image\/jpeg\" \/>\n<meta name=\"author\" content=\"Redazione\" \/>\n<meta name=\"twitter:card\" content=\"summary_large_image\" \/>\n<meta name=\"twitter:creator\" content=\"@intoscana\" \/>\n<meta name=\"twitter:site\" content=\"@intoscana\" \/>\n<meta name=\"twitter:label1\" content=\"Written by\" \/>\n\t<meta name=\"twitter:data1\" content=\"Redazione\" \/>\n\t<meta name=\"twitter:label2\" content=\"Est. reading time\" \/>\n\t<meta name=\"twitter:data2\" content=\"2 minuti\" \/>\n<script type=\"application\/ld+json\" class=\"yoast-schema-graph\">{\"@context\":\"https:\/\/schema.org\",\"@graph\":[{\"@type\":\"WebPage\",\"@id\":\"https:\/\/www.intoscana.it\/it\/covid-418-nuovi-casi-calo-ricoveri\/\",\"url\":\"https:\/\/www.intoscana.it\/it\/covid-418-nuovi-casi-calo-ricoveri\/\",\"name\":\"Covid, crescono i nuovi casi: +418, in calo invece i ricoveri - intoscana\",\"isPartOf\":{\"@id\":\"https:\/\/www.intoscana.it\/it\/#website\"},\"primaryImageOfPage\":{\"@id\":\"https:\/\/www.intoscana.it\/it\/covid-418-nuovi-casi-calo-ricoveri\/#primaryimage\"},\"image\":{\"@id\":\"https:\/\/www.intoscana.it\/it\/covid-418-nuovi-casi-calo-ricoveri\/#primaryimage\"},\"thumbnailUrl\":\"https:\/\/www.intoscana.it\/wp-content\/uploads\/924f3cf023af734a947b9328433195f9-7.jpg\",\"datePublished\":\"2021-11-10T14:09:21+00:00\",\"dateModified\":\"2021-11-11T11:09:16+00:00\",\"author\":{\"@id\":\"https:\/\/www.intoscana.it\/it\/#\/schema\/person\/9223810753230f20bd670fdd322661f8\"},\"description\":\"L'et\u00e0 media dei 418 nuovi positivi odierni \u00e8 di 42 anni circa. Oggi si registrano 5 nuovi decessi con un'et\u00e0 media di 76,6 anni\",\"breadcrumb\":{\"@id\":\"https:\/\/www.intoscana.it\/it\/covid-418-nuovi-casi-calo-ricoveri\/#breadcrumb\"},\"inLanguage\":\"it-IT\",\"potentialAction\":[{\"@type\":\"ReadAction\",\"target\":[\"https:\/\/www.intoscana.it\/it\/covid-418-nuovi-casi-calo-ricoveri\/\"]}]},{\"@type\":\"ImageObject\",\"inLanguage\":\"it-IT\",\"@id\":\"https:\/\/www.intoscana.it\/it\/covid-418-nuovi-casi-calo-ricoveri\/#primaryimage\",\"url\":\"https:\/\/www.intoscana.it\/wp-content\/uploads\/924f3cf023af734a947b9328433195f9-7.jpg\",\"contentUrl\":\"https:\/\/www.intoscana.it\/wp-content\/uploads\/924f3cf023af734a947b9328433195f9-7.jpg\",\"width\":680,\"height\":380,\"caption\":\"corsie ospedali sanit\u00e0\"},{\"@type\":\"BreadcrumbList\",\"@id\":\"https:\/\/www.intoscana.it\/it\/covid-418-nuovi-casi-calo-ricoveri\/#breadcrumb\",\"itemListElement\":[{\"@type\":\"ListItem\",\"position\":1,\"name\":\"Home\",\"item\":\"https:\/\/www.intoscana.it\/it\/\"},{\"@type\":\"ListItem\",\"position\":2,\"name\":\"Covid, crescono i nuovi casi: +418, in calo invece i ricoveri\"}]},{\"@type\":\"WebSite\",\"@id\":\"https:\/\/www.intoscana.it\/it\/#website\",\"url\":\"https:\/\/www.intoscana.it\/it\/\",\"name\":\"intoscana\",\"description\":\"\",\"potentialAction\":[{\"@type\":\"SearchAction\",\"target\":{\"@type\":\"EntryPoint\",\"urlTemplate\":\"https:\/\/www.intoscana.it\/it\/?s={search_term_string}\"},\"query-input\":{\"@type\":\"PropertyValueSpecification\",\"valueRequired\":true,\"valueName\":\"search_term_string\"}}],\"inLanguage\":\"it-IT\"},{\"@type\":\"Person\",\"@id\":\"https:\/\/www.intoscana.it\/it\/#\/schema\/person\/9223810753230f20bd670fdd322661f8\",\"name\":\"Redazione\",\"url\":\"https:\/\/www.intoscana.it\/it\/author\/redazione\/\"}]}<\/script>\n<!-- \/ Yoast SEO Premium plugin. -->","yoast_head_json":{"title":"Covid, crescono i nuovi casi: +418, in calo invece i ricoveri - intoscana","description":"L'et\u00e0 media dei 418 nuovi positivi odierni \u00e8 di 42 anni circa. Oggi si registrano 5 nuovi decessi con un'et\u00e0 media di 76,6 anni","robots":{"index":"index","follow":"follow","max-snippet":"max-snippet:-1","max-image-preview":"max-image-preview:large","max-video-preview":"max-video-preview:-1"},"canonical":"https:\/\/www.intoscana.it\/it\/covid-418-nuovi-casi-calo-ricoveri\/","og_locale":"it_IT","og_type":"article","og_title":"Covid, crescono i nuovi casi: +418, in calo invece i ricoveri","og_description":"L'et\u00e0 media dei 418 nuovi positivi odierni \u00e8 di 42 anni circa. Oggi si registrano 5 nuovi decessi con un'et\u00e0 media di 76,6 anni","og_url":"https:\/\/www.intoscana.it\/it\/covid-418-nuovi-casi-calo-ricoveri\/","og_site_name":"intoscana","article_publisher":"https:\/\/www.facebook.com\/intoscana.it","article_published_time":"2021-11-10T14:09:21+00:00","article_modified_time":"2021-11-11T11:09:16+00:00","og_image":[{"width":680,"height":380,"url":"https:\/\/www.intoscana.it\/wp-content\/uploads\/924f3cf023af734a947b9328433195f9-7.jpg","type":"image\/jpeg"}],"author":"Redazione","twitter_card":"summary_large_image","twitter_creator":"@intoscana","twitter_site":"@intoscana","twitter_misc":{"Written by":"Redazione","Est. reading time":"2 minuti"},"schema":{"@context":"https:\/\/schema.org","@graph":[{"@type":"WebPage","@id":"https:\/\/www.intoscana.it\/it\/covid-418-nuovi-casi-calo-ricoveri\/","url":"https:\/\/www.intoscana.it\/it\/covid-418-nuovi-casi-calo-ricoveri\/","name":"Covid, crescono i nuovi casi: +418, in calo invece i ricoveri - intoscana","isPartOf":{"@id":"https:\/\/www.intoscana.it\/it\/#website"},"primaryImageOfPage":{"@id":"https:\/\/www.intoscana.it\/it\/covid-418-nuovi-casi-calo-ricoveri\/#primaryimage"},"image":{"@id":"https:\/\/www.intoscana.it\/it\/covid-418-nuovi-casi-calo-ricoveri\/#primaryimage"},"thumbnailUrl":"https:\/\/www.intoscana.it\/wp-content\/uploads\/924f3cf023af734a947b9328433195f9-7.jpg","datePublished":"2021-11-10T14:09:21+00:00","dateModified":"2021-11-11T11:09:16+00:00","author":{"@id":"https:\/\/www.intoscana.it\/it\/#\/schema\/person\/9223810753230f20bd670fdd322661f8"},"description":"L'et\u00e0 media dei 418 nuovi positivi odierni \u00e8 di 42 anni circa. Oggi si registrano 5 nuovi decessi con un'et\u00e0 media di 76,6 anni","breadcrumb":{"@id":"https:\/\/www.intoscana.it\/it\/covid-418-nuovi-casi-calo-ricoveri\/#breadcrumb"},"inLanguage":"it-IT","potentialAction":[{"@type":"ReadAction","target":["https:\/\/www.intoscana.it\/it\/covid-418-nuovi-casi-calo-ricoveri\/"]}]},{"@type":"ImageObject","inLanguage":"it-IT","@id":"https:\/\/www.intoscana.it\/it\/covid-418-nuovi-casi-calo-ricoveri\/#primaryimage","url":"https:\/\/www.intoscana.it\/wp-content\/uploads\/924f3cf023af734a947b9328433195f9-7.jpg","contentUrl":"https:\/\/www.intoscana.it\/wp-content\/uploads\/924f3cf023af734a947b9328433195f9-7.jpg","width":680,"height":380,"caption":"corsie ospedali sanit\u00e0"},{"@type":"BreadcrumbList","@id":"https:\/\/www.intoscana.it\/it\/covid-418-nuovi-casi-calo-ricoveri\/#breadcrumb","itemListElement":[{"@type":"ListItem","position":1,"name":"Home","item":"https:\/\/www.intoscana.it\/it\/"},{"@type":"ListItem","position":2,"name":"Covid, crescono i nuovi casi: +418, in calo invece i ricoveri"}]},{"@type":"WebSite","@id":"https:\/\/www.intoscana.it\/it\/#website","url":"https:\/\/www.intoscana.it\/it\/","name":"intoscana","description":"","potentialAction":[{"@type":"SearchAction","target":{"@type":"EntryPoint","urlTemplate":"https:\/\/www.intoscana.it\/it\/?s={search_term_string}"},"query-input":{"@type":"PropertyValueSpecification","valueRequired":true,"valueName":"search_term_string"}}],"inLanguage":"it-IT"},{"@type":"Person","@id":"https:\/\/www.intoscana.it\/it\/#\/schema\/person\/9223810753230f20bd670fdd322661f8","name":"Redazione","url":"https:\/\/www.intoscana.it\/it\/author\/redazione\/"}]}},"_links":{"self":[{"href":"https:\/\/www.intoscana.it\/it\/wp-json\/wp\/v2\/posts\/198177","targetHints":{"allow":["GET"]}}],"collection":[{"href":"https:\/\/www.intoscana.it\/it\/wp-json\/wp\/v2\/posts"}],"about":[{"href":"https:\/\/www.intoscana.it\/it\/wp-json\/wp\/v2\/types\/post"}],"author":[{"embeddable":true,"href":"https:\/\/www.intoscana.it\/it\/wp-json\/wp\/v2\/users\/525"}],"replies":[{"embeddable":true,"href":"https:\/\/www.intoscana.it\/it\/wp-json\/wp\/v2\/comments?post=198177"}],"version-history":[{"count":0,"href":"https:\/\/www.intoscana.it\/it\/wp-json\/wp\/v2\/posts\/198177\/revisions"}],"wp:featuredmedia":[{"embeddable":true,"href":"https:\/\/www.intoscana.it\/it\/wp-json\/wp\/v2\/media\/99565"}],"wp:attachment":[{"href":"https:\/\/www.intoscana.it\/it\/wp-json\/wp\/v2\/media?parent=198177"}],"wp:term":[{"taxonomy":"category","embeddable":true,"href":"https:\/\/www.intoscana.it\/it\/wp-json\/wp\/v2\/categories?post=198177"},{"taxonomy":"post_tag","embeddable":true,"href":"https:\/\/www.intoscana.it\/it\/wp-json\/wp\/v2\/tags?post=198177"}],"curies":[{"name":"wp","href":"https:\/\/api.w.org\/{rel}","templated":true}]}}