{"id":198380,"date":"2021-11-11T12:54:54","date_gmt":"2021-11-11T11:54:54","guid":{"rendered":"https:\/\/www.intoscana.it\/it\/?p=198380"},"modified":"2021-11-11T16:30:05","modified_gmt":"2021-11-11T15:30:05","slug":"a-figline-valdarno-autumnia-la-fiera-dedicata-ad-agricoltura-ambiente-e-alimentazione","status":"publish","type":"post","link":"https:\/\/www.intoscana.it\/it\/a-figline-valdarno-autumnia-la-fiera-dedicata-ad-agricoltura-ambiente-e-alimentazione\/","title":{"rendered":"A Figline Valdarno &#8220;Autumnia&#8221; la fiera dedicata ad agricoltura, ambiente e alimentazione"},"content":{"rendered":"<p>Dopo l\u2019anno di stop imposto dalla pandemia, torna <strong>Autumnia, la fiera dedicata ad agricoltura, ambiente e alimentazione,<\/strong> in programma nel centro storico di Figline Valdarno <strong>dal 12 al 14 novembre 2021<\/strong>. <em><strong>\u201cLa salute che viene dalla terra\u201d<\/strong><\/em> \u00e8 lo slogan scelto per questa 22a edizione.<\/p>\n<p>Tantissime le attivit\u00e0 in cartellone: lo spettacolo tra i fornelli dei <strong>cooking show<\/strong>, le buone pratiche della filiera corta, le<strong> antiche tradizioni artigiane<\/strong> e uno sguardo alle nuove opportunit\u00e0 della transizione ecologica. E ancora, il <strong>grande mercato dei prodotti agroalimentari del territorio<\/strong> e di terre pi\u00f9 lontane, la <strong>Fattoria degli animali<\/strong> e la novit\u00e0 assoluta della <strong>Piazza della Salute,<\/strong> dove si potranno effettuare visite mediche specialistiche gratuite per tutti.<\/p>\n<p>Una manifestazione ospitata con grande piacere dal <strong>presidente del Consiglio regionale<\/strong> <b>Antonio Mazzeo<\/b>: \u201c<em>\u00c8 bello ospitare questa iniziativa che torna, nei giorni dal 12 al 14 di novembre, dopo un anno di pandemia. <span class=\"il\">Autumnia<\/span> \u00e8 dedicata all\u2019ambiente, all\u2019agricoltura e all\u2019alimentazione. E si occuper\u00e0 di questi temi in una forma diversa, perch\u00e9 prover\u00e0 a tenere insieme la salute personale, quella collettiva e quella del pianeta. La pandemia ci ha insegnato con grande chiarezza qual \u00e8 la strada da seguire, noi dobbiamo investire di pi\u00f9 sulla salute, ma non solo su quella del singolo cittadino, ma anche sulla salute del nostro Mondo. E allora bene la scelta di lavorare sulla filiera corta, bene la scelta di lavorare nel rispetto dell\u2019ambiente e dell\u2019equilibrio dell\u2019ecosistema. \u00c8 questo il senso di questa iniziativa. Ringrazio la sindaca Giulia Mugnai e il collega Cristiano Benucci per aver voluto presentare questa Fiera in Consiglio regionale. Il messaggio che vogliamo mandare \u00e8 quello di una ripartenza nell\u2019ottica dell\u2019ambiente e della salute di ognuno di noi, e quindi chiedo a tutte le cittadine e tutti i cittadini della Toscana di andare a conoscere i nostri prodotti e la nostra terra ad <span class=\"il\">Autumnia<\/span>\u201d.<\/em><\/p>\n<h3>Lo spettacolo \u00e8 tra i fornelli: il programma dell\u2019area Cooking show<\/h3>\n<p>Un fitto programma sabato 13 novembre. Si parte alle 11 con l\u2019incontro <em><strong>\u201cLa nutrizione dopo la pandemia\u201d.<\/strong><\/em> A mezzogiorno la scena sar\u00e0 tutta per gli studenti dell\u2019Isis Giorgio Vasari di Figline, un doveroso tributo per i risultati di rilievo nazionale raggiunti di recente, fra i quali il primo posto assoluto al Campionato italiano per Istituti alberghieri organizzato dalla Federazione internazionale di pasticceria, gelateria e cioccolateria.<\/p>\n<p>Il programma prosegue poi alle 12.30 con la lezione su come <em><strong>\u201cCucinare senza sprechi: rigenerare gli avanzi\u201d<\/strong><\/em>. Gli studenti del Vasari tornano alle 13.30 con i loro attesissimi<em><strong> \u201cCioccolatini del Vasari\u201d,<\/strong><\/em> appuntamento ormai fisso ad <strong>Autumnia.<\/strong><\/p>\n<p>Nel pomeriggio, spazio alle ricette dello<strong> chef Paolo Daghini, celebre sul web per le sue video ricette<\/strong> e ospite fisso in tv, con un doppio appuntamento, alle 16.30 e alle 19. Un\u2019ex area industriale pu\u00f2 diventare un bosco, se sono in tanto a volerlo: alle 17 le Sezioni soci Coop del Valdarno Fiorentino, di Montevarchi e di San Giovanni Valdarno presentano il progetto <em><strong>\u201cAbbraccia un albero, dai vita a un bosco\u201d<\/strong> <\/em>di Unicoop Firenze, il crowdfunding che ha l\u2019obiettivo di piantare 3mila alberi e realizzare il primo bosco biosostenibile d&#8217;Italia a Montopoli in Val D\u2019Arno. Chiude la giornata, alle ore 20, l\u2019Associazione Cuochi Valdarno.<\/p>\n<p>Gli appuntamenti con i <strong>giovani talenti dell\u2019Isis Vasari<\/strong> non finiscono: saranno proprio loro ad aprire la giornata di domenica 14 novembre, alle ore 11, presentando le ultime novit\u00e0 uscite dalla cucina dell\u2019Istituto.<\/p>\n<p>Alle 14 protagonista <strong>Luca Menoni, lo chef-macellaio titolare dell\u2019omonima macelleria fiorentina<\/strong>, che torna poi sul banco da cucina dalle 17 e alle 18.30. Cucinare vuol dire anche divertirsi: alle 15.30 coppie di genitori e figli potranno sfidarsi tra i fornelli e preparare la pasta fatta in casa sotto la guida dello <strong>chef Vincenzo Semeraro.<\/strong><\/p>\n<figure id=\"post-198391 media-198391\" class=\"align-center\"><img decoding=\"async\" src=\"https:\/\/www.intoscana.it\/wp-content\/uploads\/6-1.jpeg\" alt=\"\" \/><\/figure>\n<h3><b>Le attivit\u00e0 per i bambini<\/b><\/h3>\n<p>I bambini potranno fare tantissime <strong>attivit\u00e0 educative<\/strong> a partire dalla <strong>Fattoria degli animali.<\/strong>\u00a0Sabato e domenica ai Giardini della Misericordia sar\u00e0 come avere un assaggio della vera vita di campagna, conoscendo da vicino <strong>caprette, asinelli, mucche, maiali, polli e tanti altri animali,<\/strong> con attivit\u00e0 pensate proprio per far avvicinare i pi\u00f9 piccoli a quelli che una volta, per molti dei nostri nonni, erano compagni della vita di tutti i giorni.<\/p>\n<p>Per chi ha nostalgia delle <strong>storie raccontate davanti al focolare,<\/strong> alla Biblioteca comunale Marsilio Ficino arrivano le <em><strong>\u201cNovelle d\u2019autunno\u201d:<\/strong><\/em> due appuntamenti \u2013 sabato e domenica alle ore 10 \u2013 con un laboratorio per bambini dai 3 ai 10 anni per riscoprire le storie della tradizione popolare toscana attraverso le letture animate curate dalle bibliotecarie.<\/p>\n<p>Ancora un tuffo nel passato con<strong> la Casa della civilt\u00e0 contadina di Gaville<\/strong> che, in piazza IV Novembre, nei tre giorni di Autumnia curer\u00e0 alcune <strong>dimostrazioni dal vivo degli antichi mestieri<\/strong> e una piccola mostra dedicata a<strong> bachi da seta, api e lumache<\/strong> e alla lavorazione dei prodotti che si ricavano dall\u2019allevamento di questi animali, un tempo molto diffusi anche nel nostro territorio.<\/p>\n<p>Non sarebbe <strong>Autumnia<\/strong> se non ci fossero di mezzo i fornelli. <strong>Guidati dallo chef Vincenzo Semeraro, coppie di genitori e figli potranno sfidarsi in cucina<\/strong> per vedere chi \u00e8 il pi\u00f9 bravo a preparare la pasta fatta in casa. L\u2019appuntamento \u00e8 per domenica 14 novembre alle 15.30 nell\u2019area cooking show, in piazza Ficino.<\/p>\n<p>Porte sempre aperte ai pi\u00f9 piccoli anche al Teatro comunale Garibaldi. Stavolta, pi\u00f9 aperte del solito: lo spettacolo <em><strong>\u201cL\u2019ombrello di No\u00e8\u201d<\/strong>,<\/em> a cura di Comune e Compagnia delle Seggiole, \u00e8 infatti un viaggio teatrale itinerante alla scoperta pregevole edificio figlinese, davanti e dietro le quinte. <strong>Uno spettacolo adatto a tutta la famiglia<\/strong> grazie al quale scoprire corridoi e camerini solitamente inaccessibili al pubblico. Tre turni in programma domenica 14 novembre, alle ore 16, 17 e 18. Prenotazione obbligatoria su <strong><a href=\"http:\/\/www.autumnia.it\/\" data-saferedirecturl=\"https:\/\/www.google.com\/url?q=http:\/\/www.autumnia.it&amp;source=gmail&amp;ust=1636716939628000&amp;usg=AOvVaw2WsZNMXEIDfAMz3Mdd7wiC\">www.autumnia.it<\/a>.<\/strong><\/p>\n<p><strong>Chi da piccolo non ha mai desiderato di diventare un pompiere?<\/strong> A <strong>Pompieropoli<\/strong> \u00e8 un sogno che si avvera, grazie ai laboratori per bambini curati dai Vigili del fuoco nell\u2019area di via XXIV Maggio. Poco distante, in piazza Baden Powell, i pi\u00f9 piccoli vanno alla scoperta della Protezione civile per imparare divertendosi come comportarsi davanti alle emergenze e ai rischi ambientali grazie ai laboratori curati da Gaib, Prociv Incisa e Croce Rossa di Incisa. Entrambe le aree resteranno sempre aperte nei tre giorni della rassegna.<\/p>\n<p><iframe loading=\"lazy\" title=\"YouTube video player\" src=\"https:\/\/www.youtube.com\/embed\/CHGw76LMwiA\" width=\"800\" height=\"500\" frameborder=\"0\" allowfullscreen=\"allowfullscreen\"><span data-mce-type=\"bookmark\" style=\"display: inline-block; width: 0px; overflow: hidden; line-height: 0;\" class=\"mce_SELRES_start\">\ufeff<\/span><\/iframe><\/p>\n","protected":false},"excerpt":{"rendered":"<p>Dal 12 al 14 novembre 2021 \u201cLa salute che viene dalla terra\u201d \u00e8 lo slogan scelto per questa 22a edizione<\/p>\n","protected":false},"author":525,"featured_media":198410,"comment_status":"open","ping_status":"open","sticky":false,"template":"","format":"standard","meta":{"_acf_changed":false,"footnotes":""},"categories":[8],"tags":[350,228],"class_list":["post-198380","post","type-post","status-publish","format-standard","has-post-thumbnail","hentry","category-enogastronomia","tag-bambini","tag-festival"],"acf":[],"yoast_head":"<!-- This site is optimized with the Yoast SEO Premium plugin v24.2 (Yoast SEO v25.6) - https:\/\/yoast.com\/wordpress\/plugins\/seo\/ -->\n<title>A Figline Valdarno &quot;Autumnia&quot; la fiera dedicata ad agricoltura, ambiente e alimentazione - intoscana<\/title>\n<meta name=\"description\" content=\"Dal 12 al 14 novembre 2021 \u201cLa salute che viene dalla terra\u201d \u00e8 lo slogan scelto per questa 22a edizione\" \/>\n<meta name=\"robots\" content=\"index, follow, max-snippet:-1, max-image-preview:large, max-video-preview:-1\" \/>\n<link rel=\"canonical\" href=\"https:\/\/www.intoscana.it\/it\/a-figline-valdarno-autumnia-la-fiera-dedicata-ad-agricoltura-ambiente-e-alimentazione\/\" \/>\n<meta property=\"og:locale\" content=\"it_IT\" \/>\n<meta property=\"og:type\" content=\"article\" \/>\n<meta property=\"og:title\" content=\"A Figline Valdarno &quot;Autumnia&quot; la fiera dedicata ad agricoltura, ambiente e alimentazione\" \/>\n<meta property=\"og:description\" content=\"Dal 12 al 14 novembre 2021 \u201cLa salute che viene dalla terra\u201d \u00e8 lo slogan scelto per questa 22a edizione\" \/>\n<meta property=\"og:url\" content=\"https:\/\/www.intoscana.it\/it\/a-figline-valdarno-autumnia-la-fiera-dedicata-ad-agricoltura-ambiente-e-alimentazione\/\" \/>\n<meta property=\"og:site_name\" content=\"intoscana\" \/>\n<meta property=\"article:publisher\" content=\"https:\/\/www.facebook.com\/intoscana.it\" \/>\n<meta property=\"article:published_time\" content=\"2021-11-11T11:54:54+00:00\" \/>\n<meta property=\"article:modified_time\" content=\"2021-11-11T15:30:05+00:00\" \/>\n<meta property=\"og:image\" content=\"https:\/\/www.intoscana.it\/wp-content\/uploads\/Bambina-autunno-scaled.jpg\" \/>\n\t<meta property=\"og:image:width\" content=\"2048\" \/>\n\t<meta property=\"og:image:height\" content=\"1367\" \/>\n\t<meta property=\"og:image:type\" content=\"image\/jpeg\" \/>\n<meta name=\"author\" content=\"Redazione\" \/>\n<meta name=\"twitter:card\" content=\"summary_large_image\" \/>\n<meta name=\"twitter:creator\" content=\"@intoscana\" \/>\n<meta name=\"twitter:site\" content=\"@intoscana\" \/>\n<meta name=\"twitter:label1\" content=\"Written by\" \/>\n\t<meta name=\"twitter:data1\" content=\"Redazione\" \/>\n\t<meta name=\"twitter:label2\" content=\"Est. reading time\" \/>\n\t<meta name=\"twitter:data2\" content=\"5 minuti\" \/>\n<script type=\"application\/ld+json\" class=\"yoast-schema-graph\">{\"@context\":\"https:\/\/schema.org\",\"@graph\":[{\"@type\":\"WebPage\",\"@id\":\"https:\/\/www.intoscana.it\/it\/a-figline-valdarno-autumnia-la-fiera-dedicata-ad-agricoltura-ambiente-e-alimentazione\/\",\"url\":\"https:\/\/www.intoscana.it\/it\/a-figline-valdarno-autumnia-la-fiera-dedicata-ad-agricoltura-ambiente-e-alimentazione\/\",\"name\":\"A Figline Valdarno \\\"Autumnia\\\" la fiera dedicata ad agricoltura, ambiente e alimentazione - intoscana\",\"isPartOf\":{\"@id\":\"https:\/\/www.intoscana.it\/it\/#website\"},\"primaryImageOfPage\":{\"@id\":\"https:\/\/www.intoscana.it\/it\/a-figline-valdarno-autumnia-la-fiera-dedicata-ad-agricoltura-ambiente-e-alimentazione\/#primaryimage\"},\"image\":{\"@id\":\"https:\/\/www.intoscana.it\/it\/a-figline-valdarno-autumnia-la-fiera-dedicata-ad-agricoltura-ambiente-e-alimentazione\/#primaryimage\"},\"thumbnailUrl\":\"https:\/\/www.intoscana.it\/wp-content\/uploads\/Bambina-autunno-scaled.jpg\",\"datePublished\":\"2021-11-11T11:54:54+00:00\",\"dateModified\":\"2021-11-11T15:30:05+00:00\",\"author\":{\"@id\":\"https:\/\/www.intoscana.it\/it\/#\/schema\/person\/9223810753230f20bd670fdd322661f8\"},\"description\":\"Dal 12 al 14 novembre 2021 \u201cLa salute che viene dalla terra\u201d \u00e8 lo slogan scelto per questa 22a edizione\",\"breadcrumb\":{\"@id\":\"https:\/\/www.intoscana.it\/it\/a-figline-valdarno-autumnia-la-fiera-dedicata-ad-agricoltura-ambiente-e-alimentazione\/#breadcrumb\"},\"inLanguage\":\"it-IT\",\"potentialAction\":[{\"@type\":\"ReadAction\",\"target\":[\"https:\/\/www.intoscana.it\/it\/a-figline-valdarno-autumnia-la-fiera-dedicata-ad-agricoltura-ambiente-e-alimentazione\/\"]}]},{\"@type\":\"ImageObject\",\"inLanguage\":\"it-IT\",\"@id\":\"https:\/\/www.intoscana.it\/it\/a-figline-valdarno-autumnia-la-fiera-dedicata-ad-agricoltura-ambiente-e-alimentazione\/#primaryimage\",\"url\":\"https:\/\/www.intoscana.it\/wp-content\/uploads\/Bambina-autunno-scaled.jpg\",\"contentUrl\":\"https:\/\/www.intoscana.it\/wp-content\/uploads\/Bambina-autunno-scaled.jpg\",\"width\":2048,\"height\":1367},{\"@type\":\"BreadcrumbList\",\"@id\":\"https:\/\/www.intoscana.it\/it\/a-figline-valdarno-autumnia-la-fiera-dedicata-ad-agricoltura-ambiente-e-alimentazione\/#breadcrumb\",\"itemListElement\":[{\"@type\":\"ListItem\",\"position\":1,\"name\":\"Home\",\"item\":\"https:\/\/www.intoscana.it\/it\/\"},{\"@type\":\"ListItem\",\"position\":2,\"name\":\"A Figline Valdarno &#8220;Autumnia&#8221; la fiera dedicata ad agricoltura, ambiente e alimentazione\"}]},{\"@type\":\"WebSite\",\"@id\":\"https:\/\/www.intoscana.it\/it\/#website\",\"url\":\"https:\/\/www.intoscana.it\/it\/\",\"name\":\"intoscana\",\"description\":\"\",\"potentialAction\":[{\"@type\":\"SearchAction\",\"target\":{\"@type\":\"EntryPoint\",\"urlTemplate\":\"https:\/\/www.intoscana.it\/it\/?s={search_term_string}\"},\"query-input\":{\"@type\":\"PropertyValueSpecification\",\"valueRequired\":true,\"valueName\":\"search_term_string\"}}],\"inLanguage\":\"it-IT\"},{\"@type\":\"Person\",\"@id\":\"https:\/\/www.intoscana.it\/it\/#\/schema\/person\/9223810753230f20bd670fdd322661f8\",\"name\":\"Redazione\",\"url\":\"https:\/\/www.intoscana.it\/it\/author\/redazione\/\"}]}<\/script>\n<!-- \/ Yoast SEO Premium plugin. -->","yoast_head_json":{"title":"A Figline Valdarno \"Autumnia\" la fiera dedicata ad agricoltura, ambiente e alimentazione - intoscana","description":"Dal 12 al 14 novembre 2021 \u201cLa salute che viene dalla terra\u201d \u00e8 lo slogan scelto per questa 22a edizione","robots":{"index":"index","follow":"follow","max-snippet":"max-snippet:-1","max-image-preview":"max-image-preview:large","max-video-preview":"max-video-preview:-1"},"canonical":"https:\/\/www.intoscana.it\/it\/a-figline-valdarno-autumnia-la-fiera-dedicata-ad-agricoltura-ambiente-e-alimentazione\/","og_locale":"it_IT","og_type":"article","og_title":"A Figline Valdarno \"Autumnia\" la fiera dedicata ad agricoltura, ambiente e alimentazione","og_description":"Dal 12 al 14 novembre 2021 \u201cLa salute che viene dalla terra\u201d \u00e8 lo slogan scelto per questa 22a edizione","og_url":"https:\/\/www.intoscana.it\/it\/a-figline-valdarno-autumnia-la-fiera-dedicata-ad-agricoltura-ambiente-e-alimentazione\/","og_site_name":"intoscana","article_publisher":"https:\/\/www.facebook.com\/intoscana.it","article_published_time":"2021-11-11T11:54:54+00:00","article_modified_time":"2021-11-11T15:30:05+00:00","og_image":[{"width":2048,"height":1367,"url":"https:\/\/www.intoscana.it\/wp-content\/uploads\/Bambina-autunno-scaled.jpg","type":"image\/jpeg"}],"author":"Redazione","twitter_card":"summary_large_image","twitter_creator":"@intoscana","twitter_site":"@intoscana","twitter_misc":{"Written by":"Redazione","Est. reading time":"5 minuti"},"schema":{"@context":"https:\/\/schema.org","@graph":[{"@type":"WebPage","@id":"https:\/\/www.intoscana.it\/it\/a-figline-valdarno-autumnia-la-fiera-dedicata-ad-agricoltura-ambiente-e-alimentazione\/","url":"https:\/\/www.intoscana.it\/it\/a-figline-valdarno-autumnia-la-fiera-dedicata-ad-agricoltura-ambiente-e-alimentazione\/","name":"A Figline Valdarno \"Autumnia\" la fiera dedicata ad agricoltura, ambiente e alimentazione - intoscana","isPartOf":{"@id":"https:\/\/www.intoscana.it\/it\/#website"},"primaryImageOfPage":{"@id":"https:\/\/www.intoscana.it\/it\/a-figline-valdarno-autumnia-la-fiera-dedicata-ad-agricoltura-ambiente-e-alimentazione\/#primaryimage"},"image":{"@id":"https:\/\/www.intoscana.it\/it\/a-figline-valdarno-autumnia-la-fiera-dedicata-ad-agricoltura-ambiente-e-alimentazione\/#primaryimage"},"thumbnailUrl":"https:\/\/www.intoscana.it\/wp-content\/uploads\/Bambina-autunno-scaled.jpg","datePublished":"2021-11-11T11:54:54+00:00","dateModified":"2021-11-11T15:30:05+00:00","author":{"@id":"https:\/\/www.intoscana.it\/it\/#\/schema\/person\/9223810753230f20bd670fdd322661f8"},"description":"Dal 12 al 14 novembre 2021 \u201cLa salute che viene dalla terra\u201d \u00e8 lo slogan scelto per questa 22a edizione","breadcrumb":{"@id":"https:\/\/www.intoscana.it\/it\/a-figline-valdarno-autumnia-la-fiera-dedicata-ad-agricoltura-ambiente-e-alimentazione\/#breadcrumb"},"inLanguage":"it-IT","potentialAction":[{"@type":"ReadAction","target":["https:\/\/www.intoscana.it\/it\/a-figline-valdarno-autumnia-la-fiera-dedicata-ad-agricoltura-ambiente-e-alimentazione\/"]}]},{"@type":"ImageObject","inLanguage":"it-IT","@id":"https:\/\/www.intoscana.it\/it\/a-figline-valdarno-autumnia-la-fiera-dedicata-ad-agricoltura-ambiente-e-alimentazione\/#primaryimage","url":"https:\/\/www.intoscana.it\/wp-content\/uploads\/Bambina-autunno-scaled.jpg","contentUrl":"https:\/\/www.intoscana.it\/wp-content\/uploads\/Bambina-autunno-scaled.jpg","width":2048,"height":1367},{"@type":"BreadcrumbList","@id":"https:\/\/www.intoscana.it\/it\/a-figline-valdarno-autumnia-la-fiera-dedicata-ad-agricoltura-ambiente-e-alimentazione\/#breadcrumb","itemListElement":[{"@type":"ListItem","position":1,"name":"Home","item":"https:\/\/www.intoscana.it\/it\/"},{"@type":"ListItem","position":2,"name":"A Figline Valdarno &#8220;Autumnia&#8221; la fiera dedicata ad agricoltura, ambiente e alimentazione"}]},{"@type":"WebSite","@id":"https:\/\/www.intoscana.it\/it\/#website","url":"https:\/\/www.intoscana.it\/it\/","name":"intoscana","description":"","potentialAction":[{"@type":"SearchAction","target":{"@type":"EntryPoint","urlTemplate":"https:\/\/www.intoscana.it\/it\/?s={search_term_string}"},"query-input":{"@type":"PropertyValueSpecification","valueRequired":true,"valueName":"search_term_string"}}],"inLanguage":"it-IT"},{"@type":"Person","@id":"https:\/\/www.intoscana.it\/it\/#\/schema\/person\/9223810753230f20bd670fdd322661f8","name":"Redazione","url":"https:\/\/www.intoscana.it\/it\/author\/redazione\/"}]}},"_links":{"self":[{"href":"https:\/\/www.intoscana.it\/it\/wp-json\/wp\/v2\/posts\/198380","targetHints":{"allow":["GET"]}}],"collection":[{"href":"https:\/\/www.intoscana.it\/it\/wp-json\/wp\/v2\/posts"}],"about":[{"href":"https:\/\/www.intoscana.it\/it\/wp-json\/wp\/v2\/types\/post"}],"author":[{"embeddable":true,"href":"https:\/\/www.intoscana.it\/it\/wp-json\/wp\/v2\/users\/525"}],"replies":[{"embeddable":true,"href":"https:\/\/www.intoscana.it\/it\/wp-json\/wp\/v2\/comments?post=198380"}],"version-history":[{"count":0,"href":"https:\/\/www.intoscana.it\/it\/wp-json\/wp\/v2\/posts\/198380\/revisions"}],"wp:featuredmedia":[{"embeddable":true,"href":"https:\/\/www.intoscana.it\/it\/wp-json\/wp\/v2\/media\/198410"}],"wp:attachment":[{"href":"https:\/\/www.intoscana.it\/it\/wp-json\/wp\/v2\/media?parent=198380"}],"wp:term":[{"taxonomy":"category","embeddable":true,"href":"https:\/\/www.intoscana.it\/it\/wp-json\/wp\/v2\/categories?post=198380"},{"taxonomy":"post_tag","embeddable":true,"href":"https:\/\/www.intoscana.it\/it\/wp-json\/wp\/v2\/tags?post=198380"}],"curies":[{"name":"wp","href":"https:\/\/api.w.org\/{rel}","templated":true}]}}