{"id":198676,"date":"2021-11-13T15:09:53","date_gmt":"2021-11-13T14:09:53","guid":{"rendered":"https:\/\/www.intoscana.it\/it\/?p=198676"},"modified":"2021-11-15T11:00:24","modified_gmt":"2021-11-15T10:00:24","slug":"dalla-spesa-allo-scontrino-la-campagna-antiviolenza-approda-al-supermercato","status":"publish","type":"post","link":"https:\/\/www.intoscana.it\/it\/dalla-spesa-allo-scontrino-la-campagna-antiviolenza-approda-al-supermercato\/","title":{"rendered":"Dalla spesa allo scontrino la campagna antiviolenza approda al supermercato"},"content":{"rendered":"<p>Una <strong>raccolta fondi<\/strong> per sostenere i <strong>22 centri antiviolenza accreditati in Toscana<\/strong>. Un gesto concreto d&#8217;aiuto per <mark>sportelli di ascolto, servizi, case rifugio e di seconda accoglienza, che ogni giorno offrono un rifugio sicuro e aiutano le donne e i loro bambini<\/mark>. Le iniziative delle <strong>Cooperative di consumo del distretto tirrenico<\/strong> sono state presentate presso la <strong>Presidenza della Regione Toscana<\/strong> in occasione della <strong>Giornata internazionale per l&#8217;eliminazione della violenza sulle donne<\/strong>.<\/p>\n<p>L&#8217;iniziativa punta su un ruolo attivo dei consumatori: sono infatti i <strong>prodotti acquistat<\/strong>i durante la spesa a<strong> finanziare il contributo per i centri<\/strong>. In tutti i punti vendita di <mark>Unicoop Firenze, Unicoop Tirreno, Coop Centro Italia e Unione Amiatina<\/mark> per ogni <strong>bottiglia di olio extravergine di oliva Coop<\/strong> cento per cento italiano acquistato, 1 euro sar\u00e0 devoluto al progetto. Inoltre, nei <strong>27 Coop.fi con forneria interna<\/strong>, si aggiunge anche <strong>il 5% del ricavato dalla vendita del pane<\/strong> cento per cento da farina toscana, coltivata senza l\u2019uso di glifosato. Tutti i prodotti saranno segnalati nei punti vendita, con appositi allestimenti.<\/p>\n<figure id=\"post-198686 media-198686\" class=\"align-none\"><img decoding=\"async\" src=\"https:\/\/www.intoscana.it\/wp-content\/uploads\/Snapseed-6-scaled.jpg\" alt=\"\" \/><\/figure>\n<div class=\"titleimg\">La campagna antiviolenza delle cooperative di consumo del distretto tirrenico<\/div>\n<p>Le Cooperative, oltre alla <strong>spesa solidale<\/strong>, scendono in campo per sensibilizzare la clientela e in forma pi\u00f9 estesa tutta la popolazione rispetto al <strong>tema della violenza di genere<\/strong>. Visto che i supermercati sono luoghi della quotidianit\u00e0, <mark>nei giorni precedenti il 25 novembre partir\u00e0 una campagna massiccia per far conoscere il 1522<\/mark>; si tratta del<strong> numero unico antiviolenza<\/strong> e stalking, promosso dalla <strong>Presidenza del Consiglio dei Ministri<\/strong> &#8211; Dipartimento per le Pari Opportunit\u00e0. Il numero, gratuito da fisso e da cellulare, \u00e8 <strong>attivo 24 ore su 24<\/strong> e accoglie con operatrici specializzate <strong>le richieste di aiuto<\/strong> e sostegno delle <strong>vittime di violenza e stalking<\/strong>. Il 1522 verr\u00e0 riportato <strong>in tutti gli scontrini, sulla cartellonistica<\/strong> nei punti vendita e per i Coop.Fi anche <strong>in appositi cartelli nei servizi igienici<\/strong>.<\/p>\n<figure id=\"post-198679 media-198679\" class=\"align-none\"><img decoding=\"async\" src=\"https:\/\/www.intoscana.it\/wp-content\/uploads\/IMG-20211113-WA0018-e1636811983938.jpg\" alt=\"\" \/><\/figure>\n<div class=\"titleimg\">La campagna antiviolenza delle cooperative di consumo del distretto tirrenico<\/div>\n<p>&#8220;<em>Un impegno importante quello delle Cooperative di consumo del distretto tirrenico<\/em> \u2013 afferma l\u2019assessora <strong>Alessandra Nardini<\/strong> &#8211; <em>attraverso la copertura territoriale dei vari punti vendita si riusciranno a raggiungere davvero tantissime persone, sensibilizzandole su questo tema, promuovendo la conoscenza del numero antiviolenza 1522 e sostenendo il preziosissimo lavoro dei centri antiviolenza. Come Regione Toscana continuiamo, con ancora maggiore determinazione, ad impegnarci nel destrutturare gli stereotipi di genere a partire dalle giovani generazioni, promuovere una cultura di rispetto e parit\u00e0 e combattere qualsiasi forma di discriminazione, disuguaglianza e violenza<\/em>&#8220;.<\/p>\n<p>\u201c<em>Le Cooperative di consumo toscane sono al fianco dei centri antiviolenza e di tutte le realt\u00e0 che in Toscana sono impegnate per contrasto alla violenza di genere. Per il 25 novembre 2021 hanno deciso di dare la possibilit\u00e0 a tutti i soci e clienti di far sentire la loro vicinanza ai centri antiviolenza, semplicemente facendo la spesa. Grazie al contributo che le cooperative doneranno alle associazioni, infatti, queste potranno ampliare o potenziare nuovi servizi e le vittime avranno pi\u00f9 opportunit\u00e0 per sfuggire alla violenza. Insieme al contributo economico, le Cooperative promuoveranno la diffusione del numero unico antistalker 1522, che resta lo strumento principale per chiedere aiuto. Anche in questo caso, lo leghiamo al momento della spesa, un\u2019attivit\u00e0 quotidiana e che, come spesso ci riferiscono dai centri, resta uno dei pochissimi momenti di libert\u00e0 delle donne vittime di violenza. Invitiamo tutti a rendere questa iniziativa il pi\u00f9 partecipata possibile<\/em>\u201d dichiara <strong>Irene Mangani<\/strong>, vicepresidente Legacoop Toscana.<\/p>\n","protected":false},"excerpt":{"rendered":"<p>Il sostegno della Regione alle iniziative delle Cooperative di consumo del distretto tirrenico in favore dei 22 centri di aiuto alle donne presenti in Toscana<\/p>\n","protected":false},"author":525,"featured_media":198683,"comment_status":"open","ping_status":"open","sticky":false,"template":"","format":"standard","meta":{"_acf_changed":false,"footnotes":""},"categories":[494],"tags":[6226,4612,6145,4611],"class_list":["post-198676","post","type-post","status-publish","format-standard","has-post-thumbnail","hentry","category-attualita","tag-alessandra-nardini","tag-centro-antiviolenza","tag-unicoop-firenze","tag-violenza-sulle-donne"],"acf":[],"yoast_head":"<!-- This site is optimized with the Yoast SEO Premium plugin v24.2 (Yoast SEO v25.6) - https:\/\/yoast.com\/wordpress\/plugins\/seo\/ -->\n<title>Dalla spesa allo scontrino la campagna antiviolenza approda al supermercato - intoscana<\/title>\n<meta name=\"description\" content=\"Il sostegno della Regione alle iniziative delle Cooperative di consumo del distretto tirrenico in favore dei 22 centri di aiuto alle donne presenti in Toscana\" \/>\n<meta name=\"robots\" content=\"index, follow, max-snippet:-1, max-image-preview:large, max-video-preview:-1\" \/>\n<link rel=\"canonical\" href=\"https:\/\/www.intoscana.it\/it\/dalla-spesa-allo-scontrino-la-campagna-antiviolenza-approda-al-supermercato\/\" \/>\n<meta property=\"og:locale\" content=\"it_IT\" \/>\n<meta property=\"og:type\" content=\"article\" \/>\n<meta property=\"og:title\" content=\"Dalla spesa allo scontrino la campagna antiviolenza approda al supermercato\" \/>\n<meta property=\"og:description\" content=\"Il sostegno della Regione alle iniziative delle Cooperative di consumo del distretto tirrenico in favore dei 22 centri di aiuto alle donne presenti in Toscana\" \/>\n<meta property=\"og:url\" content=\"https:\/\/www.intoscana.it\/it\/dalla-spesa-allo-scontrino-la-campagna-antiviolenza-approda-al-supermercato\/\" \/>\n<meta property=\"og:site_name\" content=\"intoscana\" \/>\n<meta property=\"article:publisher\" content=\"https:\/\/www.facebook.com\/intoscana.it\" \/>\n<meta property=\"article:published_time\" content=\"2021-11-13T14:09:53+00:00\" \/>\n<meta property=\"article:modified_time\" content=\"2021-11-15T10:00:24+00:00\" \/>\n<meta property=\"og:image\" content=\"https:\/\/www.intoscana.it\/wp-content\/uploads\/IMG-20211113-WA0020-e1636811827901.jpg\" \/>\n\t<meta property=\"og:image:width\" content=\"977\" \/>\n\t<meta property=\"og:image:height\" content=\"652\" \/>\n\t<meta property=\"og:image:type\" content=\"image\/jpeg\" \/>\n<meta name=\"author\" content=\"Redazione\" \/>\n<meta name=\"twitter:card\" content=\"summary_large_image\" \/>\n<meta name=\"twitter:creator\" content=\"@intoscana\" \/>\n<meta name=\"twitter:site\" content=\"@intoscana\" \/>\n<meta name=\"twitter:label1\" content=\"Written by\" \/>\n\t<meta name=\"twitter:data1\" content=\"Redazione\" \/>\n\t<meta name=\"twitter:label2\" content=\"Est. reading time\" \/>\n\t<meta name=\"twitter:data2\" content=\"3 minuti\" \/>\n<script type=\"application\/ld+json\" class=\"yoast-schema-graph\">{\"@context\":\"https:\/\/schema.org\",\"@graph\":[{\"@type\":\"WebPage\",\"@id\":\"https:\/\/www.intoscana.it\/it\/dalla-spesa-allo-scontrino-la-campagna-antiviolenza-approda-al-supermercato\/\",\"url\":\"https:\/\/www.intoscana.it\/it\/dalla-spesa-allo-scontrino-la-campagna-antiviolenza-approda-al-supermercato\/\",\"name\":\"Dalla spesa allo scontrino la campagna antiviolenza approda al supermercato - intoscana\",\"isPartOf\":{\"@id\":\"https:\/\/www.intoscana.it\/it\/#website\"},\"primaryImageOfPage\":{\"@id\":\"https:\/\/www.intoscana.it\/it\/dalla-spesa-allo-scontrino-la-campagna-antiviolenza-approda-al-supermercato\/#primaryimage\"},\"image\":{\"@id\":\"https:\/\/www.intoscana.it\/it\/dalla-spesa-allo-scontrino-la-campagna-antiviolenza-approda-al-supermercato\/#primaryimage\"},\"thumbnailUrl\":\"https:\/\/www.intoscana.it\/wp-content\/uploads\/IMG-20211113-WA0020-e1636811827901.jpg\",\"datePublished\":\"2021-11-13T14:09:53+00:00\",\"dateModified\":\"2021-11-15T10:00:24+00:00\",\"author\":{\"@id\":\"https:\/\/www.intoscana.it\/it\/#\/schema\/person\/9223810753230f20bd670fdd322661f8\"},\"description\":\"Il sostegno della Regione alle iniziative delle Cooperative di consumo del distretto tirrenico in favore dei 22 centri di aiuto alle donne presenti in Toscana\",\"breadcrumb\":{\"@id\":\"https:\/\/www.intoscana.it\/it\/dalla-spesa-allo-scontrino-la-campagna-antiviolenza-approda-al-supermercato\/#breadcrumb\"},\"inLanguage\":\"it-IT\",\"potentialAction\":[{\"@type\":\"ReadAction\",\"target\":[\"https:\/\/www.intoscana.it\/it\/dalla-spesa-allo-scontrino-la-campagna-antiviolenza-approda-al-supermercato\/\"]}]},{\"@type\":\"ImageObject\",\"inLanguage\":\"it-IT\",\"@id\":\"https:\/\/www.intoscana.it\/it\/dalla-spesa-allo-scontrino-la-campagna-antiviolenza-approda-al-supermercato\/#primaryimage\",\"url\":\"https:\/\/www.intoscana.it\/wp-content\/uploads\/IMG-20211113-WA0020-e1636811827901.jpg\",\"contentUrl\":\"https:\/\/www.intoscana.it\/wp-content\/uploads\/IMG-20211113-WA0020-e1636811827901.jpg\",\"width\":977,\"height\":652,\"caption\":\"La campagna antiviolenza delle cooperative di consumo del distretto tirrenico\"},{\"@type\":\"BreadcrumbList\",\"@id\":\"https:\/\/www.intoscana.it\/it\/dalla-spesa-allo-scontrino-la-campagna-antiviolenza-approda-al-supermercato\/#breadcrumb\",\"itemListElement\":[{\"@type\":\"ListItem\",\"position\":1,\"name\":\"Home\",\"item\":\"https:\/\/www.intoscana.it\/it\/\"},{\"@type\":\"ListItem\",\"position\":2,\"name\":\"Dalla spesa allo scontrino la campagna antiviolenza approda al supermercato\"}]},{\"@type\":\"WebSite\",\"@id\":\"https:\/\/www.intoscana.it\/it\/#website\",\"url\":\"https:\/\/www.intoscana.it\/it\/\",\"name\":\"intoscana\",\"description\":\"\",\"potentialAction\":[{\"@type\":\"SearchAction\",\"target\":{\"@type\":\"EntryPoint\",\"urlTemplate\":\"https:\/\/www.intoscana.it\/it\/?s={search_term_string}\"},\"query-input\":{\"@type\":\"PropertyValueSpecification\",\"valueRequired\":true,\"valueName\":\"search_term_string\"}}],\"inLanguage\":\"it-IT\"},{\"@type\":\"Person\",\"@id\":\"https:\/\/www.intoscana.it\/it\/#\/schema\/person\/9223810753230f20bd670fdd322661f8\",\"name\":\"Redazione\",\"url\":\"https:\/\/www.intoscana.it\/it\/author\/redazione\/\"}]}<\/script>\n<!-- \/ Yoast SEO Premium plugin. -->","yoast_head_json":{"title":"Dalla spesa allo scontrino la campagna antiviolenza approda al supermercato - intoscana","description":"Il sostegno della Regione alle iniziative delle Cooperative di consumo del distretto tirrenico in favore dei 22 centri di aiuto alle donne presenti in Toscana","robots":{"index":"index","follow":"follow","max-snippet":"max-snippet:-1","max-image-preview":"max-image-preview:large","max-video-preview":"max-video-preview:-1"},"canonical":"https:\/\/www.intoscana.it\/it\/dalla-spesa-allo-scontrino-la-campagna-antiviolenza-approda-al-supermercato\/","og_locale":"it_IT","og_type":"article","og_title":"Dalla spesa allo scontrino la campagna antiviolenza approda al supermercato","og_description":"Il sostegno della Regione alle iniziative delle Cooperative di consumo del distretto tirrenico in favore dei 22 centri di aiuto alle donne presenti in Toscana","og_url":"https:\/\/www.intoscana.it\/it\/dalla-spesa-allo-scontrino-la-campagna-antiviolenza-approda-al-supermercato\/","og_site_name":"intoscana","article_publisher":"https:\/\/www.facebook.com\/intoscana.it","article_published_time":"2021-11-13T14:09:53+00:00","article_modified_time":"2021-11-15T10:00:24+00:00","og_image":[{"width":977,"height":652,"url":"https:\/\/www.intoscana.it\/wp-content\/uploads\/IMG-20211113-WA0020-e1636811827901.jpg","type":"image\/jpeg"}],"author":"Redazione","twitter_card":"summary_large_image","twitter_creator":"@intoscana","twitter_site":"@intoscana","twitter_misc":{"Written by":"Redazione","Est. reading time":"3 minuti"},"schema":{"@context":"https:\/\/schema.org","@graph":[{"@type":"WebPage","@id":"https:\/\/www.intoscana.it\/it\/dalla-spesa-allo-scontrino-la-campagna-antiviolenza-approda-al-supermercato\/","url":"https:\/\/www.intoscana.it\/it\/dalla-spesa-allo-scontrino-la-campagna-antiviolenza-approda-al-supermercato\/","name":"Dalla spesa allo scontrino la campagna antiviolenza approda al supermercato - intoscana","isPartOf":{"@id":"https:\/\/www.intoscana.it\/it\/#website"},"primaryImageOfPage":{"@id":"https:\/\/www.intoscana.it\/it\/dalla-spesa-allo-scontrino-la-campagna-antiviolenza-approda-al-supermercato\/#primaryimage"},"image":{"@id":"https:\/\/www.intoscana.it\/it\/dalla-spesa-allo-scontrino-la-campagna-antiviolenza-approda-al-supermercato\/#primaryimage"},"thumbnailUrl":"https:\/\/www.intoscana.it\/wp-content\/uploads\/IMG-20211113-WA0020-e1636811827901.jpg","datePublished":"2021-11-13T14:09:53+00:00","dateModified":"2021-11-15T10:00:24+00:00","author":{"@id":"https:\/\/www.intoscana.it\/it\/#\/schema\/person\/9223810753230f20bd670fdd322661f8"},"description":"Il sostegno della Regione alle iniziative delle Cooperative di consumo del distretto tirrenico in favore dei 22 centri di aiuto alle donne presenti in Toscana","breadcrumb":{"@id":"https:\/\/www.intoscana.it\/it\/dalla-spesa-allo-scontrino-la-campagna-antiviolenza-approda-al-supermercato\/#breadcrumb"},"inLanguage":"it-IT","potentialAction":[{"@type":"ReadAction","target":["https:\/\/www.intoscana.it\/it\/dalla-spesa-allo-scontrino-la-campagna-antiviolenza-approda-al-supermercato\/"]}]},{"@type":"ImageObject","inLanguage":"it-IT","@id":"https:\/\/www.intoscana.it\/it\/dalla-spesa-allo-scontrino-la-campagna-antiviolenza-approda-al-supermercato\/#primaryimage","url":"https:\/\/www.intoscana.it\/wp-content\/uploads\/IMG-20211113-WA0020-e1636811827901.jpg","contentUrl":"https:\/\/www.intoscana.it\/wp-content\/uploads\/IMG-20211113-WA0020-e1636811827901.jpg","width":977,"height":652,"caption":"La campagna antiviolenza delle cooperative di consumo del distretto tirrenico"},{"@type":"BreadcrumbList","@id":"https:\/\/www.intoscana.it\/it\/dalla-spesa-allo-scontrino-la-campagna-antiviolenza-approda-al-supermercato\/#breadcrumb","itemListElement":[{"@type":"ListItem","position":1,"name":"Home","item":"https:\/\/www.intoscana.it\/it\/"},{"@type":"ListItem","position":2,"name":"Dalla spesa allo scontrino la campagna antiviolenza approda al supermercato"}]},{"@type":"WebSite","@id":"https:\/\/www.intoscana.it\/it\/#website","url":"https:\/\/www.intoscana.it\/it\/","name":"intoscana","description":"","potentialAction":[{"@type":"SearchAction","target":{"@type":"EntryPoint","urlTemplate":"https:\/\/www.intoscana.it\/it\/?s={search_term_string}"},"query-input":{"@type":"PropertyValueSpecification","valueRequired":true,"valueName":"search_term_string"}}],"inLanguage":"it-IT"},{"@type":"Person","@id":"https:\/\/www.intoscana.it\/it\/#\/schema\/person\/9223810753230f20bd670fdd322661f8","name":"Redazione","url":"https:\/\/www.intoscana.it\/it\/author\/redazione\/"}]}},"_links":{"self":[{"href":"https:\/\/www.intoscana.it\/it\/wp-json\/wp\/v2\/posts\/198676","targetHints":{"allow":["GET"]}}],"collection":[{"href":"https:\/\/www.intoscana.it\/it\/wp-json\/wp\/v2\/posts"}],"about":[{"href":"https:\/\/www.intoscana.it\/it\/wp-json\/wp\/v2\/types\/post"}],"author":[{"embeddable":true,"href":"https:\/\/www.intoscana.it\/it\/wp-json\/wp\/v2\/users\/525"}],"replies":[{"embeddable":true,"href":"https:\/\/www.intoscana.it\/it\/wp-json\/wp\/v2\/comments?post=198676"}],"version-history":[{"count":0,"href":"https:\/\/www.intoscana.it\/it\/wp-json\/wp\/v2\/posts\/198676\/revisions"}],"wp:featuredmedia":[{"embeddable":true,"href":"https:\/\/www.intoscana.it\/it\/wp-json\/wp\/v2\/media\/198683"}],"wp:attachment":[{"href":"https:\/\/www.intoscana.it\/it\/wp-json\/wp\/v2\/media?parent=198676"}],"wp:term":[{"taxonomy":"category","embeddable":true,"href":"https:\/\/www.intoscana.it\/it\/wp-json\/wp\/v2\/categories?post=198676"},{"taxonomy":"post_tag","embeddable":true,"href":"https:\/\/www.intoscana.it\/it\/wp-json\/wp\/v2\/tags?post=198676"}],"curies":[{"name":"wp","href":"https:\/\/api.w.org\/{rel}","templated":true}]}}