{"id":198694,"date":"2021-11-13T17:24:37","date_gmt":"2021-11-13T16:24:37","guid":{"rendered":"https:\/\/www.intoscana.it\/it\/?p=198694"},"modified":"2021-11-15T14:40:05","modified_gmt":"2021-11-15T13:40:05","slug":"covid-431-i-nuovi-casi-di-positivita-e-tre-i-decessi","status":"publish","type":"post","link":"https:\/\/www.intoscana.it\/it\/covid-431-i-nuovi-casi-di-positivita-e-tre-i-decessi\/","title":{"rendered":"Covid, 431 i nuovi casi di positivit\u00e0 e tre i decessi"},"content":{"rendered":"<p>Covid: sono <strong>431 in pi\u00f9 rispetto a ieri i pazienti<\/strong>, 42 anni l&#8217;et\u00e0 media: 410 confermati con tampone molecolare e 21 da test rapido antigenico. In Toscana sono <strong>294.204 i casi di positivit\u00e0<\/strong> al coronavirus. I <strong>guariti<\/strong> raggiungono <strong>quota 279.613<\/strong> (95% dei casi totali). Sono stati eseguiti 8.892 tamponi molecolari e 22.469 tamponi antigenici rapidi, di questi l&#8217;1,4% \u00e8 risultato positivo. Sono invece 9.014 i soggetti testati (con tampone antigenico e\/o molecolare, escludendo i tamponi di controllo), di cui il 4,8% \u00e8 risultato positivo. Gli <strong>attualmente positivi sono oggi 7.263<\/strong>, +1,9% rispetto a ieri. <strong>I ricoverati sono 293<\/strong> (8 in pi\u00f9 rispetto a ieri), di cui <strong>33 in terapia intensiva<\/strong> (5 in pi\u00f9). Oggi si registrano <strong>3 nuovi decessi<\/strong>: un uomo e due donne, con un&#8217;et\u00e0 media di 84,7 anni.<\/p>\n<p>Sono 81.540 i casi complessivi ad oggi a Firenze (103 in pi\u00f9 rispetto a ieri), 27.000 a Prato (16 in pi\u00f9), 27.895 a Pistoia (22 in pi\u00f9), 15.368 a Massa-Carrara (16 in pi\u00f9), 29.899 a Lucca (42 in pi\u00f9), 34.529 a Pisa (61 in pi\u00f9), 21.782 a Livorno (31 in pi\u00f9), 26.456 ad Arezzo (36 in pi\u00f9), 17.385 a Siena (50 in pi\u00f9), 11.795 a Grosseto (54 in pi\u00f9). Sono 555 i casi positivi notificati in Toscana, ma residenti in altre regioni.<\/p>\n<p>Sono 152 i casi riscontrati nell&#8217;Asl Centro, 139 nella Nord Ovest, 140 nella Sud Est.<\/p>\n<h3>Ricoveri, guarigioni e decessi<\/h3>\n<p>Le persone ricoverate nei posti letto dedicati ai pazienti COVID sono complessivamente 293 (8 in pi\u00f9 rispetto a ieri, pi\u00f9 2,8%), 33 in terapia intensiva (5 in pi\u00f9 rispetto a ieri, pi\u00f9 17,9%).<br \/>\nLe persone complessivamente guarite sono 279.613 (292 in pi\u00f9 rispetto a ieri, pi\u00f9 0,1%) e 279.613 (292 in pi\u00f9 rispetto a ieri, pi\u00f9 0,1%) dichiarate guarite a tutti gli effetti, le cosiddette guarigioni virali, con tampone negativo.<\/p>\n<p>Sono 7.328 i deceduti dall&#8217;inizio dell&#8217;epidemia cosi ripartiti: 2.368 a Firenze, 649 a Prato, 676 a Pistoia, 541 a Massa-Carrara, 695 a Lucca, 734 a Pisa, 427 a Livorno, 563 ad Arezzo, 363 a Siena, 217 a Grosseto, 95 persone sono decedute sul suolo toscano ma erano residenti fuori regione.<\/p>\n","protected":false},"excerpt":{"rendered":"<p>I ricoverati sono 293 (8 in pi\u00f9 rispetto a ieri, + 2,8%), di cui 33 in terapia intensiva (5 in pi\u00f9 pari al + 17,9%)<\/p>\n","protected":false},"author":525,"featured_media":156481,"comment_status":"open","ping_status":"open","sticky":false,"template":"","format":"standard","meta":{"_acf_changed":false,"footnotes":""},"categories":[494],"tags":[4868,5467],"class_list":["post-198694","post","type-post","status-publish","format-standard","has-post-thumbnail","hentry","category-attualita","tag-bollettino-covid-toscana","tag-vaccinazioni"],"acf":[],"yoast_head":"<!-- This site is optimized with the Yoast SEO Premium plugin v24.2 (Yoast SEO v25.6) - https:\/\/yoast.com\/wordpress\/plugins\/seo\/ -->\n<title>Covid, 431 i nuovi casi di positivit\u00e0 e tre i decessi - intoscana<\/title>\n<meta name=\"description\" content=\"I ricoverati sono 293 (8 in pi\u00f9 rispetto a ieri, + 2,8%), di cui 33 in terapia intensiva (5 in pi\u00f9 pari al + 17,9%)\" \/>\n<meta name=\"robots\" content=\"index, follow, max-snippet:-1, max-image-preview:large, max-video-preview:-1\" \/>\n<link rel=\"canonical\" href=\"https:\/\/www.intoscana.it\/it\/covid-431-i-nuovi-casi-di-positivita-e-tre-i-decessi\/\" \/>\n<meta property=\"og:locale\" content=\"it_IT\" \/>\n<meta property=\"og:type\" content=\"article\" \/>\n<meta property=\"og:title\" content=\"Covid, 431 i nuovi casi di positivit\u00e0 e tre i decessi\" \/>\n<meta property=\"og:description\" content=\"I ricoverati sono 293 (8 in pi\u00f9 rispetto a ieri, + 2,8%), di cui 33 in terapia intensiva (5 in pi\u00f9 pari al + 17,9%)\" \/>\n<meta property=\"og:url\" content=\"https:\/\/www.intoscana.it\/it\/covid-431-i-nuovi-casi-di-positivita-e-tre-i-decessi\/\" \/>\n<meta property=\"og:site_name\" content=\"intoscana\" \/>\n<meta property=\"article:publisher\" content=\"https:\/\/www.facebook.com\/intoscana.it\" \/>\n<meta property=\"article:published_time\" content=\"2021-11-13T16:24:37+00:00\" \/>\n<meta property=\"article:modified_time\" content=\"2021-11-15T13:40:05+00:00\" \/>\n<meta property=\"og:image\" content=\"https:\/\/www.intoscana.it\/wp-content\/uploads\/shutterstock_1841794108-scaled.jpg\" \/>\n\t<meta property=\"og:image:width\" content=\"2048\" \/>\n\t<meta property=\"og:image:height\" content=\"1366\" \/>\n\t<meta property=\"og:image:type\" content=\"image\/jpeg\" \/>\n<meta name=\"author\" content=\"Redazione\" \/>\n<meta name=\"twitter:card\" content=\"summary_large_image\" \/>\n<meta name=\"twitter:creator\" content=\"@intoscana\" \/>\n<meta name=\"twitter:site\" content=\"@intoscana\" \/>\n<meta name=\"twitter:label1\" content=\"Written by\" \/>\n\t<meta name=\"twitter:data1\" content=\"Redazione\" \/>\n\t<meta name=\"twitter:label2\" content=\"Est. reading time\" \/>\n\t<meta name=\"twitter:data2\" content=\"1 minuto\" \/>\n<script type=\"application\/ld+json\" class=\"yoast-schema-graph\">{\"@context\":\"https:\/\/schema.org\",\"@graph\":[{\"@type\":\"WebPage\",\"@id\":\"https:\/\/www.intoscana.it\/it\/covid-431-i-nuovi-casi-di-positivita-e-tre-i-decessi\/\",\"url\":\"https:\/\/www.intoscana.it\/it\/covid-431-i-nuovi-casi-di-positivita-e-tre-i-decessi\/\",\"name\":\"Covid, 431 i nuovi casi di positivit\u00e0 e tre i decessi - intoscana\",\"isPartOf\":{\"@id\":\"https:\/\/www.intoscana.it\/it\/#website\"},\"primaryImageOfPage\":{\"@id\":\"https:\/\/www.intoscana.it\/it\/covid-431-i-nuovi-casi-di-positivita-e-tre-i-decessi\/#primaryimage\"},\"image\":{\"@id\":\"https:\/\/www.intoscana.it\/it\/covid-431-i-nuovi-casi-di-positivita-e-tre-i-decessi\/#primaryimage\"},\"thumbnailUrl\":\"https:\/\/www.intoscana.it\/wp-content\/uploads\/shutterstock_1841794108-scaled.jpg\",\"datePublished\":\"2021-11-13T16:24:37+00:00\",\"dateModified\":\"2021-11-15T13:40:05+00:00\",\"author\":{\"@id\":\"https:\/\/www.intoscana.it\/it\/#\/schema\/person\/9223810753230f20bd670fdd322661f8\"},\"description\":\"I ricoverati sono 293 (8 in pi\u00f9 rispetto a ieri, + 2,8%), di cui 33 in terapia intensiva (5 in pi\u00f9 pari al + 17,9%)\",\"breadcrumb\":{\"@id\":\"https:\/\/www.intoscana.it\/it\/covid-431-i-nuovi-casi-di-positivita-e-tre-i-decessi\/#breadcrumb\"},\"inLanguage\":\"it-IT\",\"potentialAction\":[{\"@type\":\"ReadAction\",\"target\":[\"https:\/\/www.intoscana.it\/it\/covid-431-i-nuovi-casi-di-positivita-e-tre-i-decessi\/\"]}]},{\"@type\":\"ImageObject\",\"inLanguage\":\"it-IT\",\"@id\":\"https:\/\/www.intoscana.it\/it\/covid-431-i-nuovi-casi-di-positivita-e-tre-i-decessi\/#primaryimage\",\"url\":\"https:\/\/www.intoscana.it\/wp-content\/uploads\/shutterstock_1841794108-scaled.jpg\",\"contentUrl\":\"https:\/\/www.intoscana.it\/wp-content\/uploads\/shutterstock_1841794108-scaled.jpg\",\"width\":2048,\"height\":1366,\"caption\":\"Screening con tamponi e tracciamento fondamentali per arginare la diffusione del Covid-19\"},{\"@type\":\"BreadcrumbList\",\"@id\":\"https:\/\/www.intoscana.it\/it\/covid-431-i-nuovi-casi-di-positivita-e-tre-i-decessi\/#breadcrumb\",\"itemListElement\":[{\"@type\":\"ListItem\",\"position\":1,\"name\":\"Home\",\"item\":\"https:\/\/www.intoscana.it\/it\/\"},{\"@type\":\"ListItem\",\"position\":2,\"name\":\"Covid, 431 i nuovi casi di positivit\u00e0 e tre i decessi\"}]},{\"@type\":\"WebSite\",\"@id\":\"https:\/\/www.intoscana.it\/it\/#website\",\"url\":\"https:\/\/www.intoscana.it\/it\/\",\"name\":\"intoscana\",\"description\":\"\",\"potentialAction\":[{\"@type\":\"SearchAction\",\"target\":{\"@type\":\"EntryPoint\",\"urlTemplate\":\"https:\/\/www.intoscana.it\/it\/?s={search_term_string}\"},\"query-input\":{\"@type\":\"PropertyValueSpecification\",\"valueRequired\":true,\"valueName\":\"search_term_string\"}}],\"inLanguage\":\"it-IT\"},{\"@type\":\"Person\",\"@id\":\"https:\/\/www.intoscana.it\/it\/#\/schema\/person\/9223810753230f20bd670fdd322661f8\",\"name\":\"Redazione\",\"url\":\"https:\/\/www.intoscana.it\/it\/author\/redazione\/\"}]}<\/script>\n<!-- \/ Yoast SEO Premium plugin. -->","yoast_head_json":{"title":"Covid, 431 i nuovi casi di positivit\u00e0 e tre i decessi - intoscana","description":"I ricoverati sono 293 (8 in pi\u00f9 rispetto a ieri, + 2,8%), di cui 33 in terapia intensiva (5 in pi\u00f9 pari al + 17,9%)","robots":{"index":"index","follow":"follow","max-snippet":"max-snippet:-1","max-image-preview":"max-image-preview:large","max-video-preview":"max-video-preview:-1"},"canonical":"https:\/\/www.intoscana.it\/it\/covid-431-i-nuovi-casi-di-positivita-e-tre-i-decessi\/","og_locale":"it_IT","og_type":"article","og_title":"Covid, 431 i nuovi casi di positivit\u00e0 e tre i decessi","og_description":"I ricoverati sono 293 (8 in pi\u00f9 rispetto a ieri, + 2,8%), di cui 33 in terapia intensiva (5 in pi\u00f9 pari al + 17,9%)","og_url":"https:\/\/www.intoscana.it\/it\/covid-431-i-nuovi-casi-di-positivita-e-tre-i-decessi\/","og_site_name":"intoscana","article_publisher":"https:\/\/www.facebook.com\/intoscana.it","article_published_time":"2021-11-13T16:24:37+00:00","article_modified_time":"2021-11-15T13:40:05+00:00","og_image":[{"width":2048,"height":1366,"url":"https:\/\/www.intoscana.it\/wp-content\/uploads\/shutterstock_1841794108-scaled.jpg","type":"image\/jpeg"}],"author":"Redazione","twitter_card":"summary_large_image","twitter_creator":"@intoscana","twitter_site":"@intoscana","twitter_misc":{"Written by":"Redazione","Est. reading time":"1 minuto"},"schema":{"@context":"https:\/\/schema.org","@graph":[{"@type":"WebPage","@id":"https:\/\/www.intoscana.it\/it\/covid-431-i-nuovi-casi-di-positivita-e-tre-i-decessi\/","url":"https:\/\/www.intoscana.it\/it\/covid-431-i-nuovi-casi-di-positivita-e-tre-i-decessi\/","name":"Covid, 431 i nuovi casi di positivit\u00e0 e tre i decessi - intoscana","isPartOf":{"@id":"https:\/\/www.intoscana.it\/it\/#website"},"primaryImageOfPage":{"@id":"https:\/\/www.intoscana.it\/it\/covid-431-i-nuovi-casi-di-positivita-e-tre-i-decessi\/#primaryimage"},"image":{"@id":"https:\/\/www.intoscana.it\/it\/covid-431-i-nuovi-casi-di-positivita-e-tre-i-decessi\/#primaryimage"},"thumbnailUrl":"https:\/\/www.intoscana.it\/wp-content\/uploads\/shutterstock_1841794108-scaled.jpg","datePublished":"2021-11-13T16:24:37+00:00","dateModified":"2021-11-15T13:40:05+00:00","author":{"@id":"https:\/\/www.intoscana.it\/it\/#\/schema\/person\/9223810753230f20bd670fdd322661f8"},"description":"I ricoverati sono 293 (8 in pi\u00f9 rispetto a ieri, + 2,8%), di cui 33 in terapia intensiva (5 in pi\u00f9 pari al + 17,9%)","breadcrumb":{"@id":"https:\/\/www.intoscana.it\/it\/covid-431-i-nuovi-casi-di-positivita-e-tre-i-decessi\/#breadcrumb"},"inLanguage":"it-IT","potentialAction":[{"@type":"ReadAction","target":["https:\/\/www.intoscana.it\/it\/covid-431-i-nuovi-casi-di-positivita-e-tre-i-decessi\/"]}]},{"@type":"ImageObject","inLanguage":"it-IT","@id":"https:\/\/www.intoscana.it\/it\/covid-431-i-nuovi-casi-di-positivita-e-tre-i-decessi\/#primaryimage","url":"https:\/\/www.intoscana.it\/wp-content\/uploads\/shutterstock_1841794108-scaled.jpg","contentUrl":"https:\/\/www.intoscana.it\/wp-content\/uploads\/shutterstock_1841794108-scaled.jpg","width":2048,"height":1366,"caption":"Screening con tamponi e tracciamento fondamentali per arginare la diffusione del Covid-19"},{"@type":"BreadcrumbList","@id":"https:\/\/www.intoscana.it\/it\/covid-431-i-nuovi-casi-di-positivita-e-tre-i-decessi\/#breadcrumb","itemListElement":[{"@type":"ListItem","position":1,"name":"Home","item":"https:\/\/www.intoscana.it\/it\/"},{"@type":"ListItem","position":2,"name":"Covid, 431 i nuovi casi di positivit\u00e0 e tre i decessi"}]},{"@type":"WebSite","@id":"https:\/\/www.intoscana.it\/it\/#website","url":"https:\/\/www.intoscana.it\/it\/","name":"intoscana","description":"","potentialAction":[{"@type":"SearchAction","target":{"@type":"EntryPoint","urlTemplate":"https:\/\/www.intoscana.it\/it\/?s={search_term_string}"},"query-input":{"@type":"PropertyValueSpecification","valueRequired":true,"valueName":"search_term_string"}}],"inLanguage":"it-IT"},{"@type":"Person","@id":"https:\/\/www.intoscana.it\/it\/#\/schema\/person\/9223810753230f20bd670fdd322661f8","name":"Redazione","url":"https:\/\/www.intoscana.it\/it\/author\/redazione\/"}]}},"_links":{"self":[{"href":"https:\/\/www.intoscana.it\/it\/wp-json\/wp\/v2\/posts\/198694","targetHints":{"allow":["GET"]}}],"collection":[{"href":"https:\/\/www.intoscana.it\/it\/wp-json\/wp\/v2\/posts"}],"about":[{"href":"https:\/\/www.intoscana.it\/it\/wp-json\/wp\/v2\/types\/post"}],"author":[{"embeddable":true,"href":"https:\/\/www.intoscana.it\/it\/wp-json\/wp\/v2\/users\/525"}],"replies":[{"embeddable":true,"href":"https:\/\/www.intoscana.it\/it\/wp-json\/wp\/v2\/comments?post=198694"}],"version-history":[{"count":0,"href":"https:\/\/www.intoscana.it\/it\/wp-json\/wp\/v2\/posts\/198694\/revisions"}],"wp:featuredmedia":[{"embeddable":true,"href":"https:\/\/www.intoscana.it\/it\/wp-json\/wp\/v2\/media\/156481"}],"wp:attachment":[{"href":"https:\/\/www.intoscana.it\/it\/wp-json\/wp\/v2\/media?parent=198694"}],"wp:term":[{"taxonomy":"category","embeddable":true,"href":"https:\/\/www.intoscana.it\/it\/wp-json\/wp\/v2\/categories?post=198694"},{"taxonomy":"post_tag","embeddable":true,"href":"https:\/\/www.intoscana.it\/it\/wp-json\/wp\/v2\/tags?post=198694"}],"curies":[{"name":"wp","href":"https:\/\/api.w.org\/{rel}","templated":true}]}}