{"id":198704,"date":"2021-11-13T17:49:22","date_gmt":"2021-11-13T16:49:22","guid":{"rendered":"https:\/\/www.intoscana.it\/it\/?p=198704"},"modified":"2021-11-13T17:50:29","modified_gmt":"2021-11-13T16:50:29","slug":"sotto-lalbero-di-natale-arrivano-i-nuovi-bussini-elettrici-a-firenze","status":"publish","type":"post","link":"https:\/\/www.intoscana.it\/it\/sotto-lalbero-di-natale-arrivano-i-nuovi-bussini-elettrici-a-firenze\/","title":{"rendered":"Sotto l&#8217;albero di Natale arrivano i nuovi bussini elettrici a Firenze"},"content":{"rendered":"<p>Nuovi <strong>&#8216;bussini&#8217; elettrici a Firenze<\/strong>, da destinare soprattutto al servizio dei cittadini del centro storico. L&#8217;obiettivo \u00e8 di farli arrivare <strong>entro il prossimo Natale<\/strong>. I fondi, circa <strong>6 milioni di euro<\/strong>, sono compresi <strong>nei progetti del React<\/strong> e devono essere spesi entro fine 2022: i bussini hanno un <strong>costo medio di 450.000 euro<\/strong> l&#8217;uno e, si legge in una nota di Palazzo Vecchio, verosimilmente <strong>ne saranno acquistati una dozzina<\/strong>.<\/p>\n<p>&#8220;<em>La mobilit\u00e0 sostenibile ed in particolare quella elettrica \u00e8 da sempre una priorit\u00e0 nel territorio fiorentino<\/em> &#8211; ha dichiarato il sindaco <strong>Dario Nardella<\/strong> -. <em>Per questo il rinnovo della flotta pubblica riveste una fondamentale importanza tra le iniziative da attuare per una citt\u00e0 sempre pi\u00f9 verde e sostenibile. I bussini del centro storico saranno inoltre un presidio fondamentale a servizio dei residenti<\/em>&#8220;.<\/p>\n<p>&#8220;<em>Siamo disponibilissimi a collaborare con il Comune di Firenze, tutti gli enti locali e la Regione Toscana, concessionaria del servizio, per l&#8217;estensione della rete elettrica dei bus. Il tema della sostenibilit\u00e0 dei mezzi e lo sviluppo di una rete sempre pi\u00f9 efficiente di trasporto pubblico \u00e8 e deve essere la normalit\u00e0 del futuro di questo settore<\/em>&#8220;: questo \u00e8 il commento di <strong>Jean-Luc Laugaa<\/strong>, ad di Autolinee Toscane, dopo l&#8217;annuncio del Comune di Firenze di nuovi investimenti per bus elettrici in citt\u00e0.<\/p>\n<p>&nbsp;<\/p>\n","protected":false},"excerpt":{"rendered":"<p>La societ\u00e0 Autolinee Toscane pronta a collaborare per una rete di trasporto pubblico sempre pi\u00f9 efficiente e nel segno della sostenibilit\u00e0<\/p>\n","protected":false},"author":525,"featured_media":198707,"comment_status":"open","ping_status":"open","sticky":false,"template":"","format":"standard","meta":{"_acf_changed":false,"footnotes":""},"categories":[494],"tags":[4296,178,1577],"class_list":["post-198704","post","type-post","status-publish","format-standard","has-post-thumbnail","hentry","category-attualita","tag-autolinee-toscane","tag-comune-di-firenze","tag-muoversi-in-toscana"],"acf":[],"yoast_head":"<!-- This site is optimized with the Yoast SEO Premium plugin v24.2 (Yoast SEO v25.6) - https:\/\/yoast.com\/wordpress\/plugins\/seo\/ -->\n<title>Sotto l&#039;albero di Natale arrivano i nuovi bussini elettrici a Firenze - intoscana<\/title>\n<meta name=\"description\" content=\"La societ\u00e0 Autolinee Toscane pronta a collaborare per una rete di trasporto pubblico sempre pi\u00f9 efficiente e nel segno della sostenibilit\u00e0\" \/>\n<meta name=\"robots\" content=\"index, follow, max-snippet:-1, max-image-preview:large, max-video-preview:-1\" \/>\n<link rel=\"canonical\" href=\"https:\/\/www.intoscana.it\/it\/sotto-lalbero-di-natale-arrivano-i-nuovi-bussini-elettrici-a-firenze\/\" \/>\n<meta property=\"og:locale\" content=\"it_IT\" \/>\n<meta property=\"og:type\" content=\"article\" \/>\n<meta property=\"og:title\" content=\"Sotto l&#039;albero di Natale arrivano i nuovi bussini elettrici a Firenze\" \/>\n<meta property=\"og:description\" content=\"La societ\u00e0 Autolinee Toscane pronta a collaborare per una rete di trasporto pubblico sempre pi\u00f9 efficiente e nel segno della sostenibilit\u00e0\" \/>\n<meta property=\"og:url\" content=\"https:\/\/www.intoscana.it\/it\/sotto-lalbero-di-natale-arrivano-i-nuovi-bussini-elettrici-a-firenze\/\" \/>\n<meta property=\"og:site_name\" content=\"intoscana\" \/>\n<meta property=\"article:publisher\" content=\"https:\/\/www.facebook.com\/intoscana.it\" \/>\n<meta property=\"article:published_time\" content=\"2021-11-13T16:49:22+00:00\" \/>\n<meta property=\"article:modified_time\" content=\"2021-11-13T16:50:29+00:00\" \/>\n<meta property=\"og:image\" content=\"https:\/\/www.intoscana.it\/wp-content\/uploads\/Uno-dei-bussini-elettrici-in-servizio-a-Firenze.jpeg\" \/>\n\t<meta property=\"og:image:width\" content=\"800\" \/>\n\t<meta property=\"og:image:height\" content=\"600\" \/>\n\t<meta property=\"og:image:type\" content=\"image\/jpeg\" \/>\n<meta name=\"author\" content=\"Redazione\" \/>\n<meta name=\"twitter:card\" content=\"summary_large_image\" \/>\n<meta name=\"twitter:creator\" content=\"@intoscana\" \/>\n<meta name=\"twitter:site\" content=\"@intoscana\" \/>\n<meta name=\"twitter:label1\" content=\"Written by\" \/>\n\t<meta name=\"twitter:data1\" content=\"Redazione\" \/>\n\t<meta name=\"twitter:label2\" content=\"Est. reading time\" \/>\n\t<meta name=\"twitter:data2\" content=\"1 minuto\" \/>\n<script type=\"application\/ld+json\" class=\"yoast-schema-graph\">{\"@context\":\"https:\/\/schema.org\",\"@graph\":[{\"@type\":\"WebPage\",\"@id\":\"https:\/\/www.intoscana.it\/it\/sotto-lalbero-di-natale-arrivano-i-nuovi-bussini-elettrici-a-firenze\/\",\"url\":\"https:\/\/www.intoscana.it\/it\/sotto-lalbero-di-natale-arrivano-i-nuovi-bussini-elettrici-a-firenze\/\",\"name\":\"Sotto l'albero di Natale arrivano i nuovi bussini elettrici a Firenze - intoscana\",\"isPartOf\":{\"@id\":\"https:\/\/www.intoscana.it\/it\/#website\"},\"primaryImageOfPage\":{\"@id\":\"https:\/\/www.intoscana.it\/it\/sotto-lalbero-di-natale-arrivano-i-nuovi-bussini-elettrici-a-firenze\/#primaryimage\"},\"image\":{\"@id\":\"https:\/\/www.intoscana.it\/it\/sotto-lalbero-di-natale-arrivano-i-nuovi-bussini-elettrici-a-firenze\/#primaryimage\"},\"thumbnailUrl\":\"https:\/\/www.intoscana.it\/wp-content\/uploads\/Uno-dei-bussini-elettrici-in-servizio-a-Firenze.jpeg\",\"datePublished\":\"2021-11-13T16:49:22+00:00\",\"dateModified\":\"2021-11-13T16:50:29+00:00\",\"author\":{\"@id\":\"https:\/\/www.intoscana.it\/it\/#\/schema\/person\/9223810753230f20bd670fdd322661f8\"},\"description\":\"La societ\u00e0 Autolinee Toscane pronta a collaborare per una rete di trasporto pubblico sempre pi\u00f9 efficiente e nel segno della sostenibilit\u00e0\",\"breadcrumb\":{\"@id\":\"https:\/\/www.intoscana.it\/it\/sotto-lalbero-di-natale-arrivano-i-nuovi-bussini-elettrici-a-firenze\/#breadcrumb\"},\"inLanguage\":\"it-IT\",\"potentialAction\":[{\"@type\":\"ReadAction\",\"target\":[\"https:\/\/www.intoscana.it\/it\/sotto-lalbero-di-natale-arrivano-i-nuovi-bussini-elettrici-a-firenze\/\"]}]},{\"@type\":\"ImageObject\",\"inLanguage\":\"it-IT\",\"@id\":\"https:\/\/www.intoscana.it\/it\/sotto-lalbero-di-natale-arrivano-i-nuovi-bussini-elettrici-a-firenze\/#primaryimage\",\"url\":\"https:\/\/www.intoscana.it\/wp-content\/uploads\/Uno-dei-bussini-elettrici-in-servizio-a-Firenze.jpeg\",\"contentUrl\":\"https:\/\/www.intoscana.it\/wp-content\/uploads\/Uno-dei-bussini-elettrici-in-servizio-a-Firenze.jpeg\",\"width\":800,\"height\":600},{\"@type\":\"BreadcrumbList\",\"@id\":\"https:\/\/www.intoscana.it\/it\/sotto-lalbero-di-natale-arrivano-i-nuovi-bussini-elettrici-a-firenze\/#breadcrumb\",\"itemListElement\":[{\"@type\":\"ListItem\",\"position\":1,\"name\":\"Home\",\"item\":\"https:\/\/www.intoscana.it\/it\/\"},{\"@type\":\"ListItem\",\"position\":2,\"name\":\"Sotto l&#8217;albero di Natale arrivano i nuovi bussini elettrici a Firenze\"}]},{\"@type\":\"WebSite\",\"@id\":\"https:\/\/www.intoscana.it\/it\/#website\",\"url\":\"https:\/\/www.intoscana.it\/it\/\",\"name\":\"intoscana\",\"description\":\"\",\"potentialAction\":[{\"@type\":\"SearchAction\",\"target\":{\"@type\":\"EntryPoint\",\"urlTemplate\":\"https:\/\/www.intoscana.it\/it\/?s={search_term_string}\"},\"query-input\":{\"@type\":\"PropertyValueSpecification\",\"valueRequired\":true,\"valueName\":\"search_term_string\"}}],\"inLanguage\":\"it-IT\"},{\"@type\":\"Person\",\"@id\":\"https:\/\/www.intoscana.it\/it\/#\/schema\/person\/9223810753230f20bd670fdd322661f8\",\"name\":\"Redazione\",\"url\":\"https:\/\/www.intoscana.it\/it\/author\/redazione\/\"}]}<\/script>\n<!-- \/ Yoast SEO Premium plugin. -->","yoast_head_json":{"title":"Sotto l'albero di Natale arrivano i nuovi bussini elettrici a Firenze - intoscana","description":"La societ\u00e0 Autolinee Toscane pronta a collaborare per una rete di trasporto pubblico sempre pi\u00f9 efficiente e nel segno della sostenibilit\u00e0","robots":{"index":"index","follow":"follow","max-snippet":"max-snippet:-1","max-image-preview":"max-image-preview:large","max-video-preview":"max-video-preview:-1"},"canonical":"https:\/\/www.intoscana.it\/it\/sotto-lalbero-di-natale-arrivano-i-nuovi-bussini-elettrici-a-firenze\/","og_locale":"it_IT","og_type":"article","og_title":"Sotto l'albero di Natale arrivano i nuovi bussini elettrici a Firenze","og_description":"La societ\u00e0 Autolinee Toscane pronta a collaborare per una rete di trasporto pubblico sempre pi\u00f9 efficiente e nel segno della sostenibilit\u00e0","og_url":"https:\/\/www.intoscana.it\/it\/sotto-lalbero-di-natale-arrivano-i-nuovi-bussini-elettrici-a-firenze\/","og_site_name":"intoscana","article_publisher":"https:\/\/www.facebook.com\/intoscana.it","article_published_time":"2021-11-13T16:49:22+00:00","article_modified_time":"2021-11-13T16:50:29+00:00","og_image":[{"width":800,"height":600,"url":"https:\/\/www.intoscana.it\/wp-content\/uploads\/Uno-dei-bussini-elettrici-in-servizio-a-Firenze.jpeg","type":"image\/jpeg"}],"author":"Redazione","twitter_card":"summary_large_image","twitter_creator":"@intoscana","twitter_site":"@intoscana","twitter_misc":{"Written by":"Redazione","Est. reading time":"1 minuto"},"schema":{"@context":"https:\/\/schema.org","@graph":[{"@type":"WebPage","@id":"https:\/\/www.intoscana.it\/it\/sotto-lalbero-di-natale-arrivano-i-nuovi-bussini-elettrici-a-firenze\/","url":"https:\/\/www.intoscana.it\/it\/sotto-lalbero-di-natale-arrivano-i-nuovi-bussini-elettrici-a-firenze\/","name":"Sotto l'albero di Natale arrivano i nuovi bussini elettrici a Firenze - intoscana","isPartOf":{"@id":"https:\/\/www.intoscana.it\/it\/#website"},"primaryImageOfPage":{"@id":"https:\/\/www.intoscana.it\/it\/sotto-lalbero-di-natale-arrivano-i-nuovi-bussini-elettrici-a-firenze\/#primaryimage"},"image":{"@id":"https:\/\/www.intoscana.it\/it\/sotto-lalbero-di-natale-arrivano-i-nuovi-bussini-elettrici-a-firenze\/#primaryimage"},"thumbnailUrl":"https:\/\/www.intoscana.it\/wp-content\/uploads\/Uno-dei-bussini-elettrici-in-servizio-a-Firenze.jpeg","datePublished":"2021-11-13T16:49:22+00:00","dateModified":"2021-11-13T16:50:29+00:00","author":{"@id":"https:\/\/www.intoscana.it\/it\/#\/schema\/person\/9223810753230f20bd670fdd322661f8"},"description":"La societ\u00e0 Autolinee Toscane pronta a collaborare per una rete di trasporto pubblico sempre pi\u00f9 efficiente e nel segno della sostenibilit\u00e0","breadcrumb":{"@id":"https:\/\/www.intoscana.it\/it\/sotto-lalbero-di-natale-arrivano-i-nuovi-bussini-elettrici-a-firenze\/#breadcrumb"},"inLanguage":"it-IT","potentialAction":[{"@type":"ReadAction","target":["https:\/\/www.intoscana.it\/it\/sotto-lalbero-di-natale-arrivano-i-nuovi-bussini-elettrici-a-firenze\/"]}]},{"@type":"ImageObject","inLanguage":"it-IT","@id":"https:\/\/www.intoscana.it\/it\/sotto-lalbero-di-natale-arrivano-i-nuovi-bussini-elettrici-a-firenze\/#primaryimage","url":"https:\/\/www.intoscana.it\/wp-content\/uploads\/Uno-dei-bussini-elettrici-in-servizio-a-Firenze.jpeg","contentUrl":"https:\/\/www.intoscana.it\/wp-content\/uploads\/Uno-dei-bussini-elettrici-in-servizio-a-Firenze.jpeg","width":800,"height":600},{"@type":"BreadcrumbList","@id":"https:\/\/www.intoscana.it\/it\/sotto-lalbero-di-natale-arrivano-i-nuovi-bussini-elettrici-a-firenze\/#breadcrumb","itemListElement":[{"@type":"ListItem","position":1,"name":"Home","item":"https:\/\/www.intoscana.it\/it\/"},{"@type":"ListItem","position":2,"name":"Sotto l&#8217;albero di Natale arrivano i nuovi bussini elettrici a Firenze"}]},{"@type":"WebSite","@id":"https:\/\/www.intoscana.it\/it\/#website","url":"https:\/\/www.intoscana.it\/it\/","name":"intoscana","description":"","potentialAction":[{"@type":"SearchAction","target":{"@type":"EntryPoint","urlTemplate":"https:\/\/www.intoscana.it\/it\/?s={search_term_string}"},"query-input":{"@type":"PropertyValueSpecification","valueRequired":true,"valueName":"search_term_string"}}],"inLanguage":"it-IT"},{"@type":"Person","@id":"https:\/\/www.intoscana.it\/it\/#\/schema\/person\/9223810753230f20bd670fdd322661f8","name":"Redazione","url":"https:\/\/www.intoscana.it\/it\/author\/redazione\/"}]}},"_links":{"self":[{"href":"https:\/\/www.intoscana.it\/it\/wp-json\/wp\/v2\/posts\/198704","targetHints":{"allow":["GET"]}}],"collection":[{"href":"https:\/\/www.intoscana.it\/it\/wp-json\/wp\/v2\/posts"}],"about":[{"href":"https:\/\/www.intoscana.it\/it\/wp-json\/wp\/v2\/types\/post"}],"author":[{"embeddable":true,"href":"https:\/\/www.intoscana.it\/it\/wp-json\/wp\/v2\/users\/525"}],"replies":[{"embeddable":true,"href":"https:\/\/www.intoscana.it\/it\/wp-json\/wp\/v2\/comments?post=198704"}],"version-history":[{"count":0,"href":"https:\/\/www.intoscana.it\/it\/wp-json\/wp\/v2\/posts\/198704\/revisions"}],"wp:featuredmedia":[{"embeddable":true,"href":"https:\/\/www.intoscana.it\/it\/wp-json\/wp\/v2\/media\/198707"}],"wp:attachment":[{"href":"https:\/\/www.intoscana.it\/it\/wp-json\/wp\/v2\/media?parent=198704"}],"wp:term":[{"taxonomy":"category","embeddable":true,"href":"https:\/\/www.intoscana.it\/it\/wp-json\/wp\/v2\/categories?post=198704"},{"taxonomy":"post_tag","embeddable":true,"href":"https:\/\/www.intoscana.it\/it\/wp-json\/wp\/v2\/tags?post=198704"}],"curies":[{"name":"wp","href":"https:\/\/api.w.org\/{rel}","templated":true}]}}