{"id":198817,"date":"2021-11-15T11:11:11","date_gmt":"2021-11-15T10:11:11","guid":{"rendered":"https:\/\/www.intoscana.it\/it\/?p=198817"},"modified":"2021-11-15T11:11:11","modified_gmt":"2021-11-15T10:11:11","slug":"papa-francesco-a-firenze-profughi-rifugiati-messa-santa-croce","status":"publish","type":"post","link":"https:\/\/www.intoscana.it\/it\/papa-francesco-a-firenze-profughi-rifugiati-messa-santa-croce\/","title":{"rendered":"Papa Francesco a Firenze, incontrer\u00e0 profughi e rifugiati. Messa in Santa Croce"},"content":{"rendered":"<p>Il Cardinale <strong>Gualtiero Bassetti<\/strong>, Arcivescovo di Perugia-Citt\u00e0 della Pieve e Presidente della Cei, ha ricevuto <mark>conferma della visita di <strong>Papa Francesco<\/strong> a <strong>Firenze<\/strong> il <strong>27 febbraio 2022<\/strong> in occasione dell&#8217;incontro di vescovi e sindaci del Mediterraneo<\/mark>.<\/p>\n<h3>Il programma<\/h3>\n<p>La visita, \u00e8 stato comunicato al Cardinale, seguir\u00e0 questo programma. Il Papa atterrer\u00e0 nello stadio di atletica &#8220;Luigi Ridolfi&#8221; alle ore 8, in forma privata. Alle 8.30, nel Salone dei Cinquecento di <strong>Palazzo Vecchio<\/strong>, incontrer\u00e0 i vescovi e i sindaci: qui pronuncer\u00e0 il suo discorso e successivamente, nella <strong>Sala Leone X<\/strong>, saluter\u00e0 alcuni sindaci.<\/p>\n<p><mark>Alle 9.30, nella Sala D&#8217;Arme, \u00e8 previsto l&#8217;incontro con le famiglie di <strong>profughi<\/strong> e <strong>rifugiati<\/strong>, al quale seguir\u00e0, alle 10.30, la celebrazione della <strong>Santa Messa nella Basilica di Santa Croce<\/strong>. Al termine, sul sagrato della Basilica in piazza Santa Croce, il Papa reciter\u00e0 la preghiera dell&#8217;Angelus<\/mark>, prima di ripartire per il Vaticano.<\/p>\n<p><span class=\"citazione\">&#8220;L&#8217;incontro di Firenze sar\u00e0 l&#8217;occasione per proseguire la riflessione a partire dagli impegni che il Santo Padre ci ha consegnato a Bari&#8221;<\/span><\/p>\n<h3>L&#8217;abbraccio a tutto il Mediterraneo<\/h3>\n<p><em>&#8220;Esprimo profonda gratitudine a Papa Francesco per questo <mark>gesto di attenzione verso l&#8217;iniziativa che coinvolge le comunit\u00e0 ecclesiali e civili del Mediterraneo<\/mark>&#8220;<\/em> commenta il <strong>Cardinale Presidente<\/strong>. <em>&#8220;Come gi\u00e0 avvenuto per il precedente incontro, vissuto a Bari nel 2020, il Papa non soltanto benedice l&#8217;iniziativa, ma vi pone il suo sigillo, assicurando la sua partecipazione nella giornata conclusiva. L&#8217;incontro di Firenze sar\u00e0 l&#8217;occasione per proseguire la riflessione a partire dagli impegni che il Santo Padre ci ha consegnato a Bari&#8221;.<\/em><\/p>\n<h3>Il messaggio del Papa<\/h3>\n<p>Ovvero <em>&#8220;<mark>Ricostruire i legami che sono stati interrotti, rialzare le citt\u00e0 distrutte dalla violenza, far fiorire un giardino laddove oggi ci sono terreni riarsi, infondere speranza a chi l&#8217;ha perduta ed esortare chi \u00e8 chiuso in ss stesso a non temere il fratello<\/mark>. E guardare questo, che \u00e8 gi\u00e0 diventato cimitero, come un luogo di futura risurrezione di tutta l&#8217;area&#8221;.<\/em><\/p>\n<h3>Per una nuova fraternit\u00e0<\/h3>\n<p><em><mark>&#8220;Le sfide che siamo chiamati ad affrontare costituiscono uno stimolo a superare le barriere che segnano il Mediterraneo e a intensificare l&#8217;incontro e la comunione fra le Chiese sorelle&#8221;<\/em> prosegue <strong>Gualtiero Bassetti<\/mark><\/strong>. <em>&#8220;Solo tessendo relazioni fraterne \u00e8 possibile promuovere il processo d&#8217;integrazione. Ripartiamo, allora, da Firenze per far s\u00ec che le sponde del Mediterraneo tornino a essere simbolo di unit\u00e0 e non di confine&#8221;.<\/em><\/p>\n","protected":false},"excerpt":{"rendered":"<p>A febbraio il Papa arriver\u00e0 in Toscana per l&#8217;incontro tra vescovi e sindaci che si terr\u00e0 a Palazzo Vecchio. Reciter\u00e0 la preghiera dell&#8217;Angelus sul sagrato della Basilica in piazza Santa Croce<\/p>\n","protected":false},"author":525,"featured_media":198827,"comment_status":"open","ping_status":"open","sticky":false,"template":"","format":"standard","meta":{"_acf_changed":false,"footnotes":""},"categories":[494],"tags":[4448,4501,202,1587],"class_list":["post-198817","post","type-post","status-publish","format-standard","has-post-thumbnail","hentry","category-attualita","tag-chiesa","tag-chiesa-di-santa-croce","tag-firenze","tag-papa-francesco-in-toscana"],"acf":[],"yoast_head":"<!-- This site is optimized with the Yoast SEO Premium plugin v24.2 (Yoast SEO v25.6) - https:\/\/yoast.com\/wordpress\/plugins\/seo\/ -->\n<title>Papa Francesco a Firenze, incontrer\u00e0 profughi e rifugiati. Messa in Santa Croce - intoscana<\/title>\n<meta name=\"description\" content=\"A febbraio il Papa arriver\u00e0 in Toscana per l&#039;incontro tra vescovi e sindaci che si terr\u00e0 a Palazzo Vecchio. Reciter\u00e0 la preghiera dell&#039;Angelus sul sagrato della Basilica in piazza Santa Croce\" \/>\n<meta name=\"robots\" content=\"index, follow, max-snippet:-1, max-image-preview:large, max-video-preview:-1\" \/>\n<link rel=\"canonical\" href=\"https:\/\/www.intoscana.it\/it\/papa-francesco-a-firenze-profughi-rifugiati-messa-santa-croce\/\" \/>\n<meta property=\"og:locale\" content=\"it_IT\" \/>\n<meta property=\"og:type\" content=\"article\" \/>\n<meta property=\"og:title\" content=\"Papa Francesco a Firenze, incontrer\u00e0 profughi e rifugiati. Messa in Santa Croce\" \/>\n<meta property=\"og:description\" content=\"A febbraio il Papa arriver\u00e0 in Toscana per l&#039;incontro tra vescovi e sindaci che si terr\u00e0 a Palazzo Vecchio. Reciter\u00e0 la preghiera dell&#039;Angelus sul sagrato della Basilica in piazza Santa Croce\" \/>\n<meta property=\"og:url\" content=\"https:\/\/www.intoscana.it\/it\/papa-francesco-a-firenze-profughi-rifugiati-messa-santa-croce\/\" \/>\n<meta property=\"og:site_name\" content=\"intoscana\" \/>\n<meta property=\"article:publisher\" content=\"https:\/\/www.facebook.com\/intoscana.it\" \/>\n<meta property=\"article:published_time\" content=\"2021-11-15T10:11:11+00:00\" \/>\n<meta property=\"og:image\" content=\"https:\/\/www.intoscana.it\/wp-content\/uploads\/Papa-Francesco-3.jpg\" \/>\n\t<meta property=\"og:image:width\" content=\"700\" \/>\n\t<meta property=\"og:image:height\" content=\"467\" \/>\n\t<meta property=\"og:image:type\" content=\"image\/jpeg\" \/>\n<meta name=\"author\" content=\"Redazione\" \/>\n<meta name=\"twitter:card\" content=\"summary_large_image\" \/>\n<meta name=\"twitter:creator\" content=\"@intoscana\" \/>\n<meta name=\"twitter:site\" content=\"@intoscana\" \/>\n<meta name=\"twitter:label1\" content=\"Written by\" \/>\n\t<meta name=\"twitter:data1\" content=\"Redazione\" \/>\n\t<meta name=\"twitter:label2\" content=\"Est. reading time\" \/>\n\t<meta name=\"twitter:data2\" content=\"2 minuti\" \/>\n<script type=\"application\/ld+json\" class=\"yoast-schema-graph\">{\"@context\":\"https:\/\/schema.org\",\"@graph\":[{\"@type\":\"WebPage\",\"@id\":\"https:\/\/www.intoscana.it\/it\/papa-francesco-a-firenze-profughi-rifugiati-messa-santa-croce\/\",\"url\":\"https:\/\/www.intoscana.it\/it\/papa-francesco-a-firenze-profughi-rifugiati-messa-santa-croce\/\",\"name\":\"Papa Francesco a Firenze, incontrer\u00e0 profughi e rifugiati. Messa in Santa Croce - intoscana\",\"isPartOf\":{\"@id\":\"https:\/\/www.intoscana.it\/it\/#website\"},\"primaryImageOfPage\":{\"@id\":\"https:\/\/www.intoscana.it\/it\/papa-francesco-a-firenze-profughi-rifugiati-messa-santa-croce\/#primaryimage\"},\"image\":{\"@id\":\"https:\/\/www.intoscana.it\/it\/papa-francesco-a-firenze-profughi-rifugiati-messa-santa-croce\/#primaryimage\"},\"thumbnailUrl\":\"https:\/\/www.intoscana.it\/wp-content\/uploads\/Papa-Francesco-3.jpg\",\"datePublished\":\"2021-11-15T10:11:11+00:00\",\"author\":{\"@id\":\"https:\/\/www.intoscana.it\/it\/#\/schema\/person\/9223810753230f20bd670fdd322661f8\"},\"description\":\"A febbraio il Papa arriver\u00e0 in Toscana per l'incontro tra vescovi e sindaci che si terr\u00e0 a Palazzo Vecchio. Reciter\u00e0 la preghiera dell'Angelus sul sagrato della Basilica in piazza Santa Croce\",\"breadcrumb\":{\"@id\":\"https:\/\/www.intoscana.it\/it\/papa-francesco-a-firenze-profughi-rifugiati-messa-santa-croce\/#breadcrumb\"},\"inLanguage\":\"it-IT\",\"potentialAction\":[{\"@type\":\"ReadAction\",\"target\":[\"https:\/\/www.intoscana.it\/it\/papa-francesco-a-firenze-profughi-rifugiati-messa-santa-croce\/\"]}]},{\"@type\":\"ImageObject\",\"inLanguage\":\"it-IT\",\"@id\":\"https:\/\/www.intoscana.it\/it\/papa-francesco-a-firenze-profughi-rifugiati-messa-santa-croce\/#primaryimage\",\"url\":\"https:\/\/www.intoscana.it\/wp-content\/uploads\/Papa-Francesco-3.jpg\",\"contentUrl\":\"https:\/\/www.intoscana.it\/wp-content\/uploads\/Papa-Francesco-3.jpg\",\"width\":700,\"height\":467,\"caption\":\"Papa Francesco\"},{\"@type\":\"BreadcrumbList\",\"@id\":\"https:\/\/www.intoscana.it\/it\/papa-francesco-a-firenze-profughi-rifugiati-messa-santa-croce\/#breadcrumb\",\"itemListElement\":[{\"@type\":\"ListItem\",\"position\":1,\"name\":\"Home\",\"item\":\"https:\/\/www.intoscana.it\/it\/\"},{\"@type\":\"ListItem\",\"position\":2,\"name\":\"Papa Francesco a Firenze, incontrer\u00e0 profughi e rifugiati. Messa in Santa Croce\"}]},{\"@type\":\"WebSite\",\"@id\":\"https:\/\/www.intoscana.it\/it\/#website\",\"url\":\"https:\/\/www.intoscana.it\/it\/\",\"name\":\"intoscana\",\"description\":\"\",\"potentialAction\":[{\"@type\":\"SearchAction\",\"target\":{\"@type\":\"EntryPoint\",\"urlTemplate\":\"https:\/\/www.intoscana.it\/it\/?s={search_term_string}\"},\"query-input\":{\"@type\":\"PropertyValueSpecification\",\"valueRequired\":true,\"valueName\":\"search_term_string\"}}],\"inLanguage\":\"it-IT\"},{\"@type\":\"Person\",\"@id\":\"https:\/\/www.intoscana.it\/it\/#\/schema\/person\/9223810753230f20bd670fdd322661f8\",\"name\":\"Redazione\",\"url\":\"https:\/\/www.intoscana.it\/it\/author\/redazione\/\"}]}<\/script>\n<!-- \/ Yoast SEO Premium plugin. -->","yoast_head_json":{"title":"Papa Francesco a Firenze, incontrer\u00e0 profughi e rifugiati. Messa in Santa Croce - intoscana","description":"A febbraio il Papa arriver\u00e0 in Toscana per l'incontro tra vescovi e sindaci che si terr\u00e0 a Palazzo Vecchio. Reciter\u00e0 la preghiera dell'Angelus sul sagrato della Basilica in piazza Santa Croce","robots":{"index":"index","follow":"follow","max-snippet":"max-snippet:-1","max-image-preview":"max-image-preview:large","max-video-preview":"max-video-preview:-1"},"canonical":"https:\/\/www.intoscana.it\/it\/papa-francesco-a-firenze-profughi-rifugiati-messa-santa-croce\/","og_locale":"it_IT","og_type":"article","og_title":"Papa Francesco a Firenze, incontrer\u00e0 profughi e rifugiati. Messa in Santa Croce","og_description":"A febbraio il Papa arriver\u00e0 in Toscana per l'incontro tra vescovi e sindaci che si terr\u00e0 a Palazzo Vecchio. Reciter\u00e0 la preghiera dell'Angelus sul sagrato della Basilica in piazza Santa Croce","og_url":"https:\/\/www.intoscana.it\/it\/papa-francesco-a-firenze-profughi-rifugiati-messa-santa-croce\/","og_site_name":"intoscana","article_publisher":"https:\/\/www.facebook.com\/intoscana.it","article_published_time":"2021-11-15T10:11:11+00:00","og_image":[{"width":700,"height":467,"url":"https:\/\/www.intoscana.it\/wp-content\/uploads\/Papa-Francesco-3.jpg","type":"image\/jpeg"}],"author":"Redazione","twitter_card":"summary_large_image","twitter_creator":"@intoscana","twitter_site":"@intoscana","twitter_misc":{"Written by":"Redazione","Est. reading time":"2 minuti"},"schema":{"@context":"https:\/\/schema.org","@graph":[{"@type":"WebPage","@id":"https:\/\/www.intoscana.it\/it\/papa-francesco-a-firenze-profughi-rifugiati-messa-santa-croce\/","url":"https:\/\/www.intoscana.it\/it\/papa-francesco-a-firenze-profughi-rifugiati-messa-santa-croce\/","name":"Papa Francesco a Firenze, incontrer\u00e0 profughi e rifugiati. Messa in Santa Croce - intoscana","isPartOf":{"@id":"https:\/\/www.intoscana.it\/it\/#website"},"primaryImageOfPage":{"@id":"https:\/\/www.intoscana.it\/it\/papa-francesco-a-firenze-profughi-rifugiati-messa-santa-croce\/#primaryimage"},"image":{"@id":"https:\/\/www.intoscana.it\/it\/papa-francesco-a-firenze-profughi-rifugiati-messa-santa-croce\/#primaryimage"},"thumbnailUrl":"https:\/\/www.intoscana.it\/wp-content\/uploads\/Papa-Francesco-3.jpg","datePublished":"2021-11-15T10:11:11+00:00","author":{"@id":"https:\/\/www.intoscana.it\/it\/#\/schema\/person\/9223810753230f20bd670fdd322661f8"},"description":"A febbraio il Papa arriver\u00e0 in Toscana per l'incontro tra vescovi e sindaci che si terr\u00e0 a Palazzo Vecchio. Reciter\u00e0 la preghiera dell'Angelus sul sagrato della Basilica in piazza Santa Croce","breadcrumb":{"@id":"https:\/\/www.intoscana.it\/it\/papa-francesco-a-firenze-profughi-rifugiati-messa-santa-croce\/#breadcrumb"},"inLanguage":"it-IT","potentialAction":[{"@type":"ReadAction","target":["https:\/\/www.intoscana.it\/it\/papa-francesco-a-firenze-profughi-rifugiati-messa-santa-croce\/"]}]},{"@type":"ImageObject","inLanguage":"it-IT","@id":"https:\/\/www.intoscana.it\/it\/papa-francesco-a-firenze-profughi-rifugiati-messa-santa-croce\/#primaryimage","url":"https:\/\/www.intoscana.it\/wp-content\/uploads\/Papa-Francesco-3.jpg","contentUrl":"https:\/\/www.intoscana.it\/wp-content\/uploads\/Papa-Francesco-3.jpg","width":700,"height":467,"caption":"Papa Francesco"},{"@type":"BreadcrumbList","@id":"https:\/\/www.intoscana.it\/it\/papa-francesco-a-firenze-profughi-rifugiati-messa-santa-croce\/#breadcrumb","itemListElement":[{"@type":"ListItem","position":1,"name":"Home","item":"https:\/\/www.intoscana.it\/it\/"},{"@type":"ListItem","position":2,"name":"Papa Francesco a Firenze, incontrer\u00e0 profughi e rifugiati. Messa in Santa Croce"}]},{"@type":"WebSite","@id":"https:\/\/www.intoscana.it\/it\/#website","url":"https:\/\/www.intoscana.it\/it\/","name":"intoscana","description":"","potentialAction":[{"@type":"SearchAction","target":{"@type":"EntryPoint","urlTemplate":"https:\/\/www.intoscana.it\/it\/?s={search_term_string}"},"query-input":{"@type":"PropertyValueSpecification","valueRequired":true,"valueName":"search_term_string"}}],"inLanguage":"it-IT"},{"@type":"Person","@id":"https:\/\/www.intoscana.it\/it\/#\/schema\/person\/9223810753230f20bd670fdd322661f8","name":"Redazione","url":"https:\/\/www.intoscana.it\/it\/author\/redazione\/"}]}},"_links":{"self":[{"href":"https:\/\/www.intoscana.it\/it\/wp-json\/wp\/v2\/posts\/198817","targetHints":{"allow":["GET"]}}],"collection":[{"href":"https:\/\/www.intoscana.it\/it\/wp-json\/wp\/v2\/posts"}],"about":[{"href":"https:\/\/www.intoscana.it\/it\/wp-json\/wp\/v2\/types\/post"}],"author":[{"embeddable":true,"href":"https:\/\/www.intoscana.it\/it\/wp-json\/wp\/v2\/users\/525"}],"replies":[{"embeddable":true,"href":"https:\/\/www.intoscana.it\/it\/wp-json\/wp\/v2\/comments?post=198817"}],"version-history":[{"count":0,"href":"https:\/\/www.intoscana.it\/it\/wp-json\/wp\/v2\/posts\/198817\/revisions"}],"wp:featuredmedia":[{"embeddable":true,"href":"https:\/\/www.intoscana.it\/it\/wp-json\/wp\/v2\/media\/198827"}],"wp:attachment":[{"href":"https:\/\/www.intoscana.it\/it\/wp-json\/wp\/v2\/media?parent=198817"}],"wp:term":[{"taxonomy":"category","embeddable":true,"href":"https:\/\/www.intoscana.it\/it\/wp-json\/wp\/v2\/categories?post=198817"},{"taxonomy":"post_tag","embeddable":true,"href":"https:\/\/www.intoscana.it\/it\/wp-json\/wp\/v2\/tags?post=198817"}],"curies":[{"name":"wp","href":"https:\/\/api.w.org\/{rel}","templated":true}]}}